{"id":183153,"date":"2018-02-09T14:59:27","date_gmt":"2018-02-09T13:59:27","guid":{"rendered":"https:\/\/www.mojabochnia.pl\/?p=183153"},"modified":"2018-02-09T14:59:27","modified_gmt":"2018-02-09T13:59:27","slug":"powiat-wyroznienie-za-festiwal-integracja-malowana-dzwiekiem","status":"publish","type":"post","link":"https:\/\/www.mojabochnia.pl\/?p=183153","title":{"rendered":"Powiat: Wyr\u00f3\u017cnienie za Festiwal &#8222;Integracja Malowana D\u017awi\u0119kiem&#8221;"},"content":{"rendered":"<div class=\"ox-fe3e79a9f8-short_desc\"><strong>Powiat boche\u0144ski otrzyma\u0142 wyr\u00f3\u017cnienie w konkursie Ma\u0142opolski Samorz\u0105d R\u00f3wnych Szans. Nagrod\u0119 t\u0119 dosta\u0142 dzi\u0119ki Festiwalowi Integracja Malowana D\u017awi\u0119kiem, kt\u00f3ry od dziesi\u0119ciu lat organizowany jest przez Specjalny O\u015brodek Szkolno-Wychowawczy.<\/strong><em><\/p>\n<div class=\"ox-fe3e79a9f8-short_desc\"><em>Festiwal ju\u017c przez dekad\u0119 pokazuje, \u017ce \u015bwiat barier istnieje. Organizatorzy festiwalu, Dyrekcja SOSW, Stowarzyszenie, Pracownicy i Wolontariusze przez swoje dzia\u0142ania pokazuj\u0105 jak wiele pi\u0119kna mie\u015bci si\u0119 w cz\u0142owieku i skutecznie oswajaj\u0105 temat niepe\u0142nosprawno\u015bci w \u015brodowisku-\u00a0<\/em>m\u00f3wi Ludwik W\u0119grzyn, starosta boche\u0144ski.<\/div>\n<div class=\"ox-fe3e79a9f8-short_desc\">\n<p>Przecieranie szlak\u00f3w niepe\u0142nosprawno\u015bci rozpocz\u0119\u0142o si\u0119 w 2007 roku organizuj\u0105c jeszcze wtedy niewielk\u0105 imprez\u0119, kt\u00f3ra okaza\u0142a si\u0119 pe\u0142nym ciep\u0142a i rado\u015bci przedsi\u0119wzi\u0119ciem, owocuj\u0105c pomys\u0142ami na kolejne lata. Z czasem to skromne przedsi\u0119wzi\u0119cie przerodzi\u0142o si\u0119 w og\u00f3lnopolski integracyjny festiwal z wieloma wspania\u0142ymi uczestnikami, szeregiem artyst\u00f3w i gronem odbiorc\u00f3w.<\/p><\/div>\n<p>Osoby niepe\u0142nosprawne s\u0105 bardzo cz\u0119sto niedoceniane, marginalizowane, a je\u015bli s\u0105 uzdolnione muzycznie, maj\u0105 ograniczone mo\u017cliwo\u015bci doskonalenia tych umiej\u0119tno\u015bci i prezentacji przed publiczno\u015bci\u0105. Udzia\u0142 w festiwalu jest szans\u0105 zaistnienia w spo\u0142ecze\u0144stwie. J. Wierszy\u0142owski (autor ksi\u0105\u017cki \u201ePsychologia Muzyki\u201d) uwa\u017ca, \u017ce muzyka stanowi nieomal jedyny \u015brodek niewerbalnej komunikacji. Trudno wi\u0119c nie skorzysta\u0107 z takiego dobrodziejstwa. Warto zaznaczy\u0107, \u017ce na festiwalu, od kilku lat opr\u00f3cz integracyjnych duet\u00f3w muzycznych, kt\u00f3re s\u0105 wr\u0119cz symbolem ca\u0142ego konkursu jest tak\u017ce kategoria \u201ekabaret\u201d, kt\u00f3ra pozwala osobom niepe\u0142nosprawnym nabra\u0107 dystansu do samych siebie, a zdrowym uczestnikom zrozumie\u0107, \u017ce\u00a0 niepe\u0142nosprawno\u015b\u0107 = normalno\u015b\u0107.<\/p>\n<p>Dotychczas w gronie prowadz\u0105cych warsztaty i juror\u00f3w byl\u0142y takie gwiazdy jak m.in. H. Fr\u0105ckowiak, A. Rusowicz, A. Wyszkoni, K. Zanussi, M. Piekarczyk, S. Sojka, A. Barci\u015b, Z. Wodecki, R. Janowski i Z. Zamachowski.<\/p>\n<p>_____<\/p>\n<p>Na zdj\u0119ciu\u00a0T. Love na zako\u0144czenie dziesi\u0105tej edycji Festiwalu Piosenki &#8222;Integracja Malowana D\u017awi\u0119kiem&#8221;, 18 V 2017<\/p>\n","protected":false},"excerpt":{"rendered":"<p>Powiat boche\u0144ski otrzyma\u0142 wyr\u00f3\u017cnienie w konkursie Ma\u0142opolski Samorz\u0105d R\u00f3wnych Szans. Nagrod\u0119 t\u0119 dosta\u0142 dzi\u0119ki Festiwalowi Integracja Malowana D\u017awi\u0119kiem, kt\u00f3ry od dziesi\u0119ciu lat organizowany jest przez Specjalny O\u015brodek Szkolno-Wychowawczy. Festiwal ju\u017c przez dekad\u0119 pokazuje, \u017ce \u015bwiat barier istnieje. Organizatorzy festiwalu, Dyrekcja SOSW, Stowarzyszenie, Pracownicy i Wolontariusze przez swoje dzia\u0142ania pokazuj\u0105 jak wiele pi\u0119kna mie\u015bci si\u0119 w<\/p>\n","protected":false},"author":8,"featured_media":171691,"comment_status":"open","ping_status":"closed","sticky":false,"template":"","format":"standard","meta":{"_acf_changed":false,"footnotes":""},"categories":[5,6251,6250],"tags":[17116,17299,17127,6436,19720],"class_list":["post-183153","post","type-post","status-publish","format-standard","has-post-thumbnail","hentry","category-biezace-wydarzenia","category-polityka-i-wydarzenia","category-tematyka","tag-festiwal","tag-nagroda","tag-powiat-bochenski","tag-starostwo-powiatowe-w-bochni","tag-top-temat","main_tag-festiwal-integracja-malowana-dzwiekiem"],"acf":[],"yoast_head":"<!-- This site is optimized with the Yoast SEO plugin v26.9 - https:\/\/yoast.com\/product\/yoast-seo-wordpress\/ -->\n<title>Powiat: Wyr\u00f3\u017cnienie za Festiwal &quot;Integracja Malowana D\u017awi\u0119kiem&quot; - mojabochnia.pl - portal informacyjny<\/title>\n<meta name=\"robots\" content=\"index, follow, max-snippet:-1, max-image-preview:large, max-video-preview:-1\" \/>\n<link rel=\"canonical\" href=\"https:\/\/www.mojabochnia.pl\/?p=183153\" \/>\n<meta property=\"og:locale\" content=\"pl_PL\" \/>\n<meta property=\"og:type\" content=\"article\" \/>\n<meta property=\"og:title\" content=\"Powiat: Wyr\u00f3\u017cnienie za Festiwal &quot;Integracja Malowana D\u017awi\u0119kiem&quot; - mojabochnia.pl - portal informacyjny\" \/>\n<meta property=\"og:description\" content=\"Powiat boche\u0144ski otrzyma\u0142 wyr\u00f3\u017cnienie w konkursie Ma\u0142opolski Samorz\u0105d R\u00f3wnych Szans. Nagrod\u0119 t\u0119 dosta\u0142 dzi\u0119ki Festiwalowi Integracja Malowana D\u017awi\u0119kiem, kt\u00f3ry od dziesi\u0119ciu lat organizowany jest przez Specjalny O\u015brodek Szkolno-Wychowawczy. Festiwal ju\u017c przez dekad\u0119 pokazuje, \u017ce \u015bwiat barier istnieje. Organizatorzy festiwalu, Dyrekcja SOSW, Stowarzyszenie, Pracownicy i Wolontariusze przez swoje dzia\u0142ania pokazuj\u0105 jak wiele pi\u0119kna mie\u015bci si\u0119 w\" \/>\n<meta property=\"og:url\" content=\"https:\/\/www.mojabochnia.pl\/?p=183153\" \/>\n<meta property=\"og:site_name\" content=\"mojabochnia.pl - portal informacyjny\" \/>\n<meta property=\"article:publisher\" content=\"https:\/\/www.facebook.com\/mojabochnia\" \/>\n<meta property=\"article:published_time\" content=\"2018-02-09T13:59:27+00:00\" \/>\n<meta property=\"og:image\" content=\"https:\/\/www.mojabochnia.pl\/wp-content\/uploads\/2017\/05\/IMG_4130-7.jpg\" \/>\n\t<meta property=\"og:image:width\" content=\"800\" \/>\n\t<meta property=\"og:image:height\" content=\"450\" \/>\n\t<meta property=\"og:image:type\" content=\"image\/jpeg\" \/>\n<meta name=\"author\" content=\"informacja prasowa\" \/>\n<meta name=\"twitter:card\" content=\"summary_large_image\" \/>\n<meta name=\"twitter:label1\" content=\"Written by\" \/>\n\t<meta name=\"twitter:data1\" content=\"informacja prasowa\" \/>\n\t<meta name=\"twitter:label2\" content=\"Est. reading time\" \/>\n\t<meta name=\"twitter:data2\" content=\"2 minuty\" \/>\n<script type=\"application\/ld+json\" class=\"yoast-schema-graph\">{\"@context\":\"https:\/\/schema.org\",\"@graph\":[{\"@type\":\"Article\",\"@id\":\"https:\/\/www.mojabochnia.pl\/?p=183153#article\",\"isPartOf\":{\"@id\":\"https:\/\/www.mojabochnia.pl\/?p=183153\"},\"author\":{\"name\":\"informacja prasowa\",\"@id\":\"https:\/\/www.mojabochnia.pl\/#\/schema\/person\/9e15cf1bcb74043790f124a3130fe41e\"},\"headline\":\"Powiat: Wyr\u00f3\u017cnienie za Festiwal &#8222;Integracja Malowana D\u017awi\u0119kiem&#8221;\",\"datePublished\":\"2018-02-09T13:59:27+00:00\",\"mainEntityOfPage\":{\"@id\":\"https:\/\/www.mojabochnia.pl\/?p=183153\"},\"wordCount\":334,\"commentCount\":0,\"publisher\":{\"@id\":\"https:\/\/www.mojabochnia.pl\/#organization\"},\"image\":{\"@id\":\"https:\/\/www.mojabochnia.pl\/?p=183153#primaryimage\"},\"thumbnailUrl\":\"https:\/\/www.mojabochnia.pl\/wp-content\/uploads\/2017\/05\/IMG_4130-7.jpg\",\"keywords\":[\"festiwal\",\"nagroda\",\"powiat boche\u0144ski\",\"starostwo powiatowe w bochni\",\"top temat\"],\"articleSection\":[\"2_ostatnie\",\"polityka i wydarzenia\",\"tematyka\"],\"inLanguage\":\"pl-PL\",\"potentialAction\":[{\"@type\":\"CommentAction\",\"name\":\"Comment\",\"target\":[\"https:\/\/www.mojabochnia.pl\/?p=183153#respond\"]}]},{\"@type\":\"WebPage\",\"@id\":\"https:\/\/www.mojabochnia.pl\/?p=183153\",\"url\":\"https:\/\/www.mojabochnia.pl\/?p=183153\",\"name\":\"Powiat: Wyr\u00f3\u017cnienie za Festiwal \\\"Integracja Malowana D\u017awi\u0119kiem\\\" - mojabochnia.pl - portal informacyjny\",\"isPartOf\":{\"@id\":\"https:\/\/www.mojabochnia.pl\/#website\"},\"primaryImageOfPage\":{\"@id\":\"https:\/\/www.mojabochnia.pl\/?p=183153#primaryimage\"},\"image\":{\"@id\":\"https:\/\/www.mojabochnia.pl\/?p=183153#primaryimage\"},\"thumbnailUrl\":\"https:\/\/www.mojabochnia.pl\/wp-content\/uploads\/2017\/05\/IMG_4130-7.jpg\",\"datePublished\":\"2018-02-09T13:59:27+00:00\",\"breadcrumb\":{\"@id\":\"https:\/\/www.mojabochnia.pl\/?p=183153#breadcrumb\"},\"inLanguage\":\"pl-PL\",\"potentialAction\":[{\"@type\":\"ReadAction\",\"target\":[\"https:\/\/www.mojabochnia.pl\/?p=183153\"]}]},{\"@type\":\"ImageObject\",\"inLanguage\":\"pl-PL\",\"@id\":\"https:\/\/www.mojabochnia.pl\/?p=183153#primaryimage\",\"url\":\"https:\/\/www.mojabochnia.pl\/wp-content\/uploads\/2017\/05\/IMG_4130-7.jpg\",\"contentUrl\":\"https:\/\/www.mojabochnia.pl\/wp-content\/uploads\/2017\/05\/IMG_4130-7.jpg\",\"width\":800,\"height\":450,\"caption\":\"Pawe\u0142 Michalczyk\"},{\"@type\":\"BreadcrumbList\",\"@id\":\"https:\/\/www.mojabochnia.pl\/?p=183153#breadcrumb\",\"itemListElement\":[{\"@type\":\"ListItem\",\"position\":1,\"name\":\"Home\",\"item\":\"https:\/\/www.mojabochnia.pl\/\"},{\"@type\":\"ListItem\",\"position\":2,\"name\":\"Powiat: Wyr\u00f3\u017cnienie za Festiwal &#8222;Integracja Malowana D\u017awi\u0119kiem&#8221;\"}]},{\"@type\":\"WebSite\",\"@id\":\"https:\/\/www.mojabochnia.pl\/#website\",\"url\":\"https:\/\/www.mojabochnia.pl\/\",\"name\":\"mojabochnia.pl - portal informacyjny\",\"description\":\"mojaBochnia to portal informacyjny o Bochni. Codziennie o Bochni piszemy i pokazujemy najwa\u017cniejsze wydarzenia\",\"publisher\":{\"@id\":\"https:\/\/www.mojabochnia.pl\/#organization\"},\"potentialAction\":[{\"@type\":\"SearchAction\",\"target\":{\"@type\":\"EntryPoint\",\"urlTemplate\":\"https:\/\/www.mojabochnia.pl\/?s={search_term_string}\"},\"query-input\":{\"@type\":\"PropertyValueSpecification\",\"valueRequired\":true,\"valueName\":\"search_term_string\"}}],\"inLanguage\":\"pl-PL\"},{\"@type\":\"Organization\",\"@id\":\"https:\/\/www.mojabochnia.pl\/#organization\",\"name\":\"mojabochnia.pl - portal informacyjny\",\"url\":\"https:\/\/www.mojabochnia.pl\/\",\"logo\":{\"@type\":\"ImageObject\",\"inLanguage\":\"pl-PL\",\"@id\":\"https:\/\/www.mojabochnia.pl\/#\/schema\/logo\/image\/\",\"url\":\"https:\/\/www.mojabochnia.pl\/wp-content\/uploads\/2017\/08\/logo-mb-opt.png\",\"contentUrl\":\"https:\/\/www.mojabochnia.pl\/wp-content\/uploads\/2017\/08\/logo-mb-opt.png\",\"width\":250,\"height\":48,\"caption\":\"mojabochnia.pl - portal informacyjny\"},\"image\":{\"@id\":\"https:\/\/www.mojabochnia.pl\/#\/schema\/logo\/image\/\"},\"sameAs\":[\"https:\/\/www.facebook.com\/mojabochnia\"]},{\"@type\":\"Person\",\"@id\":\"https:\/\/www.mojabochnia.pl\/#\/schema\/person\/9e15cf1bcb74043790f124a3130fe41e\",\"name\":\"informacja prasowa\",\"sameAs\":[\"http:\/\/\"],\"url\":\"https:\/\/www.mojabochnia.pl\/?author=8\"}]}<\/script>\n<!-- \/ Yoast SEO plugin. -->","yoast_head_json":{"title":"Powiat: Wyr\u00f3\u017cnienie za Festiwal \"Integracja Malowana D\u017awi\u0119kiem\" - mojabochnia.pl - portal informacyjny","robots":{"index":"index","follow":"follow","max-snippet":"max-snippet:-1","max-image-preview":"max-image-preview:large","max-video-preview":"max-video-preview:-1"},"canonical":"https:\/\/www.mojabochnia.pl\/?p=183153","og_locale":"pl_PL","og_type":"article","og_title":"Powiat: Wyr\u00f3\u017cnienie za Festiwal \"Integracja Malowana D\u017awi\u0119kiem\" - mojabochnia.pl - portal informacyjny","og_description":"Powiat boche\u0144ski otrzyma\u0142 wyr\u00f3\u017cnienie w konkursie Ma\u0142opolski Samorz\u0105d R\u00f3wnych Szans. Nagrod\u0119 t\u0119 dosta\u0142 dzi\u0119ki Festiwalowi Integracja Malowana D\u017awi\u0119kiem, kt\u00f3ry od dziesi\u0119ciu lat organizowany jest przez Specjalny O\u015brodek Szkolno-Wychowawczy. Festiwal ju\u017c przez dekad\u0119 pokazuje, \u017ce \u015bwiat barier istnieje. Organizatorzy festiwalu, Dyrekcja SOSW, Stowarzyszenie, Pracownicy i Wolontariusze przez swoje dzia\u0142ania pokazuj\u0105 jak wiele pi\u0119kna mie\u015bci si\u0119 w","og_url":"https:\/\/www.mojabochnia.pl\/?p=183153","og_site_name":"mojabochnia.pl - portal informacyjny","article_publisher":"https:\/\/www.facebook.com\/mojabochnia","article_published_time":"2018-02-09T13:59:27+00:00","og_image":[{"width":800,"height":450,"url":"https:\/\/www.mojabochnia.pl\/wp-content\/uploads\/2017\/05\/IMG_4130-7.jpg","type":"image\/jpeg"}],"author":"informacja prasowa","twitter_card":"summary_large_image","twitter_misc":{"Written by":"informacja prasowa","Est. reading time":"2 minuty"},"schema":{"@context":"https:\/\/schema.org","@graph":[{"@type":"Article","@id":"https:\/\/www.mojabochnia.pl\/?p=183153#article","isPartOf":{"@id":"https:\/\/www.mojabochnia.pl\/?p=183153"},"author":{"name":"informacja prasowa","@id":"https:\/\/www.mojabochnia.pl\/#\/schema\/person\/9e15cf1bcb74043790f124a3130fe41e"},"headline":"Powiat: Wyr\u00f3\u017cnienie za Festiwal &#8222;Integracja Malowana D\u017awi\u0119kiem&#8221;","datePublished":"2018-02-09T13:59:27+00:00","mainEntityOfPage":{"@id":"https:\/\/www.mojabochnia.pl\/?p=183153"},"wordCount":334,"commentCount":0,"publisher":{"@id":"https:\/\/www.mojabochnia.pl\/#organization"},"image":{"@id":"https:\/\/www.mojabochnia.pl\/?p=183153#primaryimage"},"thumbnailUrl":"https:\/\/www.mojabochnia.pl\/wp-content\/uploads\/2017\/05\/IMG_4130-7.jpg","keywords":["festiwal","nagroda","powiat boche\u0144ski","starostwo powiatowe w bochni","top temat"],"articleSection":["2_ostatnie","polityka i wydarzenia","tematyka"],"inLanguage":"pl-PL","potentialAction":[{"@type":"CommentAction","name":"Comment","target":["https:\/\/www.mojabochnia.pl\/?p=183153#respond"]}]},{"@type":"WebPage","@id":"https:\/\/www.mojabochnia.pl\/?p=183153","url":"https:\/\/www.mojabochnia.pl\/?p=183153","name":"Powiat: Wyr\u00f3\u017cnienie za Festiwal \"Integracja Malowana D\u017awi\u0119kiem\" - mojabochnia.pl - portal informacyjny","isPartOf":{"@id":"https:\/\/www.mojabochnia.pl\/#website"},"primaryImageOfPage":{"@id":"https:\/\/www.mojabochnia.pl\/?p=183153#primaryimage"},"image":{"@id":"https:\/\/www.mojabochnia.pl\/?p=183153#primaryimage"},"thumbnailUrl":"https:\/\/www.mojabochnia.pl\/wp-content\/uploads\/2017\/05\/IMG_4130-7.jpg","datePublished":"2018-02-09T13:59:27+00:00","breadcrumb":{"@id":"https:\/\/www.mojabochnia.pl\/?p=183153#breadcrumb"},"inLanguage":"pl-PL","potentialAction":[{"@type":"ReadAction","target":["https:\/\/www.mojabochnia.pl\/?p=183153"]}]},{"@type":"ImageObject","inLanguage":"pl-PL","@id":"https:\/\/www.mojabochnia.pl\/?p=183153#primaryimage","url":"https:\/\/www.mojabochnia.pl\/wp-content\/uploads\/2017\/05\/IMG_4130-7.jpg","contentUrl":"https:\/\/www.mojabochnia.pl\/wp-content\/uploads\/2017\/05\/IMG_4130-7.jpg","width":800,"height":450,"caption":"Pawe\u0142 Michalczyk"},{"@type":"BreadcrumbList","@id":"https:\/\/www.mojabochnia.pl\/?p=183153#breadcrumb","itemListElement":[{"@type":"ListItem","position":1,"name":"Home","item":"https:\/\/www.mojabochnia.pl\/"},{"@type":"ListItem","position":2,"name":"Powiat: Wyr\u00f3\u017cnienie za Festiwal &#8222;Integracja Malowana D\u017awi\u0119kiem&#8221;"}]},{"@type":"WebSite","@id":"https:\/\/www.mojabochnia.pl\/#website","url":"https:\/\/www.mojabochnia.pl\/","name":"mojabochnia.pl - portal informacyjny","description":"mojaBochnia to portal informacyjny o Bochni. Codziennie o Bochni piszemy i pokazujemy najwa\u017cniejsze wydarzenia","publisher":{"@id":"https:\/\/www.mojabochnia.pl\/#organization"},"potentialAction":[{"@type":"SearchAction","target":{"@type":"EntryPoint","urlTemplate":"https:\/\/www.mojabochnia.pl\/?s={search_term_string}"},"query-input":{"@type":"PropertyValueSpecification","valueRequired":true,"valueName":"search_term_string"}}],"inLanguage":"pl-PL"},{"@type":"Organization","@id":"https:\/\/www.mojabochnia.pl\/#organization","name":"mojabochnia.pl - portal informacyjny","url":"https:\/\/www.mojabochnia.pl\/","logo":{"@type":"ImageObject","inLanguage":"pl-PL","@id":"https:\/\/www.mojabochnia.pl\/#\/schema\/logo\/image\/","url":"https:\/\/www.mojabochnia.pl\/wp-content\/uploads\/2017\/08\/logo-mb-opt.png","contentUrl":"https:\/\/www.mojabochnia.pl\/wp-content\/uploads\/2017\/08\/logo-mb-opt.png","width":250,"height":48,"caption":"mojabochnia.pl - portal informacyjny"},"image":{"@id":"https:\/\/www.mojabochnia.pl\/#\/schema\/logo\/image\/"},"sameAs":["https:\/\/www.facebook.com\/mojabochnia"]},{"@type":"Person","@id":"https:\/\/www.mojabochnia.pl\/#\/schema\/person\/9e15cf1bcb74043790f124a3130fe41e","name":"informacja prasowa","sameAs":["http:\/\/"],"url":"https:\/\/www.mojabochnia.pl\/?author=8"}]}},"_links":{"self":[{"href":"https:\/\/www.mojabochnia.pl\/index.php?rest_route=\/wp\/v2\/posts\/183153","targetHints":{"allow":["GET"]}}],"collection":[{"href":"https:\/\/www.mojabochnia.pl\/index.php?rest_route=\/wp\/v2\/posts"}],"about":[{"href":"https:\/\/www.mojabochnia.pl\/index.php?rest_route=\/wp\/v2\/types\/post"}],"author":[{"embeddable":true,"href":"https:\/\/www.mojabochnia.pl\/index.php?rest_route=\/wp\/v2\/users\/8"}],"replies":[{"embeddable":true,"href":"https:\/\/www.mojabochnia.pl\/index.php?rest_route=%2Fwp%2Fv2%2Fcomments&post=183153"}],"version-history":[{"count":3,"href":"https:\/\/www.mojabochnia.pl\/index.php?rest_route=\/wp\/v2\/posts\/183153\/revisions"}],"predecessor-version":[{"id":183157,"href":"https:\/\/www.mojabochnia.pl\/index.php?rest_route=\/wp\/v2\/posts\/183153\/revisions\/183157"}],"wp:featuredmedia":[{"embeddable":true,"href":"https:\/\/www.mojabochnia.pl\/index.php?rest_route=\/wp\/v2\/media\/171691"}],"wp:attachment":[{"href":"https:\/\/www.mojabochnia.pl\/index.php?rest_route=%2Fwp%2Fv2%2Fmedia&parent=183153"}],"wp:term":[{"taxonomy":"category","embeddable":true,"href":"https:\/\/www.mojabochnia.pl\/index.php?rest_route=%2Fwp%2Fv2%2Fcategories&post=183153"},{"taxonomy":"post_tag","embeddable":true,"href":"https:\/\/www.mojabochnia.pl\/index.php?rest_route=%2Fwp%2Fv2%2Ftags&post=183153"}],"curies":[{"name":"wp","href":"https:\/\/api.w.org\/{rel}","templated":true}]}}