{"id":183143,"date":"2018-02-08T19:43:05","date_gmt":"2018-02-08T18:43:05","guid":{"rendered":"https:\/\/www.mojabochnia.pl\/?p=183143"},"modified":"2018-02-08T19:43:05","modified_gmt":"2018-02-08T18:43:05","slug":"powiat-rozpoczyna-przygotowania-do-obchodow-setnej-rocznicy-odzyskania-przez-polske-niepodleglosci","status":"publish","type":"post","link":"https:\/\/www.mojabochnia.pl\/?p=183143","title":{"rendered":"Powiat rozpoczyna przygotowania do obchod\u00f3w Setnej Rocznicy Odzyskania przez Polsk\u0119 Niepodleg\u0142o\u015bci"},"content":{"rendered":"<p><strong>Wczoraj w Starostwie odby\u0142o si\u0119 uroczyste powo\u0142anie Honorowego Komitetu Powiatu Boche\u0144skiego Obchod\u00f3w Setnej Rocznicy Odzyskania przez Polsk\u0119 Niepodleg\u0142o\u015bci.<\/strong><\/p>\n<p><span style=\"font-weight: 400;\">Na zaproszenie Starosty Boche\u0144skiego Ludwika W\u0119grzyna w spotkaniu uczestniczyli samorz\u0105dowcy, przedstawiciele instytucji kultury, organizacji spo\u0142ecznych, ko\u015bcio\u0142a, kopalni soli, zwi\u0105zku AK oraz przedsi\u0119biorcy. Obecni byli tak\u017ce przedstawiciele Biura Niepodleg\u0142a. Wszyscy zgromadzeni mieli okazj\u0119 pos\u0142ucha\u0107 wyk\u0142adu go\u015bcia specjalnego, Ks. Jana Bartoszka dotycz\u0105cego roli ko\u015bcio\u0142a w odzyskaniu niepodleg\u0142o\u015bci.<\/span><\/p>\n<p><span style=\"font-weight: 400;\">Starosta Boche\u0144ski Ludwik W\u0119grzyn podkre\u015bla\u0142, i\u017c cieszy si\u0119, \u017ce uda\u0142o si\u0119 zebra\u0107 tak zacne gremium. : \u201e<\/span><i><span style=\"font-weight: 400;\">Tu na tej sali, spotkali si\u0119 ludzie o bardzo r\u00f3\u017cnych pogl\u0105dach i spojrzeniu na dzisiejsz\u0105 rzeczpospolit\u0105, na to jaka ona powinna by\u0107. Jednak jeste\u015bmy tutaj, gdy\u017c jeste\u015bmy pewni jednego: \u017ce powinna by\u0107 niepodleg\u0142a, suwerenna i wolna <\/span><\/i><span style=\"font-weight: 400;\">\u201d &#8211; zaznacza\u0142 starosta. <\/span><\/p>\n<p><span style=\"font-weight: 400;\">Zgromadzeni otrzymali akty powo\u0142ania do Honorowego Komitetu Powiatu Boche\u0144skiego Setnej Rocznicy Odzyskania przez Polsk\u0119 Niepodleg\u0142o\u015bci. Podczas spotkania przedstawiona zosta\u0142a tak\u017ce grafika prezentuj\u0105ca trzy postaci zwi\u0105zane z boche\u0144sk\u0105 drog\u0105 do wolno\u015bci, na kt\u00f3rej znajdziemy Jana Zdzis\u0142awa W\u0142odka, Leopoldyn\u0119 (Olga) Staweck\u0105 oraz Leopolda Okulickiego. Grafika ta b\u0119dzie przez ca\u0142y najbli\u017cszy rok towarzyszy\u0107 wszystkim inicjatywom zwi\u0105zanym z obchodami.<\/span><\/p>\n<p><b>Sk\u0142ad Honorowego Komitetu:<\/b><\/p>\n<p><span style=\"font-weight: 400;\">&#8211; Starosta Boche\u0144ski Ludwik W\u0119grzyn<\/span><\/p>\n<p><span style=\"font-weight: 400;\">&#8211; Burmistrz Miasta Bochnia Stefan Kolawi\u0144ski<\/span><\/p>\n<p><span style=\"font-weight: 400;\">&#8211; Burmistrz Miasta i Gminy Nowy Wi\u015bnicz Ma\u0142gorzata Wi\u0119ckowska<\/span><\/p>\n<p><span style=\"font-weight: 400;\">&#8211; Zast\u0119pca W\u00f3jta Gminy Bochnia Ewelina Makowska<\/span><\/p>\n<p><span style=\"font-weight: 400;\">&#8211; W\u00f3jt Gminy Rzezawa Mariusz Palej<\/span><\/p>\n<p><span style=\"font-weight: 400;\">&#8211; W\u00f3jt Gminy Drwinia Jan Paj\u0105k<\/span><\/p>\n<p><span style=\"font-weight: 400;\">&#8211; W\u00f3jt Gminy Lipnica Murowana Tomasz Gromala<\/span><\/p>\n<p><span style=\"font-weight: 400;\">&#8211; W\u00f3jt Gminy Trzciana J\u00f3zef Nowak<\/span><\/p>\n<p><span style=\"font-weight: 400;\">&#8211; W\u00f3jt Gminy \u017begocina Jerzy B\u0142oniarz<\/span><\/p>\n<p><span style=\"font-weight: 400;\">&#8211; W\u00f3jt Gminy \u0141apan\u00f3w Robert Roj<\/span><\/p>\n<p><span style=\"font-weight: 400;\">&#8211; Przewodnicz\u0105ca Rady Powiatu w Bochni Bernadetta G\u0105siorek<\/span><\/p>\n<p><span style=\"font-weight: 400;\">&#8211; Przewodnicz\u0105cy Rady Miasta Bochnia \u00a0Jan Balicki<\/span><\/p>\n<p><span style=\"font-weight: 400;\">&#8211; Przewodnicz\u0105cy Rady Miejskiej w Nowym Wi\u015bniczu Miros\u0142aw Chodur<\/span><\/p>\n<p><span style=\"font-weight: 400;\">&#8211; Przewodnicz\u0105ca Rady Gminy \u0141apan\u00f3w Celina Jacewicz<\/span><\/p>\n<p><span style=\"font-weight: 400;\">&#8211; Przewodnicz\u0105ca Rady Gminy \u017begocina Lucyna Nowak<\/span><\/p>\n<p><span style=\"font-weight: 400;\">&#8211; Przewodnicz\u0105cy Rady Gminy Drwinia Roman Go\u0142\u0119biowski<\/span><\/p>\n<p><span style=\"font-weight: 400;\">&#8211; Przewodnicz\u0105cy Rady Gminy Trzciana Ryszard \u015aliwa<\/span><\/p>\n<p><span style=\"font-weight: 400;\">&#8211; Przewodnicz\u0105cy Rady Gminy Lipnica Murowana Stanis\u0142aw W\u0142odarczyk<\/span><\/p>\n<p><span style=\"font-weight: 400;\">&#8211; Przewodnicz\u0105cy Rady Gminy Bochnia Piotr Gajek<\/span><\/p>\n<p><span style=\"font-weight: 400;\">&#8211; Przewodnicz\u0105ca Rady Gminy Rzezawa Beata Puzia<\/span><\/p>\n<p><span style=\"font-weight: 400;\">&#8211; ks. Ryszard Podsto\u0142owicz, dziekan dekanatu Bochnia-Wsch\u00f3d<\/span><\/p>\n<p><span style=\"font-weight: 400;\">&#8211; ks. Jan Nowakowski, \u00a0dziekan dekanatu Bochnia-Zach\u00f3d<\/span><\/p>\n<p><span style=\"font-weight: 400;\">&#8211; Stanis\u0142aw Kobiela \u2013 prezes Stowarzyszenia Bochniak\u00f3w i Mi\u0142o\u015bnik\u00f3w Ziemi Boche\u0144skiej<\/span><\/p>\n<p><span style=\"font-weight: 400;\">&#8211; Jan Flasza \u2013 dyrektor \u00a0Muzeum im. St. Fischera w Bochni<\/span><\/p>\n<p><span style=\"font-weight: 400;\">&#8211; Agnieszka Gicala \u2013 kierownik \u00a0Archiwum Narodowego w Krakowie, oddzia\u0142 w \u00a0Bochni<\/span><\/p>\n<p><span style=\"font-weight: 400;\">&#8211; Stanis\u0142aw Wieciech &#8211; \u015awiatowy Zwi\u0105zek \u017bo\u0142nierzy AK, oddzia\u0142 Bochnia<\/span><\/p>\n<p><span style=\"font-weight: 400;\">&#8211; Tadeusz Skoczek, dyrektor Muzeum Niepodleg\u0142o\u015bci w Warszawie<\/span><\/p>\n<p><span style=\"font-weight: 400;\">&#8211; Zbigniew Rojek &#8211; prezes zarz\u0105du Kopalni Soli Bochnia<\/span><\/p>\n<p><span style=\"font-weight: 400;\">&#8211; W\u0142adys\u0142aw W\u0142odarczyk, prezes \u00a0firmy \u00a0Igloo<\/span><\/p>\n\t  \r\n\t\r\n\t    <div class=\"mb-gallery\">\r\n\t    <a href=\"https:\/\/www.mojabochnia.pl\/?attachment_id=183145\" class=\"\"><img loading=\"lazy\" decoding=\"async\" width=\"100\" height=\"100\" src=\"https:\/\/www.mojabochnia.pl\/wp-content\/uploads\/2018\/02\/image002-Kopiowanie-100x100.jpg\" class=\"attachment-100x100 size-100x100\" alt=\"\" \/><\/a><a href=\"https:\/\/www.mojabochnia.pl\/?attachment_id=183146\" class=\"\"><img loading=\"lazy\" decoding=\"async\" width=\"100\" height=\"100\" src=\"https:\/\/www.mojabochnia.pl\/wp-content\/uploads\/2018\/02\/image005-Kopiowanie-100x100.jpg\" class=\"attachment-100x100 size-100x100\" alt=\"\" \/><\/a><a href=\"https:\/\/www.mojabochnia.pl\/?attachment_id=183147\" class=\"\"><img loading=\"lazy\" decoding=\"async\" width=\"100\" height=\"100\" src=\"https:\/\/www.mojabochnia.pl\/wp-content\/uploads\/2018\/02\/image013-Kopiowanie-100x100.jpg\" class=\"attachment-100x100 size-100x100\" alt=\"\" \/><\/a><a href=\"https:\/\/www.mojabochnia.pl\/?attachment_id=183148\" class=\"\"><img loading=\"lazy\" decoding=\"async\" width=\"100\" height=\"100\" src=\"https:\/\/www.mojabochnia.pl\/wp-content\/uploads\/2018\/02\/image015-Kopiowanie-100x100.jpg\" class=\"attachment-100x100 size-100x100\" alt=\"\" \/><\/a>\t    <\/div>\r\n\t    ","protected":false},"excerpt":{"rendered":"<p>Wczoraj w Starostwie odby\u0142o si\u0119 uroczyste powo\u0142anie Honorowego Komitetu Powiatu Boche\u0144skiego Obchod\u00f3w Setnej Rocznicy Odzyskania przez Polsk\u0119 Niepodleg\u0142o\u015bci. Na zaproszenie Starosty Boche\u0144skiego Ludwika W\u0119grzyna w spotkaniu uczestniczyli samorz\u0105dowcy, przedstawiciele instytucji kultury, organizacji spo\u0142ecznych, ko\u015bcio\u0142a, kopalni soli, zwi\u0105zku AK oraz przedsi\u0119biorcy. Obecni byli tak\u017ce przedstawiciele Biura Niepodleg\u0142a. Wszyscy zgromadzeni mieli okazj\u0119 pos\u0142ucha\u0107 wyk\u0142adu go\u015bcia specjalnego, Ks.<\/p>\n","protected":false},"author":8,"featured_media":183146,"comment_status":"open","ping_status":"closed","sticky":false,"template":"","format":"standard","meta":{"_acf_changed":false,"footnotes":""},"categories":[5,6251,6250],"tags":[3637,20274,6436],"class_list":["post-183143","post","type-post","status-publish","format-standard","has-post-thumbnail","hentry","category-biezace-wydarzenia","category-polityka-i-wydarzenia","category-tematyka","tag-komitet","tag-niepodlegosc","tag-starostwo-powiatowe-w-bochni","main_tag-powiat-bochenski"],"acf":[],"yoast_head":"<!-- This site is optimized with the Yoast SEO plugin v26.9 - https:\/\/yoast.com\/product\/yoast-seo-wordpress\/ -->\n<title>Powiat rozpoczyna przygotowania do obchod\u00f3w Setnej Rocznicy Odzyskania przez Polsk\u0119 Niepodleg\u0142o\u015bci - mojabochnia.pl - portal informacyjny<\/title>\n<meta name=\"robots\" content=\"index, follow, max-snippet:-1, max-image-preview:large, max-video-preview:-1\" \/>\n<link rel=\"canonical\" href=\"https:\/\/www.mojabochnia.pl\/?p=183143\" \/>\n<meta property=\"og:locale\" content=\"pl_PL\" \/>\n<meta property=\"og:type\" content=\"article\" \/>\n<meta property=\"og:title\" content=\"Powiat rozpoczyna przygotowania do obchod\u00f3w Setnej Rocznicy Odzyskania przez Polsk\u0119 Niepodleg\u0142o\u015bci - mojabochnia.pl - portal informacyjny\" \/>\n<meta property=\"og:description\" content=\"Wczoraj w Starostwie odby\u0142o si\u0119 uroczyste powo\u0142anie Honorowego Komitetu Powiatu Boche\u0144skiego Obchod\u00f3w Setnej Rocznicy Odzyskania przez Polsk\u0119 Niepodleg\u0142o\u015bci. Na zaproszenie Starosty Boche\u0144skiego Ludwika W\u0119grzyna w spotkaniu uczestniczyli samorz\u0105dowcy, przedstawiciele instytucji kultury, organizacji spo\u0142ecznych, ko\u015bcio\u0142a, kopalni soli, zwi\u0105zku AK oraz przedsi\u0119biorcy. Obecni byli tak\u017ce przedstawiciele Biura Niepodleg\u0142a. Wszyscy zgromadzeni mieli okazj\u0119 pos\u0142ucha\u0107 wyk\u0142adu go\u015bcia specjalnego, Ks.\" \/>\n<meta property=\"og:url\" content=\"https:\/\/www.mojabochnia.pl\/?p=183143\" \/>\n<meta property=\"og:site_name\" content=\"mojabochnia.pl - portal informacyjny\" \/>\n<meta property=\"article:publisher\" content=\"https:\/\/www.facebook.com\/mojabochnia\" \/>\n<meta property=\"article:published_time\" content=\"2018-02-08T18:43:05+00:00\" \/>\n<meta property=\"og:image\" content=\"https:\/\/www.mojabochnia.pl\/wp-content\/uploads\/2018\/02\/image005-Kopiowanie.jpg\" \/>\n\t<meta property=\"og:image:width\" content=\"1160\" \/>\n\t<meta property=\"og:image:height\" content=\"768\" \/>\n\t<meta property=\"og:image:type\" content=\"image\/jpeg\" \/>\n<meta name=\"author\" content=\"informacja prasowa\" \/>\n<meta name=\"twitter:card\" content=\"summary_large_image\" \/>\n<meta name=\"twitter:label1\" content=\"Written by\" \/>\n\t<meta name=\"twitter:data1\" content=\"informacja prasowa\" \/>\n\t<meta name=\"twitter:label2\" content=\"Est. reading time\" \/>\n\t<meta name=\"twitter:data2\" content=\"2 minuty\" \/>\n<script type=\"application\/ld+json\" class=\"yoast-schema-graph\">{\"@context\":\"https:\/\/schema.org\",\"@graph\":[{\"@type\":\"Article\",\"@id\":\"https:\/\/www.mojabochnia.pl\/?p=183143#article\",\"isPartOf\":{\"@id\":\"https:\/\/www.mojabochnia.pl\/?p=183143\"},\"author\":{\"name\":\"informacja prasowa\",\"@id\":\"https:\/\/www.mojabochnia.pl\/#\/schema\/person\/9e15cf1bcb74043790f124a3130fe41e\"},\"headline\":\"Powiat rozpoczyna przygotowania do obchod\u00f3w Setnej Rocznicy Odzyskania przez Polsk\u0119 Niepodleg\u0142o\u015bci\",\"datePublished\":\"2018-02-08T18:43:05+00:00\",\"mainEntityOfPage\":{\"@id\":\"https:\/\/www.mojabochnia.pl\/?p=183143\"},\"wordCount\":509,\"commentCount\":0,\"publisher\":{\"@id\":\"https:\/\/www.mojabochnia.pl\/#organization\"},\"image\":{\"@id\":\"https:\/\/www.mojabochnia.pl\/?p=183143#primaryimage\"},\"thumbnailUrl\":\"https:\/\/www.mojabochnia.pl\/wp-content\/uploads\/2018\/02\/image005-Kopiowanie.jpg\",\"keywords\":[\"komitet\",\"niepodlego\u015b\u0107\",\"starostwo powiatowe w bochni\"],\"articleSection\":[\"2_ostatnie\",\"polityka i wydarzenia\",\"tematyka\"],\"inLanguage\":\"pl-PL\",\"potentialAction\":[{\"@type\":\"CommentAction\",\"name\":\"Comment\",\"target\":[\"https:\/\/www.mojabochnia.pl\/?p=183143#respond\"]}]},{\"@type\":\"WebPage\",\"@id\":\"https:\/\/www.mojabochnia.pl\/?p=183143\",\"url\":\"https:\/\/www.mojabochnia.pl\/?p=183143\",\"name\":\"Powiat rozpoczyna przygotowania do obchod\u00f3w Setnej Rocznicy Odzyskania przez Polsk\u0119 Niepodleg\u0142o\u015bci - mojabochnia.pl - portal informacyjny\",\"isPartOf\":{\"@id\":\"https:\/\/www.mojabochnia.pl\/#website\"},\"primaryImageOfPage\":{\"@id\":\"https:\/\/www.mojabochnia.pl\/?p=183143#primaryimage\"},\"image\":{\"@id\":\"https:\/\/www.mojabochnia.pl\/?p=183143#primaryimage\"},\"thumbnailUrl\":\"https:\/\/www.mojabochnia.pl\/wp-content\/uploads\/2018\/02\/image005-Kopiowanie.jpg\",\"datePublished\":\"2018-02-08T18:43:05+00:00\",\"breadcrumb\":{\"@id\":\"https:\/\/www.mojabochnia.pl\/?p=183143#breadcrumb\"},\"inLanguage\":\"pl-PL\",\"potentialAction\":[{\"@type\":\"ReadAction\",\"target\":[\"https:\/\/www.mojabochnia.pl\/?p=183143\"]}]},{\"@type\":\"ImageObject\",\"inLanguage\":\"pl-PL\",\"@id\":\"https:\/\/www.mojabochnia.pl\/?p=183143#primaryimage\",\"url\":\"https:\/\/www.mojabochnia.pl\/wp-content\/uploads\/2018\/02\/image005-Kopiowanie.jpg\",\"contentUrl\":\"https:\/\/www.mojabochnia.pl\/wp-content\/uploads\/2018\/02\/image005-Kopiowanie.jpg\",\"width\":1160,\"height\":768},{\"@type\":\"BreadcrumbList\",\"@id\":\"https:\/\/www.mojabochnia.pl\/?p=183143#breadcrumb\",\"itemListElement\":[{\"@type\":\"ListItem\",\"position\":1,\"name\":\"Home\",\"item\":\"https:\/\/www.mojabochnia.pl\/\"},{\"@type\":\"ListItem\",\"position\":2,\"name\":\"Powiat rozpoczyna przygotowania do obchod\u00f3w Setnej Rocznicy Odzyskania przez Polsk\u0119 Niepodleg\u0142o\u015bci\"}]},{\"@type\":\"WebSite\",\"@id\":\"https:\/\/www.mojabochnia.pl\/#website\",\"url\":\"https:\/\/www.mojabochnia.pl\/\",\"name\":\"mojabochnia.pl - portal informacyjny\",\"description\":\"mojaBochnia to portal informacyjny o Bochni. Codziennie o Bochni piszemy i pokazujemy najwa\u017cniejsze wydarzenia\",\"publisher\":{\"@id\":\"https:\/\/www.mojabochnia.pl\/#organization\"},\"potentialAction\":[{\"@type\":\"SearchAction\",\"target\":{\"@type\":\"EntryPoint\",\"urlTemplate\":\"https:\/\/www.mojabochnia.pl\/?s={search_term_string}\"},\"query-input\":{\"@type\":\"PropertyValueSpecification\",\"valueRequired\":true,\"valueName\":\"search_term_string\"}}],\"inLanguage\":\"pl-PL\"},{\"@type\":\"Organization\",\"@id\":\"https:\/\/www.mojabochnia.pl\/#organization\",\"name\":\"mojabochnia.pl - portal informacyjny\",\"url\":\"https:\/\/www.mojabochnia.pl\/\",\"logo\":{\"@type\":\"ImageObject\",\"inLanguage\":\"pl-PL\",\"@id\":\"https:\/\/www.mojabochnia.pl\/#\/schema\/logo\/image\/\",\"url\":\"https:\/\/www.mojabochnia.pl\/wp-content\/uploads\/2017\/08\/logo-mb-opt.png\",\"contentUrl\":\"https:\/\/www.mojabochnia.pl\/wp-content\/uploads\/2017\/08\/logo-mb-opt.png\",\"width\":250,\"height\":48,\"caption\":\"mojabochnia.pl - portal informacyjny\"},\"image\":{\"@id\":\"https:\/\/www.mojabochnia.pl\/#\/schema\/logo\/image\/\"},\"sameAs\":[\"https:\/\/www.facebook.com\/mojabochnia\"]},{\"@type\":\"Person\",\"@id\":\"https:\/\/www.mojabochnia.pl\/#\/schema\/person\/9e15cf1bcb74043790f124a3130fe41e\",\"name\":\"informacja prasowa\",\"sameAs\":[\"http:\/\/\"],\"url\":\"https:\/\/www.mojabochnia.pl\/?author=8\"}]}<\/script>\n<!-- \/ Yoast SEO plugin. -->","yoast_head_json":{"title":"Powiat rozpoczyna przygotowania do obchod\u00f3w Setnej Rocznicy Odzyskania przez Polsk\u0119 Niepodleg\u0142o\u015bci - mojabochnia.pl - portal informacyjny","robots":{"index":"index","follow":"follow","max-snippet":"max-snippet:-1","max-image-preview":"max-image-preview:large","max-video-preview":"max-video-preview:-1"},"canonical":"https:\/\/www.mojabochnia.pl\/?p=183143","og_locale":"pl_PL","og_type":"article","og_title":"Powiat rozpoczyna przygotowania do obchod\u00f3w Setnej Rocznicy Odzyskania przez Polsk\u0119 Niepodleg\u0142o\u015bci - mojabochnia.pl - portal informacyjny","og_description":"Wczoraj w Starostwie odby\u0142o si\u0119 uroczyste powo\u0142anie Honorowego Komitetu Powiatu Boche\u0144skiego Obchod\u00f3w Setnej Rocznicy Odzyskania przez Polsk\u0119 Niepodleg\u0142o\u015bci. Na zaproszenie Starosty Boche\u0144skiego Ludwika W\u0119grzyna w spotkaniu uczestniczyli samorz\u0105dowcy, przedstawiciele instytucji kultury, organizacji spo\u0142ecznych, ko\u015bcio\u0142a, kopalni soli, zwi\u0105zku AK oraz przedsi\u0119biorcy. Obecni byli tak\u017ce przedstawiciele Biura Niepodleg\u0142a. Wszyscy zgromadzeni mieli okazj\u0119 pos\u0142ucha\u0107 wyk\u0142adu go\u015bcia specjalnego, Ks.","og_url":"https:\/\/www.mojabochnia.pl\/?p=183143","og_site_name":"mojabochnia.pl - portal informacyjny","article_publisher":"https:\/\/www.facebook.com\/mojabochnia","article_published_time":"2018-02-08T18:43:05+00:00","og_image":[{"width":1160,"height":768,"url":"https:\/\/www.mojabochnia.pl\/wp-content\/uploads\/2018\/02\/image005-Kopiowanie.jpg","type":"image\/jpeg"}],"author":"informacja prasowa","twitter_card":"summary_large_image","twitter_misc":{"Written by":"informacja prasowa","Est. reading time":"2 minuty"},"schema":{"@context":"https:\/\/schema.org","@graph":[{"@type":"Article","@id":"https:\/\/www.mojabochnia.pl\/?p=183143#article","isPartOf":{"@id":"https:\/\/www.mojabochnia.pl\/?p=183143"},"author":{"name":"informacja prasowa","@id":"https:\/\/www.mojabochnia.pl\/#\/schema\/person\/9e15cf1bcb74043790f124a3130fe41e"},"headline":"Powiat rozpoczyna przygotowania do obchod\u00f3w Setnej Rocznicy Odzyskania przez Polsk\u0119 Niepodleg\u0142o\u015bci","datePublished":"2018-02-08T18:43:05+00:00","mainEntityOfPage":{"@id":"https:\/\/www.mojabochnia.pl\/?p=183143"},"wordCount":509,"commentCount":0,"publisher":{"@id":"https:\/\/www.mojabochnia.pl\/#organization"},"image":{"@id":"https:\/\/www.mojabochnia.pl\/?p=183143#primaryimage"},"thumbnailUrl":"https:\/\/www.mojabochnia.pl\/wp-content\/uploads\/2018\/02\/image005-Kopiowanie.jpg","keywords":["komitet","niepodlego\u015b\u0107","starostwo powiatowe w bochni"],"articleSection":["2_ostatnie","polityka i wydarzenia","tematyka"],"inLanguage":"pl-PL","potentialAction":[{"@type":"CommentAction","name":"Comment","target":["https:\/\/www.mojabochnia.pl\/?p=183143#respond"]}]},{"@type":"WebPage","@id":"https:\/\/www.mojabochnia.pl\/?p=183143","url":"https:\/\/www.mojabochnia.pl\/?p=183143","name":"Powiat rozpoczyna przygotowania do obchod\u00f3w Setnej Rocznicy Odzyskania przez Polsk\u0119 Niepodleg\u0142o\u015bci - mojabochnia.pl - portal informacyjny","isPartOf":{"@id":"https:\/\/www.mojabochnia.pl\/#website"},"primaryImageOfPage":{"@id":"https:\/\/www.mojabochnia.pl\/?p=183143#primaryimage"},"image":{"@id":"https:\/\/www.mojabochnia.pl\/?p=183143#primaryimage"},"thumbnailUrl":"https:\/\/www.mojabochnia.pl\/wp-content\/uploads\/2018\/02\/image005-Kopiowanie.jpg","datePublished":"2018-02-08T18:43:05+00:00","breadcrumb":{"@id":"https:\/\/www.mojabochnia.pl\/?p=183143#breadcrumb"},"inLanguage":"pl-PL","potentialAction":[{"@type":"ReadAction","target":["https:\/\/www.mojabochnia.pl\/?p=183143"]}]},{"@type":"ImageObject","inLanguage":"pl-PL","@id":"https:\/\/www.mojabochnia.pl\/?p=183143#primaryimage","url":"https:\/\/www.mojabochnia.pl\/wp-content\/uploads\/2018\/02\/image005-Kopiowanie.jpg","contentUrl":"https:\/\/www.mojabochnia.pl\/wp-content\/uploads\/2018\/02\/image005-Kopiowanie.jpg","width":1160,"height":768},{"@type":"BreadcrumbList","@id":"https:\/\/www.mojabochnia.pl\/?p=183143#breadcrumb","itemListElement":[{"@type":"ListItem","position":1,"name":"Home","item":"https:\/\/www.mojabochnia.pl\/"},{"@type":"ListItem","position":2,"name":"Powiat rozpoczyna przygotowania do obchod\u00f3w Setnej Rocznicy Odzyskania przez Polsk\u0119 Niepodleg\u0142o\u015bci"}]},{"@type":"WebSite","@id":"https:\/\/www.mojabochnia.pl\/#website","url":"https:\/\/www.mojabochnia.pl\/","name":"mojabochnia.pl - portal informacyjny","description":"mojaBochnia to portal informacyjny o Bochni. Codziennie o Bochni piszemy i pokazujemy najwa\u017cniejsze wydarzenia","publisher":{"@id":"https:\/\/www.mojabochnia.pl\/#organization"},"potentialAction":[{"@type":"SearchAction","target":{"@type":"EntryPoint","urlTemplate":"https:\/\/www.mojabochnia.pl\/?s={search_term_string}"},"query-input":{"@type":"PropertyValueSpecification","valueRequired":true,"valueName":"search_term_string"}}],"inLanguage":"pl-PL"},{"@type":"Organization","@id":"https:\/\/www.mojabochnia.pl\/#organization","name":"mojabochnia.pl - portal informacyjny","url":"https:\/\/www.mojabochnia.pl\/","logo":{"@type":"ImageObject","inLanguage":"pl-PL","@id":"https:\/\/www.mojabochnia.pl\/#\/schema\/logo\/image\/","url":"https:\/\/www.mojabochnia.pl\/wp-content\/uploads\/2017\/08\/logo-mb-opt.png","contentUrl":"https:\/\/www.mojabochnia.pl\/wp-content\/uploads\/2017\/08\/logo-mb-opt.png","width":250,"height":48,"caption":"mojabochnia.pl - portal informacyjny"},"image":{"@id":"https:\/\/www.mojabochnia.pl\/#\/schema\/logo\/image\/"},"sameAs":["https:\/\/www.facebook.com\/mojabochnia"]},{"@type":"Person","@id":"https:\/\/www.mojabochnia.pl\/#\/schema\/person\/9e15cf1bcb74043790f124a3130fe41e","name":"informacja prasowa","sameAs":["http:\/\/"],"url":"https:\/\/www.mojabochnia.pl\/?author=8"}]}},"_links":{"self":[{"href":"https:\/\/www.mojabochnia.pl\/index.php?rest_route=\/wp\/v2\/posts\/183143","targetHints":{"allow":["GET"]}}],"collection":[{"href":"https:\/\/www.mojabochnia.pl\/index.php?rest_route=\/wp\/v2\/posts"}],"about":[{"href":"https:\/\/www.mojabochnia.pl\/index.php?rest_route=\/wp\/v2\/types\/post"}],"author":[{"embeddable":true,"href":"https:\/\/www.mojabochnia.pl\/index.php?rest_route=\/wp\/v2\/users\/8"}],"replies":[{"embeddable":true,"href":"https:\/\/www.mojabochnia.pl\/index.php?rest_route=%2Fwp%2Fv2%2Fcomments&post=183143"}],"version-history":[{"count":1,"href":"https:\/\/www.mojabochnia.pl\/index.php?rest_route=\/wp\/v2\/posts\/183143\/revisions"}],"predecessor-version":[{"id":183149,"href":"https:\/\/www.mojabochnia.pl\/index.php?rest_route=\/wp\/v2\/posts\/183143\/revisions\/183149"}],"wp:featuredmedia":[{"embeddable":true,"href":"https:\/\/www.mojabochnia.pl\/index.php?rest_route=\/wp\/v2\/media\/183146"}],"wp:attachment":[{"href":"https:\/\/www.mojabochnia.pl\/index.php?rest_route=%2Fwp%2Fv2%2Fmedia&parent=183143"}],"wp:term":[{"taxonomy":"category","embeddable":true,"href":"https:\/\/www.mojabochnia.pl\/index.php?rest_route=%2Fwp%2Fv2%2Fcategories&post=183143"},{"taxonomy":"post_tag","embeddable":true,"href":"https:\/\/www.mojabochnia.pl\/index.php?rest_route=%2Fwp%2Fv2%2Ftags&post=183143"}],"curies":[{"name":"wp","href":"https:\/\/api.w.org\/{rel}","templated":true}]}}