{"id":182899,"date":"2018-01-27T10:56:32","date_gmt":"2018-01-27T09:56:32","guid":{"rendered":"https:\/\/www.mojabochnia.pl\/?p=182899"},"modified":"2018-01-27T10:56:32","modified_gmt":"2018-01-27T09:56:32","slug":"wlodzimierz-bernacki-wiceprzewodniczacym-zgromadzenia-parlamentarnego-rady-europy","status":"publish","type":"post","link":"https:\/\/www.mojabochnia.pl\/?p=182899","title":{"rendered":"W\u0142odzimierz Bernacki wiceprzewodnicz\u0105cym Zgromadzenia Parlamentarnego Rady Europy"},"content":{"rendered":"<p>Polityk PiS stwierdzi\u0142 w rozmowie z PAP, \u017ce b\u0119d\u0105 dla niego szczeg\u00f3lnie wa\u017cne tematy zwi\u0105zane z Europ\u0105 \u015arodkowo &#8211; Wschodni\u0105, kt\u00f3ra po do\u015bwiadczeniach kilkudziesi\u0119ciu lat totalitaryzmu zwi\u0105za\u0142a si\u0119 z krajami tak zwanej starej Europy.  Polityk, kt\u00f3rego biuro poselskie dzia\u0142a mi\u0119dzy innymi w Bochni (w ostatnich wyborach parlamentarnych w Okr\u0119gu nr 15 &#8211; boche\u0144skim otrzyma\u0142 a\u017c 5866 g\u0142os\u00f3w), zwr\u00f3ci\u0142 r\u00f3wnie\u017c uwag\u0119 na istotn\u0105 rol\u0119 jak\u0105 odgrywa w Radzie Europy kwestia relacji z Rosj\u0105 oraz maj\u0105ca na nie wp\u0142yw aneksja Krymu oraz wojna w Donbasie.<\/p>\n<p>Zgromadzenie Parlamentarne Rady Europy jest jednym z dw\u00f3ch najwa\u017cniejszych organ\u00f3w doradczych Rady Europy. Jest jednocze\u015bnie najstarszym (wyprzedzi\u0142o powstanie Parlamentu Europejskiego) i najszerszym forum demokratycznym w Europie. W jego sk\u0142ad wchodzi obecnie 636 deputowanych pochodz\u0105cych z parlament\u00f3w krajowych pa\u0144stw cz\u0142onkowskich (liczba deputowanych zmienia\u0142a si\u0119 na przestrzeni czasu wraz z rozszerzeniem si\u0119 Rady Europy). Zgromadzenie nie mo\u017ce wydawa\u0107 decyzji, kt\u00f3re skutkowa\u0142yby tworzeniem prawa, ale mog\u0105 przyj\u0105\u0107 form\u0119 zalece\u0144, b\u0119d\u0105cych form\u0105 propozycji dla Komitetu Ministr\u00f3w, rezolucji , opinii czy te\u017c dyrektyw (adresatem jest Sekretariat Generalny RE). <\/p>\n<p>\u0179r\u00f3d\u0142o: PAP, wikipedia.pl, Leksykon Unii Europejskiej. <\/p>\n","protected":false},"excerpt":{"rendered":"<p>Pose\u0142 Ziemi Tarnowskiej &#8211; W\u0142odzimierz Bernacki zosta\u0142 wybrany na funkcj\u0119 wiceprzewodnicz\u0105cego Zgromadzenia Parlamentarnego Rady Europy podczas pierwszej tegorocznej sesji ZPRE. <\/p>\n","protected":false},"author":29,"featured_media":164590,"comment_status":"open","ping_status":"closed","sticky":false,"template":"","format":"standard","meta":{"_acf_changed":false,"footnotes":""},"categories":[6251,6250],"tags":[17457,10794,19720,10000,20212],"class_list":["post-182899","post","type-post","status-publish","format-standard","has-post-thumbnail","hentry","category-polityka-i-wydarzenia","category-tematyka","tag-polityka","tag-prawo-i-psrawiedliwosc","tag-top-temat","tag-wlodzimierz-bernacki","tag-zgromadzenie-parlamentarne-rady-europy","main_tag-polityka"],"acf":[],"yoast_head":"<!-- This site is optimized with the Yoast SEO plugin v26.9 - https:\/\/yoast.com\/product\/yoast-seo-wordpress\/ -->\n<title>W\u0142odzimierz Bernacki wiceprzewodnicz\u0105cym Zgromadzenia Parlamentarnego Rady Europy - mojabochnia.pl - portal informacyjny<\/title>\n<meta name=\"robots\" content=\"index, follow, max-snippet:-1, max-image-preview:large, max-video-preview:-1\" \/>\n<link rel=\"canonical\" href=\"https:\/\/www.mojabochnia.pl\/?p=182899\" \/>\n<meta property=\"og:locale\" content=\"pl_PL\" \/>\n<meta property=\"og:type\" content=\"article\" \/>\n<meta property=\"og:title\" content=\"W\u0142odzimierz Bernacki wiceprzewodnicz\u0105cym Zgromadzenia Parlamentarnego Rady Europy - mojabochnia.pl - portal informacyjny\" \/>\n<meta property=\"og:description\" content=\"Pose\u0142 Ziemi Tarnowskiej - W\u0142odzimierz Bernacki zosta\u0142 wybrany na funkcj\u0119 wiceprzewodnicz\u0105cego Zgromadzenia Parlamentarnego Rady Europy podczas pierwszej tegorocznej sesji ZPRE.\" \/>\n<meta property=\"og:url\" content=\"https:\/\/www.mojabochnia.pl\/?p=182899\" \/>\n<meta property=\"og:site_name\" content=\"mojabochnia.pl - portal informacyjny\" \/>\n<meta property=\"article:publisher\" content=\"https:\/\/www.facebook.com\/mojabochnia\" \/>\n<meta property=\"article:published_time\" content=\"2018-01-27T09:56:32+00:00\" \/>\n<meta property=\"og:image\" content=\"https:\/\/www.mojabochnia.pl\/wp-content\/uploads\/2017\/01\/IMG_3298.jpg\" \/>\n\t<meta property=\"og:image:width\" content=\"1000\" \/>\n\t<meta property=\"og:image:height\" content=\"564\" \/>\n\t<meta property=\"og:image:type\" content=\"image\/jpeg\" \/>\n<meta name=\"author\" content=\"Marcin Kalinowski\" \/>\n<meta name=\"twitter:card\" content=\"summary_large_image\" \/>\n<meta name=\"twitter:label1\" content=\"Written by\" \/>\n\t<meta name=\"twitter:data1\" content=\"Marcin Kalinowski\" \/>\n\t<meta name=\"twitter:label2\" content=\"Est. reading time\" \/>\n\t<meta name=\"twitter:data2\" content=\"1 minuta\" \/>\n<script type=\"application\/ld+json\" class=\"yoast-schema-graph\">{\"@context\":\"https:\/\/schema.org\",\"@graph\":[{\"@type\":\"Article\",\"@id\":\"https:\/\/www.mojabochnia.pl\/?p=182899#article\",\"isPartOf\":{\"@id\":\"https:\/\/www.mojabochnia.pl\/?p=182899\"},\"author\":{\"name\":\"Marcin Kalinowski\",\"@id\":\"https:\/\/www.mojabochnia.pl\/#\/schema\/person\/d4c758656c81ae00e6496831fe7b0792\"},\"headline\":\"W\u0142odzimierz Bernacki wiceprzewodnicz\u0105cym Zgromadzenia Parlamentarnego Rady Europy\",\"datePublished\":\"2018-01-27T09:56:32+00:00\",\"mainEntityOfPage\":{\"@id\":\"https:\/\/www.mojabochnia.pl\/?p=182899\"},\"wordCount\":217,\"commentCount\":0,\"publisher\":{\"@id\":\"https:\/\/www.mojabochnia.pl\/#organization\"},\"image\":{\"@id\":\"https:\/\/www.mojabochnia.pl\/?p=182899#primaryimage\"},\"thumbnailUrl\":\"https:\/\/www.mojabochnia.pl\/wp-content\/uploads\/2017\/01\/IMG_3298.jpg\",\"keywords\":[\"polityka\",\"prawo i psrawiedliwo\u015b\u0107\",\"top temat\",\"w\u0142odzimierz bernacki\",\"Zgromadzenie Parlamentarne Rady Europy\"],\"articleSection\":[\"polityka i wydarzenia\",\"tematyka\"],\"inLanguage\":\"pl-PL\",\"potentialAction\":[{\"@type\":\"CommentAction\",\"name\":\"Comment\",\"target\":[\"https:\/\/www.mojabochnia.pl\/?p=182899#respond\"]}]},{\"@type\":\"WebPage\",\"@id\":\"https:\/\/www.mojabochnia.pl\/?p=182899\",\"url\":\"https:\/\/www.mojabochnia.pl\/?p=182899\",\"name\":\"W\u0142odzimierz Bernacki wiceprzewodnicz\u0105cym Zgromadzenia Parlamentarnego Rady Europy - mojabochnia.pl - portal informacyjny\",\"isPartOf\":{\"@id\":\"https:\/\/www.mojabochnia.pl\/#website\"},\"primaryImageOfPage\":{\"@id\":\"https:\/\/www.mojabochnia.pl\/?p=182899#primaryimage\"},\"image\":{\"@id\":\"https:\/\/www.mojabochnia.pl\/?p=182899#primaryimage\"},\"thumbnailUrl\":\"https:\/\/www.mojabochnia.pl\/wp-content\/uploads\/2017\/01\/IMG_3298.jpg\",\"datePublished\":\"2018-01-27T09:56:32+00:00\",\"breadcrumb\":{\"@id\":\"https:\/\/www.mojabochnia.pl\/?p=182899#breadcrumb\"},\"inLanguage\":\"pl-PL\",\"potentialAction\":[{\"@type\":\"ReadAction\",\"target\":[\"https:\/\/www.mojabochnia.pl\/?p=182899\"]}]},{\"@type\":\"ImageObject\",\"inLanguage\":\"pl-PL\",\"@id\":\"https:\/\/www.mojabochnia.pl\/?p=182899#primaryimage\",\"url\":\"https:\/\/www.mojabochnia.pl\/wp-content\/uploads\/2017\/01\/IMG_3298.jpg\",\"contentUrl\":\"https:\/\/www.mojabochnia.pl\/wp-content\/uploads\/2017\/01\/IMG_3298.jpg\",\"width\":1000,\"height\":564,\"caption\":\"Pawe\u0142 Michalczyk\"},{\"@type\":\"BreadcrumbList\",\"@id\":\"https:\/\/www.mojabochnia.pl\/?p=182899#breadcrumb\",\"itemListElement\":[{\"@type\":\"ListItem\",\"position\":1,\"name\":\"Home\",\"item\":\"https:\/\/www.mojabochnia.pl\/\"},{\"@type\":\"ListItem\",\"position\":2,\"name\":\"W\u0142odzimierz Bernacki wiceprzewodnicz\u0105cym Zgromadzenia Parlamentarnego Rady Europy\"}]},{\"@type\":\"WebSite\",\"@id\":\"https:\/\/www.mojabochnia.pl\/#website\",\"url\":\"https:\/\/www.mojabochnia.pl\/\",\"name\":\"mojabochnia.pl - portal informacyjny\",\"description\":\"mojaBochnia to portal informacyjny o Bochni. Codziennie o Bochni piszemy i pokazujemy najwa\u017cniejsze wydarzenia\",\"publisher\":{\"@id\":\"https:\/\/www.mojabochnia.pl\/#organization\"},\"potentialAction\":[{\"@type\":\"SearchAction\",\"target\":{\"@type\":\"EntryPoint\",\"urlTemplate\":\"https:\/\/www.mojabochnia.pl\/?s={search_term_string}\"},\"query-input\":{\"@type\":\"PropertyValueSpecification\",\"valueRequired\":true,\"valueName\":\"search_term_string\"}}],\"inLanguage\":\"pl-PL\"},{\"@type\":\"Organization\",\"@id\":\"https:\/\/www.mojabochnia.pl\/#organization\",\"name\":\"mojabochnia.pl - portal informacyjny\",\"url\":\"https:\/\/www.mojabochnia.pl\/\",\"logo\":{\"@type\":\"ImageObject\",\"inLanguage\":\"pl-PL\",\"@id\":\"https:\/\/www.mojabochnia.pl\/#\/schema\/logo\/image\/\",\"url\":\"https:\/\/www.mojabochnia.pl\/wp-content\/uploads\/2017\/08\/logo-mb-opt.png\",\"contentUrl\":\"https:\/\/www.mojabochnia.pl\/wp-content\/uploads\/2017\/08\/logo-mb-opt.png\",\"width\":250,\"height\":48,\"caption\":\"mojabochnia.pl - portal informacyjny\"},\"image\":{\"@id\":\"https:\/\/www.mojabochnia.pl\/#\/schema\/logo\/image\/\"},\"sameAs\":[\"https:\/\/www.facebook.com\/mojabochnia\"]},{\"@type\":\"Person\",\"@id\":\"https:\/\/www.mojabochnia.pl\/#\/schema\/person\/d4c758656c81ae00e6496831fe7b0792\",\"name\":\"Marcin Kalinowski\",\"url\":\"https:\/\/www.mojabochnia.pl\/?author=29\"}]}<\/script>\n<!-- \/ Yoast SEO plugin. -->","yoast_head_json":{"title":"W\u0142odzimierz Bernacki wiceprzewodnicz\u0105cym Zgromadzenia Parlamentarnego Rady Europy - mojabochnia.pl - portal informacyjny","robots":{"index":"index","follow":"follow","max-snippet":"max-snippet:-1","max-image-preview":"max-image-preview:large","max-video-preview":"max-video-preview:-1"},"canonical":"https:\/\/www.mojabochnia.pl\/?p=182899","og_locale":"pl_PL","og_type":"article","og_title":"W\u0142odzimierz Bernacki wiceprzewodnicz\u0105cym Zgromadzenia Parlamentarnego Rady Europy - mojabochnia.pl - portal informacyjny","og_description":"Pose\u0142 Ziemi Tarnowskiej - W\u0142odzimierz Bernacki zosta\u0142 wybrany na funkcj\u0119 wiceprzewodnicz\u0105cego Zgromadzenia Parlamentarnego Rady Europy podczas pierwszej tegorocznej sesji ZPRE.","og_url":"https:\/\/www.mojabochnia.pl\/?p=182899","og_site_name":"mojabochnia.pl - portal informacyjny","article_publisher":"https:\/\/www.facebook.com\/mojabochnia","article_published_time":"2018-01-27T09:56:32+00:00","og_image":[{"width":1000,"height":564,"url":"https:\/\/www.mojabochnia.pl\/wp-content\/uploads\/2017\/01\/IMG_3298.jpg","type":"image\/jpeg"}],"author":"Marcin Kalinowski","twitter_card":"summary_large_image","twitter_misc":{"Written by":"Marcin Kalinowski","Est. reading time":"1 minuta"},"schema":{"@context":"https:\/\/schema.org","@graph":[{"@type":"Article","@id":"https:\/\/www.mojabochnia.pl\/?p=182899#article","isPartOf":{"@id":"https:\/\/www.mojabochnia.pl\/?p=182899"},"author":{"name":"Marcin Kalinowski","@id":"https:\/\/www.mojabochnia.pl\/#\/schema\/person\/d4c758656c81ae00e6496831fe7b0792"},"headline":"W\u0142odzimierz Bernacki wiceprzewodnicz\u0105cym Zgromadzenia Parlamentarnego Rady Europy","datePublished":"2018-01-27T09:56:32+00:00","mainEntityOfPage":{"@id":"https:\/\/www.mojabochnia.pl\/?p=182899"},"wordCount":217,"commentCount":0,"publisher":{"@id":"https:\/\/www.mojabochnia.pl\/#organization"},"image":{"@id":"https:\/\/www.mojabochnia.pl\/?p=182899#primaryimage"},"thumbnailUrl":"https:\/\/www.mojabochnia.pl\/wp-content\/uploads\/2017\/01\/IMG_3298.jpg","keywords":["polityka","prawo i psrawiedliwo\u015b\u0107","top temat","w\u0142odzimierz bernacki","Zgromadzenie Parlamentarne Rady Europy"],"articleSection":["polityka i wydarzenia","tematyka"],"inLanguage":"pl-PL","potentialAction":[{"@type":"CommentAction","name":"Comment","target":["https:\/\/www.mojabochnia.pl\/?p=182899#respond"]}]},{"@type":"WebPage","@id":"https:\/\/www.mojabochnia.pl\/?p=182899","url":"https:\/\/www.mojabochnia.pl\/?p=182899","name":"W\u0142odzimierz Bernacki wiceprzewodnicz\u0105cym Zgromadzenia Parlamentarnego Rady Europy - mojabochnia.pl - portal informacyjny","isPartOf":{"@id":"https:\/\/www.mojabochnia.pl\/#website"},"primaryImageOfPage":{"@id":"https:\/\/www.mojabochnia.pl\/?p=182899#primaryimage"},"image":{"@id":"https:\/\/www.mojabochnia.pl\/?p=182899#primaryimage"},"thumbnailUrl":"https:\/\/www.mojabochnia.pl\/wp-content\/uploads\/2017\/01\/IMG_3298.jpg","datePublished":"2018-01-27T09:56:32+00:00","breadcrumb":{"@id":"https:\/\/www.mojabochnia.pl\/?p=182899#breadcrumb"},"inLanguage":"pl-PL","potentialAction":[{"@type":"ReadAction","target":["https:\/\/www.mojabochnia.pl\/?p=182899"]}]},{"@type":"ImageObject","inLanguage":"pl-PL","@id":"https:\/\/www.mojabochnia.pl\/?p=182899#primaryimage","url":"https:\/\/www.mojabochnia.pl\/wp-content\/uploads\/2017\/01\/IMG_3298.jpg","contentUrl":"https:\/\/www.mojabochnia.pl\/wp-content\/uploads\/2017\/01\/IMG_3298.jpg","width":1000,"height":564,"caption":"Pawe\u0142 Michalczyk"},{"@type":"BreadcrumbList","@id":"https:\/\/www.mojabochnia.pl\/?p=182899#breadcrumb","itemListElement":[{"@type":"ListItem","position":1,"name":"Home","item":"https:\/\/www.mojabochnia.pl\/"},{"@type":"ListItem","position":2,"name":"W\u0142odzimierz Bernacki wiceprzewodnicz\u0105cym Zgromadzenia Parlamentarnego Rady Europy"}]},{"@type":"WebSite","@id":"https:\/\/www.mojabochnia.pl\/#website","url":"https:\/\/www.mojabochnia.pl\/","name":"mojabochnia.pl - portal informacyjny","description":"mojaBochnia to portal informacyjny o Bochni. Codziennie o Bochni piszemy i pokazujemy najwa\u017cniejsze wydarzenia","publisher":{"@id":"https:\/\/www.mojabochnia.pl\/#organization"},"potentialAction":[{"@type":"SearchAction","target":{"@type":"EntryPoint","urlTemplate":"https:\/\/www.mojabochnia.pl\/?s={search_term_string}"},"query-input":{"@type":"PropertyValueSpecification","valueRequired":true,"valueName":"search_term_string"}}],"inLanguage":"pl-PL"},{"@type":"Organization","@id":"https:\/\/www.mojabochnia.pl\/#organization","name":"mojabochnia.pl - portal informacyjny","url":"https:\/\/www.mojabochnia.pl\/","logo":{"@type":"ImageObject","inLanguage":"pl-PL","@id":"https:\/\/www.mojabochnia.pl\/#\/schema\/logo\/image\/","url":"https:\/\/www.mojabochnia.pl\/wp-content\/uploads\/2017\/08\/logo-mb-opt.png","contentUrl":"https:\/\/www.mojabochnia.pl\/wp-content\/uploads\/2017\/08\/logo-mb-opt.png","width":250,"height":48,"caption":"mojabochnia.pl - portal informacyjny"},"image":{"@id":"https:\/\/www.mojabochnia.pl\/#\/schema\/logo\/image\/"},"sameAs":["https:\/\/www.facebook.com\/mojabochnia"]},{"@type":"Person","@id":"https:\/\/www.mojabochnia.pl\/#\/schema\/person\/d4c758656c81ae00e6496831fe7b0792","name":"Marcin Kalinowski","url":"https:\/\/www.mojabochnia.pl\/?author=29"}]}},"_links":{"self":[{"href":"https:\/\/www.mojabochnia.pl\/index.php?rest_route=\/wp\/v2\/posts\/182899","targetHints":{"allow":["GET"]}}],"collection":[{"href":"https:\/\/www.mojabochnia.pl\/index.php?rest_route=\/wp\/v2\/posts"}],"about":[{"href":"https:\/\/www.mojabochnia.pl\/index.php?rest_route=\/wp\/v2\/types\/post"}],"author":[{"embeddable":true,"href":"https:\/\/www.mojabochnia.pl\/index.php?rest_route=\/wp\/v2\/users\/29"}],"replies":[{"embeddable":true,"href":"https:\/\/www.mojabochnia.pl\/index.php?rest_route=%2Fwp%2Fv2%2Fcomments&post=182899"}],"version-history":[{"count":1,"href":"https:\/\/www.mojabochnia.pl\/index.php?rest_route=\/wp\/v2\/posts\/182899\/revisions"}],"predecessor-version":[{"id":182901,"href":"https:\/\/www.mojabochnia.pl\/index.php?rest_route=\/wp\/v2\/posts\/182899\/revisions\/182901"}],"wp:featuredmedia":[{"embeddable":true,"href":"https:\/\/www.mojabochnia.pl\/index.php?rest_route=\/wp\/v2\/media\/164590"}],"wp:attachment":[{"href":"https:\/\/www.mojabochnia.pl\/index.php?rest_route=%2Fwp%2Fv2%2Fmedia&parent=182899"}],"wp:term":[{"taxonomy":"category","embeddable":true,"href":"https:\/\/www.mojabochnia.pl\/index.php?rest_route=%2Fwp%2Fv2%2Fcategories&post=182899"},{"taxonomy":"post_tag","embeddable":true,"href":"https:\/\/www.mojabochnia.pl\/index.php?rest_route=%2Fwp%2Fv2%2Ftags&post=182899"}],"curies":[{"name":"wp","href":"https:\/\/api.w.org\/{rel}","templated":true}]}}