{"id":181588,"date":"2018-01-03T17:15:17","date_gmt":"2018-01-03T16:15:17","guid":{"rendered":"https:\/\/www.mojabochnia.pl\/?p=181588"},"modified":"2018-01-03T18:37:37","modified_gmt":"2018-01-03T17:37:37","slug":"pierwsze-malopolskie-bliznieta-urodzily-sie-w-bochni","status":"publish","type":"post","link":"https:\/\/www.mojabochnia.pl\/?p=181588","title":{"rendered":"Pierwsze ma\u0142opolskie bli\u017ani\u0119ta urodzi\u0142y si\u0119 w Bochni"},"content":{"rendered":"<div id=\"m_-5129596422228421548gwpdc9482a8\">\n<div id=\"m_-5129596422228421548gwpdc9482a8h\">\n<div class=\"m_-5129596422228421548gwpdc9482a8b\">\n<div><b><span class=\"m_-5129596422228421548colour\"><span class=\"m_-5129596422228421548font\">W boche\u0144skim szpitalu im. b\u0142. Marty Wieckiej w\u00a0Nowy Rok tu\u017c przed godzin\u0105 21.00 przysz\u0142y na \u015bwiat pierwsze ma\u0142opolskie bli\u017ani\u0119ta \u2013 Kacper i\u00a0Wiktor. Niemal 12 godzin po nich na tym samym oddziale urodzi\u0142y si\u0119 dwie siostry bli\u017aniaczki \u2013 Marysia i\u00a0Zosia. Gratulacje rodzicom z\u0142o\u017cy\u0142 wicemarsza\u0142ek Wojciech Kozak, Cz\u0142onek Zarz\u0105du Powiatu Rafa\u0142 Rudka oraz Dyrekcja Szpitala.\u00a0<\/span><\/span><\/b><\/div>\n<div><\/div>\n<\/div>\n<\/div>\n<\/div>\n<div><em>Ka\u017cdy nowonarodzony Ma\u0142opolanin to dla nas ogromne szcz\u0119\u015bcie, a\u00a0je\u015bli rodz\u0105 si\u0119 podw\u00f3jnie, tym wi\u0119ksza to dla nas rado\u015b\u0107. Ci\u0105\u017ce bli\u017aniacze zdarzaj\u0105 si\u0119 w\u00a0Europie raz na kilkadziesi\u0105t porod\u00f3w \u2013 ok. 80. Boche\u0144ski szpital w\u00a0przeci\u0105gu 12 godzin powita\u0142 na \u015bwiecie a\u017c dwie pary z\u00a0nich \u2013 ch\u0142opc\u00f3w i\u00a0dziewczynki. Serdecznie gratuluj\u0119 rodzicom i\u00a0\u017cycz\u0119 zdrowia ca\u0142ej czw\u00f3rce maluch\u00f3w<\/em> \u2013 m\u00f3wi\u0142 podczas odwiedzin wicemarsza\u0142ek Wojciech Kozak.<\/div>\n<div><\/div>\n<div>W imieniu Zarz\u0105du oraz Starosty Boche\u0144skiego gratulacje i upominki z\u0142o\u017cy\u0142 rodzicom Rafa\u0142 Rudka Cz\u0142onek Zarz\u0105du Powiatu, natomiast na r\u0119ce Dyrektora oraz Ordynatora Oddzia\u0142u Ginekologii i Po\u0142o\u017cnictwa z\u0142o\u017cy\u0142 gratulacje dla wszystkich pracownik\u00f3w za wypracowanie takiej renomy, \u017ce do boche\u0144skiego szpitala przyje\u017cd\u017caj\u0105 rodzi\u0107 Panie nie tylko z s\u0105siednich powiat\u00f3w.<\/div>\n<div><\/div>\n<div>Pierwsze ma\u0142opolskie, noworoczne bli\u017ani\u0119ta urodzi\u0142y si\u0119 1\u00a0stycznia 2018 r. na Oddziale Po\u0142o\u017cniczo-Ginekologicznym w\u00a0Szpitalu Powiatowym im. b\u0142. Marty Wieckiej w\u00a0Bochni. O\u00a0godzinie 20.42 urodzi\u0142 si\u0119 Kacper, a\u00a0minut\u0119 p\u00f3\u017aniej jego brat \u2013 Wiktor. Starszy z\u00a0bli\u017aniak\u00f3w wa\u017cy 2770 g\u00a0i mierzy 50 cm, m\u0142odszy natomiast 2870 g\u00a0i mierzy 54 cm. Rodzice ch\u0142opc\u00f3w mieszkaj\u0105 w\u00a0Jasieniu.<\/div>\n<p class=\"m_-5129596422228421548gwpf9e84faf_MsoNormal\"><span class=\"m_-5129596422228421548highlight\"><span class=\"m_-5129596422228421548colour\"><span class=\"m_-5129596422228421548font\">Narodziny Kacpra i\u00a0Wiktora zapocz\u0105tkowa\u0142y kolejn\u0105, noworoczn\u0105 niespodziank\u0119 w\u00a0boche\u0144skim szpitalu. 12 godzin po nich, 2\u00a0stycznia, dok\u0142adnie o\u00a09.38 lekarze na tym samym oddziale powitali na \u015bwiecie drug\u0105 w\u00a0nowym roku par\u0119 bli\u017ani\u0105t. Najpierw urodzi\u0142a si\u0119 Marysia wa\u017c\u0105ca 2390 g\u00a0i mierz\u0105ca 52 cm, a\u00a0o 9.39 przysz\u0142a na \u015bwiat jej siostra Zosia. M\u0142odsza z\u00a0nich wa\u017cy\u0142a 2510 g\u00a0i mierzy\u0142a 49 cm.<\/span><\/span><\/span><\/p>\n<div id=\"m_-5129596422228421548gwpdc9482a8\">\u00a0______<\/div>\n<div>Fot.\u00a0UMWM<\/div>\n<div>\u017ar\u00f3d\u0142o:\u00a0<a onclick=\"javascript:pageTracker._trackPageview('\/outgoing\/www.malopolska.pl\/');\"  href=\"http:\/\/www.malopolska.pl\/\" target=\"_blank\" rel=\"noopener\" data-saferedirecturl=\"https:\/\/www.google.com\/url?hl=pl&amp;q=http:\/\/www.malopolska.pl&amp;source=gmail&amp;ust=1515082094107000&amp;usg=AFQjCNFfqEzwR5JaSIZN_H_cJZWV5A_EaQ\">www.malopolska.pl<\/a><\/div>\n\t  \r\n\t\r\n\t    <div class=\"mb-gallery\">\r\n\t    <a href=\"https:\/\/www.mojabochnia.pl\/?attachment_id=181590\" class=\"\"><img loading=\"lazy\" decoding=\"async\" width=\"100\" height=\"100\" src=\"https:\/\/www.mojabochnia.pl\/wp-content\/uploads\/2018\/01\/TOP_7124-012-100x100.jpg\" class=\"attachment-100x100 size-100x100\" alt=\"\" \/><\/a><a href=\"https:\/\/www.mojabochnia.pl\/?attachment_id=181591\" class=\"\"><img loading=\"lazy\" decoding=\"async\" width=\"100\" height=\"100\" src=\"https:\/\/www.mojabochnia.pl\/wp-content\/uploads\/2018\/01\/TOP_7126-013-100x100.jpg\" class=\"attachment-100x100 size-100x100\" alt=\"\" \/><\/a><a href=\"https:\/\/www.mojabochnia.pl\/?attachment_id=181592\" class=\"\"><img loading=\"lazy\" decoding=\"async\" width=\"100\" height=\"100\" src=\"https:\/\/www.mojabochnia.pl\/wp-content\/uploads\/2018\/01\/TOP_7130-014-100x100.jpg\" class=\"attachment-100x100 size-100x100\" alt=\"\" \/><\/a><a href=\"https:\/\/www.mojabochnia.pl\/?attachment_id=181593\" class=\"\"><img loading=\"lazy\" decoding=\"async\" width=\"100\" height=\"100\" src=\"https:\/\/www.mojabochnia.pl\/wp-content\/uploads\/2018\/01\/TOP_7057-001-100x100.jpg\" class=\"attachment-100x100 size-100x100\" alt=\"\" \/><\/a><a href=\"https:\/\/www.mojabochnia.pl\/?attachment_id=181594\" class=\"\"><img loading=\"lazy\" decoding=\"async\" width=\"100\" height=\"100\" src=\"https:\/\/www.mojabochnia.pl\/wp-content\/uploads\/2018\/01\/TOP_7062-002-100x100.jpg\" class=\"attachment-100x100 size-100x100\" alt=\"\" \/><\/a><a href=\"https:\/\/www.mojabochnia.pl\/?attachment_id=181595\" class=\"\"><img loading=\"lazy\" decoding=\"async\" width=\"100\" height=\"100\" src=\"https:\/\/www.mojabochnia.pl\/wp-content\/uploads\/2018\/01\/TOP_7069-003-100x100.jpg\" class=\"attachment-100x100 size-100x100\" alt=\"\" \/><\/a><a href=\"https:\/\/www.mojabochnia.pl\/?attachment_id=181596\" class=\"\"><img loading=\"lazy\" decoding=\"async\" width=\"100\" height=\"100\" src=\"https:\/\/www.mojabochnia.pl\/wp-content\/uploads\/2018\/01\/TOP_7070-004-100x100.jpg\" class=\"attachment-100x100 size-100x100\" alt=\"\" \/><\/a><a href=\"https:\/\/www.mojabochnia.pl\/?attachment_id=181597\" class=\"\"><img loading=\"lazy\" decoding=\"async\" width=\"100\" height=\"100\" src=\"https:\/\/www.mojabochnia.pl\/wp-content\/uploads\/2018\/01\/TOP_7075-005-100x100.jpg\" class=\"attachment-100x100 size-100x100\" alt=\"\" \/><\/a><a href=\"https:\/\/www.mojabochnia.pl\/?attachment_id=181598\" class=\"\"><img loading=\"lazy\" decoding=\"async\" width=\"100\" height=\"100\" src=\"https:\/\/www.mojabochnia.pl\/wp-content\/uploads\/2018\/01\/TOP_7085-006-100x100.jpg\" class=\"attachment-100x100 size-100x100\" alt=\"\" \/><\/a><a href=\"https:\/\/www.mojabochnia.pl\/?attachment_id=181599\" class=\"\"><img loading=\"lazy\" decoding=\"async\" width=\"100\" height=\"100\" src=\"https:\/\/www.mojabochnia.pl\/wp-content\/uploads\/2018\/01\/TOP_7087-007-100x100.jpg\" class=\"attachment-100x100 size-100x100\" alt=\"\" \/><\/a><a href=\"https:\/\/www.mojabochnia.pl\/?attachment_id=181600\" class=\"\"><img loading=\"lazy\" decoding=\"async\" width=\"100\" height=\"100\" src=\"https:\/\/www.mojabochnia.pl\/wp-content\/uploads\/2018\/01\/TOP_7092-008-100x100.jpg\" class=\"attachment-100x100 size-100x100\" alt=\"\" \/><\/a><a href=\"https:\/\/www.mojabochnia.pl\/?attachment_id=181601\" class=\"\"><img loading=\"lazy\" decoding=\"async\" width=\"100\" height=\"100\" src=\"https:\/\/www.mojabochnia.pl\/wp-content\/uploads\/2018\/01\/TOP_7096-009-100x100.jpg\" class=\"attachment-100x100 size-100x100\" alt=\"\" \/><\/a><a href=\"https:\/\/www.mojabochnia.pl\/?attachment_id=181602\" class=\"\"><img loading=\"lazy\" decoding=\"async\" width=\"100\" height=\"100\" src=\"https:\/\/www.mojabochnia.pl\/wp-content\/uploads\/2018\/01\/TOP_7105-010-100x100.jpg\" class=\"attachment-100x100 size-100x100\" alt=\"\" \/><\/a><a href=\"https:\/\/www.mojabochnia.pl\/?attachment_id=181603\" class=\"\"><img loading=\"lazy\" decoding=\"async\" width=\"100\" height=\"100\" src=\"https:\/\/www.mojabochnia.pl\/wp-content\/uploads\/2018\/01\/TOP_7118-011-100x100.jpg\" class=\"attachment-100x100 size-100x100\" alt=\"\" \/><\/a>\t    <\/div>\r\n\t    ","protected":false},"excerpt":{"rendered":"<p>W boche\u0144skim szpitalu im. b\u0142. Marty Wieckiej w\u00a0Nowy Rok tu\u017c przed godzin\u0105 21.00 przysz\u0142y na \u015bwiat pierwsze ma\u0142opolskie bli\u017ani\u0119ta \u2013 Kacper i\u00a0Wiktor. Niemal 12 godzin po nich na tym samym oddziale urodzi\u0142y si\u0119 dwie siostry bli\u017aniaczki \u2013 Marysia i\u00a0Zosia. Gratulacje rodzicom z\u0142o\u017cy\u0142 wicemarsza\u0142ek Wojciech Kozak, Cz\u0142onek Zarz\u0105du Powiatu Rafa\u0142 Rudka oraz Dyrekcja Szpitala.\u00a0 Ka\u017cdy nowonarodzony<\/p>\n","protected":false},"author":8,"featured_media":181590,"comment_status":"open","ping_status":"closed","sticky":false,"template":"","format":"standard","meta":{"_acf_changed":false,"footnotes":""},"categories":[5,6251,6250],"tags":[20115,507,19720,20114,4115],"class_list":["post-181588","post","type-post","status-publish","format-standard","has-post-thumbnail","hentry","category-biezace-wydarzenia","category-polityka-i-wydarzenia","category-tematyka","tag-blizniaki","tag-malopolska","tag-top-temat","tag-umwm","tag-wojciech-kozak","main_tag-szpital-bochenski"],"acf":[],"yoast_head":"<!-- This site is optimized with the Yoast SEO plugin v26.9 - https:\/\/yoast.com\/product\/yoast-seo-wordpress\/ -->\n<title>Pierwsze ma\u0142opolskie bli\u017ani\u0119ta urodzi\u0142y si\u0119 w Bochni - mojabochnia.pl - portal informacyjny<\/title>\n<meta name=\"robots\" content=\"index, follow, max-snippet:-1, max-image-preview:large, max-video-preview:-1\" \/>\n<link rel=\"canonical\" href=\"https:\/\/www.mojabochnia.pl\/?p=181588\" \/>\n<meta property=\"og:locale\" content=\"pl_PL\" \/>\n<meta property=\"og:type\" content=\"article\" \/>\n<meta property=\"og:title\" content=\"Pierwsze ma\u0142opolskie bli\u017ani\u0119ta urodzi\u0142y si\u0119 w Bochni - mojabochnia.pl - portal informacyjny\" \/>\n<meta property=\"og:description\" content=\"W boche\u0144skim szpitalu im. b\u0142. Marty Wieckiej w\u00a0Nowy Rok tu\u017c przed godzin\u0105 21.00 przysz\u0142y na \u015bwiat pierwsze ma\u0142opolskie bli\u017ani\u0119ta \u2013 Kacper i\u00a0Wiktor. Niemal 12 godzin po nich na tym samym oddziale urodzi\u0142y si\u0119 dwie siostry bli\u017aniaczki \u2013 Marysia i\u00a0Zosia. Gratulacje rodzicom z\u0142o\u017cy\u0142 wicemarsza\u0142ek Wojciech Kozak, Cz\u0142onek Zarz\u0105du Powiatu Rafa\u0142 Rudka oraz Dyrekcja Szpitala.\u00a0 Ka\u017cdy nowonarodzony\" \/>\n<meta property=\"og:url\" content=\"https:\/\/www.mojabochnia.pl\/?p=181588\" \/>\n<meta property=\"og:site_name\" content=\"mojabochnia.pl - portal informacyjny\" \/>\n<meta property=\"article:publisher\" content=\"https:\/\/www.facebook.com\/mojabochnia\" \/>\n<meta property=\"article:published_time\" content=\"2018-01-03T16:15:17+00:00\" \/>\n<meta property=\"article:modified_time\" content=\"2018-01-03T17:37:37+00:00\" \/>\n<meta property=\"og:image\" content=\"https:\/\/www.mojabochnia.pl\/wp-content\/uploads\/2018\/01\/TOP_7124-012.jpg\" \/>\n\t<meta property=\"og:image:width\" content=\"2000\" \/>\n\t<meta property=\"og:image:height\" content=\"1335\" \/>\n\t<meta property=\"og:image:type\" content=\"image\/jpeg\" \/>\n<meta name=\"author\" content=\"informacja prasowa\" \/>\n<meta name=\"twitter:card\" content=\"summary_large_image\" \/>\n<meta name=\"twitter:label1\" content=\"Written by\" \/>\n\t<meta name=\"twitter:data1\" content=\"informacja prasowa\" \/>\n\t<meta name=\"twitter:label2\" content=\"Est. reading time\" \/>\n\t<meta name=\"twitter:data2\" content=\"2 minuty\" \/>\n<script type=\"application\/ld+json\" class=\"yoast-schema-graph\">{\"@context\":\"https:\/\/schema.org\",\"@graph\":[{\"@type\":\"Article\",\"@id\":\"https:\/\/www.mojabochnia.pl\/?p=181588#article\",\"isPartOf\":{\"@id\":\"https:\/\/www.mojabochnia.pl\/?p=181588\"},\"author\":{\"name\":\"informacja prasowa\",\"@id\":\"https:\/\/www.mojabochnia.pl\/#\/schema\/person\/9e15cf1bcb74043790f124a3130fe41e\"},\"headline\":\"Pierwsze ma\u0142opolskie bli\u017ani\u0119ta urodzi\u0142y si\u0119 w Bochni\",\"datePublished\":\"2018-01-03T16:15:17+00:00\",\"dateModified\":\"2018-01-03T17:37:37+00:00\",\"mainEntityOfPage\":{\"@id\":\"https:\/\/www.mojabochnia.pl\/?p=181588\"},\"wordCount\":361,\"commentCount\":0,\"publisher\":{\"@id\":\"https:\/\/www.mojabochnia.pl\/#organization\"},\"image\":{\"@id\":\"https:\/\/www.mojabochnia.pl\/?p=181588#primaryimage\"},\"thumbnailUrl\":\"https:\/\/www.mojabochnia.pl\/wp-content\/uploads\/2018\/01\/TOP_7124-012.jpg\",\"keywords\":[\"bli\u017aniaki\",\"ma\u0142opolska\",\"top temat\",\"UMWM\",\"wojciech kozak\"],\"articleSection\":[\"2_ostatnie\",\"polityka i wydarzenia\",\"tematyka\"],\"inLanguage\":\"pl-PL\",\"potentialAction\":[{\"@type\":\"CommentAction\",\"name\":\"Comment\",\"target\":[\"https:\/\/www.mojabochnia.pl\/?p=181588#respond\"]}]},{\"@type\":\"WebPage\",\"@id\":\"https:\/\/www.mojabochnia.pl\/?p=181588\",\"url\":\"https:\/\/www.mojabochnia.pl\/?p=181588\",\"name\":\"Pierwsze ma\u0142opolskie bli\u017ani\u0119ta urodzi\u0142y si\u0119 w Bochni - mojabochnia.pl - portal informacyjny\",\"isPartOf\":{\"@id\":\"https:\/\/www.mojabochnia.pl\/#website\"},\"primaryImageOfPage\":{\"@id\":\"https:\/\/www.mojabochnia.pl\/?p=181588#primaryimage\"},\"image\":{\"@id\":\"https:\/\/www.mojabochnia.pl\/?p=181588#primaryimage\"},\"thumbnailUrl\":\"https:\/\/www.mojabochnia.pl\/wp-content\/uploads\/2018\/01\/TOP_7124-012.jpg\",\"datePublished\":\"2018-01-03T16:15:17+00:00\",\"dateModified\":\"2018-01-03T17:37:37+00:00\",\"breadcrumb\":{\"@id\":\"https:\/\/www.mojabochnia.pl\/?p=181588#breadcrumb\"},\"inLanguage\":\"pl-PL\",\"potentialAction\":[{\"@type\":\"ReadAction\",\"target\":[\"https:\/\/www.mojabochnia.pl\/?p=181588\"]}]},{\"@type\":\"ImageObject\",\"inLanguage\":\"pl-PL\",\"@id\":\"https:\/\/www.mojabochnia.pl\/?p=181588#primaryimage\",\"url\":\"https:\/\/www.mojabochnia.pl\/wp-content\/uploads\/2018\/01\/TOP_7124-012.jpg\",\"contentUrl\":\"https:\/\/www.mojabochnia.pl\/wp-content\/uploads\/2018\/01\/TOP_7124-012.jpg\",\"width\":2000,\"height\":1335,\"caption\":\"UMWM\"},{\"@type\":\"BreadcrumbList\",\"@id\":\"https:\/\/www.mojabochnia.pl\/?p=181588#breadcrumb\",\"itemListElement\":[{\"@type\":\"ListItem\",\"position\":1,\"name\":\"Home\",\"item\":\"https:\/\/www.mojabochnia.pl\/\"},{\"@type\":\"ListItem\",\"position\":2,\"name\":\"Pierwsze ma\u0142opolskie bli\u017ani\u0119ta urodzi\u0142y si\u0119 w Bochni\"}]},{\"@type\":\"WebSite\",\"@id\":\"https:\/\/www.mojabochnia.pl\/#website\",\"url\":\"https:\/\/www.mojabochnia.pl\/\",\"name\":\"mojabochnia.pl - portal informacyjny\",\"description\":\"mojaBochnia to portal informacyjny o Bochni. Codziennie o Bochni piszemy i pokazujemy najwa\u017cniejsze wydarzenia\",\"publisher\":{\"@id\":\"https:\/\/www.mojabochnia.pl\/#organization\"},\"potentialAction\":[{\"@type\":\"SearchAction\",\"target\":{\"@type\":\"EntryPoint\",\"urlTemplate\":\"https:\/\/www.mojabochnia.pl\/?s={search_term_string}\"},\"query-input\":{\"@type\":\"PropertyValueSpecification\",\"valueRequired\":true,\"valueName\":\"search_term_string\"}}],\"inLanguage\":\"pl-PL\"},{\"@type\":\"Organization\",\"@id\":\"https:\/\/www.mojabochnia.pl\/#organization\",\"name\":\"mojabochnia.pl - portal informacyjny\",\"url\":\"https:\/\/www.mojabochnia.pl\/\",\"logo\":{\"@type\":\"ImageObject\",\"inLanguage\":\"pl-PL\",\"@id\":\"https:\/\/www.mojabochnia.pl\/#\/schema\/logo\/image\/\",\"url\":\"https:\/\/www.mojabochnia.pl\/wp-content\/uploads\/2017\/08\/logo-mb-opt.png\",\"contentUrl\":\"https:\/\/www.mojabochnia.pl\/wp-content\/uploads\/2017\/08\/logo-mb-opt.png\",\"width\":250,\"height\":48,\"caption\":\"mojabochnia.pl - portal informacyjny\"},\"image\":{\"@id\":\"https:\/\/www.mojabochnia.pl\/#\/schema\/logo\/image\/\"},\"sameAs\":[\"https:\/\/www.facebook.com\/mojabochnia\"]},{\"@type\":\"Person\",\"@id\":\"https:\/\/www.mojabochnia.pl\/#\/schema\/person\/9e15cf1bcb74043790f124a3130fe41e\",\"name\":\"informacja prasowa\",\"sameAs\":[\"http:\/\/\"],\"url\":\"https:\/\/www.mojabochnia.pl\/?author=8\"}]}<\/script>\n<!-- \/ Yoast SEO plugin. -->","yoast_head_json":{"title":"Pierwsze ma\u0142opolskie bli\u017ani\u0119ta urodzi\u0142y si\u0119 w Bochni - mojabochnia.pl - portal informacyjny","robots":{"index":"index","follow":"follow","max-snippet":"max-snippet:-1","max-image-preview":"max-image-preview:large","max-video-preview":"max-video-preview:-1"},"canonical":"https:\/\/www.mojabochnia.pl\/?p=181588","og_locale":"pl_PL","og_type":"article","og_title":"Pierwsze ma\u0142opolskie bli\u017ani\u0119ta urodzi\u0142y si\u0119 w Bochni - mojabochnia.pl - portal informacyjny","og_description":"W boche\u0144skim szpitalu im. b\u0142. Marty Wieckiej w\u00a0Nowy Rok tu\u017c przed godzin\u0105 21.00 przysz\u0142y na \u015bwiat pierwsze ma\u0142opolskie bli\u017ani\u0119ta \u2013 Kacper i\u00a0Wiktor. Niemal 12 godzin po nich na tym samym oddziale urodzi\u0142y si\u0119 dwie siostry bli\u017aniaczki \u2013 Marysia i\u00a0Zosia. Gratulacje rodzicom z\u0142o\u017cy\u0142 wicemarsza\u0142ek Wojciech Kozak, Cz\u0142onek Zarz\u0105du Powiatu Rafa\u0142 Rudka oraz Dyrekcja Szpitala.\u00a0 Ka\u017cdy nowonarodzony","og_url":"https:\/\/www.mojabochnia.pl\/?p=181588","og_site_name":"mojabochnia.pl - portal informacyjny","article_publisher":"https:\/\/www.facebook.com\/mojabochnia","article_published_time":"2018-01-03T16:15:17+00:00","article_modified_time":"2018-01-03T17:37:37+00:00","og_image":[{"width":2000,"height":1335,"url":"https:\/\/www.mojabochnia.pl\/wp-content\/uploads\/2018\/01\/TOP_7124-012.jpg","type":"image\/jpeg"}],"author":"informacja prasowa","twitter_card":"summary_large_image","twitter_misc":{"Written by":"informacja prasowa","Est. reading time":"2 minuty"},"schema":{"@context":"https:\/\/schema.org","@graph":[{"@type":"Article","@id":"https:\/\/www.mojabochnia.pl\/?p=181588#article","isPartOf":{"@id":"https:\/\/www.mojabochnia.pl\/?p=181588"},"author":{"name":"informacja prasowa","@id":"https:\/\/www.mojabochnia.pl\/#\/schema\/person\/9e15cf1bcb74043790f124a3130fe41e"},"headline":"Pierwsze ma\u0142opolskie bli\u017ani\u0119ta urodzi\u0142y si\u0119 w Bochni","datePublished":"2018-01-03T16:15:17+00:00","dateModified":"2018-01-03T17:37:37+00:00","mainEntityOfPage":{"@id":"https:\/\/www.mojabochnia.pl\/?p=181588"},"wordCount":361,"commentCount":0,"publisher":{"@id":"https:\/\/www.mojabochnia.pl\/#organization"},"image":{"@id":"https:\/\/www.mojabochnia.pl\/?p=181588#primaryimage"},"thumbnailUrl":"https:\/\/www.mojabochnia.pl\/wp-content\/uploads\/2018\/01\/TOP_7124-012.jpg","keywords":["bli\u017aniaki","ma\u0142opolska","top temat","UMWM","wojciech kozak"],"articleSection":["2_ostatnie","polityka i wydarzenia","tematyka"],"inLanguage":"pl-PL","potentialAction":[{"@type":"CommentAction","name":"Comment","target":["https:\/\/www.mojabochnia.pl\/?p=181588#respond"]}]},{"@type":"WebPage","@id":"https:\/\/www.mojabochnia.pl\/?p=181588","url":"https:\/\/www.mojabochnia.pl\/?p=181588","name":"Pierwsze ma\u0142opolskie bli\u017ani\u0119ta urodzi\u0142y si\u0119 w Bochni - mojabochnia.pl - portal informacyjny","isPartOf":{"@id":"https:\/\/www.mojabochnia.pl\/#website"},"primaryImageOfPage":{"@id":"https:\/\/www.mojabochnia.pl\/?p=181588#primaryimage"},"image":{"@id":"https:\/\/www.mojabochnia.pl\/?p=181588#primaryimage"},"thumbnailUrl":"https:\/\/www.mojabochnia.pl\/wp-content\/uploads\/2018\/01\/TOP_7124-012.jpg","datePublished":"2018-01-03T16:15:17+00:00","dateModified":"2018-01-03T17:37:37+00:00","breadcrumb":{"@id":"https:\/\/www.mojabochnia.pl\/?p=181588#breadcrumb"},"inLanguage":"pl-PL","potentialAction":[{"@type":"ReadAction","target":["https:\/\/www.mojabochnia.pl\/?p=181588"]}]},{"@type":"ImageObject","inLanguage":"pl-PL","@id":"https:\/\/www.mojabochnia.pl\/?p=181588#primaryimage","url":"https:\/\/www.mojabochnia.pl\/wp-content\/uploads\/2018\/01\/TOP_7124-012.jpg","contentUrl":"https:\/\/www.mojabochnia.pl\/wp-content\/uploads\/2018\/01\/TOP_7124-012.jpg","width":2000,"height":1335,"caption":"UMWM"},{"@type":"BreadcrumbList","@id":"https:\/\/www.mojabochnia.pl\/?p=181588#breadcrumb","itemListElement":[{"@type":"ListItem","position":1,"name":"Home","item":"https:\/\/www.mojabochnia.pl\/"},{"@type":"ListItem","position":2,"name":"Pierwsze ma\u0142opolskie bli\u017ani\u0119ta urodzi\u0142y si\u0119 w Bochni"}]},{"@type":"WebSite","@id":"https:\/\/www.mojabochnia.pl\/#website","url":"https:\/\/www.mojabochnia.pl\/","name":"mojabochnia.pl - portal informacyjny","description":"mojaBochnia to portal informacyjny o Bochni. Codziennie o Bochni piszemy i pokazujemy najwa\u017cniejsze wydarzenia","publisher":{"@id":"https:\/\/www.mojabochnia.pl\/#organization"},"potentialAction":[{"@type":"SearchAction","target":{"@type":"EntryPoint","urlTemplate":"https:\/\/www.mojabochnia.pl\/?s={search_term_string}"},"query-input":{"@type":"PropertyValueSpecification","valueRequired":true,"valueName":"search_term_string"}}],"inLanguage":"pl-PL"},{"@type":"Organization","@id":"https:\/\/www.mojabochnia.pl\/#organization","name":"mojabochnia.pl - portal informacyjny","url":"https:\/\/www.mojabochnia.pl\/","logo":{"@type":"ImageObject","inLanguage":"pl-PL","@id":"https:\/\/www.mojabochnia.pl\/#\/schema\/logo\/image\/","url":"https:\/\/www.mojabochnia.pl\/wp-content\/uploads\/2017\/08\/logo-mb-opt.png","contentUrl":"https:\/\/www.mojabochnia.pl\/wp-content\/uploads\/2017\/08\/logo-mb-opt.png","width":250,"height":48,"caption":"mojabochnia.pl - portal informacyjny"},"image":{"@id":"https:\/\/www.mojabochnia.pl\/#\/schema\/logo\/image\/"},"sameAs":["https:\/\/www.facebook.com\/mojabochnia"]},{"@type":"Person","@id":"https:\/\/www.mojabochnia.pl\/#\/schema\/person\/9e15cf1bcb74043790f124a3130fe41e","name":"informacja prasowa","sameAs":["http:\/\/"],"url":"https:\/\/www.mojabochnia.pl\/?author=8"}]}},"_links":{"self":[{"href":"https:\/\/www.mojabochnia.pl\/index.php?rest_route=\/wp\/v2\/posts\/181588","targetHints":{"allow":["GET"]}}],"collection":[{"href":"https:\/\/www.mojabochnia.pl\/index.php?rest_route=\/wp\/v2\/posts"}],"about":[{"href":"https:\/\/www.mojabochnia.pl\/index.php?rest_route=\/wp\/v2\/types\/post"}],"author":[{"embeddable":true,"href":"https:\/\/www.mojabochnia.pl\/index.php?rest_route=\/wp\/v2\/users\/8"}],"replies":[{"embeddable":true,"href":"https:\/\/www.mojabochnia.pl\/index.php?rest_route=%2Fwp%2Fv2%2Fcomments&post=181588"}],"version-history":[{"count":4,"href":"https:\/\/www.mojabochnia.pl\/index.php?rest_route=\/wp\/v2\/posts\/181588\/revisions"}],"predecessor-version":[{"id":181607,"href":"https:\/\/www.mojabochnia.pl\/index.php?rest_route=\/wp\/v2\/posts\/181588\/revisions\/181607"}],"wp:featuredmedia":[{"embeddable":true,"href":"https:\/\/www.mojabochnia.pl\/index.php?rest_route=\/wp\/v2\/media\/181590"}],"wp:attachment":[{"href":"https:\/\/www.mojabochnia.pl\/index.php?rest_route=%2Fwp%2Fv2%2Fmedia&parent=181588"}],"wp:term":[{"taxonomy":"category","embeddable":true,"href":"https:\/\/www.mojabochnia.pl\/index.php?rest_route=%2Fwp%2Fv2%2Fcategories&post=181588"},{"taxonomy":"post_tag","embeddable":true,"href":"https:\/\/www.mojabochnia.pl\/index.php?rest_route=%2Fwp%2Fv2%2Ftags&post=181588"}],"curies":[{"name":"wp","href":"https:\/\/api.w.org\/{rel}","templated":true}]}}