{"id":181179,"date":"2017-12-19T06:56:04","date_gmt":"2017-12-19T05:56:04","guid":{"rendered":"https:\/\/www.mojabochnia.pl\/?p=181179"},"modified":"2017-12-18T15:16:53","modified_gmt":"2017-12-18T14:16:53","slug":"odchodzacy-ortopedzi-warto-powiedziec-w-tej-sprawie-cala-prawde","status":"publish","type":"post","link":"https:\/\/www.mojabochnia.pl\/?p=181179","title":{"rendered":"Odchodz\u0105cy ortopedzi: Warto powiedzie\u0107 w tej sprawie ca\u0142\u0105 prawd\u0119"},"content":{"rendered":"<p><strong>Po naszej publikacji na temat lekarzy, kt\u00f3rym nie przed\u0142u\u017cono kontrakt\u00f3w na boche\u0144skiej ortopedii, do redakcji mojaBochbnia.pl wp\u0142yn\u0105\u0142 list od ortoped\u00f3w. Poni\u017cej publikujemy jego tre\u015b\u0107.<\/strong><\/p>\n<p><em>Szanowny Pan Redaktor Naczelny<br \/>\nPawe\u0142 Michalczyk<br \/>\nPortal MOJABOCHNIA.PL<\/p>\n<p>W zwi\u0105zku z publikacj\u0105 Pa\u0144stwa portalu dotycz\u0105c\u0105 zako\u0144czenia naszej wsp\u00f3\u0142pracy ze szpitalem w Bochni, dzi\u0119kujemy za zainteresowanie czytelnik\u00f3w i pacjent\u00f3w wa\u017cnych dla nich tematem. Jednocze\u015bnie pragniemy skomentowa\u0107 i doprecyzowa\u0107 zawarte w publikacji informacje. Warto powiedzie\u0107 w tej sprawie ca\u0142\u0105 prawd\u0119.<\/p>\n<p>W szpitalu boche\u0144skim pracowali\u015bmy od siedmiu lat. By\u0142 to dla nas czas trudnej i wyczerpuj\u0105cej, ale tak\u017ce satysfakcjonuj\u0105cej pracy, kiedy obserwowali\u015bmy i przyczyniali\u015bmy si\u0119 do rozwoju boche\u0144skiej ortopedii i widzieli\u015bmy rosn\u0105ce do niej zaufanie Pacjent\u00f3w. W dzia\u0142alno\u015bci lekarskiej zwracali\u015bmy szczeg\u00f3ln\u0105 uwag\u0119 nie tylko na jak najbardziej fachow\u0105 opiek\u0119 nad Pacjentami, ale te\u017c na ekonomiczne aspekty dzia\u0142ania szpitala. Dzi\u0119ki temu mi\u0119dzy innymi Pododdzia\u0142 Ortopedii cechowa\u0142 si\u0119 korzystnym bilansem ekonomicznym przez wszystkie lata naszej dzia\u0142alno\u015bci. <\/p>\n<p>Zawarte w tek\u015bcie twierdzenie, i\u017c \u201ePosz\u0142o o form\u0119 zatrudnienia i zaproponowane przez plac\u00f3wk\u0119 warunki finansowe\u201d, nie oddaje istoty problemu. Nasza praca w szpitalu opiera\u0142a si\u0119 na umowach kontraktowych, kt\u00f3rych warunki ustalone zosta\u0142y w roku 2011 i pozostawa\u0142y niezmienne od tego czasu. Byli\u015bmy gotowi na dalsz\u0105 wsp\u00f3\u0142prac\u0119 ze szpitalem w roku 2018. Jednak przedstawiona nam przez Dyrektora Szpitala zmiana warunk\u00f3w naszych um\u00f3w (zmiana formy rozliczenia z punktu kontraktowego na stawki godzinowe), oznacza\u0142aby bardzo znacz\u0105ce obni\u017cenie naszego wynagrodzenia, za\u015b warto\u015b\u0107 pracy godzinowej, kt\u00f3r\u0105 nam zaoferowano, by\u0142aby w Krakowie nie do przyj\u0119cia nawet dla lekarzy w trakcie specjalizacji. Propozycja ta by\u0142a zatem z kategorii \u201enie do zaakceptowania\u201d, a fakt, \u017ce zosta\u0142a przedstawiona tylko nam (innym specjalistom kontraktowym zmiany takiej nie zaproponowano) \u015bwiadczy o jej jedynej intencji \u2013 mianowicie o ch\u0119ci i decyzji zako\u0144czenia wsp\u00f3\u0142pracy z nami przez Dyrekcj\u0119 Szpitala. <\/p>\n<p>Nie jest r\u00f3wnie\u017c prawd\u0105, jak wynika z wypowiedzi Dyrekcji szpitala, i\u017c zaproponowali\u015bmy pomoc w trudniejszych przypadkach. Nikt nie prowadzi\u0142 z nami tego typu rozm\u00f3w. Poza tym trudno by\u0142oby znale\u017a\u0107 logik\u0119 w intencji zatrudniania do przypadk\u00f3w szczeg\u00f3lnie trudnych tych specjalist\u00f3w, kt\u00f3rym proponuje si\u0119 zmian\u0119 warunk\u00f3w zatrudnienia w opisany powy\u017cej spos\u00f3b. Ta nieprawdziwa informacja obliczona jest raczej na wyciszenie problemu. Co wi\u0119cej, jasno z niej wynika, \u017ce Dyrekcja zak\u0142ada, i\u017c obecnie zatrudniany nowy personel mo\u017ce takiego wsparcia w trudniejszych przypadkach wymaga\u0107. Warto, \u017ceby o tym pacjenci wiedzieli.<\/p>\n<p>Na koniec korzystaj\u0105c z okazji, pragniemy podzi\u0119kowa\u0107 wszystkim naszym wsp\u00f3\u0142pracownikom, bez kt\u00f3rych nasza praca w Szpitalu boche\u0144skim nie by\u0142aby mo\u017cliwa \u2013 przede wszystkim Pani Lucynie Su\u0142ek, najlepszej Oddzia\u0142owej Bloku Operacyjnego z jak\u0105 mieli\u015bmy okazj\u0119 pracowa\u0107, oraz Paniom Piel\u0119gniarkom Operacyjnym, Oddzia\u0142owym i Ambulatoryjnym. Dzi\u0119kujemy za profesjonaln\u0105 wsp\u00f3\u0142prac\u0119 Zespo\u0142owi Lekarzy Anestezjolog\u00f3w i Piel\u0119gniarek Anestezjologicznych. Naszym Pacjentom dzi\u0119kujemy za zaufanie i \u017cyczliwo\u015b\u0107, \u017ca\u0142ujemy je\u015bli nie wszystkim umieli\u015bmy w satysfakcjonuj\u0105cy spos\u00f3b pom\u00f3c. <\/p>\n<p>Z powa\u017caniem<br \/>\nDr med. Bart\u0142omiej Kowalczyk<br \/>\nDr med. Jaros\u0142aw Felu\u015b<\/em><\/p>\n","protected":false},"excerpt":{"rendered":"<p>Po naszej publikacji na temat lekarzy, kt\u00f3rym nie przed\u0142u\u017cono kontrakt\u00f3w na boche\u0144skiej ortopedii, do redakcji mojaBochbnia.pl wp\u0142yn\u0105\u0142 list od ortoped\u00f3w. Poni\u017cej publikujemy jego tre\u015b\u0107. Szanowny Pan Redaktor Naczelny Pawe\u0142 Michalczyk Portal MOJABOCHNIA.PL W zwi\u0105zku z publikacj\u0105 Pa\u0144stwa portalu dotycz\u0105c\u0105 zako\u0144czenia naszej wsp\u00f3\u0142pracy ze szpitalem w Bochni, dzi\u0119kujemy za zainteresowanie czytelnik\u00f3w i pacjent\u00f3w wa\u017cnych dla nich<\/p>\n","protected":false},"author":4,"featured_media":179161,"comment_status":"open","ping_status":"closed","sticky":false,"template":"","format":"standard","meta":{"_acf_changed":false,"footnotes":""},"categories":[6251],"tags":[20076,20077,2383,1257,17982,17324,19720],"class_list":["post-181179","post","type-post","status-publish","format-standard","has-post-thumbnail","hentry","category-polityka-i-wydarzenia","tag-bartlomiej-kowalczyk","tag-jaroslaw-felus","tag-lekarz","tag-lekarze","tag-ortopedia","tag-szpital","tag-top-temat","main_tag-szpital"],"acf":[],"yoast_head":"<!-- This site is optimized with the Yoast SEO plugin v26.9 - https:\/\/yoast.com\/product\/yoast-seo-wordpress\/ -->\n<title>Odchodz\u0105cy ortopedzi: Warto powiedzie\u0107 w tej sprawie ca\u0142\u0105 prawd\u0119 - mojabochnia.pl - portal informacyjny<\/title>\n<meta name=\"robots\" content=\"index, follow, max-snippet:-1, max-image-preview:large, max-video-preview:-1\" \/>\n<link rel=\"canonical\" href=\"https:\/\/www.mojabochnia.pl\/?p=181179\" \/>\n<meta property=\"og:locale\" content=\"pl_PL\" \/>\n<meta property=\"og:type\" content=\"article\" \/>\n<meta property=\"og:title\" content=\"Odchodz\u0105cy ortopedzi: Warto powiedzie\u0107 w tej sprawie ca\u0142\u0105 prawd\u0119 - mojabochnia.pl - portal informacyjny\" \/>\n<meta property=\"og:description\" content=\"Po naszej publikacji na temat lekarzy, kt\u00f3rym nie przed\u0142u\u017cono kontrakt\u00f3w na boche\u0144skiej ortopedii, do redakcji mojaBochbnia.pl wp\u0142yn\u0105\u0142 list od ortoped\u00f3w. Poni\u017cej publikujemy jego tre\u015b\u0107. Szanowny Pan Redaktor Naczelny Pawe\u0142 Michalczyk Portal MOJABOCHNIA.PL W zwi\u0105zku z publikacj\u0105 Pa\u0144stwa portalu dotycz\u0105c\u0105 zako\u0144czenia naszej wsp\u00f3\u0142pracy ze szpitalem w Bochni, dzi\u0119kujemy za zainteresowanie czytelnik\u00f3w i pacjent\u00f3w wa\u017cnych dla nich\" \/>\n<meta property=\"og:url\" content=\"https:\/\/www.mojabochnia.pl\/?p=181179\" \/>\n<meta property=\"og:site_name\" content=\"mojabochnia.pl - portal informacyjny\" \/>\n<meta property=\"article:publisher\" content=\"https:\/\/www.facebook.com\/mojabochnia\" \/>\n<meta property=\"article:published_time\" content=\"2017-12-19T05:56:04+00:00\" \/>\n<meta property=\"og:image\" content=\"https:\/\/www.mojabochnia.pl\/wp-content\/uploads\/2017\/10\/IMG_20171018_082216.jpg\" \/>\n\t<meta property=\"og:image:width\" content=\"1000\" \/>\n\t<meta property=\"og:image:height\" content=\"563\" \/>\n\t<meta property=\"og:image:type\" content=\"image\/jpeg\" \/>\n<meta name=\"author\" content=\"Pawe\u0142 Michalczyk\" \/>\n<meta name=\"twitter:card\" content=\"summary_large_image\" \/>\n<meta name=\"twitter:label1\" content=\"Written by\" \/>\n\t<meta name=\"twitter:data1\" content=\"Pawe\u0142 Michalczyk\" \/>\n\t<meta name=\"twitter:label2\" content=\"Est. reading time\" \/>\n\t<meta name=\"twitter:data2\" content=\"3 minuty\" \/>\n<script type=\"application\/ld+json\" class=\"yoast-schema-graph\">{\"@context\":\"https:\/\/schema.org\",\"@graph\":[{\"@type\":\"Article\",\"@id\":\"https:\/\/www.mojabochnia.pl\/?p=181179#article\",\"isPartOf\":{\"@id\":\"https:\/\/www.mojabochnia.pl\/?p=181179\"},\"author\":{\"name\":\"Pawe\u0142 Michalczyk\",\"@id\":\"https:\/\/www.mojabochnia.pl\/#\/schema\/person\/ea042e4724a77627963f02166828ead4\"},\"headline\":\"Odchodz\u0105cy ortopedzi: Warto powiedzie\u0107 w tej sprawie ca\u0142\u0105 prawd\u0119\",\"datePublished\":\"2017-12-19T05:56:04+00:00\",\"mainEntityOfPage\":{\"@id\":\"https:\/\/www.mojabochnia.pl\/?p=181179\"},\"wordCount\":553,\"commentCount\":0,\"publisher\":{\"@id\":\"https:\/\/www.mojabochnia.pl\/#organization\"},\"image\":{\"@id\":\"https:\/\/www.mojabochnia.pl\/?p=181179#primaryimage\"},\"thumbnailUrl\":\"https:\/\/www.mojabochnia.pl\/wp-content\/uploads\/2017\/10\/IMG_20171018_082216.jpg\",\"keywords\":[\"Bart\u0142omiej Kowalczyk\",\"Jaros\u0142aw Felu\u015b\",\"lekarz\",\"lekarze\",\"ortopedia\",\"szpital\",\"top temat\"],\"articleSection\":[\"polityka i wydarzenia\"],\"inLanguage\":\"pl-PL\",\"potentialAction\":[{\"@type\":\"CommentAction\",\"name\":\"Comment\",\"target\":[\"https:\/\/www.mojabochnia.pl\/?p=181179#respond\"]}]},{\"@type\":\"WebPage\",\"@id\":\"https:\/\/www.mojabochnia.pl\/?p=181179\",\"url\":\"https:\/\/www.mojabochnia.pl\/?p=181179\",\"name\":\"Odchodz\u0105cy ortopedzi: Warto powiedzie\u0107 w tej sprawie ca\u0142\u0105 prawd\u0119 - mojabochnia.pl - portal informacyjny\",\"isPartOf\":{\"@id\":\"https:\/\/www.mojabochnia.pl\/#website\"},\"primaryImageOfPage\":{\"@id\":\"https:\/\/www.mojabochnia.pl\/?p=181179#primaryimage\"},\"image\":{\"@id\":\"https:\/\/www.mojabochnia.pl\/?p=181179#primaryimage\"},\"thumbnailUrl\":\"https:\/\/www.mojabochnia.pl\/wp-content\/uploads\/2017\/10\/IMG_20171018_082216.jpg\",\"datePublished\":\"2017-12-19T05:56:04+00:00\",\"breadcrumb\":{\"@id\":\"https:\/\/www.mojabochnia.pl\/?p=181179#breadcrumb\"},\"inLanguage\":\"pl-PL\",\"potentialAction\":[{\"@type\":\"ReadAction\",\"target\":[\"https:\/\/www.mojabochnia.pl\/?p=181179\"]}]},{\"@type\":\"ImageObject\",\"inLanguage\":\"pl-PL\",\"@id\":\"https:\/\/www.mojabochnia.pl\/?p=181179#primaryimage\",\"url\":\"https:\/\/www.mojabochnia.pl\/wp-content\/uploads\/2017\/10\/IMG_20171018_082216.jpg\",\"contentUrl\":\"https:\/\/www.mojabochnia.pl\/wp-content\/uploads\/2017\/10\/IMG_20171018_082216.jpg\",\"width\":1000,\"height\":563,\"caption\":\"Pawe\u0142 Michalczyk\"},{\"@type\":\"BreadcrumbList\",\"@id\":\"https:\/\/www.mojabochnia.pl\/?p=181179#breadcrumb\",\"itemListElement\":[{\"@type\":\"ListItem\",\"position\":1,\"name\":\"Home\",\"item\":\"https:\/\/www.mojabochnia.pl\/\"},{\"@type\":\"ListItem\",\"position\":2,\"name\":\"Odchodz\u0105cy ortopedzi: Warto powiedzie\u0107 w tej sprawie ca\u0142\u0105 prawd\u0119\"}]},{\"@type\":\"WebSite\",\"@id\":\"https:\/\/www.mojabochnia.pl\/#website\",\"url\":\"https:\/\/www.mojabochnia.pl\/\",\"name\":\"mojabochnia.pl - portal informacyjny\",\"description\":\"mojaBochnia to portal informacyjny o Bochni. Codziennie o Bochni piszemy i pokazujemy najwa\u017cniejsze wydarzenia\",\"publisher\":{\"@id\":\"https:\/\/www.mojabochnia.pl\/#organization\"},\"potentialAction\":[{\"@type\":\"SearchAction\",\"target\":{\"@type\":\"EntryPoint\",\"urlTemplate\":\"https:\/\/www.mojabochnia.pl\/?s={search_term_string}\"},\"query-input\":{\"@type\":\"PropertyValueSpecification\",\"valueRequired\":true,\"valueName\":\"search_term_string\"}}],\"inLanguage\":\"pl-PL\"},{\"@type\":\"Organization\",\"@id\":\"https:\/\/www.mojabochnia.pl\/#organization\",\"name\":\"mojabochnia.pl - portal informacyjny\",\"url\":\"https:\/\/www.mojabochnia.pl\/\",\"logo\":{\"@type\":\"ImageObject\",\"inLanguage\":\"pl-PL\",\"@id\":\"https:\/\/www.mojabochnia.pl\/#\/schema\/logo\/image\/\",\"url\":\"https:\/\/www.mojabochnia.pl\/wp-content\/uploads\/2017\/08\/logo-mb-opt.png\",\"contentUrl\":\"https:\/\/www.mojabochnia.pl\/wp-content\/uploads\/2017\/08\/logo-mb-opt.png\",\"width\":250,\"height\":48,\"caption\":\"mojabochnia.pl - portal informacyjny\"},\"image\":{\"@id\":\"https:\/\/www.mojabochnia.pl\/#\/schema\/logo\/image\/\"},\"sameAs\":[\"https:\/\/www.facebook.com\/mojabochnia\"]},{\"@type\":\"Person\",\"@id\":\"https:\/\/www.mojabochnia.pl\/#\/schema\/person\/ea042e4724a77627963f02166828ead4\",\"name\":\"Pawe\u0142 Michalczyk\",\"url\":\"https:\/\/www.mojabochnia.pl\/?author=4\"}]}<\/script>\n<!-- \/ Yoast SEO plugin. -->","yoast_head_json":{"title":"Odchodz\u0105cy ortopedzi: Warto powiedzie\u0107 w tej sprawie ca\u0142\u0105 prawd\u0119 - mojabochnia.pl - portal informacyjny","robots":{"index":"index","follow":"follow","max-snippet":"max-snippet:-1","max-image-preview":"max-image-preview:large","max-video-preview":"max-video-preview:-1"},"canonical":"https:\/\/www.mojabochnia.pl\/?p=181179","og_locale":"pl_PL","og_type":"article","og_title":"Odchodz\u0105cy ortopedzi: Warto powiedzie\u0107 w tej sprawie ca\u0142\u0105 prawd\u0119 - mojabochnia.pl - portal informacyjny","og_description":"Po naszej publikacji na temat lekarzy, kt\u00f3rym nie przed\u0142u\u017cono kontrakt\u00f3w na boche\u0144skiej ortopedii, do redakcji mojaBochbnia.pl wp\u0142yn\u0105\u0142 list od ortoped\u00f3w. Poni\u017cej publikujemy jego tre\u015b\u0107. Szanowny Pan Redaktor Naczelny Pawe\u0142 Michalczyk Portal MOJABOCHNIA.PL W zwi\u0105zku z publikacj\u0105 Pa\u0144stwa portalu dotycz\u0105c\u0105 zako\u0144czenia naszej wsp\u00f3\u0142pracy ze szpitalem w Bochni, dzi\u0119kujemy za zainteresowanie czytelnik\u00f3w i pacjent\u00f3w wa\u017cnych dla nich","og_url":"https:\/\/www.mojabochnia.pl\/?p=181179","og_site_name":"mojabochnia.pl - portal informacyjny","article_publisher":"https:\/\/www.facebook.com\/mojabochnia","article_published_time":"2017-12-19T05:56:04+00:00","og_image":[{"width":1000,"height":563,"url":"https:\/\/www.mojabochnia.pl\/wp-content\/uploads\/2017\/10\/IMG_20171018_082216.jpg","type":"image\/jpeg"}],"author":"Pawe\u0142 Michalczyk","twitter_card":"summary_large_image","twitter_misc":{"Written by":"Pawe\u0142 Michalczyk","Est. reading time":"3 minuty"},"schema":{"@context":"https:\/\/schema.org","@graph":[{"@type":"Article","@id":"https:\/\/www.mojabochnia.pl\/?p=181179#article","isPartOf":{"@id":"https:\/\/www.mojabochnia.pl\/?p=181179"},"author":{"name":"Pawe\u0142 Michalczyk","@id":"https:\/\/www.mojabochnia.pl\/#\/schema\/person\/ea042e4724a77627963f02166828ead4"},"headline":"Odchodz\u0105cy ortopedzi: Warto powiedzie\u0107 w tej sprawie ca\u0142\u0105 prawd\u0119","datePublished":"2017-12-19T05:56:04+00:00","mainEntityOfPage":{"@id":"https:\/\/www.mojabochnia.pl\/?p=181179"},"wordCount":553,"commentCount":0,"publisher":{"@id":"https:\/\/www.mojabochnia.pl\/#organization"},"image":{"@id":"https:\/\/www.mojabochnia.pl\/?p=181179#primaryimage"},"thumbnailUrl":"https:\/\/www.mojabochnia.pl\/wp-content\/uploads\/2017\/10\/IMG_20171018_082216.jpg","keywords":["Bart\u0142omiej Kowalczyk","Jaros\u0142aw Felu\u015b","lekarz","lekarze","ortopedia","szpital","top temat"],"articleSection":["polityka i wydarzenia"],"inLanguage":"pl-PL","potentialAction":[{"@type":"CommentAction","name":"Comment","target":["https:\/\/www.mojabochnia.pl\/?p=181179#respond"]}]},{"@type":"WebPage","@id":"https:\/\/www.mojabochnia.pl\/?p=181179","url":"https:\/\/www.mojabochnia.pl\/?p=181179","name":"Odchodz\u0105cy ortopedzi: Warto powiedzie\u0107 w tej sprawie ca\u0142\u0105 prawd\u0119 - mojabochnia.pl - portal informacyjny","isPartOf":{"@id":"https:\/\/www.mojabochnia.pl\/#website"},"primaryImageOfPage":{"@id":"https:\/\/www.mojabochnia.pl\/?p=181179#primaryimage"},"image":{"@id":"https:\/\/www.mojabochnia.pl\/?p=181179#primaryimage"},"thumbnailUrl":"https:\/\/www.mojabochnia.pl\/wp-content\/uploads\/2017\/10\/IMG_20171018_082216.jpg","datePublished":"2017-12-19T05:56:04+00:00","breadcrumb":{"@id":"https:\/\/www.mojabochnia.pl\/?p=181179#breadcrumb"},"inLanguage":"pl-PL","potentialAction":[{"@type":"ReadAction","target":["https:\/\/www.mojabochnia.pl\/?p=181179"]}]},{"@type":"ImageObject","inLanguage":"pl-PL","@id":"https:\/\/www.mojabochnia.pl\/?p=181179#primaryimage","url":"https:\/\/www.mojabochnia.pl\/wp-content\/uploads\/2017\/10\/IMG_20171018_082216.jpg","contentUrl":"https:\/\/www.mojabochnia.pl\/wp-content\/uploads\/2017\/10\/IMG_20171018_082216.jpg","width":1000,"height":563,"caption":"Pawe\u0142 Michalczyk"},{"@type":"BreadcrumbList","@id":"https:\/\/www.mojabochnia.pl\/?p=181179#breadcrumb","itemListElement":[{"@type":"ListItem","position":1,"name":"Home","item":"https:\/\/www.mojabochnia.pl\/"},{"@type":"ListItem","position":2,"name":"Odchodz\u0105cy ortopedzi: Warto powiedzie\u0107 w tej sprawie ca\u0142\u0105 prawd\u0119"}]},{"@type":"WebSite","@id":"https:\/\/www.mojabochnia.pl\/#website","url":"https:\/\/www.mojabochnia.pl\/","name":"mojabochnia.pl - portal informacyjny","description":"mojaBochnia to portal informacyjny o Bochni. Codziennie o Bochni piszemy i pokazujemy najwa\u017cniejsze wydarzenia","publisher":{"@id":"https:\/\/www.mojabochnia.pl\/#organization"},"potentialAction":[{"@type":"SearchAction","target":{"@type":"EntryPoint","urlTemplate":"https:\/\/www.mojabochnia.pl\/?s={search_term_string}"},"query-input":{"@type":"PropertyValueSpecification","valueRequired":true,"valueName":"search_term_string"}}],"inLanguage":"pl-PL"},{"@type":"Organization","@id":"https:\/\/www.mojabochnia.pl\/#organization","name":"mojabochnia.pl - portal informacyjny","url":"https:\/\/www.mojabochnia.pl\/","logo":{"@type":"ImageObject","inLanguage":"pl-PL","@id":"https:\/\/www.mojabochnia.pl\/#\/schema\/logo\/image\/","url":"https:\/\/www.mojabochnia.pl\/wp-content\/uploads\/2017\/08\/logo-mb-opt.png","contentUrl":"https:\/\/www.mojabochnia.pl\/wp-content\/uploads\/2017\/08\/logo-mb-opt.png","width":250,"height":48,"caption":"mojabochnia.pl - portal informacyjny"},"image":{"@id":"https:\/\/www.mojabochnia.pl\/#\/schema\/logo\/image\/"},"sameAs":["https:\/\/www.facebook.com\/mojabochnia"]},{"@type":"Person","@id":"https:\/\/www.mojabochnia.pl\/#\/schema\/person\/ea042e4724a77627963f02166828ead4","name":"Pawe\u0142 Michalczyk","url":"https:\/\/www.mojabochnia.pl\/?author=4"}]}},"_links":{"self":[{"href":"https:\/\/www.mojabochnia.pl\/index.php?rest_route=\/wp\/v2\/posts\/181179","targetHints":{"allow":["GET"]}}],"collection":[{"href":"https:\/\/www.mojabochnia.pl\/index.php?rest_route=\/wp\/v2\/posts"}],"about":[{"href":"https:\/\/www.mojabochnia.pl\/index.php?rest_route=\/wp\/v2\/types\/post"}],"author":[{"embeddable":true,"href":"https:\/\/www.mojabochnia.pl\/index.php?rest_route=\/wp\/v2\/users\/4"}],"replies":[{"embeddable":true,"href":"https:\/\/www.mojabochnia.pl\/index.php?rest_route=%2Fwp%2Fv2%2Fcomments&post=181179"}],"version-history":[{"count":2,"href":"https:\/\/www.mojabochnia.pl\/index.php?rest_route=\/wp\/v2\/posts\/181179\/revisions"}],"predecessor-version":[{"id":181182,"href":"https:\/\/www.mojabochnia.pl\/index.php?rest_route=\/wp\/v2\/posts\/181179\/revisions\/181182"}],"wp:featuredmedia":[{"embeddable":true,"href":"https:\/\/www.mojabochnia.pl\/index.php?rest_route=\/wp\/v2\/media\/179161"}],"wp:attachment":[{"href":"https:\/\/www.mojabochnia.pl\/index.php?rest_route=%2Fwp%2Fv2%2Fmedia&parent=181179"}],"wp:term":[{"taxonomy":"category","embeddable":true,"href":"https:\/\/www.mojabochnia.pl\/index.php?rest_route=%2Fwp%2Fv2%2Fcategories&post=181179"},{"taxonomy":"post_tag","embeddable":true,"href":"https:\/\/www.mojabochnia.pl\/index.php?rest_route=%2Fwp%2Fv2%2Ftags&post=181179"}],"curies":[{"name":"wp","href":"https:\/\/api.w.org\/{rel}","templated":true}]}}