{"id":181175,"date":"2017-12-18T13:29:17","date_gmt":"2017-12-18T12:29:17","guid":{"rendered":"https:\/\/www.mojabochnia.pl\/?p=181175"},"modified":"2017-12-19T10:31:42","modified_gmt":"2017-12-19T09:31:42","slug":"prezes-rpk-zrezygnowal-z-funkcji","status":"publish","type":"post","link":"https:\/\/www.mojabochnia.pl\/?p=181175","title":{"rendered":"Prezes RPK zrezygnowa\u0142 z funkcji"},"content":{"rendered":"<p><strong>Lucjan Zapa\u0142a zrezygnowa\u0142 z funkcji prezesa Rejonowego Przedsi\u0119biorstwa Komunikacyjnego w Bochni. Obecnie pe\u0142ni funkcj\u0119 inspektora.<\/strong><\/p>\n<p>Lucjan Zapa\u0142a z\u0142o\u017cy\u0142 rezygnacj\u0119 w miniony czwartek 14 grudnia i od tego dnia nie jest ju\u017c prezesem RPK. Za porozumieniem stron zosta\u0142 powo\u0142any na stanowisko inspektora.<\/p>\n<p>By\u0142y prezes nie chce na razie informowa\u0107, co by\u0142o powodem jego decyzji. W\u015br\u00f3d internaut\u00f3w pojawi\u0142y si\u0119 spekulacje, \u017ce decyzja prezesa RPK mia\u0142a zwi\u0105zek z zakupem bazy przy ul. Partyzant\u00f3w, za kt\u00f3r\u0105 sp\u00f3\u0142ka zap\u0142aci\u0142a 6 mln z\u0142. Pieni\u0105dze pochodzi\u0142y z kredytu, kt\u00f3ry por\u0119czy\u0142a gmina. W sieci pojawi\u0142y si\u0119 spekulacje, \u017ce cena ta by\u0142a zawy\u017cona. <\/p>\n<p>Ewelina Makowska, zast\u0119pczyni w\u00f3jta gminy Bochnia stanowczo zaprzecza takim spekulacjom. <em>To s\u0105 k\u0142amstwa, spekulacje i oczernianie niepoparte \u017cadnymi faktami<\/em> \u2013 zapewnia. Jej zdaniem, decyzja o zakupie bazy przy ul. Partyzant\u00f3w by\u0142a poprzedzona rocznymi analizami stanu finansowego sp\u00f3\u0142ki, a tak\u017ce wycenami warto\u015bci nieruchomo\u015bci, kt\u00f3re przeprowadzi\u0142a zar\u00f3wno gmina, jak i bank. <\/p>\n<p>Obecnie obowi\u0105zki prezesa RPK pe\u0142ni prokurent, kt\u00f3rym jest radca prawny \u0141ukasz Ko\u0142cz.<\/p>\n","protected":false},"excerpt":{"rendered":"<p>Lucjan Zapa\u0142a zrezygnowa\u0142 z funkcji prezesa Rejonowego Przedsi\u0119biorstwa Komunikacyjnego w Bochni. Obecnie pe\u0142ni funkcj\u0119 inspektora. Lucjan Zapa\u0142a z\u0142o\u017cy\u0142 rezygnacj\u0119 w miniony czwartek 14 grudnia i od tego dnia nie jest ju\u017c prezesem RPK. Za porozumieniem stron zosta\u0142 powo\u0142any na stanowisko inspektora. By\u0142y prezes nie chce na razie informowa\u0107, co by\u0142o powodem jego decyzji. W\u015br\u00f3d internaut\u00f3w<\/p>\n","protected":false},"author":4,"featured_media":28666,"comment_status":"open","ping_status":"closed","sticky":false,"template":"","format":"standard","meta":{"_acf_changed":false,"footnotes":""},"categories":[6251],"tags":[17225,3067,20075,2044,430],"class_list":["post-181175","post","type-post","status-publish","format-standard","has-post-thumbnail","hentry","category-polityka-i-wydarzenia","tag-gmina-bochnia","tag-lucjan-zapala","tag-lukasz-kolcz","tag-prezes","tag-rpk","main_tag-gmina-bochnia"],"acf":[],"yoast_head":"<!-- This site is optimized with the Yoast SEO plugin v26.9 - https:\/\/yoast.com\/product\/yoast-seo-wordpress\/ -->\n<title>Prezes RPK zrezygnowa\u0142 z funkcji - mojabochnia.pl - portal informacyjny<\/title>\n<meta name=\"robots\" content=\"index, follow, max-snippet:-1, max-image-preview:large, max-video-preview:-1\" \/>\n<link rel=\"canonical\" href=\"https:\/\/www.mojabochnia.pl\/?p=181175\" \/>\n<meta property=\"og:locale\" content=\"pl_PL\" \/>\n<meta property=\"og:type\" content=\"article\" \/>\n<meta property=\"og:title\" content=\"Prezes RPK zrezygnowa\u0142 z funkcji - mojabochnia.pl - portal informacyjny\" \/>\n<meta property=\"og:description\" content=\"Lucjan Zapa\u0142a zrezygnowa\u0142 z funkcji prezesa Rejonowego Przedsi\u0119biorstwa Komunikacyjnego w Bochni. Obecnie pe\u0142ni funkcj\u0119 inspektora. Lucjan Zapa\u0142a z\u0142o\u017cy\u0142 rezygnacj\u0119 w miniony czwartek 14 grudnia i od tego dnia nie jest ju\u017c prezesem RPK. Za porozumieniem stron zosta\u0142 powo\u0142any na stanowisko inspektora. By\u0142y prezes nie chce na razie informowa\u0107, co by\u0142o powodem jego decyzji. W\u015br\u00f3d internaut\u00f3w\" \/>\n<meta property=\"og:url\" content=\"https:\/\/www.mojabochnia.pl\/?p=181175\" \/>\n<meta property=\"og:site_name\" content=\"mojabochnia.pl - portal informacyjny\" \/>\n<meta property=\"article:publisher\" content=\"https:\/\/www.facebook.com\/mojabochnia\" \/>\n<meta property=\"article:published_time\" content=\"2017-12-18T12:29:17+00:00\" \/>\n<meta property=\"article:modified_time\" content=\"2017-12-19T09:31:42+00:00\" \/>\n<meta property=\"og:image\" content=\"https:\/\/www.mojabochnia.pl\/wp-content\/uploads\/2010\/06\/100610_autobus.jpg\" \/>\n\t<meta property=\"og:image:width\" content=\"800\" \/>\n\t<meta property=\"og:image:height\" content=\"450\" \/>\n\t<meta property=\"og:image:type\" content=\"image\/jpeg\" \/>\n<meta name=\"author\" content=\"Pawe\u0142 Michalczyk\" \/>\n<meta name=\"twitter:card\" content=\"summary_large_image\" \/>\n<meta name=\"twitter:label1\" content=\"Written by\" \/>\n\t<meta name=\"twitter:data1\" content=\"Pawe\u0142 Michalczyk\" \/>\n\t<meta name=\"twitter:label2\" content=\"Est. reading time\" \/>\n\t<meta name=\"twitter:data2\" content=\"1 minuta\" \/>\n<script type=\"application\/ld+json\" class=\"yoast-schema-graph\">{\"@context\":\"https:\/\/schema.org\",\"@graph\":[{\"@type\":\"Article\",\"@id\":\"https:\/\/www.mojabochnia.pl\/?p=181175#article\",\"isPartOf\":{\"@id\":\"https:\/\/www.mojabochnia.pl\/?p=181175\"},\"author\":{\"name\":\"Pawe\u0142 Michalczyk\",\"@id\":\"https:\/\/www.mojabochnia.pl\/#\/schema\/person\/ea042e4724a77627963f02166828ead4\"},\"headline\":\"Prezes RPK zrezygnowa\u0142 z funkcji\",\"datePublished\":\"2017-12-18T12:29:17+00:00\",\"dateModified\":\"2017-12-19T09:31:42+00:00\",\"mainEntityOfPage\":{\"@id\":\"https:\/\/www.mojabochnia.pl\/?p=181175\"},\"wordCount\":201,\"commentCount\":0,\"publisher\":{\"@id\":\"https:\/\/www.mojabochnia.pl\/#organization\"},\"image\":{\"@id\":\"https:\/\/www.mojabochnia.pl\/?p=181175#primaryimage\"},\"thumbnailUrl\":\"https:\/\/www.mojabochnia.pl\/wp-content\/uploads\/2010\/06\/100610_autobus.jpg\",\"keywords\":[\"gmina bochnia\",\"lucjan zapa\u0142a\",\"\u0142ukasz ko\u0142cz\",\"prezes\",\"RPK\"],\"articleSection\":[\"polityka i wydarzenia\"],\"inLanguage\":\"pl-PL\",\"potentialAction\":[{\"@type\":\"CommentAction\",\"name\":\"Comment\",\"target\":[\"https:\/\/www.mojabochnia.pl\/?p=181175#respond\"]}]},{\"@type\":\"WebPage\",\"@id\":\"https:\/\/www.mojabochnia.pl\/?p=181175\",\"url\":\"https:\/\/www.mojabochnia.pl\/?p=181175\",\"name\":\"Prezes RPK zrezygnowa\u0142 z funkcji - mojabochnia.pl - portal informacyjny\",\"isPartOf\":{\"@id\":\"https:\/\/www.mojabochnia.pl\/#website\"},\"primaryImageOfPage\":{\"@id\":\"https:\/\/www.mojabochnia.pl\/?p=181175#primaryimage\"},\"image\":{\"@id\":\"https:\/\/www.mojabochnia.pl\/?p=181175#primaryimage\"},\"thumbnailUrl\":\"https:\/\/www.mojabochnia.pl\/wp-content\/uploads\/2010\/06\/100610_autobus.jpg\",\"datePublished\":\"2017-12-18T12:29:17+00:00\",\"dateModified\":\"2017-12-19T09:31:42+00:00\",\"breadcrumb\":{\"@id\":\"https:\/\/www.mojabochnia.pl\/?p=181175#breadcrumb\"},\"inLanguage\":\"pl-PL\",\"potentialAction\":[{\"@type\":\"ReadAction\",\"target\":[\"https:\/\/www.mojabochnia.pl\/?p=181175\"]}]},{\"@type\":\"ImageObject\",\"inLanguage\":\"pl-PL\",\"@id\":\"https:\/\/www.mojabochnia.pl\/?p=181175#primaryimage\",\"url\":\"https:\/\/www.mojabochnia.pl\/wp-content\/uploads\/2010\/06\/100610_autobus.jpg\",\"contentUrl\":\"https:\/\/www.mojabochnia.pl\/wp-content\/uploads\/2010\/06\/100610_autobus.jpg\",\"width\":800,\"height\":450,\"caption\":\"P. Michalczyk\"},{\"@type\":\"BreadcrumbList\",\"@id\":\"https:\/\/www.mojabochnia.pl\/?p=181175#breadcrumb\",\"itemListElement\":[{\"@type\":\"ListItem\",\"position\":1,\"name\":\"Home\",\"item\":\"https:\/\/www.mojabochnia.pl\/\"},{\"@type\":\"ListItem\",\"position\":2,\"name\":\"Prezes RPK zrezygnowa\u0142 z funkcji\"}]},{\"@type\":\"WebSite\",\"@id\":\"https:\/\/www.mojabochnia.pl\/#website\",\"url\":\"https:\/\/www.mojabochnia.pl\/\",\"name\":\"mojabochnia.pl - portal informacyjny\",\"description\":\"mojaBochnia to portal informacyjny o Bochni. Codziennie o Bochni piszemy i pokazujemy najwa\u017cniejsze wydarzenia\",\"publisher\":{\"@id\":\"https:\/\/www.mojabochnia.pl\/#organization\"},\"potentialAction\":[{\"@type\":\"SearchAction\",\"target\":{\"@type\":\"EntryPoint\",\"urlTemplate\":\"https:\/\/www.mojabochnia.pl\/?s={search_term_string}\"},\"query-input\":{\"@type\":\"PropertyValueSpecification\",\"valueRequired\":true,\"valueName\":\"search_term_string\"}}],\"inLanguage\":\"pl-PL\"},{\"@type\":\"Organization\",\"@id\":\"https:\/\/www.mojabochnia.pl\/#organization\",\"name\":\"mojabochnia.pl - portal informacyjny\",\"url\":\"https:\/\/www.mojabochnia.pl\/\",\"logo\":{\"@type\":\"ImageObject\",\"inLanguage\":\"pl-PL\",\"@id\":\"https:\/\/www.mojabochnia.pl\/#\/schema\/logo\/image\/\",\"url\":\"https:\/\/www.mojabochnia.pl\/wp-content\/uploads\/2017\/08\/logo-mb-opt.png\",\"contentUrl\":\"https:\/\/www.mojabochnia.pl\/wp-content\/uploads\/2017\/08\/logo-mb-opt.png\",\"width\":250,\"height\":48,\"caption\":\"mojabochnia.pl - portal informacyjny\"},\"image\":{\"@id\":\"https:\/\/www.mojabochnia.pl\/#\/schema\/logo\/image\/\"},\"sameAs\":[\"https:\/\/www.facebook.com\/mojabochnia\"]},{\"@type\":\"Person\",\"@id\":\"https:\/\/www.mojabochnia.pl\/#\/schema\/person\/ea042e4724a77627963f02166828ead4\",\"name\":\"Pawe\u0142 Michalczyk\",\"url\":\"https:\/\/www.mojabochnia.pl\/?author=4\"}]}<\/script>\n<!-- \/ Yoast SEO plugin. -->","yoast_head_json":{"title":"Prezes RPK zrezygnowa\u0142 z funkcji - mojabochnia.pl - portal informacyjny","robots":{"index":"index","follow":"follow","max-snippet":"max-snippet:-1","max-image-preview":"max-image-preview:large","max-video-preview":"max-video-preview:-1"},"canonical":"https:\/\/www.mojabochnia.pl\/?p=181175","og_locale":"pl_PL","og_type":"article","og_title":"Prezes RPK zrezygnowa\u0142 z funkcji - mojabochnia.pl - portal informacyjny","og_description":"Lucjan Zapa\u0142a zrezygnowa\u0142 z funkcji prezesa Rejonowego Przedsi\u0119biorstwa Komunikacyjnego w Bochni. Obecnie pe\u0142ni funkcj\u0119 inspektora. Lucjan Zapa\u0142a z\u0142o\u017cy\u0142 rezygnacj\u0119 w miniony czwartek 14 grudnia i od tego dnia nie jest ju\u017c prezesem RPK. Za porozumieniem stron zosta\u0142 powo\u0142any na stanowisko inspektora. By\u0142y prezes nie chce na razie informowa\u0107, co by\u0142o powodem jego decyzji. W\u015br\u00f3d internaut\u00f3w","og_url":"https:\/\/www.mojabochnia.pl\/?p=181175","og_site_name":"mojabochnia.pl - portal informacyjny","article_publisher":"https:\/\/www.facebook.com\/mojabochnia","article_published_time":"2017-12-18T12:29:17+00:00","article_modified_time":"2017-12-19T09:31:42+00:00","og_image":[{"width":800,"height":450,"url":"https:\/\/www.mojabochnia.pl\/wp-content\/uploads\/2010\/06\/100610_autobus.jpg","type":"image\/jpeg"}],"author":"Pawe\u0142 Michalczyk","twitter_card":"summary_large_image","twitter_misc":{"Written by":"Pawe\u0142 Michalczyk","Est. reading time":"1 minuta"},"schema":{"@context":"https:\/\/schema.org","@graph":[{"@type":"Article","@id":"https:\/\/www.mojabochnia.pl\/?p=181175#article","isPartOf":{"@id":"https:\/\/www.mojabochnia.pl\/?p=181175"},"author":{"name":"Pawe\u0142 Michalczyk","@id":"https:\/\/www.mojabochnia.pl\/#\/schema\/person\/ea042e4724a77627963f02166828ead4"},"headline":"Prezes RPK zrezygnowa\u0142 z funkcji","datePublished":"2017-12-18T12:29:17+00:00","dateModified":"2017-12-19T09:31:42+00:00","mainEntityOfPage":{"@id":"https:\/\/www.mojabochnia.pl\/?p=181175"},"wordCount":201,"commentCount":0,"publisher":{"@id":"https:\/\/www.mojabochnia.pl\/#organization"},"image":{"@id":"https:\/\/www.mojabochnia.pl\/?p=181175#primaryimage"},"thumbnailUrl":"https:\/\/www.mojabochnia.pl\/wp-content\/uploads\/2010\/06\/100610_autobus.jpg","keywords":["gmina bochnia","lucjan zapa\u0142a","\u0142ukasz ko\u0142cz","prezes","RPK"],"articleSection":["polityka i wydarzenia"],"inLanguage":"pl-PL","potentialAction":[{"@type":"CommentAction","name":"Comment","target":["https:\/\/www.mojabochnia.pl\/?p=181175#respond"]}]},{"@type":"WebPage","@id":"https:\/\/www.mojabochnia.pl\/?p=181175","url":"https:\/\/www.mojabochnia.pl\/?p=181175","name":"Prezes RPK zrezygnowa\u0142 z funkcji - mojabochnia.pl - portal informacyjny","isPartOf":{"@id":"https:\/\/www.mojabochnia.pl\/#website"},"primaryImageOfPage":{"@id":"https:\/\/www.mojabochnia.pl\/?p=181175#primaryimage"},"image":{"@id":"https:\/\/www.mojabochnia.pl\/?p=181175#primaryimage"},"thumbnailUrl":"https:\/\/www.mojabochnia.pl\/wp-content\/uploads\/2010\/06\/100610_autobus.jpg","datePublished":"2017-12-18T12:29:17+00:00","dateModified":"2017-12-19T09:31:42+00:00","breadcrumb":{"@id":"https:\/\/www.mojabochnia.pl\/?p=181175#breadcrumb"},"inLanguage":"pl-PL","potentialAction":[{"@type":"ReadAction","target":["https:\/\/www.mojabochnia.pl\/?p=181175"]}]},{"@type":"ImageObject","inLanguage":"pl-PL","@id":"https:\/\/www.mojabochnia.pl\/?p=181175#primaryimage","url":"https:\/\/www.mojabochnia.pl\/wp-content\/uploads\/2010\/06\/100610_autobus.jpg","contentUrl":"https:\/\/www.mojabochnia.pl\/wp-content\/uploads\/2010\/06\/100610_autobus.jpg","width":800,"height":450,"caption":"P. Michalczyk"},{"@type":"BreadcrumbList","@id":"https:\/\/www.mojabochnia.pl\/?p=181175#breadcrumb","itemListElement":[{"@type":"ListItem","position":1,"name":"Home","item":"https:\/\/www.mojabochnia.pl\/"},{"@type":"ListItem","position":2,"name":"Prezes RPK zrezygnowa\u0142 z funkcji"}]},{"@type":"WebSite","@id":"https:\/\/www.mojabochnia.pl\/#website","url":"https:\/\/www.mojabochnia.pl\/","name":"mojabochnia.pl - portal informacyjny","description":"mojaBochnia to portal informacyjny o Bochni. Codziennie o Bochni piszemy i pokazujemy najwa\u017cniejsze wydarzenia","publisher":{"@id":"https:\/\/www.mojabochnia.pl\/#organization"},"potentialAction":[{"@type":"SearchAction","target":{"@type":"EntryPoint","urlTemplate":"https:\/\/www.mojabochnia.pl\/?s={search_term_string}"},"query-input":{"@type":"PropertyValueSpecification","valueRequired":true,"valueName":"search_term_string"}}],"inLanguage":"pl-PL"},{"@type":"Organization","@id":"https:\/\/www.mojabochnia.pl\/#organization","name":"mojabochnia.pl - portal informacyjny","url":"https:\/\/www.mojabochnia.pl\/","logo":{"@type":"ImageObject","inLanguage":"pl-PL","@id":"https:\/\/www.mojabochnia.pl\/#\/schema\/logo\/image\/","url":"https:\/\/www.mojabochnia.pl\/wp-content\/uploads\/2017\/08\/logo-mb-opt.png","contentUrl":"https:\/\/www.mojabochnia.pl\/wp-content\/uploads\/2017\/08\/logo-mb-opt.png","width":250,"height":48,"caption":"mojabochnia.pl - portal informacyjny"},"image":{"@id":"https:\/\/www.mojabochnia.pl\/#\/schema\/logo\/image\/"},"sameAs":["https:\/\/www.facebook.com\/mojabochnia"]},{"@type":"Person","@id":"https:\/\/www.mojabochnia.pl\/#\/schema\/person\/ea042e4724a77627963f02166828ead4","name":"Pawe\u0142 Michalczyk","url":"https:\/\/www.mojabochnia.pl\/?author=4"}]}},"_links":{"self":[{"href":"https:\/\/www.mojabochnia.pl\/index.php?rest_route=\/wp\/v2\/posts\/181175","targetHints":{"allow":["GET"]}}],"collection":[{"href":"https:\/\/www.mojabochnia.pl\/index.php?rest_route=\/wp\/v2\/posts"}],"about":[{"href":"https:\/\/www.mojabochnia.pl\/index.php?rest_route=\/wp\/v2\/types\/post"}],"author":[{"embeddable":true,"href":"https:\/\/www.mojabochnia.pl\/index.php?rest_route=\/wp\/v2\/users\/4"}],"replies":[{"embeddable":true,"href":"https:\/\/www.mojabochnia.pl\/index.php?rest_route=%2Fwp%2Fv2%2Fcomments&post=181175"}],"version-history":[{"count":4,"href":"https:\/\/www.mojabochnia.pl\/index.php?rest_route=\/wp\/v2\/posts\/181175\/revisions"}],"predecessor-version":[{"id":181192,"href":"https:\/\/www.mojabochnia.pl\/index.php?rest_route=\/wp\/v2\/posts\/181175\/revisions\/181192"}],"wp:featuredmedia":[{"embeddable":true,"href":"https:\/\/www.mojabochnia.pl\/index.php?rest_route=\/wp\/v2\/media\/28666"}],"wp:attachment":[{"href":"https:\/\/www.mojabochnia.pl\/index.php?rest_route=%2Fwp%2Fv2%2Fmedia&parent=181175"}],"wp:term":[{"taxonomy":"category","embeddable":true,"href":"https:\/\/www.mojabochnia.pl\/index.php?rest_route=%2Fwp%2Fv2%2Fcategories&post=181175"},{"taxonomy":"post_tag","embeddable":true,"href":"https:\/\/www.mojabochnia.pl\/index.php?rest_route=%2Fwp%2Fv2%2Ftags&post=181175"}],"curies":[{"name":"wp","href":"https:\/\/api.w.org\/{rel}","templated":true}]}}