{"id":181046,"date":"2017-12-14T11:08:37","date_gmt":"2017-12-14T10:08:37","guid":{"rendered":"https:\/\/www.mojabochnia.pl\/?p=181046"},"modified":"2017-12-14T11:28:04","modified_gmt":"2017-12-14T10:28:04","slug":"wojewoda-zdekomunizowal-dwie-ulice-w-bochni","status":"publish","type":"post","link":"https:\/\/www.mojabochnia.pl\/?p=181046","title":{"rendered":"Wojewoda zdekomunizowa\u0142 dwie ulice w Bochni"},"content":{"rendered":"<p><strong>13 grudnia Wojewoda Ma\u0142opolski, na podstawie tzw. ustawy dekomunizacyjnej, zdecydowa\u0142 o zmianie nazw dw\u00f3ch ulic w Bochni. Chodzi o ul. Andrzeja Benesza oraz Franciszka Kaima. <\/strong><\/p>\n<p>Jak podano w komunikacie Ma\u0142opolskiego Urz\u0119du Wojew\u00f3dzkiego, na podstawie tzw. ustawy dekomunizacyjnej w wojew\u00f3dztwie ma\u0142opolskim zmian wymaga\u0142y nazwy ulic w 94 przypadkach. <em>Gminy do tej pory dokona\u0142y zmian nazw ulic w 69 przypadkach. W odniesieniu do pozosta\u0142ych 25 nazw w 9 przypadkach Wojewoda Ma\u0142opolski wyda\u0142 zarz\u0105dzenia zast\u0119pcze, natomiast w odniesieniu do 16 oczekujemy na opini\u0119 Instytutu Pami\u0119ci Narodowej \u2013 Komisji \u015acigania Zbrodni przeciwko Narodowi Polskiemu<\/em>.<\/p>\n<p>Decyzj\u0105 wojewody Piotra \u0106wika, dekomunizacja obj\u0119\u0142a dwie ulice w Bochni:<br \/>\n&#8211; ulicy o dotychczasowej nazwie \u201eAndrzeja Benesza\u201d po\u0142o\u017conej w miejscowo\u015bci Bochnia w gminie Miasto Bochnia nadana zosta\u0142a nazwa \u201ekpt. Jana Dubaniowskiego \u201eSalwy\u201d,<br \/>\n&#8211; ulicy o dotychczasowej nazwie \u201eFranciszka Kaima\u201d po\u0142o\u017conej w miejscowo\u015bci Bochnia w gminie Miasto Bochnia nadana zosta\u0142a nazwa \u201eStefana Korbo\u0144skiego\u201d.<\/p>\n<figure id=\"attachment_181050\" aria-describedby=\"caption-attachment-181050\" style=\"width: 468px\" class=\"wp-caption alignnone\"><a onclick=\"javascript:pageTracker._trackPageview('\/downloads\/wp-content\/uploads\/2017\/12\/IMG_20171214_090115.jpg');\"  href=\"https:\/\/www.mojabochnia.pl\/wp-content\/uploads\/2017\/12\/IMG_20171214_090115.jpg\"><img loading=\"lazy\" decoding=\"async\" src=\"https:\/\/www.mojabochnia.pl\/wp-content\/uploads\/2017\/12\/IMG_20171214_090115-468x263.jpg\" alt=\"\" width=\"468\" height=\"263\" class=\"size-medium wp-image-181050\" srcset=\"https:\/\/www.mojabochnia.pl\/wp-content\/uploads\/2017\/12\/IMG_20171214_090115-468x263.jpg 468w, https:\/\/www.mojabochnia.pl\/wp-content\/uploads\/2017\/12\/IMG_20171214_090115-120x68.jpg 120w, https:\/\/www.mojabochnia.pl\/wp-content\/uploads\/2017\/12\/IMG_20171214_090115-768x432.jpg 768w, https:\/\/www.mojabochnia.pl\/wp-content\/uploads\/2017\/12\/IMG_20171214_090115.jpg 1000w\" sizes=\"auto, (max-width: 468px) 100vw, 468px\" \/><\/a><figcaption id=\"caption-attachment-181050\" class=\"wp-caption-text\">Pawe\u0142 Michalczyk<\/figcaption><\/figure>\n<p><em>Ustawa dekomunizacyjna eliminuje z przestrzeni publicznej zasz\u0142o\u015bci historyczne \u2013 m.in. nazwy ulic, kt\u00f3re mia\u0142y propagowa\u0107 ustr\u00f3j komunistyczny. Wprowadzenie w \u017cycie jej zapis\u00f3w to kwestia z jednej strony budzenia \u015bwiadomo\u015bci spo\u0142ecznej i historycznej, a z drugiej \u2013 porz\u0105dkowania przestrzeni, kt\u00f3ra nas otacza. W gruncie rzeczy jest to tak\u017ce kwestia porz\u0105dkowania historii, bo zamiast os\u00f3b, organizacji, wydarze\u0144 albo dat symbolizuj\u0105cych komunizm lub inny ustr\u00f3j totalitarny teraz w nazwach ulic pojawi\u0107 si\u0119 mog\u0105 osoby i wydarzenia zas\u0142uguj\u0105ce na upami\u0119tnienie<\/em> \u2013 powiedzia\u0142 wojewoda ma\u0142opolski Piotr \u0106wik.<\/p>\n<p>***<\/p>\n<p>2 wrze\u015bnia 2016 r. wesz\u0142a w \u017cycie ustawa z 1 kwietnia 2016 r. o zakazie propagowania komunizmu lub innego ustroju totalitarnego przez nazwy budowli, obiekt\u00f3w i urz\u0105dze\u0144 u\u017cyteczno\u015bci publicznej (aktualnie po zmianie z czerwca br.: o zakazie propagowania komunizmu lub innego ustroju totalitarnego przez nazwy jednostek organizacyjnych, jednostek pomocniczych gminy, budowli, obiekt\u00f3w i urz\u0105dze\u0144 u\u017cyteczno\u015bci publicznej oraz pomniki).<\/p>\n<p>W my\u015bl normy okre\u015blonej przepisem art. 1 tej ustawy nazwy jednostek organizacyjnych, jednostek pomocniczych gminy, budowli, obiekt\u00f3w i urz\u0105dze\u0144 u\u017cyteczno\u015bci publicznej, w tym dr\u00f3g, ulic, most\u00f3w i plac\u00f3w, nadawane przez jednostki samorz\u0105du terytorialnego nie mog\u0105 upami\u0119tnia\u0107 os\u00f3b, organizacji, wydarze\u0144 lub dat symbolizuj\u0105cych komunizm lub inny ustr\u00f3j totalitarny ani w inny spos\u00f3b takiego ustroju propagowa\u0107 (ust. 1).<br \/>\nZgodnie z ustaw\u0105, za propaguj\u0105ce komunizm uwa\u017ca si\u0119 tak\u017ce nazwy odwo\u0142uj\u0105ce si\u0119 do os\u00f3b, organizacji, wydarze\u0144 lub dat symbolizuj\u0105cych represyjny, autorytarny i niesuwerenny system w\u0142adzy w Polsce w latach 1944-1989 (ust. 2). <\/p>\n<p>Zgodnie z art. 6 ust. 1 ustawy obowi\u0105zuj\u0105ce w dniu wej\u015bcia w \u017cycie ustawy nazwy budowli, obiekt\u00f3w i urz\u0105dze\u0144 u\u017cyteczno\u015bci publicznej, w tym dr\u00f3g, ulic, most\u00f3w i plac\u00f3w, upami\u0119tniaj\u0105ce osoby, organizacje, wydarzenia lub daty symbolizuj\u0105ce komunizm lub inny ustr\u00f3j totalitarny lub propaguj\u0105ce taki ustr\u00f3j w inny spos\u00f3b, w\u0142a\u015bciwy organ jednostki samorz\u0105du terytorialnego zmienia w terminie 12 miesi\u0119cy od dnia jej wej\u015bcia w \u017cycie. <\/p>\n<p>W my\u015bl natomiast art. 6 ust. 2 w przypadku niewykonania obowi\u0105zku przez w\u0142a\u015bciwy organ jednostki samorz\u0105du terytorialnego wojewoda wydaje zarz\u0105dzenie zast\u0119pcze, w kt\u00f3rym nadaje nazw\u0119 zgodn\u0105 z art. 1 ustawy w terminie 3 miesi\u0119cy od dnia, w kt\u00f3rym up\u0142yn\u0105\u0142 termin na podj\u0119cie dzia\u0142a\u0144 przez organ jednostki samorz\u0105du terytorialnego. <\/p>\n<p>W my\u015bl przepis\u00f3w ustawy wydanie zarz\u0105dzenia zast\u0119pczego przez wojewod\u0119 wymaga opinii Instytutu Pami\u0119ci Narodowej \u2013 Komisji \u015acigania Zbrodni przeciwko Narodowi Polskiemu potwierdzaj\u0105cej niezgodno\u015b\u0107 nazwy obowi\u0105zuj\u0105cej w dniu wej\u015bcia w \u017cycie ustawy z art. 1 (art. 6 ust 3 ustawy). Oczekiwanie na opini\u0119 IPN-u wstrzymuje bieg terminu na wydanie zarz\u0105dzenia zast\u0119pczego (art. 6 ust. 3 w zwi\u0105zku z art. 2 ust. 3 ustawy). <\/p>\n<p>Propozycje nowych nazw s\u0105 efektem konsultacji Wojewody Ma\u0142opolskiego z Instytutem Pami\u0119ci Narodowej \u2013 Komisj\u0105 \u015acigania Zbrodni przeciwko Narodowi Polskiemu.<\/p>\n<p>Zgodnie z ustaw\u0105 z 1 kwietnia 2016 r. mieszka\u0144cy nie maj\u0105 obowi\u0105zku wymiany dokument\u00f3w. Wszystkie dokumenty zawieraj\u0105ce star\u0105 nazw\u0119 ulicy (dowody osobiste, prawa jazdy itp.) zachowuj\u0105 swoj\u0105 wa\u017cno\u015b\u0107. Zmiana nazwy ulicy dokonana na podstawie ustawy nie ma wp\u0142ywu na wa\u017cno\u015b\u0107 dokument\u00f3w zawieraj\u0105cych nazw\u0119 dotychczasow\u0105. Nie b\u0119dzie te\u017c rodzi\u0107 problem\u00f3w z dostarczaniem korespondencji pod dotychczasowy adres. Ponadto pisma oraz post\u0119powania s\u0105dowe i administracyjne w sprawach dotycz\u0105cych ujawnienia w ksi\u0119gach wieczystych oraz uwzgl\u0119dnienia w rejestrach, ewidencjach i dokumentach urz\u0119dowych zmiany nazwy dokonanej na podstawie ustawy s\u0105 wolne od op\u0142at.<\/p>\n<p>\u0179r\u00f3d\u0142o: informacja prasowa<\/p>\n\t  \r\n\t\r\n\t    <div class=\"mb-gallery\">\r\n\t    <a href=\"https:\/\/www.mojabochnia.pl\/?attachment_id=181049\" class=\"\"><img loading=\"lazy\" decoding=\"async\" width=\"100\" height=\"100\" src=\"https:\/\/www.mojabochnia.pl\/wp-content\/uploads\/2017\/12\/IMG_20171214_090105-100x100.jpg\" class=\"attachment-100x100 size-100x100\" alt=\"\" \/><\/a><a href=\"https:\/\/www.mojabochnia.pl\/?attachment_id=181050\" class=\"\"><img loading=\"lazy\" decoding=\"async\" width=\"100\" height=\"100\" src=\"https:\/\/www.mojabochnia.pl\/wp-content\/uploads\/2017\/12\/IMG_20171214_090115-100x100.jpg\" class=\"attachment-100x100 size-100x100\" alt=\"\" \/><\/a>\t    <\/div>\r\n\t    ","protected":false},"excerpt":{"rendered":"<p>13 grudnia Wojewoda Ma\u0142opolski, na podstawie tzw. ustawy dekomunizacyjnej, zdecydowa\u0142 o zmianie nazw dw\u00f3ch ulic w Bochni. Chodzi o ul. Andrzeja Benesza oraz Franciszka Kaima. Jak podano w komunikacie Ma\u0142opolskiego Urz\u0119du Wojew\u00f3dzkiego, na podstawie tzw. ustawy dekomunizacyjnej w wojew\u00f3dztwie ma\u0142opolskim zmian wymaga\u0142y nazwy ulic w 94 przypadkach. Gminy do tej pory dokona\u0142y zmian nazw ulic<\/p>\n","protected":false},"author":4,"featured_media":181049,"comment_status":"open","ping_status":"closed","sticky":false,"template":"","format":"standard","meta":{"_acf_changed":false,"footnotes":""},"categories":[6251],"tags":[19568,19720,16240,2794,17699,17698],"class_list":["post-181046","post","type-post","status-publish","format-standard","has-post-thumbnail","hentry","category-polityka-i-wydarzenia","tag-dekomunizacja","tag-top-temat","tag-ul-benesza","tag-ul-kaima","tag-ulica","tag-wojewoda","main_tag-ulica"],"acf":[],"yoast_head":"<!-- This site is optimized with the Yoast SEO plugin v26.9 - https:\/\/yoast.com\/product\/yoast-seo-wordpress\/ -->\n<title>Wojewoda zdekomunizowa\u0142 dwie ulice w Bochni - mojabochnia.pl - portal informacyjny<\/title>\n<meta name=\"robots\" content=\"index, follow, max-snippet:-1, max-image-preview:large, max-video-preview:-1\" \/>\n<link rel=\"canonical\" href=\"https:\/\/www.mojabochnia.pl\/?p=181046\" \/>\n<meta property=\"og:locale\" content=\"pl_PL\" \/>\n<meta property=\"og:type\" content=\"article\" \/>\n<meta property=\"og:title\" content=\"Wojewoda zdekomunizowa\u0142 dwie ulice w Bochni - mojabochnia.pl - portal informacyjny\" \/>\n<meta property=\"og:description\" content=\"13 grudnia Wojewoda Ma\u0142opolski, na podstawie tzw. ustawy dekomunizacyjnej, zdecydowa\u0142 o zmianie nazw dw\u00f3ch ulic w Bochni. Chodzi o ul. Andrzeja Benesza oraz Franciszka Kaima. Jak podano w komunikacie Ma\u0142opolskiego Urz\u0119du Wojew\u00f3dzkiego, na podstawie tzw. ustawy dekomunizacyjnej w wojew\u00f3dztwie ma\u0142opolskim zmian wymaga\u0142y nazwy ulic w 94 przypadkach. Gminy do tej pory dokona\u0142y zmian nazw ulic\" \/>\n<meta property=\"og:url\" content=\"https:\/\/www.mojabochnia.pl\/?p=181046\" \/>\n<meta property=\"og:site_name\" content=\"mojabochnia.pl - portal informacyjny\" \/>\n<meta property=\"article:publisher\" content=\"https:\/\/www.facebook.com\/mojabochnia\" \/>\n<meta property=\"article:published_time\" content=\"2017-12-14T10:08:37+00:00\" \/>\n<meta property=\"article:modified_time\" content=\"2017-12-14T10:28:04+00:00\" \/>\n<meta property=\"og:image\" content=\"https:\/\/www.mojabochnia.pl\/wp-content\/uploads\/2017\/12\/IMG_20171214_090105.jpg\" \/>\n\t<meta property=\"og:image:width\" content=\"1000\" \/>\n\t<meta property=\"og:image:height\" content=\"563\" \/>\n\t<meta property=\"og:image:type\" content=\"image\/jpeg\" \/>\n<meta name=\"author\" content=\"Pawe\u0142 Michalczyk\" \/>\n<meta name=\"twitter:card\" content=\"summary_large_image\" \/>\n<meta name=\"twitter:label1\" content=\"Written by\" \/>\n\t<meta name=\"twitter:data1\" content=\"Pawe\u0142 Michalczyk\" \/>\n\t<meta name=\"twitter:label2\" content=\"Est. reading time\" \/>\n\t<meta name=\"twitter:data2\" content=\"4 minuty\" \/>\n<script type=\"application\/ld+json\" class=\"yoast-schema-graph\">{\"@context\":\"https:\/\/schema.org\",\"@graph\":[{\"@type\":\"Article\",\"@id\":\"https:\/\/www.mojabochnia.pl\/?p=181046#article\",\"isPartOf\":{\"@id\":\"https:\/\/www.mojabochnia.pl\/?p=181046\"},\"author\":{\"name\":\"Pawe\u0142 Michalczyk\",\"@id\":\"https:\/\/www.mojabochnia.pl\/#\/schema\/person\/ea042e4724a77627963f02166828ead4\"},\"headline\":\"Wojewoda zdekomunizowa\u0142 dwie ulice w Bochni\",\"datePublished\":\"2017-12-14T10:08:37+00:00\",\"dateModified\":\"2017-12-14T10:28:04+00:00\",\"mainEntityOfPage\":{\"@id\":\"https:\/\/www.mojabochnia.pl\/?p=181046\"},\"wordCount\":779,\"commentCount\":0,\"publisher\":{\"@id\":\"https:\/\/www.mojabochnia.pl\/#organization\"},\"image\":{\"@id\":\"https:\/\/www.mojabochnia.pl\/?p=181046#primaryimage\"},\"thumbnailUrl\":\"https:\/\/www.mojabochnia.pl\/wp-content\/uploads\/2017\/12\/IMG_20171214_090105.jpg\",\"keywords\":[\"dekomunizacja\",\"top temat\",\"ul. benesza\",\"ul. kaima\",\"ulica\",\"wojewoda\"],\"articleSection\":[\"polityka i wydarzenia\"],\"inLanguage\":\"pl-PL\",\"potentialAction\":[{\"@type\":\"CommentAction\",\"name\":\"Comment\",\"target\":[\"https:\/\/www.mojabochnia.pl\/?p=181046#respond\"]}]},{\"@type\":\"WebPage\",\"@id\":\"https:\/\/www.mojabochnia.pl\/?p=181046\",\"url\":\"https:\/\/www.mojabochnia.pl\/?p=181046\",\"name\":\"Wojewoda zdekomunizowa\u0142 dwie ulice w Bochni - mojabochnia.pl - portal informacyjny\",\"isPartOf\":{\"@id\":\"https:\/\/www.mojabochnia.pl\/#website\"},\"primaryImageOfPage\":{\"@id\":\"https:\/\/www.mojabochnia.pl\/?p=181046#primaryimage\"},\"image\":{\"@id\":\"https:\/\/www.mojabochnia.pl\/?p=181046#primaryimage\"},\"thumbnailUrl\":\"https:\/\/www.mojabochnia.pl\/wp-content\/uploads\/2017\/12\/IMG_20171214_090105.jpg\",\"datePublished\":\"2017-12-14T10:08:37+00:00\",\"dateModified\":\"2017-12-14T10:28:04+00:00\",\"breadcrumb\":{\"@id\":\"https:\/\/www.mojabochnia.pl\/?p=181046#breadcrumb\"},\"inLanguage\":\"pl-PL\",\"potentialAction\":[{\"@type\":\"ReadAction\",\"target\":[\"https:\/\/www.mojabochnia.pl\/?p=181046\"]}]},{\"@type\":\"ImageObject\",\"inLanguage\":\"pl-PL\",\"@id\":\"https:\/\/www.mojabochnia.pl\/?p=181046#primaryimage\",\"url\":\"https:\/\/www.mojabochnia.pl\/wp-content\/uploads\/2017\/12\/IMG_20171214_090105.jpg\",\"contentUrl\":\"https:\/\/www.mojabochnia.pl\/wp-content\/uploads\/2017\/12\/IMG_20171214_090105.jpg\",\"width\":1000,\"height\":563,\"caption\":\"Pawe\u0142 Michalczyk\"},{\"@type\":\"BreadcrumbList\",\"@id\":\"https:\/\/www.mojabochnia.pl\/?p=181046#breadcrumb\",\"itemListElement\":[{\"@type\":\"ListItem\",\"position\":1,\"name\":\"Home\",\"item\":\"https:\/\/www.mojabochnia.pl\/\"},{\"@type\":\"ListItem\",\"position\":2,\"name\":\"Wojewoda zdekomunizowa\u0142 dwie ulice w Bochni\"}]},{\"@type\":\"WebSite\",\"@id\":\"https:\/\/www.mojabochnia.pl\/#website\",\"url\":\"https:\/\/www.mojabochnia.pl\/\",\"name\":\"mojabochnia.pl - portal informacyjny\",\"description\":\"mojaBochnia to portal informacyjny o Bochni. Codziennie o Bochni piszemy i pokazujemy najwa\u017cniejsze wydarzenia\",\"publisher\":{\"@id\":\"https:\/\/www.mojabochnia.pl\/#organization\"},\"potentialAction\":[{\"@type\":\"SearchAction\",\"target\":{\"@type\":\"EntryPoint\",\"urlTemplate\":\"https:\/\/www.mojabochnia.pl\/?s={search_term_string}\"},\"query-input\":{\"@type\":\"PropertyValueSpecification\",\"valueRequired\":true,\"valueName\":\"search_term_string\"}}],\"inLanguage\":\"pl-PL\"},{\"@type\":\"Organization\",\"@id\":\"https:\/\/www.mojabochnia.pl\/#organization\",\"name\":\"mojabochnia.pl - portal informacyjny\",\"url\":\"https:\/\/www.mojabochnia.pl\/\",\"logo\":{\"@type\":\"ImageObject\",\"inLanguage\":\"pl-PL\",\"@id\":\"https:\/\/www.mojabochnia.pl\/#\/schema\/logo\/image\/\",\"url\":\"https:\/\/www.mojabochnia.pl\/wp-content\/uploads\/2017\/08\/logo-mb-opt.png\",\"contentUrl\":\"https:\/\/www.mojabochnia.pl\/wp-content\/uploads\/2017\/08\/logo-mb-opt.png\",\"width\":250,\"height\":48,\"caption\":\"mojabochnia.pl - portal informacyjny\"},\"image\":{\"@id\":\"https:\/\/www.mojabochnia.pl\/#\/schema\/logo\/image\/\"},\"sameAs\":[\"https:\/\/www.facebook.com\/mojabochnia\"]},{\"@type\":\"Person\",\"@id\":\"https:\/\/www.mojabochnia.pl\/#\/schema\/person\/ea042e4724a77627963f02166828ead4\",\"name\":\"Pawe\u0142 Michalczyk\",\"url\":\"https:\/\/www.mojabochnia.pl\/?author=4\"}]}<\/script>\n<!-- \/ Yoast SEO plugin. -->","yoast_head_json":{"title":"Wojewoda zdekomunizowa\u0142 dwie ulice w Bochni - mojabochnia.pl - portal informacyjny","robots":{"index":"index","follow":"follow","max-snippet":"max-snippet:-1","max-image-preview":"max-image-preview:large","max-video-preview":"max-video-preview:-1"},"canonical":"https:\/\/www.mojabochnia.pl\/?p=181046","og_locale":"pl_PL","og_type":"article","og_title":"Wojewoda zdekomunizowa\u0142 dwie ulice w Bochni - mojabochnia.pl - portal informacyjny","og_description":"13 grudnia Wojewoda Ma\u0142opolski, na podstawie tzw. ustawy dekomunizacyjnej, zdecydowa\u0142 o zmianie nazw dw\u00f3ch ulic w Bochni. Chodzi o ul. Andrzeja Benesza oraz Franciszka Kaima. Jak podano w komunikacie Ma\u0142opolskiego Urz\u0119du Wojew\u00f3dzkiego, na podstawie tzw. ustawy dekomunizacyjnej w wojew\u00f3dztwie ma\u0142opolskim zmian wymaga\u0142y nazwy ulic w 94 przypadkach. Gminy do tej pory dokona\u0142y zmian nazw ulic","og_url":"https:\/\/www.mojabochnia.pl\/?p=181046","og_site_name":"mojabochnia.pl - portal informacyjny","article_publisher":"https:\/\/www.facebook.com\/mojabochnia","article_published_time":"2017-12-14T10:08:37+00:00","article_modified_time":"2017-12-14T10:28:04+00:00","og_image":[{"width":1000,"height":563,"url":"https:\/\/www.mojabochnia.pl\/wp-content\/uploads\/2017\/12\/IMG_20171214_090105.jpg","type":"image\/jpeg"}],"author":"Pawe\u0142 Michalczyk","twitter_card":"summary_large_image","twitter_misc":{"Written by":"Pawe\u0142 Michalczyk","Est. reading time":"4 minuty"},"schema":{"@context":"https:\/\/schema.org","@graph":[{"@type":"Article","@id":"https:\/\/www.mojabochnia.pl\/?p=181046#article","isPartOf":{"@id":"https:\/\/www.mojabochnia.pl\/?p=181046"},"author":{"name":"Pawe\u0142 Michalczyk","@id":"https:\/\/www.mojabochnia.pl\/#\/schema\/person\/ea042e4724a77627963f02166828ead4"},"headline":"Wojewoda zdekomunizowa\u0142 dwie ulice w Bochni","datePublished":"2017-12-14T10:08:37+00:00","dateModified":"2017-12-14T10:28:04+00:00","mainEntityOfPage":{"@id":"https:\/\/www.mojabochnia.pl\/?p=181046"},"wordCount":779,"commentCount":0,"publisher":{"@id":"https:\/\/www.mojabochnia.pl\/#organization"},"image":{"@id":"https:\/\/www.mojabochnia.pl\/?p=181046#primaryimage"},"thumbnailUrl":"https:\/\/www.mojabochnia.pl\/wp-content\/uploads\/2017\/12\/IMG_20171214_090105.jpg","keywords":["dekomunizacja","top temat","ul. benesza","ul. kaima","ulica","wojewoda"],"articleSection":["polityka i wydarzenia"],"inLanguage":"pl-PL","potentialAction":[{"@type":"CommentAction","name":"Comment","target":["https:\/\/www.mojabochnia.pl\/?p=181046#respond"]}]},{"@type":"WebPage","@id":"https:\/\/www.mojabochnia.pl\/?p=181046","url":"https:\/\/www.mojabochnia.pl\/?p=181046","name":"Wojewoda zdekomunizowa\u0142 dwie ulice w Bochni - mojabochnia.pl - portal informacyjny","isPartOf":{"@id":"https:\/\/www.mojabochnia.pl\/#website"},"primaryImageOfPage":{"@id":"https:\/\/www.mojabochnia.pl\/?p=181046#primaryimage"},"image":{"@id":"https:\/\/www.mojabochnia.pl\/?p=181046#primaryimage"},"thumbnailUrl":"https:\/\/www.mojabochnia.pl\/wp-content\/uploads\/2017\/12\/IMG_20171214_090105.jpg","datePublished":"2017-12-14T10:08:37+00:00","dateModified":"2017-12-14T10:28:04+00:00","breadcrumb":{"@id":"https:\/\/www.mojabochnia.pl\/?p=181046#breadcrumb"},"inLanguage":"pl-PL","potentialAction":[{"@type":"ReadAction","target":["https:\/\/www.mojabochnia.pl\/?p=181046"]}]},{"@type":"ImageObject","inLanguage":"pl-PL","@id":"https:\/\/www.mojabochnia.pl\/?p=181046#primaryimage","url":"https:\/\/www.mojabochnia.pl\/wp-content\/uploads\/2017\/12\/IMG_20171214_090105.jpg","contentUrl":"https:\/\/www.mojabochnia.pl\/wp-content\/uploads\/2017\/12\/IMG_20171214_090105.jpg","width":1000,"height":563,"caption":"Pawe\u0142 Michalczyk"},{"@type":"BreadcrumbList","@id":"https:\/\/www.mojabochnia.pl\/?p=181046#breadcrumb","itemListElement":[{"@type":"ListItem","position":1,"name":"Home","item":"https:\/\/www.mojabochnia.pl\/"},{"@type":"ListItem","position":2,"name":"Wojewoda zdekomunizowa\u0142 dwie ulice w Bochni"}]},{"@type":"WebSite","@id":"https:\/\/www.mojabochnia.pl\/#website","url":"https:\/\/www.mojabochnia.pl\/","name":"mojabochnia.pl - portal informacyjny","description":"mojaBochnia to portal informacyjny o Bochni. Codziennie o Bochni piszemy i pokazujemy najwa\u017cniejsze wydarzenia","publisher":{"@id":"https:\/\/www.mojabochnia.pl\/#organization"},"potentialAction":[{"@type":"SearchAction","target":{"@type":"EntryPoint","urlTemplate":"https:\/\/www.mojabochnia.pl\/?s={search_term_string}"},"query-input":{"@type":"PropertyValueSpecification","valueRequired":true,"valueName":"search_term_string"}}],"inLanguage":"pl-PL"},{"@type":"Organization","@id":"https:\/\/www.mojabochnia.pl\/#organization","name":"mojabochnia.pl - portal informacyjny","url":"https:\/\/www.mojabochnia.pl\/","logo":{"@type":"ImageObject","inLanguage":"pl-PL","@id":"https:\/\/www.mojabochnia.pl\/#\/schema\/logo\/image\/","url":"https:\/\/www.mojabochnia.pl\/wp-content\/uploads\/2017\/08\/logo-mb-opt.png","contentUrl":"https:\/\/www.mojabochnia.pl\/wp-content\/uploads\/2017\/08\/logo-mb-opt.png","width":250,"height":48,"caption":"mojabochnia.pl - portal informacyjny"},"image":{"@id":"https:\/\/www.mojabochnia.pl\/#\/schema\/logo\/image\/"},"sameAs":["https:\/\/www.facebook.com\/mojabochnia"]},{"@type":"Person","@id":"https:\/\/www.mojabochnia.pl\/#\/schema\/person\/ea042e4724a77627963f02166828ead4","name":"Pawe\u0142 Michalczyk","url":"https:\/\/www.mojabochnia.pl\/?author=4"}]}},"_links":{"self":[{"href":"https:\/\/www.mojabochnia.pl\/index.php?rest_route=\/wp\/v2\/posts\/181046","targetHints":{"allow":["GET"]}}],"collection":[{"href":"https:\/\/www.mojabochnia.pl\/index.php?rest_route=\/wp\/v2\/posts"}],"about":[{"href":"https:\/\/www.mojabochnia.pl\/index.php?rest_route=\/wp\/v2\/types\/post"}],"author":[{"embeddable":true,"href":"https:\/\/www.mojabochnia.pl\/index.php?rest_route=\/wp\/v2\/users\/4"}],"replies":[{"embeddable":true,"href":"https:\/\/www.mojabochnia.pl\/index.php?rest_route=%2Fwp%2Fv2%2Fcomments&post=181046"}],"version-history":[{"count":4,"href":"https:\/\/www.mojabochnia.pl\/index.php?rest_route=\/wp\/v2\/posts\/181046\/revisions"}],"predecessor-version":[{"id":181053,"href":"https:\/\/www.mojabochnia.pl\/index.php?rest_route=\/wp\/v2\/posts\/181046\/revisions\/181053"}],"wp:featuredmedia":[{"embeddable":true,"href":"https:\/\/www.mojabochnia.pl\/index.php?rest_route=\/wp\/v2\/media\/181049"}],"wp:attachment":[{"href":"https:\/\/www.mojabochnia.pl\/index.php?rest_route=%2Fwp%2Fv2%2Fmedia&parent=181046"}],"wp:term":[{"taxonomy":"category","embeddable":true,"href":"https:\/\/www.mojabochnia.pl\/index.php?rest_route=%2Fwp%2Fv2%2Fcategories&post=181046"},{"taxonomy":"post_tag","embeddable":true,"href":"https:\/\/www.mojabochnia.pl\/index.php?rest_route=%2Fwp%2Fv2%2Ftags&post=181046"}],"curies":[{"name":"wp","href":"https:\/\/api.w.org\/{rel}","templated":true}]}}