{"id":1809,"date":"2008-09-10T12:07:22","date_gmt":"2008-09-10T10:07:22","guid":{"rendered":"http:\/\/www.mojabochnia.pl\/?p=1809"},"modified":"2008-10-01T11:08:32","modified_gmt":"2008-10-01T09:08:32","slug":"mlodziez-bedzie-inspirowac-radnych-powiatowych","status":"publish","type":"post","link":"https:\/\/www.mojabochnia.pl\/?p=1809","title":{"rendered":"M\u0142odzie\u017c b\u0119dzie inspirowa\u0107 radnych powiatowych"},"content":{"rendered":"<p>Jak m\u00f3wi starosta Jacek Paj\u0105k, od M\u0142odzie\u017cowej Rady Powiatu oczekiwa\u0142 b\u0119dzie pomys\u0142\u00f3w w dziedzinie sportu, kultury, mo\u017cliwo\u015bci sp\u0119dzania wolnego czasu czy aktywizacji lokalnego rynku pracy. &#8211; <em>M\u0142odzie\u017cowa Rada Powiatu jest pomy\u015blana jako cia\u0142o doradcze, inicjuj\u0105ce pewne pomys\u0142y, kt\u00f3re p\u00f3\u017aniej, miejmy nadziej\u0119, znajd\u0105 odzwierciedlenie w inicjatywie uchwa\u0142odawczej zarz\u0105du powiatu i tego typu projekty b\u0119d\u0105 zg\u0142aszane na sesjach rady powiatu i daj nam Bo\u017ce, je\u017celi b\u0119d\u0105 one trafione i trafne, \u017ceby znajdowa\u0142y si\u0119 na nie \u015brodki finansowe i \u017ceby by\u0142y wdra\u017cane. Mamy \u015bwiadomo\u015b\u0107, \u017ce nie spos\u00f3b wymy\u015bli\u0107 dobrych projekt\u00f3w z perspektywy tylko i wy\u0142\u0105cznie urz\u0119dniczej<\/em> \u2013 m\u00f3wi\u0142 w rozmowie samorz\u0105dowej RDN Ma\u0142opolska starosta.<\/p>\n<p>M\u0142odzie\u017cowa Rada Powiatu boche\u0144skiego zbiera\u0107 si\u0119 ma w sali narad boche\u0144skiego starostwa, podobnie, jak jej \u201edoros\u0142y odpowiednik\u201d.<\/p>\n","protected":false},"excerpt":{"rendered":"<p>W Bochni powstaje M\u0142odzie\u017cowa Rada Powiatu. O jej powo\u0142aniu zdecydowa\u0142 Zarz\u0105d Powiatu Boche\u0144skiego. Ma by\u0107 to cia\u0142o doradcze dla w\u0142a\u015bciwej rady, kt\u00f3ra systematycznie zbiera si\u0119, aby podejmowa\u0107 decyzje.<\/p>\n","protected":false},"author":4,"featured_media":0,"comment_status":"open","ping_status":"closed","sticky":false,"template":"","format":"standard","meta":{"_acf_changed":false,"footnotes":""},"categories":[5],"tags":[564,17136,17135,17391,952,930,17372,955,17106,954],"class_list":["post-1809","post","type-post","status-publish","format-standard","hentry","category-biezace-wydarzenia","tag-czas-wolny","tag-jacek-pajak","tag-kultura","tag-mlodziez","tag-mlodziezowa-rada-miejska","tag-rada-miejska","tag-rada-powiatu","tag-rdn-malopolska","tag-sport","tag-zarzad-powiatu"],"acf":[],"yoast_head":"<!-- This site is optimized with the Yoast SEO plugin v26.9 - https:\/\/yoast.com\/product\/yoast-seo-wordpress\/ -->\n<title>M\u0142odzie\u017c b\u0119dzie inspirowa\u0107 radnych powiatowych - mojabochnia.pl - portal informacyjny<\/title>\n<meta name=\"robots\" content=\"index, follow, max-snippet:-1, max-image-preview:large, max-video-preview:-1\" \/>\n<link rel=\"canonical\" href=\"https:\/\/www.mojabochnia.pl\/?p=1809\" \/>\n<meta property=\"og:locale\" content=\"pl_PL\" \/>\n<meta property=\"og:type\" content=\"article\" \/>\n<meta property=\"og:title\" content=\"M\u0142odzie\u017c b\u0119dzie inspirowa\u0107 radnych powiatowych - mojabochnia.pl - portal informacyjny\" \/>\n<meta property=\"og:description\" content=\"W Bochni powstaje M\u0142odzie\u017cowa Rada Powiatu. O jej powo\u0142aniu zdecydowa\u0142 Zarz\u0105d Powiatu Boche\u0144skiego. Ma by\u0107 to cia\u0142o doradcze dla w\u0142a\u015bciwej rady, kt\u00f3ra systematycznie zbiera si\u0119, aby podejmowa\u0107 decyzje.\" \/>\n<meta property=\"og:url\" content=\"https:\/\/www.mojabochnia.pl\/?p=1809\" \/>\n<meta property=\"og:site_name\" content=\"mojabochnia.pl - portal informacyjny\" \/>\n<meta property=\"article:publisher\" content=\"https:\/\/www.facebook.com\/mojabochnia\" \/>\n<meta property=\"article:published_time\" content=\"2008-09-10T10:07:22+00:00\" \/>\n<meta property=\"article:modified_time\" content=\"2008-10-01T09:08:32+00:00\" \/>\n<meta name=\"author\" content=\"Pawe\u0142 Michalczyk\" \/>\n<meta name=\"twitter:card\" content=\"summary_large_image\" \/>\n<meta name=\"twitter:label1\" content=\"Written by\" \/>\n\t<meta name=\"twitter:data1\" content=\"Pawe\u0142 Michalczyk\" \/>\n\t<meta name=\"twitter:label2\" content=\"Est. reading time\" \/>\n\t<meta name=\"twitter:data2\" content=\"1 minuta\" \/>\n<script type=\"application\/ld+json\" class=\"yoast-schema-graph\">{\"@context\":\"https:\/\/schema.org\",\"@graph\":[{\"@type\":\"Article\",\"@id\":\"https:\/\/www.mojabochnia.pl\/?p=1809#article\",\"isPartOf\":{\"@id\":\"https:\/\/www.mojabochnia.pl\/?p=1809\"},\"author\":{\"name\":\"Pawe\u0142 Michalczyk\",\"@id\":\"https:\/\/www.mojabochnia.pl\/#\/schema\/person\/ea042e4724a77627963f02166828ead4\"},\"headline\":\"M\u0142odzie\u017c b\u0119dzie inspirowa\u0107 radnych powiatowych\",\"datePublished\":\"2008-09-10T10:07:22+00:00\",\"dateModified\":\"2008-10-01T09:08:32+00:00\",\"mainEntityOfPage\":{\"@id\":\"https:\/\/www.mojabochnia.pl\/?p=1809\"},\"wordCount\":164,\"commentCount\":0,\"publisher\":{\"@id\":\"https:\/\/www.mojabochnia.pl\/#organization\"},\"keywords\":[\"czas wolny\",\"jacek paj\u0105k\",\"kultura\",\"m\u0142odzie\u017c\",\"m\u0142odzie\u017cowa rada miejska\",\"rada miejska\",\"rada powiatu\",\"rdn ma\u0142opolska\",\"sport\",\"zarz\u0105d powiatu\"],\"articleSection\":[\"2_ostatnie\"],\"inLanguage\":\"pl-PL\",\"potentialAction\":[{\"@type\":\"CommentAction\",\"name\":\"Comment\",\"target\":[\"https:\/\/www.mojabochnia.pl\/?p=1809#respond\"]}]},{\"@type\":\"WebPage\",\"@id\":\"https:\/\/www.mojabochnia.pl\/?p=1809\",\"url\":\"https:\/\/www.mojabochnia.pl\/?p=1809\",\"name\":\"M\u0142odzie\u017c b\u0119dzie inspirowa\u0107 radnych powiatowych - mojabochnia.pl - portal informacyjny\",\"isPartOf\":{\"@id\":\"https:\/\/www.mojabochnia.pl\/#website\"},\"datePublished\":\"2008-09-10T10:07:22+00:00\",\"dateModified\":\"2008-10-01T09:08:32+00:00\",\"breadcrumb\":{\"@id\":\"https:\/\/www.mojabochnia.pl\/?p=1809#breadcrumb\"},\"inLanguage\":\"pl-PL\",\"potentialAction\":[{\"@type\":\"ReadAction\",\"target\":[\"https:\/\/www.mojabochnia.pl\/?p=1809\"]}]},{\"@type\":\"BreadcrumbList\",\"@id\":\"https:\/\/www.mojabochnia.pl\/?p=1809#breadcrumb\",\"itemListElement\":[{\"@type\":\"ListItem\",\"position\":1,\"name\":\"Home\",\"item\":\"https:\/\/www.mojabochnia.pl\/\"},{\"@type\":\"ListItem\",\"position\":2,\"name\":\"M\u0142odzie\u017c b\u0119dzie inspirowa\u0107 radnych powiatowych\"}]},{\"@type\":\"WebSite\",\"@id\":\"https:\/\/www.mojabochnia.pl\/#website\",\"url\":\"https:\/\/www.mojabochnia.pl\/\",\"name\":\"mojabochnia.pl - portal informacyjny\",\"description\":\"mojaBochnia to portal informacyjny o Bochni. Codziennie o Bochni piszemy i pokazujemy najwa\u017cniejsze wydarzenia\",\"publisher\":{\"@id\":\"https:\/\/www.mojabochnia.pl\/#organization\"},\"potentialAction\":[{\"@type\":\"SearchAction\",\"target\":{\"@type\":\"EntryPoint\",\"urlTemplate\":\"https:\/\/www.mojabochnia.pl\/?s={search_term_string}\"},\"query-input\":{\"@type\":\"PropertyValueSpecification\",\"valueRequired\":true,\"valueName\":\"search_term_string\"}}],\"inLanguage\":\"pl-PL\"},{\"@type\":\"Organization\",\"@id\":\"https:\/\/www.mojabochnia.pl\/#organization\",\"name\":\"mojabochnia.pl - portal informacyjny\",\"url\":\"https:\/\/www.mojabochnia.pl\/\",\"logo\":{\"@type\":\"ImageObject\",\"inLanguage\":\"pl-PL\",\"@id\":\"https:\/\/www.mojabochnia.pl\/#\/schema\/logo\/image\/\",\"url\":\"https:\/\/www.mojabochnia.pl\/wp-content\/uploads\/2017\/08\/logo-mb-opt.png\",\"contentUrl\":\"https:\/\/www.mojabochnia.pl\/wp-content\/uploads\/2017\/08\/logo-mb-opt.png\",\"width\":250,\"height\":48,\"caption\":\"mojabochnia.pl - portal informacyjny\"},\"image\":{\"@id\":\"https:\/\/www.mojabochnia.pl\/#\/schema\/logo\/image\/\"},\"sameAs\":[\"https:\/\/www.facebook.com\/mojabochnia\"]},{\"@type\":\"Person\",\"@id\":\"https:\/\/www.mojabochnia.pl\/#\/schema\/person\/ea042e4724a77627963f02166828ead4\",\"name\":\"Pawe\u0142 Michalczyk\",\"url\":\"https:\/\/www.mojabochnia.pl\/?author=4\"}]}<\/script>\n<!-- \/ Yoast SEO plugin. -->","yoast_head_json":{"title":"M\u0142odzie\u017c b\u0119dzie inspirowa\u0107 radnych powiatowych - mojabochnia.pl - portal informacyjny","robots":{"index":"index","follow":"follow","max-snippet":"max-snippet:-1","max-image-preview":"max-image-preview:large","max-video-preview":"max-video-preview:-1"},"canonical":"https:\/\/www.mojabochnia.pl\/?p=1809","og_locale":"pl_PL","og_type":"article","og_title":"M\u0142odzie\u017c b\u0119dzie inspirowa\u0107 radnych powiatowych - mojabochnia.pl - portal informacyjny","og_description":"W Bochni powstaje M\u0142odzie\u017cowa Rada Powiatu. O jej powo\u0142aniu zdecydowa\u0142 Zarz\u0105d Powiatu Boche\u0144skiego. Ma by\u0107 to cia\u0142o doradcze dla w\u0142a\u015bciwej rady, kt\u00f3ra systematycznie zbiera si\u0119, aby podejmowa\u0107 decyzje.","og_url":"https:\/\/www.mojabochnia.pl\/?p=1809","og_site_name":"mojabochnia.pl - portal informacyjny","article_publisher":"https:\/\/www.facebook.com\/mojabochnia","article_published_time":"2008-09-10T10:07:22+00:00","article_modified_time":"2008-10-01T09:08:32+00:00","author":"Pawe\u0142 Michalczyk","twitter_card":"summary_large_image","twitter_misc":{"Written by":"Pawe\u0142 Michalczyk","Est. reading time":"1 minuta"},"schema":{"@context":"https:\/\/schema.org","@graph":[{"@type":"Article","@id":"https:\/\/www.mojabochnia.pl\/?p=1809#article","isPartOf":{"@id":"https:\/\/www.mojabochnia.pl\/?p=1809"},"author":{"name":"Pawe\u0142 Michalczyk","@id":"https:\/\/www.mojabochnia.pl\/#\/schema\/person\/ea042e4724a77627963f02166828ead4"},"headline":"M\u0142odzie\u017c b\u0119dzie inspirowa\u0107 radnych powiatowych","datePublished":"2008-09-10T10:07:22+00:00","dateModified":"2008-10-01T09:08:32+00:00","mainEntityOfPage":{"@id":"https:\/\/www.mojabochnia.pl\/?p=1809"},"wordCount":164,"commentCount":0,"publisher":{"@id":"https:\/\/www.mojabochnia.pl\/#organization"},"keywords":["czas wolny","jacek paj\u0105k","kultura","m\u0142odzie\u017c","m\u0142odzie\u017cowa rada miejska","rada miejska","rada powiatu","rdn ma\u0142opolska","sport","zarz\u0105d powiatu"],"articleSection":["2_ostatnie"],"inLanguage":"pl-PL","potentialAction":[{"@type":"CommentAction","name":"Comment","target":["https:\/\/www.mojabochnia.pl\/?p=1809#respond"]}]},{"@type":"WebPage","@id":"https:\/\/www.mojabochnia.pl\/?p=1809","url":"https:\/\/www.mojabochnia.pl\/?p=1809","name":"M\u0142odzie\u017c b\u0119dzie inspirowa\u0107 radnych powiatowych - mojabochnia.pl - portal informacyjny","isPartOf":{"@id":"https:\/\/www.mojabochnia.pl\/#website"},"datePublished":"2008-09-10T10:07:22+00:00","dateModified":"2008-10-01T09:08:32+00:00","breadcrumb":{"@id":"https:\/\/www.mojabochnia.pl\/?p=1809#breadcrumb"},"inLanguage":"pl-PL","potentialAction":[{"@type":"ReadAction","target":["https:\/\/www.mojabochnia.pl\/?p=1809"]}]},{"@type":"BreadcrumbList","@id":"https:\/\/www.mojabochnia.pl\/?p=1809#breadcrumb","itemListElement":[{"@type":"ListItem","position":1,"name":"Home","item":"https:\/\/www.mojabochnia.pl\/"},{"@type":"ListItem","position":2,"name":"M\u0142odzie\u017c b\u0119dzie inspirowa\u0107 radnych powiatowych"}]},{"@type":"WebSite","@id":"https:\/\/www.mojabochnia.pl\/#website","url":"https:\/\/www.mojabochnia.pl\/","name":"mojabochnia.pl - portal informacyjny","description":"mojaBochnia to portal informacyjny o Bochni. Codziennie o Bochni piszemy i pokazujemy najwa\u017cniejsze wydarzenia","publisher":{"@id":"https:\/\/www.mojabochnia.pl\/#organization"},"potentialAction":[{"@type":"SearchAction","target":{"@type":"EntryPoint","urlTemplate":"https:\/\/www.mojabochnia.pl\/?s={search_term_string}"},"query-input":{"@type":"PropertyValueSpecification","valueRequired":true,"valueName":"search_term_string"}}],"inLanguage":"pl-PL"},{"@type":"Organization","@id":"https:\/\/www.mojabochnia.pl\/#organization","name":"mojabochnia.pl - portal informacyjny","url":"https:\/\/www.mojabochnia.pl\/","logo":{"@type":"ImageObject","inLanguage":"pl-PL","@id":"https:\/\/www.mojabochnia.pl\/#\/schema\/logo\/image\/","url":"https:\/\/www.mojabochnia.pl\/wp-content\/uploads\/2017\/08\/logo-mb-opt.png","contentUrl":"https:\/\/www.mojabochnia.pl\/wp-content\/uploads\/2017\/08\/logo-mb-opt.png","width":250,"height":48,"caption":"mojabochnia.pl - portal informacyjny"},"image":{"@id":"https:\/\/www.mojabochnia.pl\/#\/schema\/logo\/image\/"},"sameAs":["https:\/\/www.facebook.com\/mojabochnia"]},{"@type":"Person","@id":"https:\/\/www.mojabochnia.pl\/#\/schema\/person\/ea042e4724a77627963f02166828ead4","name":"Pawe\u0142 Michalczyk","url":"https:\/\/www.mojabochnia.pl\/?author=4"}]}},"_links":{"self":[{"href":"https:\/\/www.mojabochnia.pl\/index.php?rest_route=\/wp\/v2\/posts\/1809","targetHints":{"allow":["GET"]}}],"collection":[{"href":"https:\/\/www.mojabochnia.pl\/index.php?rest_route=\/wp\/v2\/posts"}],"about":[{"href":"https:\/\/www.mojabochnia.pl\/index.php?rest_route=\/wp\/v2\/types\/post"}],"author":[{"embeddable":true,"href":"https:\/\/www.mojabochnia.pl\/index.php?rest_route=\/wp\/v2\/users\/4"}],"replies":[{"embeddable":true,"href":"https:\/\/www.mojabochnia.pl\/index.php?rest_route=%2Fwp%2Fv2%2Fcomments&post=1809"}],"version-history":[{"count":0,"href":"https:\/\/www.mojabochnia.pl\/index.php?rest_route=\/wp\/v2\/posts\/1809\/revisions"}],"wp:attachment":[{"href":"https:\/\/www.mojabochnia.pl\/index.php?rest_route=%2Fwp%2Fv2%2Fmedia&parent=1809"}],"wp:term":[{"taxonomy":"category","embeddable":true,"href":"https:\/\/www.mojabochnia.pl\/index.php?rest_route=%2Fwp%2Fv2%2Fcategories&post=1809"},{"taxonomy":"post_tag","embeddable":true,"href":"https:\/\/www.mojabochnia.pl\/index.php?rest_route=%2Fwp%2Fv2%2Ftags&post=1809"}],"curies":[{"name":"wp","href":"https:\/\/api.w.org\/{rel}","templated":true}]}}