{"id":180603,"date":"2017-11-30T09:46:36","date_gmt":"2017-11-30T08:46:36","guid":{"rendered":"https:\/\/www.mojabochnia.pl\/?p=180603"},"modified":"2017-11-30T12:00:00","modified_gmt":"2017-11-30T11:00:00","slug":"schola-z-gierczyc-zbiera-fundusze-na-organizacje-koncertu-koled","status":"publish","type":"post","link":"https:\/\/www.mojabochnia.pl\/?p=180603","title":{"rendered":"Schola z Gierczyc zbiera fundusze na organizacj\u0119 koncertu kol\u0119d"},"content":{"rendered":"<p><strong>Po sukcesie styczniowego koncertu kol\u0119d, schola z parafii Gierczyce chce powt\u00f3rzy\u0107 to wydarzenie i zbiera fundusze na jego realizacj\u0119. Konkretnie chodzi o pieni\u0105dze na o\u015bwietlenie i nag\u0142o\u015bnienie. <\/strong><\/p>\n<p>Schola w Gierczycach dzia\u0142a od 2015 roku i ci\u0105gle si\u0119 rozwija. W styczniu w ko\u015bciele w Gierczycach zorganizowano koncert kol\u0119d z jej udzia\u0142em, a tak\u017ce udzia\u0142em scholi z Wieliczki. Wydarzenie, o kt\u00f3rym informowali\u015bmy na \u0142amach mojaBochnia.pl (<a href=\"https:\/\/www.mojabochnia.pl\/?p=165553\"><strong>TUTAJ<\/strong><\/a>) zosta\u0142o zarejestrowane i wydane na DVD. Cz\u0119\u015bciowo jest te\u017c obecny w sieci:<\/p>\n<p><iframe loading=\"lazy\" title=\"Koncert Kol\u0119d w Gierczycach\" width=\"640\" height=\"360\" src=\"https:\/\/www.youtube.com\/embed\/mCWPNOWtKdc?feature=oembed\" frameborder=\"0\" allow=\"accelerometer; autoplay; clipboard-write; encrypted-media; gyroscope; picture-in-picture; web-share\" referrerpolicy=\"strict-origin-when-cross-origin\" allowfullscreen><\/iframe><\/p>\n<p><em>By\u0142o spontanicznie, przyjacielsko, troch\u0119 amatorsko, troch\u0119 profesjonalnie. Nie mieli\u015bmy \u017cadnego do\u015bwiadczenia w przygotowywaniu tego typu imprez, ale bardzo chcieli\u015bmy spr\u00f3bowa\u0107. Wszystko przygotowali\u015bmy w\u0142asnymi si\u0142ami. A pracy by\u0142o ogromnie du\u017co. Zaprzyja\u017anieni muzycy zjechali jednego dnia na pr\u00f3b\u0119, kol\u0119dy wybierali\u015bmy na szybko, z tego co schola zna\u0142a <\/em>&#8211; pisz\u0105 tw\u00f3rcy.<\/p>\n<p>Na pocz\u0105tku 2018 roku planowany jest drugi koncert, o wi\u0119kszym rozmachu. <em>Naszym celem jest wyprodukowanie wydarzenia aspiruj\u0105cego rang\u0105 i poziomem do miana prawdziwego koncertu. B\u0119d\u0105cego czym\u015b innym ni\u017c znane dzieciom szkolne lub \u015bwietlicowe jase\u0142ka i kol\u0119dowania. Kt\u00f3re zar\u00f3wno pod wzgl\u0119dem nag\u0142o\u015bnienia i o\u015bwietlenia, na kt\u00f3re w tym miejscu zbieramy \u015brodki, a tak\u017ce pod wzgl\u0119dem wykonania b\u0119dzie prezentowa\u0142o wysoki poziom. W tym celu ju\u017c na pocz\u0105tku tego roku zorganizowali\u015bmy uczestnikom naszej scholi warsztaty wokalne z emisji g\u0142osu, warsztaty z muzykami, wsp\u00f3lne wyjazdy integracyjne po\u0142\u0105czone z pr\u00f3bami i mo\u017cliwo\u015b\u0107 wyst\u0119p\u00f3w przed publiczno\u015bci\u0105<\/em>.<\/p>\n<p>Przygotowania do koncertu trwaj\u0105 od pa\u017adziernika.<em> Poszerzyli\u015bmy znacznie zakres prac, bo ju\u017c wiemy jaki efekt chcemy osi\u0105gn\u0105\u0107. Du\u017co uwagi po\u015bwi\u0119cili\u015bmy na promocj\u0119 koncertu: przygotowanie plakat\u00f3w, indywidualnych zaprosze\u0144, pozyskanie patronatu medialnego<\/em>. <\/p>\n<p>Trwaj\u0105 pr\u00f3by z nauczycielem \u015bpiewu, a dzieci, graj\u0105ce na instrumentach (dwoje skrzypiec, akordeon i saksofon) \u0107wicz\u0105 z muzykiem, kt\u00f3ry aran\u017cuje z nimi poszczeg\u00f3lne utwory. <em>W grudniu \u0142\u0105czymy ju\u017c ch\u00f3r z solistami i muzykami i \u0107wiczymy razem, szlifujemy, aran\u017cujemy ca\u0142o\u015b\u0107. Same przygotowania s\u0105 ju\u017c niezwykle emocjonuj\u0105ce, dla nas organizator\u00f3w, ale przede wszystkim dla dzieci. A co dopiero sam koncert!<\/em><\/p>\n<p><iframe loading=\"lazy\" title=\"wypowiedzi odc1\" width=\"640\" height=\"360\" src=\"https:\/\/www.youtube.com\/embed\/syV8Eqi9msY?feature=oembed\" frameborder=\"0\" allow=\"accelerometer; autoplay; clipboard-write; encrypted-media; gyroscope; picture-in-picture; web-share\" referrerpolicy=\"strict-origin-when-cross-origin\" allowfullscreen><\/iframe><br \/>\n<iframe loading=\"lazy\" title=\"wypowiedzi odc2\" width=\"640\" height=\"360\" src=\"https:\/\/www.youtube.com\/embed\/A39aw-pCiAI?feature=oembed\" frameborder=\"0\" allow=\"accelerometer; autoplay; clipboard-write; encrypted-media; gyroscope; picture-in-picture; web-share\" referrerpolicy=\"strict-origin-when-cross-origin\" allowfullscreen><\/iframe><\/p>\n<p>https:\/\/www.facebook.com\/Gierczyce\/videos\/1930006477252457\/?hc_ref=ARRdAO4BGflPDFQPzDLTfbq3yN84BiKPWSgmWKawHRCmHTdpAamSKapVxZfHuSuSed0<\/p>\n<p>Pieni\u0105dze na organizacj\u0119 koncertu zbierane s\u0105 za po\u015brednictwem portalu crowdfundingowego PolakPotrafi.pl &#8211; <a onclick=\"javascript:pageTracker._trackPageview('\/outgoing\/polakpotrafi.pl\/projekt\/koncert-koled');\"  href=\"https:\/\/polakpotrafi.pl\/projekt\/koncert-koled\"><strong>TUTAJ<\/strong><\/a>.<\/p>\n","protected":false},"excerpt":{"rendered":"<p>Po sukcesie styczniowego koncertu kol\u0119d, schola z parafii Gierczyce chce powt\u00f3rzy\u0107 to wydarzenie i zbiera fundusze na jego realizacj\u0119. Konkretnie chodzi o pieni\u0105dze na o\u015bwietlenie i nag\u0142o\u015bnienie. Schola w Gierczycach dzia\u0142a od 2015 roku i ci\u0105gle si\u0119 rozwija. W styczniu w ko\u015bciele w Gierczycach zorganizowano koncert kol\u0119d z jej udzia\u0142em, a tak\u017ce udzia\u0142em scholi z<\/p>\n","protected":false},"author":4,"featured_media":165587,"comment_status":"open","ping_status":"closed","sticky":false,"template":"","format":"standard","meta":{"_acf_changed":false,"footnotes":""},"categories":[1342],"tags":[17217,17569,10599,12857],"class_list":["post-180603","post","type-post","status-publish","format-standard","has-post-thumbnail","hentry","category-zycie-religijne","tag-gierczyce","tag-koledy","tag-koncert-koled","tag-schola","main_tag-gierczyce"],"acf":[],"yoast_head":"<!-- This site is optimized with the Yoast SEO plugin v26.9 - https:\/\/yoast.com\/product\/yoast-seo-wordpress\/ -->\n<title>Schola z Gierczyc zbiera fundusze na organizacj\u0119 koncertu kol\u0119d - mojabochnia.pl - portal informacyjny<\/title>\n<meta name=\"robots\" content=\"index, follow, max-snippet:-1, max-image-preview:large, max-video-preview:-1\" \/>\n<link rel=\"canonical\" href=\"https:\/\/www.mojabochnia.pl\/?p=180603\" \/>\n<meta property=\"og:locale\" content=\"pl_PL\" \/>\n<meta property=\"og:type\" content=\"article\" \/>\n<meta property=\"og:title\" content=\"Schola z Gierczyc zbiera fundusze na organizacj\u0119 koncertu kol\u0119d - mojabochnia.pl - portal informacyjny\" \/>\n<meta property=\"og:description\" content=\"Po sukcesie styczniowego koncertu kol\u0119d, schola z parafii Gierczyce chce powt\u00f3rzy\u0107 to wydarzenie i zbiera fundusze na jego realizacj\u0119. Konkretnie chodzi o pieni\u0105dze na o\u015bwietlenie i nag\u0142o\u015bnienie. Schola w Gierczycach dzia\u0142a od 2015 roku i ci\u0105gle si\u0119 rozwija. W styczniu w ko\u015bciele w Gierczycach zorganizowano koncert kol\u0119d z jej udzia\u0142em, a tak\u017ce udzia\u0142em scholi z\" \/>\n<meta property=\"og:url\" content=\"https:\/\/www.mojabochnia.pl\/?p=180603\" \/>\n<meta property=\"og:site_name\" content=\"mojabochnia.pl - portal informacyjny\" \/>\n<meta property=\"article:publisher\" content=\"https:\/\/www.facebook.com\/mojabochnia\" \/>\n<meta property=\"article:published_time\" content=\"2017-11-30T08:46:36+00:00\" \/>\n<meta property=\"article:modified_time\" content=\"2017-11-30T11:00:00+00:00\" \/>\n<meta property=\"og:image\" content=\"https:\/\/www.mojabochnia.pl\/wp-content\/uploads\/2017\/01\/IMG_9014.jpg\" \/>\n\t<meta property=\"og:image:width\" content=\"800\" \/>\n\t<meta property=\"og:image:height\" content=\"534\" \/>\n\t<meta property=\"og:image:type\" content=\"image\/jpeg\" \/>\n<meta name=\"author\" content=\"Pawe\u0142 Michalczyk\" \/>\n<meta name=\"twitter:card\" content=\"summary_large_image\" \/>\n<meta name=\"twitter:label1\" content=\"Written by\" \/>\n\t<meta name=\"twitter:data1\" content=\"Pawe\u0142 Michalczyk\" \/>\n\t<meta name=\"twitter:label2\" content=\"Est. reading time\" \/>\n\t<meta name=\"twitter:data2\" content=\"2 minuty\" \/>\n<script type=\"application\/ld+json\" class=\"yoast-schema-graph\">{\"@context\":\"https:\/\/schema.org\",\"@graph\":[{\"@type\":\"Article\",\"@id\":\"https:\/\/www.mojabochnia.pl\/?p=180603#article\",\"isPartOf\":{\"@id\":\"https:\/\/www.mojabochnia.pl\/?p=180603\"},\"author\":{\"name\":\"Pawe\u0142 Michalczyk\",\"@id\":\"https:\/\/www.mojabochnia.pl\/#\/schema\/person\/ea042e4724a77627963f02166828ead4\"},\"headline\":\"Schola z Gierczyc zbiera fundusze na organizacj\u0119 koncertu kol\u0119d\",\"datePublished\":\"2017-11-30T08:46:36+00:00\",\"dateModified\":\"2017-11-30T11:00:00+00:00\",\"mainEntityOfPage\":{\"@id\":\"https:\/\/www.mojabochnia.pl\/?p=180603\"},\"wordCount\":442,\"commentCount\":0,\"publisher\":{\"@id\":\"https:\/\/www.mojabochnia.pl\/#organization\"},\"image\":{\"@id\":\"https:\/\/www.mojabochnia.pl\/?p=180603#primaryimage\"},\"thumbnailUrl\":\"https:\/\/www.mojabochnia.pl\/wp-content\/uploads\/2017\/01\/IMG_9014.jpg\",\"keywords\":[\"gierczyce\",\"kol\u0119dy\",\"koncert kol\u0119d\",\"schola\"],\"articleSection\":[\"\u017bycie religijne\"],\"inLanguage\":\"pl-PL\",\"potentialAction\":[{\"@type\":\"CommentAction\",\"name\":\"Comment\",\"target\":[\"https:\/\/www.mojabochnia.pl\/?p=180603#respond\"]}]},{\"@type\":\"WebPage\",\"@id\":\"https:\/\/www.mojabochnia.pl\/?p=180603\",\"url\":\"https:\/\/www.mojabochnia.pl\/?p=180603\",\"name\":\"Schola z Gierczyc zbiera fundusze na organizacj\u0119 koncertu kol\u0119d - mojabochnia.pl - portal informacyjny\",\"isPartOf\":{\"@id\":\"https:\/\/www.mojabochnia.pl\/#website\"},\"primaryImageOfPage\":{\"@id\":\"https:\/\/www.mojabochnia.pl\/?p=180603#primaryimage\"},\"image\":{\"@id\":\"https:\/\/www.mojabochnia.pl\/?p=180603#primaryimage\"},\"thumbnailUrl\":\"https:\/\/www.mojabochnia.pl\/wp-content\/uploads\/2017\/01\/IMG_9014.jpg\",\"datePublished\":\"2017-11-30T08:46:36+00:00\",\"dateModified\":\"2017-11-30T11:00:00+00:00\",\"breadcrumb\":{\"@id\":\"https:\/\/www.mojabochnia.pl\/?p=180603#breadcrumb\"},\"inLanguage\":\"pl-PL\",\"potentialAction\":[{\"@type\":\"ReadAction\",\"target\":[\"https:\/\/www.mojabochnia.pl\/?p=180603\"]}]},{\"@type\":\"ImageObject\",\"inLanguage\":\"pl-PL\",\"@id\":\"https:\/\/www.mojabochnia.pl\/?p=180603#primaryimage\",\"url\":\"https:\/\/www.mojabochnia.pl\/wp-content\/uploads\/2017\/01\/IMG_9014.jpg\",\"contentUrl\":\"https:\/\/www.mojabochnia.pl\/wp-content\/uploads\/2017\/01\/IMG_9014.jpg\",\"width\":800,\"height\":534,\"caption\":\"Pawe\u0142 Michalczyk\"},{\"@type\":\"BreadcrumbList\",\"@id\":\"https:\/\/www.mojabochnia.pl\/?p=180603#breadcrumb\",\"itemListElement\":[{\"@type\":\"ListItem\",\"position\":1,\"name\":\"Home\",\"item\":\"https:\/\/www.mojabochnia.pl\/\"},{\"@type\":\"ListItem\",\"position\":2,\"name\":\"Schola z Gierczyc zbiera fundusze na organizacj\u0119 koncertu kol\u0119d\"}]},{\"@type\":\"WebSite\",\"@id\":\"https:\/\/www.mojabochnia.pl\/#website\",\"url\":\"https:\/\/www.mojabochnia.pl\/\",\"name\":\"mojabochnia.pl - portal informacyjny\",\"description\":\"mojaBochnia to portal informacyjny o Bochni. Codziennie o Bochni piszemy i pokazujemy najwa\u017cniejsze wydarzenia\",\"publisher\":{\"@id\":\"https:\/\/www.mojabochnia.pl\/#organization\"},\"potentialAction\":[{\"@type\":\"SearchAction\",\"target\":{\"@type\":\"EntryPoint\",\"urlTemplate\":\"https:\/\/www.mojabochnia.pl\/?s={search_term_string}\"},\"query-input\":{\"@type\":\"PropertyValueSpecification\",\"valueRequired\":true,\"valueName\":\"search_term_string\"}}],\"inLanguage\":\"pl-PL\"},{\"@type\":\"Organization\",\"@id\":\"https:\/\/www.mojabochnia.pl\/#organization\",\"name\":\"mojabochnia.pl - portal informacyjny\",\"url\":\"https:\/\/www.mojabochnia.pl\/\",\"logo\":{\"@type\":\"ImageObject\",\"inLanguage\":\"pl-PL\",\"@id\":\"https:\/\/www.mojabochnia.pl\/#\/schema\/logo\/image\/\",\"url\":\"https:\/\/www.mojabochnia.pl\/wp-content\/uploads\/2017\/08\/logo-mb-opt.png\",\"contentUrl\":\"https:\/\/www.mojabochnia.pl\/wp-content\/uploads\/2017\/08\/logo-mb-opt.png\",\"width\":250,\"height\":48,\"caption\":\"mojabochnia.pl - portal informacyjny\"},\"image\":{\"@id\":\"https:\/\/www.mojabochnia.pl\/#\/schema\/logo\/image\/\"},\"sameAs\":[\"https:\/\/www.facebook.com\/mojabochnia\"]},{\"@type\":\"Person\",\"@id\":\"https:\/\/www.mojabochnia.pl\/#\/schema\/person\/ea042e4724a77627963f02166828ead4\",\"name\":\"Pawe\u0142 Michalczyk\",\"url\":\"https:\/\/www.mojabochnia.pl\/?author=4\"}]}<\/script>\n<!-- \/ Yoast SEO plugin. -->","yoast_head_json":{"title":"Schola z Gierczyc zbiera fundusze na organizacj\u0119 koncertu kol\u0119d - mojabochnia.pl - portal informacyjny","robots":{"index":"index","follow":"follow","max-snippet":"max-snippet:-1","max-image-preview":"max-image-preview:large","max-video-preview":"max-video-preview:-1"},"canonical":"https:\/\/www.mojabochnia.pl\/?p=180603","og_locale":"pl_PL","og_type":"article","og_title":"Schola z Gierczyc zbiera fundusze na organizacj\u0119 koncertu kol\u0119d - mojabochnia.pl - portal informacyjny","og_description":"Po sukcesie styczniowego koncertu kol\u0119d, schola z parafii Gierczyce chce powt\u00f3rzy\u0107 to wydarzenie i zbiera fundusze na jego realizacj\u0119. Konkretnie chodzi o pieni\u0105dze na o\u015bwietlenie i nag\u0142o\u015bnienie. Schola w Gierczycach dzia\u0142a od 2015 roku i ci\u0105gle si\u0119 rozwija. W styczniu w ko\u015bciele w Gierczycach zorganizowano koncert kol\u0119d z jej udzia\u0142em, a tak\u017ce udzia\u0142em scholi z","og_url":"https:\/\/www.mojabochnia.pl\/?p=180603","og_site_name":"mojabochnia.pl - portal informacyjny","article_publisher":"https:\/\/www.facebook.com\/mojabochnia","article_published_time":"2017-11-30T08:46:36+00:00","article_modified_time":"2017-11-30T11:00:00+00:00","og_image":[{"width":800,"height":534,"url":"https:\/\/www.mojabochnia.pl\/wp-content\/uploads\/2017\/01\/IMG_9014.jpg","type":"image\/jpeg"}],"author":"Pawe\u0142 Michalczyk","twitter_card":"summary_large_image","twitter_misc":{"Written by":"Pawe\u0142 Michalczyk","Est. reading time":"2 minuty"},"schema":{"@context":"https:\/\/schema.org","@graph":[{"@type":"Article","@id":"https:\/\/www.mojabochnia.pl\/?p=180603#article","isPartOf":{"@id":"https:\/\/www.mojabochnia.pl\/?p=180603"},"author":{"name":"Pawe\u0142 Michalczyk","@id":"https:\/\/www.mojabochnia.pl\/#\/schema\/person\/ea042e4724a77627963f02166828ead4"},"headline":"Schola z Gierczyc zbiera fundusze na organizacj\u0119 koncertu kol\u0119d","datePublished":"2017-11-30T08:46:36+00:00","dateModified":"2017-11-30T11:00:00+00:00","mainEntityOfPage":{"@id":"https:\/\/www.mojabochnia.pl\/?p=180603"},"wordCount":442,"commentCount":0,"publisher":{"@id":"https:\/\/www.mojabochnia.pl\/#organization"},"image":{"@id":"https:\/\/www.mojabochnia.pl\/?p=180603#primaryimage"},"thumbnailUrl":"https:\/\/www.mojabochnia.pl\/wp-content\/uploads\/2017\/01\/IMG_9014.jpg","keywords":["gierczyce","kol\u0119dy","koncert kol\u0119d","schola"],"articleSection":["\u017bycie religijne"],"inLanguage":"pl-PL","potentialAction":[{"@type":"CommentAction","name":"Comment","target":["https:\/\/www.mojabochnia.pl\/?p=180603#respond"]}]},{"@type":"WebPage","@id":"https:\/\/www.mojabochnia.pl\/?p=180603","url":"https:\/\/www.mojabochnia.pl\/?p=180603","name":"Schola z Gierczyc zbiera fundusze na organizacj\u0119 koncertu kol\u0119d - mojabochnia.pl - portal informacyjny","isPartOf":{"@id":"https:\/\/www.mojabochnia.pl\/#website"},"primaryImageOfPage":{"@id":"https:\/\/www.mojabochnia.pl\/?p=180603#primaryimage"},"image":{"@id":"https:\/\/www.mojabochnia.pl\/?p=180603#primaryimage"},"thumbnailUrl":"https:\/\/www.mojabochnia.pl\/wp-content\/uploads\/2017\/01\/IMG_9014.jpg","datePublished":"2017-11-30T08:46:36+00:00","dateModified":"2017-11-30T11:00:00+00:00","breadcrumb":{"@id":"https:\/\/www.mojabochnia.pl\/?p=180603#breadcrumb"},"inLanguage":"pl-PL","potentialAction":[{"@type":"ReadAction","target":["https:\/\/www.mojabochnia.pl\/?p=180603"]}]},{"@type":"ImageObject","inLanguage":"pl-PL","@id":"https:\/\/www.mojabochnia.pl\/?p=180603#primaryimage","url":"https:\/\/www.mojabochnia.pl\/wp-content\/uploads\/2017\/01\/IMG_9014.jpg","contentUrl":"https:\/\/www.mojabochnia.pl\/wp-content\/uploads\/2017\/01\/IMG_9014.jpg","width":800,"height":534,"caption":"Pawe\u0142 Michalczyk"},{"@type":"BreadcrumbList","@id":"https:\/\/www.mojabochnia.pl\/?p=180603#breadcrumb","itemListElement":[{"@type":"ListItem","position":1,"name":"Home","item":"https:\/\/www.mojabochnia.pl\/"},{"@type":"ListItem","position":2,"name":"Schola z Gierczyc zbiera fundusze na organizacj\u0119 koncertu kol\u0119d"}]},{"@type":"WebSite","@id":"https:\/\/www.mojabochnia.pl\/#website","url":"https:\/\/www.mojabochnia.pl\/","name":"mojabochnia.pl - portal informacyjny","description":"mojaBochnia to portal informacyjny o Bochni. Codziennie o Bochni piszemy i pokazujemy najwa\u017cniejsze wydarzenia","publisher":{"@id":"https:\/\/www.mojabochnia.pl\/#organization"},"potentialAction":[{"@type":"SearchAction","target":{"@type":"EntryPoint","urlTemplate":"https:\/\/www.mojabochnia.pl\/?s={search_term_string}"},"query-input":{"@type":"PropertyValueSpecification","valueRequired":true,"valueName":"search_term_string"}}],"inLanguage":"pl-PL"},{"@type":"Organization","@id":"https:\/\/www.mojabochnia.pl\/#organization","name":"mojabochnia.pl - portal informacyjny","url":"https:\/\/www.mojabochnia.pl\/","logo":{"@type":"ImageObject","inLanguage":"pl-PL","@id":"https:\/\/www.mojabochnia.pl\/#\/schema\/logo\/image\/","url":"https:\/\/www.mojabochnia.pl\/wp-content\/uploads\/2017\/08\/logo-mb-opt.png","contentUrl":"https:\/\/www.mojabochnia.pl\/wp-content\/uploads\/2017\/08\/logo-mb-opt.png","width":250,"height":48,"caption":"mojabochnia.pl - portal informacyjny"},"image":{"@id":"https:\/\/www.mojabochnia.pl\/#\/schema\/logo\/image\/"},"sameAs":["https:\/\/www.facebook.com\/mojabochnia"]},{"@type":"Person","@id":"https:\/\/www.mojabochnia.pl\/#\/schema\/person\/ea042e4724a77627963f02166828ead4","name":"Pawe\u0142 Michalczyk","url":"https:\/\/www.mojabochnia.pl\/?author=4"}]}},"_links":{"self":[{"href":"https:\/\/www.mojabochnia.pl\/index.php?rest_route=\/wp\/v2\/posts\/180603","targetHints":{"allow":["GET"]}}],"collection":[{"href":"https:\/\/www.mojabochnia.pl\/index.php?rest_route=\/wp\/v2\/posts"}],"about":[{"href":"https:\/\/www.mojabochnia.pl\/index.php?rest_route=\/wp\/v2\/types\/post"}],"author":[{"embeddable":true,"href":"https:\/\/www.mojabochnia.pl\/index.php?rest_route=\/wp\/v2\/users\/4"}],"replies":[{"embeddable":true,"href":"https:\/\/www.mojabochnia.pl\/index.php?rest_route=%2Fwp%2Fv2%2Fcomments&post=180603"}],"version-history":[{"count":4,"href":"https:\/\/www.mojabochnia.pl\/index.php?rest_route=\/wp\/v2\/posts\/180603\/revisions"}],"predecessor-version":[{"id":180608,"href":"https:\/\/www.mojabochnia.pl\/index.php?rest_route=\/wp\/v2\/posts\/180603\/revisions\/180608"}],"wp:featuredmedia":[{"embeddable":true,"href":"https:\/\/www.mojabochnia.pl\/index.php?rest_route=\/wp\/v2\/media\/165587"}],"wp:attachment":[{"href":"https:\/\/www.mojabochnia.pl\/index.php?rest_route=%2Fwp%2Fv2%2Fmedia&parent=180603"}],"wp:term":[{"taxonomy":"category","embeddable":true,"href":"https:\/\/www.mojabochnia.pl\/index.php?rest_route=%2Fwp%2Fv2%2Fcategories&post=180603"},{"taxonomy":"post_tag","embeddable":true,"href":"https:\/\/www.mojabochnia.pl\/index.php?rest_route=%2Fwp%2Fv2%2Ftags&post=180603"}],"curies":[{"name":"wp","href":"https:\/\/api.w.org\/{rel}","templated":true}]}}