{"id":180582,"date":"2017-11-30T09:37:54","date_gmt":"2017-11-30T08:37:54","guid":{"rendered":"https:\/\/www.mojabochnia.pl\/?p=180582"},"modified":"2017-11-29T17:39:59","modified_gmt":"2017-11-29T16:39:59","slug":"prawie-1-mln-zl-na-remont-magistratu-maja-na-to-pieniadze-bo-sciagna-od-ludzi","status":"publish","type":"post","link":"https:\/\/www.mojabochnia.pl\/?p=180582","title":{"rendered":"Prawie 1 mln z\u0142 na remont magistratu. &#8222;Maj\u0105 na to pieni\u0105dze, bo \u015bci\u0105gn\u0105 od ludzi&#8221;"},"content":{"rendered":"<p><strong>Boche\u0144ski magistrat planuje w przysz\u0142ym roku remont swojej siedziby za blisko 1 mln z\u0142. Przygotowania do niego rozpocz\u0119to ju\u017c w tym roku, wykonuj\u0105c odwodnienie i osuszanie \u015bcian, a tak\u017ce wymian\u0119 drzwi. Mieszka\u0144cy Bochni na wie\u015b\u0107 o tym, \u017ce tak poka\u017ana suma ma by\u0107 przeznaczona na remont siedziby urz\u0119du reaguj\u0105 dosy\u0107 stanowczo.<\/strong><\/p>\n<p><em>Oni tylko patrz\u0105, \u017ceby zarobi\u0107 du\u017co pieni\u0119dzy, co chwil\u0119 podnosz\u0105 czynsz, cen\u0119 wody. Maj\u0105 na to pieni\u0105dze, bo \u015bci\u0105gn\u0105 od ludzi. Rozkopane drogi bardziej daj\u0105 w ko\u015b\u0107. Parkingi bardziej by s\u0142u\u017cy\u0142y, bo elewacja to jest kwestia wizualna, a parkingi s\u0142u\u017c\u0105. Tutaj nie mam w\u0105tpliwo\u015bci, co jest priorytetem<\/em> \u2013 m\u00f3wi\u0105 mieszka\u0144cy. <\/p>\n<p>Inwestycja ma obejmowa\u0107 remont elewacji zar\u00f3wno wewn\u0105trz (dziedziniec) jak i na zewn\u0105trz wszystkich budynk\u00f3w, \u0142\u0105cznie z budynkiem, w kt\u00f3rym ma siedzib\u0119 BZUK. Zostanie tak\u017ce u\u0142o\u017cona kostka na dziedzi\u0144cu wewn\u0119trznym magistratu.<\/p>\n<figure id=\"attachment_180591\" aria-describedby=\"caption-attachment-180591\" style=\"width: 468px\" class=\"wp-caption alignnone\"><a onclick=\"javascript:pageTracker._trackPageview('\/downloads\/wp-content\/uploads\/2017\/11\/IMG_9944.jpg');\"  href=\"https:\/\/www.mojabochnia.pl\/wp-content\/uploads\/2017\/11\/IMG_9944.jpg\"><img loading=\"lazy\" decoding=\"async\" src=\"https:\/\/www.mojabochnia.pl\/wp-content\/uploads\/2017\/11\/IMG_9944-468x312.jpg\" alt=\"\" width=\"468\" height=\"312\" class=\"size-medium wp-image-180591\" srcset=\"https:\/\/www.mojabochnia.pl\/wp-content\/uploads\/2017\/11\/IMG_9944-468x312.jpg 468w, https:\/\/www.mojabochnia.pl\/wp-content\/uploads\/2017\/11\/IMG_9944-120x80.jpg 120w, https:\/\/www.mojabochnia.pl\/wp-content\/uploads\/2017\/11\/IMG_9944-768x512.jpg 768w, https:\/\/www.mojabochnia.pl\/wp-content\/uploads\/2017\/11\/IMG_9944-660x440.jpg 660w, https:\/\/www.mojabochnia.pl\/wp-content\/uploads\/2017\/11\/IMG_9944.jpg 1000w\" sizes=\"auto, (max-width: 468px) 100vw, 468px\" \/><\/a><figcaption id=\"caption-attachment-180591\" class=\"wp-caption-text\">Pawe\u0142 Michalczyk<\/figcaption><\/figure>\n<p>Burmistrz Stefan Kolawi\u0144ski wyja\u015bnia, \u017ce remont magistratu by\u0142 planowany od dawna. <em>Nie jest to moja prywatna siedziba, tylko siedziba urz\u0119du miasta. Remont by\u0142 planowany od wielu lat, odk\u0142adany ze wzgl\u0119du na r\u00f3\u017cne okoliczno\u015bci, kt\u00f3re by\u0142y pilniejsze do realizacji<\/em>. <\/p>\n<p>Gospodarz Bochni dodaje, \u017ce chodzi nie tylko o wzgl\u0119dy wizualne, ale r\u00f3wnie\u017c o bezpiecze\u0144stwo przechodni\u00f3w. <em>Je\u017celi gzymsy lec\u0105 na g\u0142owy przechodni\u00f3w, a tak si\u0119 ju\u017c zdarza\u0142o, to znaczy \u017ce naprawd\u0119 jest to ju\u017c ostatni sygna\u0142, \u017ceby zabezpieczy\u0107 budynek przed jakimi\u015b nieszcz\u0119\u015bliwymi zdarzeniami<\/em>.<\/p>\n<p>Radny Piotr Dziurdzia, przewodnicz\u0105cy komisji rozwoju gospodarczego, bud\u017cetu i finans\u00f3w, poproszony o komentarz do planowanego remontu magistratu, m\u00f3wi. <em>Z list\u0105 zaproponowanych w projekcie bud\u017cetu inwestycji jest tak, \u017ce nie mo\u017cna powiedzie\u0107 o \u017cadnej z nich \u017ce nie jest potrzebna. To, czy znalaz\u0142a si\u0119 na niej ta czy inna inwestycja jest kwesti\u0105 priorytet\u00f3w burmistrza, jako autora tego dokumentu. Wiem, \u017ce remont elewacji magistratu wzbudza kontrowersje, podziwiam i szanuj\u0119 odwag\u0119 pana burmistrza, \u017ce zaplanowa\u0142 taki wydatek  akurat w roku wyborczym, bo nie jest on dla niego &#8222;politycznie korzystny&#8221; z wiadomych wzgl\u0119d\u00f3w. Z drugiej jednak strony, o remoncie zewn\u0119trznej cz\u0119\u015bci magistratu m\u00f3wi si\u0119 ju\u017c od wielu lat; cz\u0119\u015b\u0107 prac odwadniaj\u0105cych zosta\u0142a nawet przeprowadzona ju\u017c w tym roku, dodatkowo ma zosta\u0107 zamontowana winda. Staram si\u0119 w tym przypadku rozumie\u0107 racje burmistrza; my\u015bl\u0119 te\u017c, \u017ce przy okazji (w ko\u0144cu!), dziedziniec magistratu zmieni sw\u0105 i\u015bcie wi\u0119zienn\u0105 form\u0119 na troch\u0119 bardziej cywilizowan\u0105<\/em> \u2013 komentuje radny Piotr Dziurdzia.<\/p>\n<p><em>Ta inwestycja by\u0142aby zrobiona wcze\u015bniej, ale trzeba by\u0142o uzyska\u0107 wszelkie pozwolenia i zgody, je\u017celi chodzi o konserwatora zabytk\u00f3w. Jest to budynek zabytkowy i wszelkie prace musz\u0105 by\u0107 pod nadzorem konserwatora. Mieli\u015bmy ju\u017c problemy z wykonaniem osuszenia \u015bcian, zabezpieczenia ich przed wilgoci\u0105. By\u0142y to pierwsze prace, kt\u00f3re trzeba by\u0142o wykona\u0107 i uda\u0142o si\u0119 to zrobi\u0107 w tym roku i konsekwencj\u0105 jest wykonanie elewacji<\/em> \u2013 m\u00f3wi Andrzej Koprowski z wydzia\u0142u promocji miasta.  <\/p>\n<figure id=\"attachment_180590\" aria-describedby=\"caption-attachment-180590\" style=\"width: 468px\" class=\"wp-caption alignnone\"><a onclick=\"javascript:pageTracker._trackPageview('\/downloads\/wp-content\/uploads\/2017\/11\/IMG_9942.jpg');\"  href=\"https:\/\/www.mojabochnia.pl\/wp-content\/uploads\/2017\/11\/IMG_9942.jpg\"><img loading=\"lazy\" decoding=\"async\" src=\"https:\/\/www.mojabochnia.pl\/wp-content\/uploads\/2017\/11\/IMG_9942-468x312.jpg\" alt=\"\" width=\"468\" height=\"312\" class=\"size-medium wp-image-180590\" srcset=\"https:\/\/www.mojabochnia.pl\/wp-content\/uploads\/2017\/11\/IMG_9942-468x312.jpg 468w, https:\/\/www.mojabochnia.pl\/wp-content\/uploads\/2017\/11\/IMG_9942-120x80.jpg 120w, https:\/\/www.mojabochnia.pl\/wp-content\/uploads\/2017\/11\/IMG_9942-768x512.jpg 768w, https:\/\/www.mojabochnia.pl\/wp-content\/uploads\/2017\/11\/IMG_9942-660x440.jpg 660w, https:\/\/www.mojabochnia.pl\/wp-content\/uploads\/2017\/11\/IMG_9942.jpg 1000w\" sizes=\"auto, (max-width: 468px) 100vw, 468px\" \/><\/a><figcaption id=\"caption-attachment-180590\" class=\"wp-caption-text\">Pawe\u0142 Michalczyk<\/figcaption><\/figure>\n<p>O tym, czy kwota 990 tys. z\u0142, zapisana w projekcie bud\u017cetu, zostanie zachowana, zdecyduj\u0105 radni podczas g\u0142osowania uchwa\u0142y bud\u017cetowej. Nast\u0105pi to najpewniej pod koniec grudnia.<\/p>\n\t  \r\n\t\r\n\t    <div class=\"mb-gallery\">\r\n\t    <a href=\"https:\/\/www.mojabochnia.pl\/?attachment_id=180586\" class=\"\"><img loading=\"lazy\" decoding=\"async\" width=\"100\" height=\"100\" src=\"https:\/\/www.mojabochnia.pl\/wp-content\/uploads\/2017\/11\/IMG_9921-100x100.jpg\" class=\"attachment-100x100 size-100x100\" alt=\"\" \/><\/a><a href=\"https:\/\/www.mojabochnia.pl\/?attachment_id=180587\" class=\"\"><img loading=\"lazy\" decoding=\"async\" width=\"100\" height=\"100\" src=\"https:\/\/www.mojabochnia.pl\/wp-content\/uploads\/2017\/11\/IMG_9922-100x100.jpg\" class=\"attachment-100x100 size-100x100\" alt=\"\" \/><\/a><a href=\"https:\/\/www.mojabochnia.pl\/?attachment_id=180588\" class=\"\"><img loading=\"lazy\" decoding=\"async\" width=\"100\" height=\"100\" src=\"https:\/\/www.mojabochnia.pl\/wp-content\/uploads\/2017\/11\/IMG_9925-100x100.jpg\" class=\"attachment-100x100 size-100x100\" alt=\"\" \/><\/a><a href=\"https:\/\/www.mojabochnia.pl\/?attachment_id=180589\" class=\"\"><img loading=\"lazy\" decoding=\"async\" width=\"100\" height=\"100\" src=\"https:\/\/www.mojabochnia.pl\/wp-content\/uploads\/2017\/11\/IMG_9940-100x100.jpg\" class=\"attachment-100x100 size-100x100\" alt=\"\" \/><\/a><a href=\"https:\/\/www.mojabochnia.pl\/?attachment_id=180590\" class=\"\"><img loading=\"lazy\" decoding=\"async\" width=\"100\" height=\"100\" src=\"https:\/\/www.mojabochnia.pl\/wp-content\/uploads\/2017\/11\/IMG_9942-100x100.jpg\" class=\"attachment-100x100 size-100x100\" alt=\"\" \/><\/a><a href=\"https:\/\/www.mojabochnia.pl\/?attachment_id=180591\" class=\"\"><img loading=\"lazy\" decoding=\"async\" width=\"100\" height=\"100\" src=\"https:\/\/www.mojabochnia.pl\/wp-content\/uploads\/2017\/11\/IMG_9944-100x100.jpg\" class=\"attachment-100x100 size-100x100\" alt=\"\" \/><\/a><a href=\"https:\/\/www.mojabochnia.pl\/?attachment_id=180592\" class=\"\"><img loading=\"lazy\" decoding=\"async\" width=\"100\" height=\"100\" src=\"https:\/\/www.mojabochnia.pl\/wp-content\/uploads\/2017\/11\/IMG_9945-100x100.jpg\" class=\"attachment-100x100 size-100x100\" alt=\"\" \/><\/a><a href=\"https:\/\/www.mojabochnia.pl\/?attachment_id=180593\" class=\"\"><img loading=\"lazy\" decoding=\"async\" width=\"100\" height=\"100\" src=\"https:\/\/www.mojabochnia.pl\/wp-content\/uploads\/2017\/11\/IMG_9946-100x100.jpg\" class=\"attachment-100x100 size-100x100\" alt=\"\" \/><\/a><a href=\"https:\/\/www.mojabochnia.pl\/?attachment_id=180594\" class=\"\"><img loading=\"lazy\" decoding=\"async\" width=\"100\" height=\"100\" src=\"https:\/\/www.mojabochnia.pl\/wp-content\/uploads\/2017\/11\/IMG_9947-100x100.jpg\" class=\"attachment-100x100 size-100x100\" alt=\"\" \/><\/a><a href=\"https:\/\/www.mojabochnia.pl\/?attachment_id=180595\" class=\"\"><img loading=\"lazy\" decoding=\"async\" width=\"100\" height=\"100\" src=\"https:\/\/www.mojabochnia.pl\/wp-content\/uploads\/2017\/11\/IMG_9948-100x100.jpg\" class=\"attachment-100x100 size-100x100\" alt=\"\" \/><\/a><a href=\"https:\/\/www.mojabochnia.pl\/?attachment_id=180596\" class=\"\"><img loading=\"lazy\" decoding=\"async\" width=\"100\" height=\"100\" src=\"https:\/\/www.mojabochnia.pl\/wp-content\/uploads\/2017\/11\/IMG_9950-100x100.jpg\" class=\"attachment-100x100 size-100x100\" alt=\"\" \/><\/a>\t    <\/div>\r\n\t    ","protected":false},"excerpt":{"rendered":"<p>Boche\u0144ski magistrat planuje w przysz\u0142ym roku remont swojej siedziby za blisko 1 mln z\u0142. Przygotowania do niego rozpocz\u0119to ju\u017c w tym roku, wykonuj\u0105c odwodnienie i osuszanie \u015bcian, a tak\u017ce wymian\u0119 drzwi. Mieszka\u0144cy Bochni na wie\u015b\u0107 o tym, \u017ce tak poka\u017ana suma ma by\u0107 przeznaczona na remont siedziby urz\u0119du reaguj\u0105 dosy\u0107 stanowczo. Oni tylko patrz\u0105, \u017ceby<\/p>\n","protected":false},"author":4,"featured_media":180586,"comment_status":"open","ping_status":"closed","sticky":false,"template":"","format":"standard","meta":{"_acf_changed":false,"footnotes":""},"categories":[6251],"tags":[17421,683,17686,19720,17972],"class_list":["post-180582","post","type-post","status-publish","format-standard","has-post-thumbnail","hentry","category-polityka-i-wydarzenia","tag-burmistrz","tag-elewacja","tag-magistrat","tag-top-temat","tag-urzad-miasta-bochnia","main_tag-urzad"],"acf":[],"yoast_head":"<!-- This site is optimized with the Yoast SEO plugin v26.9 - https:\/\/yoast.com\/product\/yoast-seo-wordpress\/ -->\n<title>Prawie 1 mln z\u0142 na remont magistratu. &quot;Maj\u0105 na to pieni\u0105dze, bo \u015bci\u0105gn\u0105 od ludzi&quot; - mojabochnia.pl - portal informacyjny<\/title>\n<meta name=\"robots\" content=\"index, follow, max-snippet:-1, max-image-preview:large, max-video-preview:-1\" \/>\n<link rel=\"canonical\" href=\"https:\/\/www.mojabochnia.pl\/?p=180582\" \/>\n<meta property=\"og:locale\" content=\"pl_PL\" \/>\n<meta property=\"og:type\" content=\"article\" \/>\n<meta property=\"og:title\" content=\"Prawie 1 mln z\u0142 na remont magistratu. &quot;Maj\u0105 na to pieni\u0105dze, bo \u015bci\u0105gn\u0105 od ludzi&quot; - mojabochnia.pl - portal informacyjny\" \/>\n<meta property=\"og:description\" content=\"Boche\u0144ski magistrat planuje w przysz\u0142ym roku remont swojej siedziby za blisko 1 mln z\u0142. Przygotowania do niego rozpocz\u0119to ju\u017c w tym roku, wykonuj\u0105c odwodnienie i osuszanie \u015bcian, a tak\u017ce wymian\u0119 drzwi. Mieszka\u0144cy Bochni na wie\u015b\u0107 o tym, \u017ce tak poka\u017ana suma ma by\u0107 przeznaczona na remont siedziby urz\u0119du reaguj\u0105 dosy\u0107 stanowczo. Oni tylko patrz\u0105, \u017ceby\" \/>\n<meta property=\"og:url\" content=\"https:\/\/www.mojabochnia.pl\/?p=180582\" \/>\n<meta property=\"og:site_name\" content=\"mojabochnia.pl - portal informacyjny\" \/>\n<meta property=\"article:publisher\" content=\"https:\/\/www.facebook.com\/mojabochnia\" \/>\n<meta property=\"article:published_time\" content=\"2017-11-30T08:37:54+00:00\" \/>\n<meta property=\"og:image\" content=\"https:\/\/www.mojabochnia.pl\/wp-content\/uploads\/2017\/11\/IMG_9921.jpg\" \/>\n\t<meta property=\"og:image:width\" content=\"1000\" \/>\n\t<meta property=\"og:image:height\" content=\"667\" \/>\n\t<meta property=\"og:image:type\" content=\"image\/jpeg\" \/>\n<meta name=\"author\" content=\"Pawe\u0142 Michalczyk\" \/>\n<meta name=\"twitter:card\" content=\"summary_large_image\" \/>\n<meta name=\"twitter:label1\" content=\"Written by\" \/>\n\t<meta name=\"twitter:data1\" content=\"Pawe\u0142 Michalczyk\" \/>\n\t<meta name=\"twitter:label2\" content=\"Est. reading time\" \/>\n\t<meta name=\"twitter:data2\" content=\"3 minuty\" \/>\n<script type=\"application\/ld+json\" class=\"yoast-schema-graph\">{\"@context\":\"https:\/\/schema.org\",\"@graph\":[{\"@type\":\"Article\",\"@id\":\"https:\/\/www.mojabochnia.pl\/?p=180582#article\",\"isPartOf\":{\"@id\":\"https:\/\/www.mojabochnia.pl\/?p=180582\"},\"author\":{\"name\":\"Pawe\u0142 Michalczyk\",\"@id\":\"https:\/\/www.mojabochnia.pl\/#\/schema\/person\/ea042e4724a77627963f02166828ead4\"},\"headline\":\"Prawie 1 mln z\u0142 na remont magistratu. &#8222;Maj\u0105 na to pieni\u0105dze, bo \u015bci\u0105gn\u0105 od ludzi&#8221;\",\"datePublished\":\"2017-11-30T08:37:54+00:00\",\"mainEntityOfPage\":{\"@id\":\"https:\/\/www.mojabochnia.pl\/?p=180582\"},\"wordCount\":569,\"commentCount\":0,\"publisher\":{\"@id\":\"https:\/\/www.mojabochnia.pl\/#organization\"},\"image\":{\"@id\":\"https:\/\/www.mojabochnia.pl\/?p=180582#primaryimage\"},\"thumbnailUrl\":\"https:\/\/www.mojabochnia.pl\/wp-content\/uploads\/2017\/11\/IMG_9921.jpg\",\"keywords\":[\"burmistrz\",\"elewacja\",\"magistrat\",\"top temat\",\"urz\u0105d miasta Bochnia\"],\"articleSection\":[\"polityka i wydarzenia\"],\"inLanguage\":\"pl-PL\",\"potentialAction\":[{\"@type\":\"CommentAction\",\"name\":\"Comment\",\"target\":[\"https:\/\/www.mojabochnia.pl\/?p=180582#respond\"]}]},{\"@type\":\"WebPage\",\"@id\":\"https:\/\/www.mojabochnia.pl\/?p=180582\",\"url\":\"https:\/\/www.mojabochnia.pl\/?p=180582\",\"name\":\"Prawie 1 mln z\u0142 na remont magistratu. \\\"Maj\u0105 na to pieni\u0105dze, bo \u015bci\u0105gn\u0105 od ludzi\\\" - mojabochnia.pl - portal informacyjny\",\"isPartOf\":{\"@id\":\"https:\/\/www.mojabochnia.pl\/#website\"},\"primaryImageOfPage\":{\"@id\":\"https:\/\/www.mojabochnia.pl\/?p=180582#primaryimage\"},\"image\":{\"@id\":\"https:\/\/www.mojabochnia.pl\/?p=180582#primaryimage\"},\"thumbnailUrl\":\"https:\/\/www.mojabochnia.pl\/wp-content\/uploads\/2017\/11\/IMG_9921.jpg\",\"datePublished\":\"2017-11-30T08:37:54+00:00\",\"breadcrumb\":{\"@id\":\"https:\/\/www.mojabochnia.pl\/?p=180582#breadcrumb\"},\"inLanguage\":\"pl-PL\",\"potentialAction\":[{\"@type\":\"ReadAction\",\"target\":[\"https:\/\/www.mojabochnia.pl\/?p=180582\"]}]},{\"@type\":\"ImageObject\",\"inLanguage\":\"pl-PL\",\"@id\":\"https:\/\/www.mojabochnia.pl\/?p=180582#primaryimage\",\"url\":\"https:\/\/www.mojabochnia.pl\/wp-content\/uploads\/2017\/11\/IMG_9921.jpg\",\"contentUrl\":\"https:\/\/www.mojabochnia.pl\/wp-content\/uploads\/2017\/11\/IMG_9921.jpg\",\"width\":1000,\"height\":667,\"caption\":\"Pawe\u0142 Michalczyk\"},{\"@type\":\"BreadcrumbList\",\"@id\":\"https:\/\/www.mojabochnia.pl\/?p=180582#breadcrumb\",\"itemListElement\":[{\"@type\":\"ListItem\",\"position\":1,\"name\":\"Home\",\"item\":\"https:\/\/www.mojabochnia.pl\/\"},{\"@type\":\"ListItem\",\"position\":2,\"name\":\"Prawie 1 mln z\u0142 na remont magistratu. &#8222;Maj\u0105 na to pieni\u0105dze, bo \u015bci\u0105gn\u0105 od ludzi&#8221;\"}]},{\"@type\":\"WebSite\",\"@id\":\"https:\/\/www.mojabochnia.pl\/#website\",\"url\":\"https:\/\/www.mojabochnia.pl\/\",\"name\":\"mojabochnia.pl - portal informacyjny\",\"description\":\"mojaBochnia to portal informacyjny o Bochni. Codziennie o Bochni piszemy i pokazujemy najwa\u017cniejsze wydarzenia\",\"publisher\":{\"@id\":\"https:\/\/www.mojabochnia.pl\/#organization\"},\"potentialAction\":[{\"@type\":\"SearchAction\",\"target\":{\"@type\":\"EntryPoint\",\"urlTemplate\":\"https:\/\/www.mojabochnia.pl\/?s={search_term_string}\"},\"query-input\":{\"@type\":\"PropertyValueSpecification\",\"valueRequired\":true,\"valueName\":\"search_term_string\"}}],\"inLanguage\":\"pl-PL\"},{\"@type\":\"Organization\",\"@id\":\"https:\/\/www.mojabochnia.pl\/#organization\",\"name\":\"mojabochnia.pl - portal informacyjny\",\"url\":\"https:\/\/www.mojabochnia.pl\/\",\"logo\":{\"@type\":\"ImageObject\",\"inLanguage\":\"pl-PL\",\"@id\":\"https:\/\/www.mojabochnia.pl\/#\/schema\/logo\/image\/\",\"url\":\"https:\/\/www.mojabochnia.pl\/wp-content\/uploads\/2017\/08\/logo-mb-opt.png\",\"contentUrl\":\"https:\/\/www.mojabochnia.pl\/wp-content\/uploads\/2017\/08\/logo-mb-opt.png\",\"width\":250,\"height\":48,\"caption\":\"mojabochnia.pl - portal informacyjny\"},\"image\":{\"@id\":\"https:\/\/www.mojabochnia.pl\/#\/schema\/logo\/image\/\"},\"sameAs\":[\"https:\/\/www.facebook.com\/mojabochnia\"]},{\"@type\":\"Person\",\"@id\":\"https:\/\/www.mojabochnia.pl\/#\/schema\/person\/ea042e4724a77627963f02166828ead4\",\"name\":\"Pawe\u0142 Michalczyk\",\"url\":\"https:\/\/www.mojabochnia.pl\/?author=4\"}]}<\/script>\n<!-- \/ Yoast SEO plugin. -->","yoast_head_json":{"title":"Prawie 1 mln z\u0142 na remont magistratu. \"Maj\u0105 na to pieni\u0105dze, bo \u015bci\u0105gn\u0105 od ludzi\" - mojabochnia.pl - portal informacyjny","robots":{"index":"index","follow":"follow","max-snippet":"max-snippet:-1","max-image-preview":"max-image-preview:large","max-video-preview":"max-video-preview:-1"},"canonical":"https:\/\/www.mojabochnia.pl\/?p=180582","og_locale":"pl_PL","og_type":"article","og_title":"Prawie 1 mln z\u0142 na remont magistratu. \"Maj\u0105 na to pieni\u0105dze, bo \u015bci\u0105gn\u0105 od ludzi\" - mojabochnia.pl - portal informacyjny","og_description":"Boche\u0144ski magistrat planuje w przysz\u0142ym roku remont swojej siedziby za blisko 1 mln z\u0142. Przygotowania do niego rozpocz\u0119to ju\u017c w tym roku, wykonuj\u0105c odwodnienie i osuszanie \u015bcian, a tak\u017ce wymian\u0119 drzwi. Mieszka\u0144cy Bochni na wie\u015b\u0107 o tym, \u017ce tak poka\u017ana suma ma by\u0107 przeznaczona na remont siedziby urz\u0119du reaguj\u0105 dosy\u0107 stanowczo. Oni tylko patrz\u0105, \u017ceby","og_url":"https:\/\/www.mojabochnia.pl\/?p=180582","og_site_name":"mojabochnia.pl - portal informacyjny","article_publisher":"https:\/\/www.facebook.com\/mojabochnia","article_published_time":"2017-11-30T08:37:54+00:00","og_image":[{"width":1000,"height":667,"url":"https:\/\/www.mojabochnia.pl\/wp-content\/uploads\/2017\/11\/IMG_9921.jpg","type":"image\/jpeg"}],"author":"Pawe\u0142 Michalczyk","twitter_card":"summary_large_image","twitter_misc":{"Written by":"Pawe\u0142 Michalczyk","Est. reading time":"3 minuty"},"schema":{"@context":"https:\/\/schema.org","@graph":[{"@type":"Article","@id":"https:\/\/www.mojabochnia.pl\/?p=180582#article","isPartOf":{"@id":"https:\/\/www.mojabochnia.pl\/?p=180582"},"author":{"name":"Pawe\u0142 Michalczyk","@id":"https:\/\/www.mojabochnia.pl\/#\/schema\/person\/ea042e4724a77627963f02166828ead4"},"headline":"Prawie 1 mln z\u0142 na remont magistratu. &#8222;Maj\u0105 na to pieni\u0105dze, bo \u015bci\u0105gn\u0105 od ludzi&#8221;","datePublished":"2017-11-30T08:37:54+00:00","mainEntityOfPage":{"@id":"https:\/\/www.mojabochnia.pl\/?p=180582"},"wordCount":569,"commentCount":0,"publisher":{"@id":"https:\/\/www.mojabochnia.pl\/#organization"},"image":{"@id":"https:\/\/www.mojabochnia.pl\/?p=180582#primaryimage"},"thumbnailUrl":"https:\/\/www.mojabochnia.pl\/wp-content\/uploads\/2017\/11\/IMG_9921.jpg","keywords":["burmistrz","elewacja","magistrat","top temat","urz\u0105d miasta Bochnia"],"articleSection":["polityka i wydarzenia"],"inLanguage":"pl-PL","potentialAction":[{"@type":"CommentAction","name":"Comment","target":["https:\/\/www.mojabochnia.pl\/?p=180582#respond"]}]},{"@type":"WebPage","@id":"https:\/\/www.mojabochnia.pl\/?p=180582","url":"https:\/\/www.mojabochnia.pl\/?p=180582","name":"Prawie 1 mln z\u0142 na remont magistratu. \"Maj\u0105 na to pieni\u0105dze, bo \u015bci\u0105gn\u0105 od ludzi\" - mojabochnia.pl - portal informacyjny","isPartOf":{"@id":"https:\/\/www.mojabochnia.pl\/#website"},"primaryImageOfPage":{"@id":"https:\/\/www.mojabochnia.pl\/?p=180582#primaryimage"},"image":{"@id":"https:\/\/www.mojabochnia.pl\/?p=180582#primaryimage"},"thumbnailUrl":"https:\/\/www.mojabochnia.pl\/wp-content\/uploads\/2017\/11\/IMG_9921.jpg","datePublished":"2017-11-30T08:37:54+00:00","breadcrumb":{"@id":"https:\/\/www.mojabochnia.pl\/?p=180582#breadcrumb"},"inLanguage":"pl-PL","potentialAction":[{"@type":"ReadAction","target":["https:\/\/www.mojabochnia.pl\/?p=180582"]}]},{"@type":"ImageObject","inLanguage":"pl-PL","@id":"https:\/\/www.mojabochnia.pl\/?p=180582#primaryimage","url":"https:\/\/www.mojabochnia.pl\/wp-content\/uploads\/2017\/11\/IMG_9921.jpg","contentUrl":"https:\/\/www.mojabochnia.pl\/wp-content\/uploads\/2017\/11\/IMG_9921.jpg","width":1000,"height":667,"caption":"Pawe\u0142 Michalczyk"},{"@type":"BreadcrumbList","@id":"https:\/\/www.mojabochnia.pl\/?p=180582#breadcrumb","itemListElement":[{"@type":"ListItem","position":1,"name":"Home","item":"https:\/\/www.mojabochnia.pl\/"},{"@type":"ListItem","position":2,"name":"Prawie 1 mln z\u0142 na remont magistratu. &#8222;Maj\u0105 na to pieni\u0105dze, bo \u015bci\u0105gn\u0105 od ludzi&#8221;"}]},{"@type":"WebSite","@id":"https:\/\/www.mojabochnia.pl\/#website","url":"https:\/\/www.mojabochnia.pl\/","name":"mojabochnia.pl - portal informacyjny","description":"mojaBochnia to portal informacyjny o Bochni. Codziennie o Bochni piszemy i pokazujemy najwa\u017cniejsze wydarzenia","publisher":{"@id":"https:\/\/www.mojabochnia.pl\/#organization"},"potentialAction":[{"@type":"SearchAction","target":{"@type":"EntryPoint","urlTemplate":"https:\/\/www.mojabochnia.pl\/?s={search_term_string}"},"query-input":{"@type":"PropertyValueSpecification","valueRequired":true,"valueName":"search_term_string"}}],"inLanguage":"pl-PL"},{"@type":"Organization","@id":"https:\/\/www.mojabochnia.pl\/#organization","name":"mojabochnia.pl - portal informacyjny","url":"https:\/\/www.mojabochnia.pl\/","logo":{"@type":"ImageObject","inLanguage":"pl-PL","@id":"https:\/\/www.mojabochnia.pl\/#\/schema\/logo\/image\/","url":"https:\/\/www.mojabochnia.pl\/wp-content\/uploads\/2017\/08\/logo-mb-opt.png","contentUrl":"https:\/\/www.mojabochnia.pl\/wp-content\/uploads\/2017\/08\/logo-mb-opt.png","width":250,"height":48,"caption":"mojabochnia.pl - portal informacyjny"},"image":{"@id":"https:\/\/www.mojabochnia.pl\/#\/schema\/logo\/image\/"},"sameAs":["https:\/\/www.facebook.com\/mojabochnia"]},{"@type":"Person","@id":"https:\/\/www.mojabochnia.pl\/#\/schema\/person\/ea042e4724a77627963f02166828ead4","name":"Pawe\u0142 Michalczyk","url":"https:\/\/www.mojabochnia.pl\/?author=4"}]}},"_links":{"self":[{"href":"https:\/\/www.mojabochnia.pl\/index.php?rest_route=\/wp\/v2\/posts\/180582","targetHints":{"allow":["GET"]}}],"collection":[{"href":"https:\/\/www.mojabochnia.pl\/index.php?rest_route=\/wp\/v2\/posts"}],"about":[{"href":"https:\/\/www.mojabochnia.pl\/index.php?rest_route=\/wp\/v2\/types\/post"}],"author":[{"embeddable":true,"href":"https:\/\/www.mojabochnia.pl\/index.php?rest_route=\/wp\/v2\/users\/4"}],"replies":[{"embeddable":true,"href":"https:\/\/www.mojabochnia.pl\/index.php?rest_route=%2Fwp%2Fv2%2Fcomments&post=180582"}],"version-history":[{"count":3,"href":"https:\/\/www.mojabochnia.pl\/index.php?rest_route=\/wp\/v2\/posts\/180582\/revisions"}],"predecessor-version":[{"id":180597,"href":"https:\/\/www.mojabochnia.pl\/index.php?rest_route=\/wp\/v2\/posts\/180582\/revisions\/180597"}],"wp:featuredmedia":[{"embeddable":true,"href":"https:\/\/www.mojabochnia.pl\/index.php?rest_route=\/wp\/v2\/media\/180586"}],"wp:attachment":[{"href":"https:\/\/www.mojabochnia.pl\/index.php?rest_route=%2Fwp%2Fv2%2Fmedia&parent=180582"}],"wp:term":[{"taxonomy":"category","embeddable":true,"href":"https:\/\/www.mojabochnia.pl\/index.php?rest_route=%2Fwp%2Fv2%2Fcategories&post=180582"},{"taxonomy":"post_tag","embeddable":true,"href":"https:\/\/www.mojabochnia.pl\/index.php?rest_route=%2Fwp%2Fv2%2Ftags&post=180582"}],"curies":[{"name":"wp","href":"https:\/\/api.w.org\/{rel}","templated":true}]}}