{"id":180276,"date":"2017-11-21T15:02:59","date_gmt":"2017-11-21T14:02:59","guid":{"rendered":"https:\/\/www.mojabochnia.pl\/?p=180276"},"modified":"2017-11-24T11:23:26","modified_gmt":"2017-11-24T10:23:26","slug":"kopalnia-trwaja-prace-nad-nowa-trasa-za-prawie-12-mln-zl","status":"publish","type":"post","link":"https:\/\/www.mojabochnia.pl\/?p=180276","title":{"rendered":"Kopalnia: trwaj\u0105 prace nad now\u0105 tras\u0105 za prawie 12 mln z\u0142"},"content":{"rendered":"<p><strong>Ba\u015bniowa trasa po\u015bwi\u0119cona najwi\u0119kszym historycznym postaciom zwi\u0105zanym z najstarszym miastem Ma\u0142opolski, podziemne laboratorium s\u0142u\u017c\u0105ce badaniu soli, ekspresyjne przedstawienie zagro\u017ce\u0144 czyhaj\u0105cych na pracuj\u0105cych g\u00f3rnik\u00f3w &#8211; to wszystko ju\u017c nied\u0142ugo b\u0119dzie mo\u017cna zobaczy\u0107 w Kopalni Soli \u201cBochnia\u201d, Obiekcie \u015awiatowego Dziedzictwa UNESCO. <\/strong><\/p>\n<p>W ostatnim czasie rozpocz\u0119\u0142y si\u0119 prace nad wdro\u017ceniem projektu \u201eWprowadzenie unikatowej oferty kulturalno-edukacyjnej na udost\u0119pnionej trasie turystycznej w Kopalni Soli \u201eBochnia\u201d \u2013 Obiekcie \u015awiatowego Dziedzictwa UNESCO\u201d. W ramach tej inwestycji wyremontowane zostan\u0105 schody w szybie Sutoris oraz komora Wernier na poziomie Wernier wraz z przyleg\u0142ymi wyrobiskami chodnikowymi. Nowa przestrze\u0144 do zwiedzania zostanie wyremontowana, zabezpieczona oraz zaaran\u017cowana pod nowoczesn\u0105 ekspozycj\u0119 dla dzieci i doros\u0142ych. W\u015br\u00f3d planowanych w ekspozycji element\u00f3w znajdzie si\u0119 m.in. podziemne laboratorium chemiczne, postacie, kt\u00f3re ukszta\u0142towa\u0142y histori\u0119 miasta nierozerwalnie zwi\u0105zanego z wydobyciem soli czy przedstawienie \u015bmiertelnie niebezpiecznego zagro\u017cenia wodnego, a wszystko to na kanwie boche\u0144skich poda\u0144 i legend. <\/p>\n<p>Kopalnia Soli \u201cBochnia\u201d to najstarszy polski obiekt tego typu \u2013 wed\u0142ug \u017ar\u00f3de\u0142 pocz\u0105tek dzia\u0142alno\u015bci si\u0119ga a\u017c 1248 roku. W historii kopalni odznaczy\u0142y si\u0119 takie postacie historyczne jak Kazimierz Wielki, Kazimierz Jagiello\u0144czyk czy Antoni Stanis\u0142aw Szczuka, sekretarz Jana III Sobieskiego. Nieoceniony wk\u0142ad w kszta\u0142towanie historii Polski w 2013 roku doceniono poprzez wpisanie kopalni na list\u0119 \u015awiatowego Dziedzictwa UNESCO. Boche\u0144ska \u017cupa solna od lat cieszy si\u0119 nieprzerwanym zainteresowaniem turyst\u00f3w \u2013 w 2015 roku zwiedzi\u0142o j\u0105 ponad 150 tys. os\u00f3b, w 2016 \u2013 165 tys., za\u015b prognozowana liczba na rok 2017 si\u0119ga a\u017c 180 tys. <\/p>\n<p><em>Faktycznie, od lat odnotowujemy sta\u0142y wzrost zainteresowania Kopalni\u0105 Soli w Bochni. Atrakcyjno\u015b\u0107 obiektu jest tak wysoka m.in. dzi\u0119ki ca\u0142kowicie unikalnej formule ukazania podziemia, kt\u00f3ra dla odwiedzaj\u0105cych stanowi niepowtarzalne do\u015bwiadczenie. Zainteresowanie zwiedzaniem wzrasta r\u00f3wnie\u017c dzi\u0119ki wpisaniu Kopalni Soli na list\u0119 \u015awiatowego Dziedzictwa UNESCO, gdzie figurujemy od 2013 roku. Ponadto staramy si\u0119 regularnie rozszerza\u0107 ofert\u0119, powi\u0119kszaj\u0105c j\u0105 o kolejne atrakcje. W 2015 otworzyli\u015bmy tras\u0119 przyrodnicz\u0105, podczas kt\u00f3rej mo\u017cna podziwia\u0107 fluorescencyjne hality, za\u015b w tym roku za\u015b zaprezentowali\u015bmy nowy szlak, czyli \u201c\u015aladami kaplic boche\u0144skich g\u00f3rnik\u00f3w\u201d<\/em> &#8211; m\u00f3wi Zbigniew Rojek, Prezes Zarz\u0105du Kopalni Soli \u201cBochnia\u201d.  <\/p>\n<p>Zabezpieczenie zabytkowych g\u00f3rniczych wyrobisk nie tylko uatrakcyjni ofert\u0119 turystyczn\u0105 obiektu, ale tak\u017ce pozwoli na d\u0142u\u017cej zachowa\u0107 historyczne dziedzictwo dla przysz\u0142ych pokole\u0144. Odbyte prace remontowe wp\u0142yn\u0105 tak\u017ce na wzrost komfortu zwiedzaj\u0105cych oraz podnios\u0105 poziom bezpiecze\u0144stwa w kopalni. <\/p>\n<p><em>W wielu przypadkach m\u00f3wimy o wyrobiskach, w kt\u00f3rych  wydobycie zako\u0144czy\u0142o si\u0119 nawet w XVIII w. Natura ma jednak to do siebie, \u017ce nie lubi pustki, a wszystkie wyeksploatowane przestrzenie stara si\u0119 zlikwidowa\u0107. Aby bezpiecznie si\u0119 po nich porusza\u0107, nale\u017cy wi\u0119c wykona\u0107 niezb\u0119dne prace g\u00f3rniczo-remontowe. Poniewa\u017c Kopalnia Soli w Bochni od czterech lat jest wpisana na list\u0119 \u015awiatowego Dziedzictwa UNESCO, mamy obowi\u0105zek dzia\u0142ania z jak najwi\u0119kszym szacunkiem do samej substancji, aby zachowa\u0107 nasze dziedzictwo<\/em> &#8211; t\u0142umaczy Dyrektor Techniczny Kopalni Soli \u201cBochnia\u201d, Tomasz Migdas. <\/p>\n<p>Powy\u017cszy projekt zyska\u0142 unijne dofinansowanie o wysoko\u015bci ponad 8 milion\u00f3w z\u0142otych, kwalifikowane w ramach dzia\u0142ania 8.1 o\u015b priorytetowa VIII Ochrona dziedzictwa kulturowego i rozw\u00f3j zasob\u00f3w kultury Programu Operacyjnego Infrastruktura i \u015arodowisko 2014\u20132020.<\/p>\n<p>Realizacja nowej trasy ma potrwa\u0107 do 2020 roku.<\/p>\n<p>Czytaj r\u00f3wnie\u017c: <a href=\"https:\/\/www.mojabochnia.pl\/?p=166135\"><strong>Kopalnia wybuduje innowacyjn\u0105 tras\u0119. Wi\u0119cej multimedi\u00f3w i schody z Szybu Sutoris<\/strong><\/a><\/p>\n","protected":false},"excerpt":{"rendered":"<p>Ba\u015bniowa trasa po\u015bwi\u0119cona najwi\u0119kszym historycznym postaciom zwi\u0105zanym z najstarszym miastem Ma\u0142opolski, podziemne laboratorium s\u0142u\u017c\u0105ce badaniu soli, ekspresyjne przedstawienie zagro\u017ce\u0144 czyhaj\u0105cych na pracuj\u0105cych g\u00f3rnik\u00f3w &#8211; to wszystko ju\u017c nied\u0142ugo b\u0119dzie mo\u017cna zobaczy\u0107 w Kopalni Soli \u201cBochnia\u201d, Obiekcie \u015awiatowego Dziedzictwa UNESCO. W ostatnim czasie rozpocz\u0119\u0142y si\u0119 prace nad wdro\u017ceniem projektu \u201eWprowadzenie unikatowej oferty kulturalno-edukacyjnej na udost\u0119pnionej trasie<\/p>\n","protected":false},"author":13,"featured_media":180280,"comment_status":"open","ping_status":"closed","sticky":false,"template":"","format":"standard","meta":{"_acf_changed":false,"footnotes":""},"categories":[6251],"tags":[17253,17407,15528,17147,17416],"class_list":["post-180276","post","type-post","status-publish","format-standard","has-post-thumbnail","hentry","category-polityka-i-wydarzenia","tag-dotacja","tag-kopalnia","tag-schody-regis","tag-szyb-sutoris","tag-trasa-turystyczna","main_tag-kopalnia"],"acf":[],"yoast_head":"<!-- This site is optimized with the Yoast SEO plugin v26.9 - https:\/\/yoast.com\/product\/yoast-seo-wordpress\/ -->\n<title>Kopalnia: trwaj\u0105 prace nad now\u0105 tras\u0105 za prawie 12 mln z\u0142 - mojabochnia.pl - portal informacyjny<\/title>\n<meta name=\"robots\" content=\"index, follow, max-snippet:-1, max-image-preview:large, max-video-preview:-1\" \/>\n<link rel=\"canonical\" href=\"https:\/\/www.mojabochnia.pl\/?p=180276\" \/>\n<meta property=\"og:locale\" content=\"pl_PL\" \/>\n<meta property=\"og:type\" content=\"article\" \/>\n<meta property=\"og:title\" content=\"Kopalnia: trwaj\u0105 prace nad now\u0105 tras\u0105 za prawie 12 mln z\u0142 - mojabochnia.pl - portal informacyjny\" \/>\n<meta property=\"og:description\" content=\"Ba\u015bniowa trasa po\u015bwi\u0119cona najwi\u0119kszym historycznym postaciom zwi\u0105zanym z najstarszym miastem Ma\u0142opolski, podziemne laboratorium s\u0142u\u017c\u0105ce badaniu soli, ekspresyjne przedstawienie zagro\u017ce\u0144 czyhaj\u0105cych na pracuj\u0105cych g\u00f3rnik\u00f3w &#8211; to wszystko ju\u017c nied\u0142ugo b\u0119dzie mo\u017cna zobaczy\u0107 w Kopalni Soli \u201cBochnia\u201d, Obiekcie \u015awiatowego Dziedzictwa UNESCO. W ostatnim czasie rozpocz\u0119\u0142y si\u0119 prace nad wdro\u017ceniem projektu \u201eWprowadzenie unikatowej oferty kulturalno-edukacyjnej na udost\u0119pnionej trasie\" \/>\n<meta property=\"og:url\" content=\"https:\/\/www.mojabochnia.pl\/?p=180276\" \/>\n<meta property=\"og:site_name\" content=\"mojabochnia.pl - portal informacyjny\" \/>\n<meta property=\"article:publisher\" content=\"https:\/\/www.facebook.com\/mojabochnia\" \/>\n<meta property=\"article:published_time\" content=\"2017-11-21T14:02:59+00:00\" \/>\n<meta property=\"article:modified_time\" content=\"2017-11-24T10:23:26+00:00\" \/>\n<meta property=\"og:image\" content=\"https:\/\/www.mojabochnia.pl\/wp-content\/uploads\/2017\/11\/IMG_4445.jpg\" \/>\n\t<meta property=\"og:image:width\" content=\"1000\" \/>\n\t<meta property=\"og:image:height\" content=\"667\" \/>\n\t<meta property=\"og:image:type\" content=\"image\/jpeg\" \/>\n<meta name=\"author\" content=\"redakcja\" \/>\n<meta name=\"twitter:card\" content=\"summary_large_image\" \/>\n<meta name=\"twitter:label1\" content=\"Written by\" \/>\n\t<meta name=\"twitter:data1\" content=\"redakcja\" \/>\n\t<meta name=\"twitter:label2\" content=\"Est. reading time\" \/>\n\t<meta name=\"twitter:data2\" content=\"3 minuty\" \/>\n<script type=\"application\/ld+json\" class=\"yoast-schema-graph\">{\"@context\":\"https:\/\/schema.org\",\"@graph\":[{\"@type\":\"Article\",\"@id\":\"https:\/\/www.mojabochnia.pl\/?p=180276#article\",\"isPartOf\":{\"@id\":\"https:\/\/www.mojabochnia.pl\/?p=180276\"},\"author\":{\"name\":\"redakcja\",\"@id\":\"https:\/\/www.mojabochnia.pl\/#\/schema\/person\/7e2f20ead9902216a3384f13606c0ab7\"},\"headline\":\"Kopalnia: trwaj\u0105 prace nad now\u0105 tras\u0105 za prawie 12 mln z\u0142\",\"datePublished\":\"2017-11-21T14:02:59+00:00\",\"dateModified\":\"2017-11-24T10:23:26+00:00\",\"mainEntityOfPage\":{\"@id\":\"https:\/\/www.mojabochnia.pl\/?p=180276\"},\"wordCount\":583,\"commentCount\":0,\"publisher\":{\"@id\":\"https:\/\/www.mojabochnia.pl\/#organization\"},\"image\":{\"@id\":\"https:\/\/www.mojabochnia.pl\/?p=180276#primaryimage\"},\"thumbnailUrl\":\"https:\/\/www.mojabochnia.pl\/wp-content\/uploads\/2017\/11\/IMG_4445.jpg\",\"keywords\":[\"dotacja\",\"kopalnia\",\"schody regis\",\"szyb sutoris\",\"trasa turystyczna\"],\"articleSection\":[\"polityka i wydarzenia\"],\"inLanguage\":\"pl-PL\",\"potentialAction\":[{\"@type\":\"CommentAction\",\"name\":\"Comment\",\"target\":[\"https:\/\/www.mojabochnia.pl\/?p=180276#respond\"]}]},{\"@type\":\"WebPage\",\"@id\":\"https:\/\/www.mojabochnia.pl\/?p=180276\",\"url\":\"https:\/\/www.mojabochnia.pl\/?p=180276\",\"name\":\"Kopalnia: trwaj\u0105 prace nad now\u0105 tras\u0105 za prawie 12 mln z\u0142 - mojabochnia.pl - portal informacyjny\",\"isPartOf\":{\"@id\":\"https:\/\/www.mojabochnia.pl\/#website\"},\"primaryImageOfPage\":{\"@id\":\"https:\/\/www.mojabochnia.pl\/?p=180276#primaryimage\"},\"image\":{\"@id\":\"https:\/\/www.mojabochnia.pl\/?p=180276#primaryimage\"},\"thumbnailUrl\":\"https:\/\/www.mojabochnia.pl\/wp-content\/uploads\/2017\/11\/IMG_4445.jpg\",\"datePublished\":\"2017-11-21T14:02:59+00:00\",\"dateModified\":\"2017-11-24T10:23:26+00:00\",\"breadcrumb\":{\"@id\":\"https:\/\/www.mojabochnia.pl\/?p=180276#breadcrumb\"},\"inLanguage\":\"pl-PL\",\"potentialAction\":[{\"@type\":\"ReadAction\",\"target\":[\"https:\/\/www.mojabochnia.pl\/?p=180276\"]}]},{\"@type\":\"ImageObject\",\"inLanguage\":\"pl-PL\",\"@id\":\"https:\/\/www.mojabochnia.pl\/?p=180276#primaryimage\",\"url\":\"https:\/\/www.mojabochnia.pl\/wp-content\/uploads\/2017\/11\/IMG_4445.jpg\",\"contentUrl\":\"https:\/\/www.mojabochnia.pl\/wp-content\/uploads\/2017\/11\/IMG_4445.jpg\",\"width\":1000,\"height\":667,\"caption\":\"Pawe\u0142 Michalczyk\"},{\"@type\":\"BreadcrumbList\",\"@id\":\"https:\/\/www.mojabochnia.pl\/?p=180276#breadcrumb\",\"itemListElement\":[{\"@type\":\"ListItem\",\"position\":1,\"name\":\"Home\",\"item\":\"https:\/\/www.mojabochnia.pl\/\"},{\"@type\":\"ListItem\",\"position\":2,\"name\":\"Kopalnia: trwaj\u0105 prace nad now\u0105 tras\u0105 za prawie 12 mln z\u0142\"}]},{\"@type\":\"WebSite\",\"@id\":\"https:\/\/www.mojabochnia.pl\/#website\",\"url\":\"https:\/\/www.mojabochnia.pl\/\",\"name\":\"mojabochnia.pl - portal informacyjny\",\"description\":\"mojaBochnia to portal informacyjny o Bochni. Codziennie o Bochni piszemy i pokazujemy najwa\u017cniejsze wydarzenia\",\"publisher\":{\"@id\":\"https:\/\/www.mojabochnia.pl\/#organization\"},\"potentialAction\":[{\"@type\":\"SearchAction\",\"target\":{\"@type\":\"EntryPoint\",\"urlTemplate\":\"https:\/\/www.mojabochnia.pl\/?s={search_term_string}\"},\"query-input\":{\"@type\":\"PropertyValueSpecification\",\"valueRequired\":true,\"valueName\":\"search_term_string\"}}],\"inLanguage\":\"pl-PL\"},{\"@type\":\"Organization\",\"@id\":\"https:\/\/www.mojabochnia.pl\/#organization\",\"name\":\"mojabochnia.pl - portal informacyjny\",\"url\":\"https:\/\/www.mojabochnia.pl\/\",\"logo\":{\"@type\":\"ImageObject\",\"inLanguage\":\"pl-PL\",\"@id\":\"https:\/\/www.mojabochnia.pl\/#\/schema\/logo\/image\/\",\"url\":\"https:\/\/www.mojabochnia.pl\/wp-content\/uploads\/2017\/08\/logo-mb-opt.png\",\"contentUrl\":\"https:\/\/www.mojabochnia.pl\/wp-content\/uploads\/2017\/08\/logo-mb-opt.png\",\"width\":250,\"height\":48,\"caption\":\"mojabochnia.pl - portal informacyjny\"},\"image\":{\"@id\":\"https:\/\/www.mojabochnia.pl\/#\/schema\/logo\/image\/\"},\"sameAs\":[\"https:\/\/www.facebook.com\/mojabochnia\"]},{\"@type\":\"Person\",\"@id\":\"https:\/\/www.mojabochnia.pl\/#\/schema\/person\/7e2f20ead9902216a3384f13606c0ab7\",\"name\":\"redakcja\",\"sameAs\":[\"http:\/\/\"],\"url\":\"https:\/\/www.mojabochnia.pl\/?author=13\"}]}<\/script>\n<!-- \/ Yoast SEO plugin. -->","yoast_head_json":{"title":"Kopalnia: trwaj\u0105 prace nad now\u0105 tras\u0105 za prawie 12 mln z\u0142 - mojabochnia.pl - portal informacyjny","robots":{"index":"index","follow":"follow","max-snippet":"max-snippet:-1","max-image-preview":"max-image-preview:large","max-video-preview":"max-video-preview:-1"},"canonical":"https:\/\/www.mojabochnia.pl\/?p=180276","og_locale":"pl_PL","og_type":"article","og_title":"Kopalnia: trwaj\u0105 prace nad now\u0105 tras\u0105 za prawie 12 mln z\u0142 - mojabochnia.pl - portal informacyjny","og_description":"Ba\u015bniowa trasa po\u015bwi\u0119cona najwi\u0119kszym historycznym postaciom zwi\u0105zanym z najstarszym miastem Ma\u0142opolski, podziemne laboratorium s\u0142u\u017c\u0105ce badaniu soli, ekspresyjne przedstawienie zagro\u017ce\u0144 czyhaj\u0105cych na pracuj\u0105cych g\u00f3rnik\u00f3w &#8211; to wszystko ju\u017c nied\u0142ugo b\u0119dzie mo\u017cna zobaczy\u0107 w Kopalni Soli \u201cBochnia\u201d, Obiekcie \u015awiatowego Dziedzictwa UNESCO. W ostatnim czasie rozpocz\u0119\u0142y si\u0119 prace nad wdro\u017ceniem projektu \u201eWprowadzenie unikatowej oferty kulturalno-edukacyjnej na udost\u0119pnionej trasie","og_url":"https:\/\/www.mojabochnia.pl\/?p=180276","og_site_name":"mojabochnia.pl - portal informacyjny","article_publisher":"https:\/\/www.facebook.com\/mojabochnia","article_published_time":"2017-11-21T14:02:59+00:00","article_modified_time":"2017-11-24T10:23:26+00:00","og_image":[{"width":1000,"height":667,"url":"https:\/\/www.mojabochnia.pl\/wp-content\/uploads\/2017\/11\/IMG_4445.jpg","type":"image\/jpeg"}],"author":"redakcja","twitter_card":"summary_large_image","twitter_misc":{"Written by":"redakcja","Est. reading time":"3 minuty"},"schema":{"@context":"https:\/\/schema.org","@graph":[{"@type":"Article","@id":"https:\/\/www.mojabochnia.pl\/?p=180276#article","isPartOf":{"@id":"https:\/\/www.mojabochnia.pl\/?p=180276"},"author":{"name":"redakcja","@id":"https:\/\/www.mojabochnia.pl\/#\/schema\/person\/7e2f20ead9902216a3384f13606c0ab7"},"headline":"Kopalnia: trwaj\u0105 prace nad now\u0105 tras\u0105 za prawie 12 mln z\u0142","datePublished":"2017-11-21T14:02:59+00:00","dateModified":"2017-11-24T10:23:26+00:00","mainEntityOfPage":{"@id":"https:\/\/www.mojabochnia.pl\/?p=180276"},"wordCount":583,"commentCount":0,"publisher":{"@id":"https:\/\/www.mojabochnia.pl\/#organization"},"image":{"@id":"https:\/\/www.mojabochnia.pl\/?p=180276#primaryimage"},"thumbnailUrl":"https:\/\/www.mojabochnia.pl\/wp-content\/uploads\/2017\/11\/IMG_4445.jpg","keywords":["dotacja","kopalnia","schody regis","szyb sutoris","trasa turystyczna"],"articleSection":["polityka i wydarzenia"],"inLanguage":"pl-PL","potentialAction":[{"@type":"CommentAction","name":"Comment","target":["https:\/\/www.mojabochnia.pl\/?p=180276#respond"]}]},{"@type":"WebPage","@id":"https:\/\/www.mojabochnia.pl\/?p=180276","url":"https:\/\/www.mojabochnia.pl\/?p=180276","name":"Kopalnia: trwaj\u0105 prace nad now\u0105 tras\u0105 za prawie 12 mln z\u0142 - mojabochnia.pl - portal informacyjny","isPartOf":{"@id":"https:\/\/www.mojabochnia.pl\/#website"},"primaryImageOfPage":{"@id":"https:\/\/www.mojabochnia.pl\/?p=180276#primaryimage"},"image":{"@id":"https:\/\/www.mojabochnia.pl\/?p=180276#primaryimage"},"thumbnailUrl":"https:\/\/www.mojabochnia.pl\/wp-content\/uploads\/2017\/11\/IMG_4445.jpg","datePublished":"2017-11-21T14:02:59+00:00","dateModified":"2017-11-24T10:23:26+00:00","breadcrumb":{"@id":"https:\/\/www.mojabochnia.pl\/?p=180276#breadcrumb"},"inLanguage":"pl-PL","potentialAction":[{"@type":"ReadAction","target":["https:\/\/www.mojabochnia.pl\/?p=180276"]}]},{"@type":"ImageObject","inLanguage":"pl-PL","@id":"https:\/\/www.mojabochnia.pl\/?p=180276#primaryimage","url":"https:\/\/www.mojabochnia.pl\/wp-content\/uploads\/2017\/11\/IMG_4445.jpg","contentUrl":"https:\/\/www.mojabochnia.pl\/wp-content\/uploads\/2017\/11\/IMG_4445.jpg","width":1000,"height":667,"caption":"Pawe\u0142 Michalczyk"},{"@type":"BreadcrumbList","@id":"https:\/\/www.mojabochnia.pl\/?p=180276#breadcrumb","itemListElement":[{"@type":"ListItem","position":1,"name":"Home","item":"https:\/\/www.mojabochnia.pl\/"},{"@type":"ListItem","position":2,"name":"Kopalnia: trwaj\u0105 prace nad now\u0105 tras\u0105 za prawie 12 mln z\u0142"}]},{"@type":"WebSite","@id":"https:\/\/www.mojabochnia.pl\/#website","url":"https:\/\/www.mojabochnia.pl\/","name":"mojabochnia.pl - portal informacyjny","description":"mojaBochnia to portal informacyjny o Bochni. Codziennie o Bochni piszemy i pokazujemy najwa\u017cniejsze wydarzenia","publisher":{"@id":"https:\/\/www.mojabochnia.pl\/#organization"},"potentialAction":[{"@type":"SearchAction","target":{"@type":"EntryPoint","urlTemplate":"https:\/\/www.mojabochnia.pl\/?s={search_term_string}"},"query-input":{"@type":"PropertyValueSpecification","valueRequired":true,"valueName":"search_term_string"}}],"inLanguage":"pl-PL"},{"@type":"Organization","@id":"https:\/\/www.mojabochnia.pl\/#organization","name":"mojabochnia.pl - portal informacyjny","url":"https:\/\/www.mojabochnia.pl\/","logo":{"@type":"ImageObject","inLanguage":"pl-PL","@id":"https:\/\/www.mojabochnia.pl\/#\/schema\/logo\/image\/","url":"https:\/\/www.mojabochnia.pl\/wp-content\/uploads\/2017\/08\/logo-mb-opt.png","contentUrl":"https:\/\/www.mojabochnia.pl\/wp-content\/uploads\/2017\/08\/logo-mb-opt.png","width":250,"height":48,"caption":"mojabochnia.pl - portal informacyjny"},"image":{"@id":"https:\/\/www.mojabochnia.pl\/#\/schema\/logo\/image\/"},"sameAs":["https:\/\/www.facebook.com\/mojabochnia"]},{"@type":"Person","@id":"https:\/\/www.mojabochnia.pl\/#\/schema\/person\/7e2f20ead9902216a3384f13606c0ab7","name":"redakcja","sameAs":["http:\/\/"],"url":"https:\/\/www.mojabochnia.pl\/?author=13"}]}},"_links":{"self":[{"href":"https:\/\/www.mojabochnia.pl\/index.php?rest_route=\/wp\/v2\/posts\/180276","targetHints":{"allow":["GET"]}}],"collection":[{"href":"https:\/\/www.mojabochnia.pl\/index.php?rest_route=\/wp\/v2\/posts"}],"about":[{"href":"https:\/\/www.mojabochnia.pl\/index.php?rest_route=\/wp\/v2\/types\/post"}],"author":[{"embeddable":true,"href":"https:\/\/www.mojabochnia.pl\/index.php?rest_route=\/wp\/v2\/users\/13"}],"replies":[{"embeddable":true,"href":"https:\/\/www.mojabochnia.pl\/index.php?rest_route=%2Fwp%2Fv2%2Fcomments&post=180276"}],"version-history":[{"count":3,"href":"https:\/\/www.mojabochnia.pl\/index.php?rest_route=\/wp\/v2\/posts\/180276\/revisions"}],"predecessor-version":[{"id":180281,"href":"https:\/\/www.mojabochnia.pl\/index.php?rest_route=\/wp\/v2\/posts\/180276\/revisions\/180281"}],"wp:featuredmedia":[{"embeddable":true,"href":"https:\/\/www.mojabochnia.pl\/index.php?rest_route=\/wp\/v2\/media\/180280"}],"wp:attachment":[{"href":"https:\/\/www.mojabochnia.pl\/index.php?rest_route=%2Fwp%2Fv2%2Fmedia&parent=180276"}],"wp:term":[{"taxonomy":"category","embeddable":true,"href":"https:\/\/www.mojabochnia.pl\/index.php?rest_route=%2Fwp%2Fv2%2Fcategories&post=180276"},{"taxonomy":"post_tag","embeddable":true,"href":"https:\/\/www.mojabochnia.pl\/index.php?rest_route=%2Fwp%2Fv2%2Ftags&post=180276"}],"curies":[{"name":"wp","href":"https:\/\/api.w.org\/{rel}","templated":true}]}}