{"id":180273,"date":"2017-11-22T07:11:52","date_gmt":"2017-11-22T06:11:52","guid":{"rendered":"https:\/\/www.mojabochnia.pl\/?p=180273"},"modified":"2017-11-21T14:50:42","modified_gmt":"2017-11-21T13:50:42","slug":"po-wypadku-na-ul-wygoda-policja-ciagle-nie-odzyskala-radiowozu","status":"publish","type":"post","link":"https:\/\/www.mojabochnia.pl\/?p=180273","title":{"rendered":"Po wypadku na ul. Wygoda, policja ci\u0105gle nie odzyska\u0142a radiowozu"},"content":{"rendered":"<p><strong>Radiow\u00f3z, w kt\u00f3ry 28 marca br. wjecha\u0142 kierowca audi, nie nadaje si\u0119 do remontu &#8211; uzna\u0142 ubezpieczyciel. Mimo stwierdzonej szkody ca\u0142kowitej, tabor boche\u0144skiej komendy do dzi\u015b jest uszczuplony o jeden pojazd. Dlaczego?<\/strong><\/p>\n<p>Ubezpieczyciel samochodu sprawcy stwierdzi\u0142 tzw. \u201eszkod\u0119 ca\u0142kowit\u0105\u201d. <em>Kosztorys naprawy z zak\u0142adu ubezpieczeniowego (MTU) opiewa na kwot\u0119  54.121,86 z\u0142, a warto\u015b\u0107 pojazdu to 20.440,00 z\u0142. Pojazd zostanie wycofany z eksploatacji. Odszkodowanie nie zosta\u0142o wyp\u0142acone \u2013 czekamy na fina\u0142 sprawy tego zdarzenia drogowego  w  S\u0105dzie (na prawomocny wyrok)<\/em> &#8211; poinformowa\u0142 nas m\u0142. insp. Sebastian Gle\u0144, rzecznik prasowy Komendy Wojew\u00f3dzkiej Policji w Krakowie.<\/p>\n<p>Okazuje si\u0119, \u017ce pieni\u0105dze z odszkodowania nie trafi\u0105 do boche\u0144skiej komendy, tylko w zupe\u0142nie inne miejsce. <em>W przypadku przyznania odszkodowania, nie ma mo\u017cliwo\u015bci zakupu za nie nowego pojazdu. Odszkodowania tego typu stanowi\u0105 dochody Bud\u017cetu Pa\u0144stwa. Nowy pojazd zostanie w\u0142\u0105czony do floty KPP w Bochni je\u015bli pozwol\u0105 na to dostawy sprz\u0119tu transportowego<\/em> &#8211; dodaje Sebastian Gle\u0144.<\/p>\n<p>Przypomnijmy, w wyniku wypadku, do szpitala trafi\u0142o czterech policjant\u00f3w z radiowozu oraz kobieta kieruj\u0105ca nissanem. Kierowca audi (mieszkaniec powiatu wielickiego) nie odni\u00f3s\u0142 obra\u017ce\u0144.<\/p>\n<p>Wi\u0119cej na ten tematu &#8211; <a href=\"https:\/\/www.mojabochnia.pl\/?p=169300\">TUTAJ<\/a>.<\/p>\n","protected":false},"excerpt":{"rendered":"<p>Radiow\u00f3z, w kt\u00f3ry 28 marca br. wjecha\u0142 kierowca audi, nie nadaje si\u0119 do remontu &#8211; uzna\u0142 ubezpieczyciel. Mimo stwierdzonej szkody ca\u0142kowitej, tabor boche\u0144skiej komendy do dzi\u015b jest uszczuplony o jeden pojazd. Dlaczego? Ubezpieczyciel samochodu sprawcy stwierdzi\u0142 tzw. \u201eszkod\u0119 ca\u0142kowit\u0105\u201d. Kosztorys naprawy z zak\u0142adu ubezpieczeniowego (MTU) opiewa na kwot\u0119 54.121,86 z\u0142, a warto\u015b\u0107 pojazdu to 20.440,00<\/p>\n","protected":false},"author":4,"featured_media":169303,"comment_status":"open","ping_status":"closed","sticky":false,"template":"","format":"standard","meta":{"_acf_changed":false,"footnotes":""},"categories":[6251],"tags":[1039,3587,17150],"class_list":["post-180273","post","type-post","status-publish","format-standard","has-post-thumbnail","hentry","category-polityka-i-wydarzenia","tag-radiowoz","tag-ul-wygoda","tag-wypadek","main_tag-radiowoz"],"acf":[],"yoast_head":"<!-- This site is optimized with the Yoast SEO plugin v26.9 - https:\/\/yoast.com\/product\/yoast-seo-wordpress\/ -->\n<title>Po wypadku na ul. Wygoda, policja ci\u0105gle nie odzyska\u0142a radiowozu - mojabochnia.pl - portal informacyjny<\/title>\n<meta name=\"robots\" content=\"index, follow, max-snippet:-1, max-image-preview:large, max-video-preview:-1\" \/>\n<link rel=\"canonical\" href=\"https:\/\/www.mojabochnia.pl\/?p=180273\" \/>\n<meta property=\"og:locale\" content=\"pl_PL\" \/>\n<meta property=\"og:type\" content=\"article\" \/>\n<meta property=\"og:title\" content=\"Po wypadku na ul. Wygoda, policja ci\u0105gle nie odzyska\u0142a radiowozu - mojabochnia.pl - portal informacyjny\" \/>\n<meta property=\"og:description\" content=\"Radiow\u00f3z, w kt\u00f3ry 28 marca br. wjecha\u0142 kierowca audi, nie nadaje si\u0119 do remontu &#8211; uzna\u0142 ubezpieczyciel. Mimo stwierdzonej szkody ca\u0142kowitej, tabor boche\u0144skiej komendy do dzi\u015b jest uszczuplony o jeden pojazd. Dlaczego? Ubezpieczyciel samochodu sprawcy stwierdzi\u0142 tzw. \u201eszkod\u0119 ca\u0142kowit\u0105\u201d. Kosztorys naprawy z zak\u0142adu ubezpieczeniowego (MTU) opiewa na kwot\u0119 54.121,86 z\u0142, a warto\u015b\u0107 pojazdu to 20.440,00\" \/>\n<meta property=\"og:url\" content=\"https:\/\/www.mojabochnia.pl\/?p=180273\" \/>\n<meta property=\"og:site_name\" content=\"mojabochnia.pl - portal informacyjny\" \/>\n<meta property=\"article:publisher\" content=\"https:\/\/www.facebook.com\/mojabochnia\" \/>\n<meta property=\"article:published_time\" content=\"2017-11-22T06:11:52+00:00\" \/>\n<meta property=\"og:image\" content=\"https:\/\/www.mojabochnia.pl\/wp-content\/uploads\/2017\/03\/H3370013.jpg\" \/>\n\t<meta property=\"og:image:width\" content=\"800\" \/>\n\t<meta property=\"og:image:height\" content=\"600\" \/>\n\t<meta property=\"og:image:type\" content=\"image\/jpeg\" \/>\n<meta name=\"author\" content=\"Pawe\u0142 Michalczyk\" \/>\n<meta name=\"twitter:card\" content=\"summary_large_image\" \/>\n<meta name=\"twitter:label1\" content=\"Written by\" \/>\n\t<meta name=\"twitter:data1\" content=\"Pawe\u0142 Michalczyk\" \/>\n\t<meta name=\"twitter:label2\" content=\"Est. reading time\" \/>\n\t<meta name=\"twitter:data2\" content=\"1 minuta\" \/>\n<script type=\"application\/ld+json\" class=\"yoast-schema-graph\">{\"@context\":\"https:\/\/schema.org\",\"@graph\":[{\"@type\":\"Article\",\"@id\":\"https:\/\/www.mojabochnia.pl\/?p=180273#article\",\"isPartOf\":{\"@id\":\"https:\/\/www.mojabochnia.pl\/?p=180273\"},\"author\":{\"name\":\"Pawe\u0142 Michalczyk\",\"@id\":\"https:\/\/www.mojabochnia.pl\/#\/schema\/person\/ea042e4724a77627963f02166828ead4\"},\"headline\":\"Po wypadku na ul. Wygoda, policja ci\u0105gle nie odzyska\u0142a radiowozu\",\"datePublished\":\"2017-11-22T06:11:52+00:00\",\"mainEntityOfPage\":{\"@id\":\"https:\/\/www.mojabochnia.pl\/?p=180273\"},\"wordCount\":210,\"commentCount\":0,\"publisher\":{\"@id\":\"https:\/\/www.mojabochnia.pl\/#organization\"},\"image\":{\"@id\":\"https:\/\/www.mojabochnia.pl\/?p=180273#primaryimage\"},\"thumbnailUrl\":\"https:\/\/www.mojabochnia.pl\/wp-content\/uploads\/2017\/03\/H3370013.jpg\",\"keywords\":[\"radiow\u00f3z\",\"ul. wygoda\",\"wypadek\"],\"articleSection\":[\"polityka i wydarzenia\"],\"inLanguage\":\"pl-PL\",\"potentialAction\":[{\"@type\":\"CommentAction\",\"name\":\"Comment\",\"target\":[\"https:\/\/www.mojabochnia.pl\/?p=180273#respond\"]}]},{\"@type\":\"WebPage\",\"@id\":\"https:\/\/www.mojabochnia.pl\/?p=180273\",\"url\":\"https:\/\/www.mojabochnia.pl\/?p=180273\",\"name\":\"Po wypadku na ul. Wygoda, policja ci\u0105gle nie odzyska\u0142a radiowozu - mojabochnia.pl - portal informacyjny\",\"isPartOf\":{\"@id\":\"https:\/\/www.mojabochnia.pl\/#website\"},\"primaryImageOfPage\":{\"@id\":\"https:\/\/www.mojabochnia.pl\/?p=180273#primaryimage\"},\"image\":{\"@id\":\"https:\/\/www.mojabochnia.pl\/?p=180273#primaryimage\"},\"thumbnailUrl\":\"https:\/\/www.mojabochnia.pl\/wp-content\/uploads\/2017\/03\/H3370013.jpg\",\"datePublished\":\"2017-11-22T06:11:52+00:00\",\"breadcrumb\":{\"@id\":\"https:\/\/www.mojabochnia.pl\/?p=180273#breadcrumb\"},\"inLanguage\":\"pl-PL\",\"potentialAction\":[{\"@type\":\"ReadAction\",\"target\":[\"https:\/\/www.mojabochnia.pl\/?p=180273\"]}]},{\"@type\":\"ImageObject\",\"inLanguage\":\"pl-PL\",\"@id\":\"https:\/\/www.mojabochnia.pl\/?p=180273#primaryimage\",\"url\":\"https:\/\/www.mojabochnia.pl\/wp-content\/uploads\/2017\/03\/H3370013.jpg\",\"contentUrl\":\"https:\/\/www.mojabochnia.pl\/wp-content\/uploads\/2017\/03\/H3370013.jpg\",\"width\":800,\"height\":600,\"caption\":\"KPP Bochnia\"},{\"@type\":\"BreadcrumbList\",\"@id\":\"https:\/\/www.mojabochnia.pl\/?p=180273#breadcrumb\",\"itemListElement\":[{\"@type\":\"ListItem\",\"position\":1,\"name\":\"Home\",\"item\":\"https:\/\/www.mojabochnia.pl\/\"},{\"@type\":\"ListItem\",\"position\":2,\"name\":\"Po wypadku na ul. Wygoda, policja ci\u0105gle nie odzyska\u0142a radiowozu\"}]},{\"@type\":\"WebSite\",\"@id\":\"https:\/\/www.mojabochnia.pl\/#website\",\"url\":\"https:\/\/www.mojabochnia.pl\/\",\"name\":\"mojabochnia.pl - portal informacyjny\",\"description\":\"mojaBochnia to portal informacyjny o Bochni. Codziennie o Bochni piszemy i pokazujemy najwa\u017cniejsze wydarzenia\",\"publisher\":{\"@id\":\"https:\/\/www.mojabochnia.pl\/#organization\"},\"potentialAction\":[{\"@type\":\"SearchAction\",\"target\":{\"@type\":\"EntryPoint\",\"urlTemplate\":\"https:\/\/www.mojabochnia.pl\/?s={search_term_string}\"},\"query-input\":{\"@type\":\"PropertyValueSpecification\",\"valueRequired\":true,\"valueName\":\"search_term_string\"}}],\"inLanguage\":\"pl-PL\"},{\"@type\":\"Organization\",\"@id\":\"https:\/\/www.mojabochnia.pl\/#organization\",\"name\":\"mojabochnia.pl - portal informacyjny\",\"url\":\"https:\/\/www.mojabochnia.pl\/\",\"logo\":{\"@type\":\"ImageObject\",\"inLanguage\":\"pl-PL\",\"@id\":\"https:\/\/www.mojabochnia.pl\/#\/schema\/logo\/image\/\",\"url\":\"https:\/\/www.mojabochnia.pl\/wp-content\/uploads\/2017\/08\/logo-mb-opt.png\",\"contentUrl\":\"https:\/\/www.mojabochnia.pl\/wp-content\/uploads\/2017\/08\/logo-mb-opt.png\",\"width\":250,\"height\":48,\"caption\":\"mojabochnia.pl - portal informacyjny\"},\"image\":{\"@id\":\"https:\/\/www.mojabochnia.pl\/#\/schema\/logo\/image\/\"},\"sameAs\":[\"https:\/\/www.facebook.com\/mojabochnia\"]},{\"@type\":\"Person\",\"@id\":\"https:\/\/www.mojabochnia.pl\/#\/schema\/person\/ea042e4724a77627963f02166828ead4\",\"name\":\"Pawe\u0142 Michalczyk\",\"url\":\"https:\/\/www.mojabochnia.pl\/?author=4\"}]}<\/script>\n<!-- \/ Yoast SEO plugin. -->","yoast_head_json":{"title":"Po wypadku na ul. Wygoda, policja ci\u0105gle nie odzyska\u0142a radiowozu - mojabochnia.pl - portal informacyjny","robots":{"index":"index","follow":"follow","max-snippet":"max-snippet:-1","max-image-preview":"max-image-preview:large","max-video-preview":"max-video-preview:-1"},"canonical":"https:\/\/www.mojabochnia.pl\/?p=180273","og_locale":"pl_PL","og_type":"article","og_title":"Po wypadku na ul. Wygoda, policja ci\u0105gle nie odzyska\u0142a radiowozu - mojabochnia.pl - portal informacyjny","og_description":"Radiow\u00f3z, w kt\u00f3ry 28 marca br. wjecha\u0142 kierowca audi, nie nadaje si\u0119 do remontu &#8211; uzna\u0142 ubezpieczyciel. Mimo stwierdzonej szkody ca\u0142kowitej, tabor boche\u0144skiej komendy do dzi\u015b jest uszczuplony o jeden pojazd. Dlaczego? Ubezpieczyciel samochodu sprawcy stwierdzi\u0142 tzw. \u201eszkod\u0119 ca\u0142kowit\u0105\u201d. Kosztorys naprawy z zak\u0142adu ubezpieczeniowego (MTU) opiewa na kwot\u0119 54.121,86 z\u0142, a warto\u015b\u0107 pojazdu to 20.440,00","og_url":"https:\/\/www.mojabochnia.pl\/?p=180273","og_site_name":"mojabochnia.pl - portal informacyjny","article_publisher":"https:\/\/www.facebook.com\/mojabochnia","article_published_time":"2017-11-22T06:11:52+00:00","og_image":[{"width":800,"height":600,"url":"https:\/\/www.mojabochnia.pl\/wp-content\/uploads\/2017\/03\/H3370013.jpg","type":"image\/jpeg"}],"author":"Pawe\u0142 Michalczyk","twitter_card":"summary_large_image","twitter_misc":{"Written by":"Pawe\u0142 Michalczyk","Est. reading time":"1 minuta"},"schema":{"@context":"https:\/\/schema.org","@graph":[{"@type":"Article","@id":"https:\/\/www.mojabochnia.pl\/?p=180273#article","isPartOf":{"@id":"https:\/\/www.mojabochnia.pl\/?p=180273"},"author":{"name":"Pawe\u0142 Michalczyk","@id":"https:\/\/www.mojabochnia.pl\/#\/schema\/person\/ea042e4724a77627963f02166828ead4"},"headline":"Po wypadku na ul. Wygoda, policja ci\u0105gle nie odzyska\u0142a radiowozu","datePublished":"2017-11-22T06:11:52+00:00","mainEntityOfPage":{"@id":"https:\/\/www.mojabochnia.pl\/?p=180273"},"wordCount":210,"commentCount":0,"publisher":{"@id":"https:\/\/www.mojabochnia.pl\/#organization"},"image":{"@id":"https:\/\/www.mojabochnia.pl\/?p=180273#primaryimage"},"thumbnailUrl":"https:\/\/www.mojabochnia.pl\/wp-content\/uploads\/2017\/03\/H3370013.jpg","keywords":["radiow\u00f3z","ul. wygoda","wypadek"],"articleSection":["polityka i wydarzenia"],"inLanguage":"pl-PL","potentialAction":[{"@type":"CommentAction","name":"Comment","target":["https:\/\/www.mojabochnia.pl\/?p=180273#respond"]}]},{"@type":"WebPage","@id":"https:\/\/www.mojabochnia.pl\/?p=180273","url":"https:\/\/www.mojabochnia.pl\/?p=180273","name":"Po wypadku na ul. Wygoda, policja ci\u0105gle nie odzyska\u0142a radiowozu - mojabochnia.pl - portal informacyjny","isPartOf":{"@id":"https:\/\/www.mojabochnia.pl\/#website"},"primaryImageOfPage":{"@id":"https:\/\/www.mojabochnia.pl\/?p=180273#primaryimage"},"image":{"@id":"https:\/\/www.mojabochnia.pl\/?p=180273#primaryimage"},"thumbnailUrl":"https:\/\/www.mojabochnia.pl\/wp-content\/uploads\/2017\/03\/H3370013.jpg","datePublished":"2017-11-22T06:11:52+00:00","breadcrumb":{"@id":"https:\/\/www.mojabochnia.pl\/?p=180273#breadcrumb"},"inLanguage":"pl-PL","potentialAction":[{"@type":"ReadAction","target":["https:\/\/www.mojabochnia.pl\/?p=180273"]}]},{"@type":"ImageObject","inLanguage":"pl-PL","@id":"https:\/\/www.mojabochnia.pl\/?p=180273#primaryimage","url":"https:\/\/www.mojabochnia.pl\/wp-content\/uploads\/2017\/03\/H3370013.jpg","contentUrl":"https:\/\/www.mojabochnia.pl\/wp-content\/uploads\/2017\/03\/H3370013.jpg","width":800,"height":600,"caption":"KPP Bochnia"},{"@type":"BreadcrumbList","@id":"https:\/\/www.mojabochnia.pl\/?p=180273#breadcrumb","itemListElement":[{"@type":"ListItem","position":1,"name":"Home","item":"https:\/\/www.mojabochnia.pl\/"},{"@type":"ListItem","position":2,"name":"Po wypadku na ul. Wygoda, policja ci\u0105gle nie odzyska\u0142a radiowozu"}]},{"@type":"WebSite","@id":"https:\/\/www.mojabochnia.pl\/#website","url":"https:\/\/www.mojabochnia.pl\/","name":"mojabochnia.pl - portal informacyjny","description":"mojaBochnia to portal informacyjny o Bochni. Codziennie o Bochni piszemy i pokazujemy najwa\u017cniejsze wydarzenia","publisher":{"@id":"https:\/\/www.mojabochnia.pl\/#organization"},"potentialAction":[{"@type":"SearchAction","target":{"@type":"EntryPoint","urlTemplate":"https:\/\/www.mojabochnia.pl\/?s={search_term_string}"},"query-input":{"@type":"PropertyValueSpecification","valueRequired":true,"valueName":"search_term_string"}}],"inLanguage":"pl-PL"},{"@type":"Organization","@id":"https:\/\/www.mojabochnia.pl\/#organization","name":"mojabochnia.pl - portal informacyjny","url":"https:\/\/www.mojabochnia.pl\/","logo":{"@type":"ImageObject","inLanguage":"pl-PL","@id":"https:\/\/www.mojabochnia.pl\/#\/schema\/logo\/image\/","url":"https:\/\/www.mojabochnia.pl\/wp-content\/uploads\/2017\/08\/logo-mb-opt.png","contentUrl":"https:\/\/www.mojabochnia.pl\/wp-content\/uploads\/2017\/08\/logo-mb-opt.png","width":250,"height":48,"caption":"mojabochnia.pl - portal informacyjny"},"image":{"@id":"https:\/\/www.mojabochnia.pl\/#\/schema\/logo\/image\/"},"sameAs":["https:\/\/www.facebook.com\/mojabochnia"]},{"@type":"Person","@id":"https:\/\/www.mojabochnia.pl\/#\/schema\/person\/ea042e4724a77627963f02166828ead4","name":"Pawe\u0142 Michalczyk","url":"https:\/\/www.mojabochnia.pl\/?author=4"}]}},"_links":{"self":[{"href":"https:\/\/www.mojabochnia.pl\/index.php?rest_route=\/wp\/v2\/posts\/180273","targetHints":{"allow":["GET"]}}],"collection":[{"href":"https:\/\/www.mojabochnia.pl\/index.php?rest_route=\/wp\/v2\/posts"}],"about":[{"href":"https:\/\/www.mojabochnia.pl\/index.php?rest_route=\/wp\/v2\/types\/post"}],"author":[{"embeddable":true,"href":"https:\/\/www.mojabochnia.pl\/index.php?rest_route=\/wp\/v2\/users\/4"}],"replies":[{"embeddable":true,"href":"https:\/\/www.mojabochnia.pl\/index.php?rest_route=%2Fwp%2Fv2%2Fcomments&post=180273"}],"version-history":[{"count":1,"href":"https:\/\/www.mojabochnia.pl\/index.php?rest_route=\/wp\/v2\/posts\/180273\/revisions"}],"predecessor-version":[{"id":180275,"href":"https:\/\/www.mojabochnia.pl\/index.php?rest_route=\/wp\/v2\/posts\/180273\/revisions\/180275"}],"wp:featuredmedia":[{"embeddable":true,"href":"https:\/\/www.mojabochnia.pl\/index.php?rest_route=\/wp\/v2\/media\/169303"}],"wp:attachment":[{"href":"https:\/\/www.mojabochnia.pl\/index.php?rest_route=%2Fwp%2Fv2%2Fmedia&parent=180273"}],"wp:term":[{"taxonomy":"category","embeddable":true,"href":"https:\/\/www.mojabochnia.pl\/index.php?rest_route=%2Fwp%2Fv2%2Fcategories&post=180273"},{"taxonomy":"post_tag","embeddable":true,"href":"https:\/\/www.mojabochnia.pl\/index.php?rest_route=%2Fwp%2Fv2%2Ftags&post=180273"}],"curies":[{"name":"wp","href":"https:\/\/api.w.org\/{rel}","templated":true}]}}