{"id":180075,"date":"2017-11-14T16:33:09","date_gmt":"2017-11-14T15:33:09","guid":{"rendered":"https:\/\/www.mojabochnia.pl\/?p=180075"},"modified":"2017-11-14T16:33:09","modified_gmt":"2017-11-14T15:33:09","slug":"vinny-apice-ulegl-wypadkowi-zmiana-terminu-koncertu-w-bochni","status":"publish","type":"post","link":"https:\/\/www.mojabochnia.pl\/?p=180075","title":{"rendered":"Vinny Apice uleg\u0142 wypadkowi. Zmiana terminu koncertu w Bochni"},"content":{"rendered":"<p><strong>Ostatni w tym roku koncert Bochnia Rocks! nie odb\u0119dzie si\u0119 w planowanym terminie. Promotor trasy Vinniego Appice\u2019a powiadomi\u0142, \u017ce na lotnisku w Londynie, podczas podr\u00f3\u017cy do W\u0142och, Appice uleg\u0142 nieszcz\u0119\u015bliwemu wypadkowi i urazowi uleg\u0142y jego r\u0119ka i bark, co uniemo\u017cliwia mu gr\u0119 przez nast\u0119pne 30 dni. Organizatorzy s\u0105 wi\u0119c zmuszeni do prze\u0142o\u017cenia terminu koncertu na 5 stycznia 2018 r.<\/strong><\/p>\n<p>Pozostaje mie\u0107 nadziej\u0119, \u017ce Vinny Appice szybko wr\u00f3ci do zdrowia, ale p\u00f3ki co organizatorzy koncertu dostali od niego za\u015bwiadczenie lekarskie o kontuzji i trasa musi zosta\u0107 prze\u0142o\u017cona na stycze\u0144 i zapraszaj\u0105 na koncert 5 stycznia 2018 r.<\/p>\n<p>Istnieje oczywi\u015bcie mo\u017cliwo\u015b\u0107 zwrotu bilet\u00f3w w sekretariacie MDK (od poniedzia\u0142ku do pi\u0105tku w godz. 8-16), ale zakupione bilety zachowuj\u0105 swoj\u0105 wa\u017cno\u015b\u0107 na termin 5 stycznia 2018 r.<\/p>\n","protected":false},"excerpt":{"rendered":"<p>Ostatni w tym roku koncert Bochnia Rocks! nie odb\u0119dzie si\u0119 w planowanym terminie. Promotor trasy Vinniego Appice\u2019a powiadomi\u0142, \u017ce na lotnisku w Londynie, podczas podr\u00f3\u017cy do W\u0142och, Appice uleg\u0142 nieszcz\u0119\u015bliwemu wypadkowi i urazowi uleg\u0142y jego r\u0119ka i bark, co uniemo\u017cliwia mu gr\u0119 przez nast\u0119pne 30 dni. Organizatorzy s\u0105 wi\u0119c zmuszeni do prze\u0142o\u017cenia terminu koncertu na<\/p>\n","protected":false},"author":13,"featured_media":180077,"comment_status":"open","ping_status":"closed","sticky":false,"template":"","format":"standard","meta":{"_acf_changed":false,"footnotes":""},"categories":[92],"tags":[18509,17108,5199,19967],"class_list":["post-180075","post","type-post","status-publish","format-standard","has-post-thumbnail","hentry","category-kultura","tag-bochnia-rocks","tag-koncert","tag-piotr-lekki","tag-vinny-appice","main_tag-bochnia-rocks"],"acf":[],"yoast_head":"<!-- This site is optimized with the Yoast SEO plugin v26.9 - https:\/\/yoast.com\/product\/yoast-seo-wordpress\/ -->\n<title>Vinny Apice uleg\u0142 wypadkowi. Zmiana terminu koncertu w Bochni - mojabochnia.pl - portal informacyjny<\/title>\n<meta name=\"robots\" content=\"index, follow, max-snippet:-1, max-image-preview:large, max-video-preview:-1\" \/>\n<link rel=\"canonical\" href=\"https:\/\/www.mojabochnia.pl\/?p=180075\" \/>\n<meta property=\"og:locale\" content=\"pl_PL\" \/>\n<meta property=\"og:type\" content=\"article\" \/>\n<meta property=\"og:title\" content=\"Vinny Apice uleg\u0142 wypadkowi. Zmiana terminu koncertu w Bochni - mojabochnia.pl - portal informacyjny\" \/>\n<meta property=\"og:description\" content=\"Ostatni w tym roku koncert Bochnia Rocks! nie odb\u0119dzie si\u0119 w planowanym terminie. Promotor trasy Vinniego Appice\u2019a powiadomi\u0142, \u017ce na lotnisku w Londynie, podczas podr\u00f3\u017cy do W\u0142och, Appice uleg\u0142 nieszcz\u0119\u015bliwemu wypadkowi i urazowi uleg\u0142y jego r\u0119ka i bark, co uniemo\u017cliwia mu gr\u0119 przez nast\u0119pne 30 dni. Organizatorzy s\u0105 wi\u0119c zmuszeni do prze\u0142o\u017cenia terminu koncertu na\" \/>\n<meta property=\"og:url\" content=\"https:\/\/www.mojabochnia.pl\/?p=180075\" \/>\n<meta property=\"og:site_name\" content=\"mojabochnia.pl - portal informacyjny\" \/>\n<meta property=\"article:publisher\" content=\"https:\/\/www.facebook.com\/mojabochnia\" \/>\n<meta property=\"article:published_time\" content=\"2017-11-14T15:33:09+00:00\" \/>\n<meta property=\"og:image\" content=\"https:\/\/www.mojabochnia.pl\/wp-content\/uploads\/2017\/11\/VINNY-ZMIANA-01.jpg\" \/>\n\t<meta property=\"og:image:width\" content=\"679\" \/>\n\t<meta property=\"og:image:height\" content=\"960\" \/>\n\t<meta property=\"og:image:type\" content=\"image\/jpeg\" \/>\n<meta name=\"author\" content=\"redakcja\" \/>\n<meta name=\"twitter:card\" content=\"summary_large_image\" \/>\n<meta name=\"twitter:label1\" content=\"Written by\" \/>\n\t<meta name=\"twitter:data1\" content=\"redakcja\" \/>\n\t<meta name=\"twitter:label2\" content=\"Est. reading time\" \/>\n\t<meta name=\"twitter:data2\" content=\"1 minuta\" \/>\n<script type=\"application\/ld+json\" class=\"yoast-schema-graph\">{\"@context\":\"https:\/\/schema.org\",\"@graph\":[{\"@type\":\"Article\",\"@id\":\"https:\/\/www.mojabochnia.pl\/?p=180075#article\",\"isPartOf\":{\"@id\":\"https:\/\/www.mojabochnia.pl\/?p=180075\"},\"author\":{\"name\":\"redakcja\",\"@id\":\"https:\/\/www.mojabochnia.pl\/#\/schema\/person\/7e2f20ead9902216a3384f13606c0ab7\"},\"headline\":\"Vinny Apice uleg\u0142 wypadkowi. Zmiana terminu koncertu w Bochni\",\"datePublished\":\"2017-11-14T15:33:09+00:00\",\"mainEntityOfPage\":{\"@id\":\"https:\/\/www.mojabochnia.pl\/?p=180075\"},\"wordCount\":148,\"commentCount\":0,\"publisher\":{\"@id\":\"https:\/\/www.mojabochnia.pl\/#organization\"},\"image\":{\"@id\":\"https:\/\/www.mojabochnia.pl\/?p=180075#primaryimage\"},\"thumbnailUrl\":\"https:\/\/www.mojabochnia.pl\/wp-content\/uploads\/2017\/11\/VINNY-ZMIANA-01.jpg\",\"keywords\":[\"bochnia rocks\",\"koncert\",\"piotr lekki\",\"vinny appice\"],\"articleSection\":[\"kultura\"],\"inLanguage\":\"pl-PL\",\"potentialAction\":[{\"@type\":\"CommentAction\",\"name\":\"Comment\",\"target\":[\"https:\/\/www.mojabochnia.pl\/?p=180075#respond\"]}]},{\"@type\":\"WebPage\",\"@id\":\"https:\/\/www.mojabochnia.pl\/?p=180075\",\"url\":\"https:\/\/www.mojabochnia.pl\/?p=180075\",\"name\":\"Vinny Apice uleg\u0142 wypadkowi. Zmiana terminu koncertu w Bochni - mojabochnia.pl - portal informacyjny\",\"isPartOf\":{\"@id\":\"https:\/\/www.mojabochnia.pl\/#website\"},\"primaryImageOfPage\":{\"@id\":\"https:\/\/www.mojabochnia.pl\/?p=180075#primaryimage\"},\"image\":{\"@id\":\"https:\/\/www.mojabochnia.pl\/?p=180075#primaryimage\"},\"thumbnailUrl\":\"https:\/\/www.mojabochnia.pl\/wp-content\/uploads\/2017\/11\/VINNY-ZMIANA-01.jpg\",\"datePublished\":\"2017-11-14T15:33:09+00:00\",\"breadcrumb\":{\"@id\":\"https:\/\/www.mojabochnia.pl\/?p=180075#breadcrumb\"},\"inLanguage\":\"pl-PL\",\"potentialAction\":[{\"@type\":\"ReadAction\",\"target\":[\"https:\/\/www.mojabochnia.pl\/?p=180075\"]}]},{\"@type\":\"ImageObject\",\"inLanguage\":\"pl-PL\",\"@id\":\"https:\/\/www.mojabochnia.pl\/?p=180075#primaryimage\",\"url\":\"https:\/\/www.mojabochnia.pl\/wp-content\/uploads\/2017\/11\/VINNY-ZMIANA-01.jpg\",\"contentUrl\":\"https:\/\/www.mojabochnia.pl\/wp-content\/uploads\/2017\/11\/VINNY-ZMIANA-01.jpg\",\"width\":679,\"height\":960},{\"@type\":\"BreadcrumbList\",\"@id\":\"https:\/\/www.mojabochnia.pl\/?p=180075#breadcrumb\",\"itemListElement\":[{\"@type\":\"ListItem\",\"position\":1,\"name\":\"Home\",\"item\":\"https:\/\/www.mojabochnia.pl\/\"},{\"@type\":\"ListItem\",\"position\":2,\"name\":\"Vinny Apice uleg\u0142 wypadkowi. Zmiana terminu koncertu w Bochni\"}]},{\"@type\":\"WebSite\",\"@id\":\"https:\/\/www.mojabochnia.pl\/#website\",\"url\":\"https:\/\/www.mojabochnia.pl\/\",\"name\":\"mojabochnia.pl - portal informacyjny\",\"description\":\"mojaBochnia to portal informacyjny o Bochni. Codziennie o Bochni piszemy i pokazujemy najwa\u017cniejsze wydarzenia\",\"publisher\":{\"@id\":\"https:\/\/www.mojabochnia.pl\/#organization\"},\"potentialAction\":[{\"@type\":\"SearchAction\",\"target\":{\"@type\":\"EntryPoint\",\"urlTemplate\":\"https:\/\/www.mojabochnia.pl\/?s={search_term_string}\"},\"query-input\":{\"@type\":\"PropertyValueSpecification\",\"valueRequired\":true,\"valueName\":\"search_term_string\"}}],\"inLanguage\":\"pl-PL\"},{\"@type\":\"Organization\",\"@id\":\"https:\/\/www.mojabochnia.pl\/#organization\",\"name\":\"mojabochnia.pl - portal informacyjny\",\"url\":\"https:\/\/www.mojabochnia.pl\/\",\"logo\":{\"@type\":\"ImageObject\",\"inLanguage\":\"pl-PL\",\"@id\":\"https:\/\/www.mojabochnia.pl\/#\/schema\/logo\/image\/\",\"url\":\"https:\/\/www.mojabochnia.pl\/wp-content\/uploads\/2017\/08\/logo-mb-opt.png\",\"contentUrl\":\"https:\/\/www.mojabochnia.pl\/wp-content\/uploads\/2017\/08\/logo-mb-opt.png\",\"width\":250,\"height\":48,\"caption\":\"mojabochnia.pl - portal informacyjny\"},\"image\":{\"@id\":\"https:\/\/www.mojabochnia.pl\/#\/schema\/logo\/image\/\"},\"sameAs\":[\"https:\/\/www.facebook.com\/mojabochnia\"]},{\"@type\":\"Person\",\"@id\":\"https:\/\/www.mojabochnia.pl\/#\/schema\/person\/7e2f20ead9902216a3384f13606c0ab7\",\"name\":\"redakcja\",\"sameAs\":[\"http:\/\/\"],\"url\":\"https:\/\/www.mojabochnia.pl\/?author=13\"}]}<\/script>\n<!-- \/ Yoast SEO plugin. -->","yoast_head_json":{"title":"Vinny Apice uleg\u0142 wypadkowi. Zmiana terminu koncertu w Bochni - mojabochnia.pl - portal informacyjny","robots":{"index":"index","follow":"follow","max-snippet":"max-snippet:-1","max-image-preview":"max-image-preview:large","max-video-preview":"max-video-preview:-1"},"canonical":"https:\/\/www.mojabochnia.pl\/?p=180075","og_locale":"pl_PL","og_type":"article","og_title":"Vinny Apice uleg\u0142 wypadkowi. Zmiana terminu koncertu w Bochni - mojabochnia.pl - portal informacyjny","og_description":"Ostatni w tym roku koncert Bochnia Rocks! nie odb\u0119dzie si\u0119 w planowanym terminie. Promotor trasy Vinniego Appice\u2019a powiadomi\u0142, \u017ce na lotnisku w Londynie, podczas podr\u00f3\u017cy do W\u0142och, Appice uleg\u0142 nieszcz\u0119\u015bliwemu wypadkowi i urazowi uleg\u0142y jego r\u0119ka i bark, co uniemo\u017cliwia mu gr\u0119 przez nast\u0119pne 30 dni. Organizatorzy s\u0105 wi\u0119c zmuszeni do prze\u0142o\u017cenia terminu koncertu na","og_url":"https:\/\/www.mojabochnia.pl\/?p=180075","og_site_name":"mojabochnia.pl - portal informacyjny","article_publisher":"https:\/\/www.facebook.com\/mojabochnia","article_published_time":"2017-11-14T15:33:09+00:00","og_image":[{"width":679,"height":960,"url":"https:\/\/www.mojabochnia.pl\/wp-content\/uploads\/2017\/11\/VINNY-ZMIANA-01.jpg","type":"image\/jpeg"}],"author":"redakcja","twitter_card":"summary_large_image","twitter_misc":{"Written by":"redakcja","Est. reading time":"1 minuta"},"schema":{"@context":"https:\/\/schema.org","@graph":[{"@type":"Article","@id":"https:\/\/www.mojabochnia.pl\/?p=180075#article","isPartOf":{"@id":"https:\/\/www.mojabochnia.pl\/?p=180075"},"author":{"name":"redakcja","@id":"https:\/\/www.mojabochnia.pl\/#\/schema\/person\/7e2f20ead9902216a3384f13606c0ab7"},"headline":"Vinny Apice uleg\u0142 wypadkowi. Zmiana terminu koncertu w Bochni","datePublished":"2017-11-14T15:33:09+00:00","mainEntityOfPage":{"@id":"https:\/\/www.mojabochnia.pl\/?p=180075"},"wordCount":148,"commentCount":0,"publisher":{"@id":"https:\/\/www.mojabochnia.pl\/#organization"},"image":{"@id":"https:\/\/www.mojabochnia.pl\/?p=180075#primaryimage"},"thumbnailUrl":"https:\/\/www.mojabochnia.pl\/wp-content\/uploads\/2017\/11\/VINNY-ZMIANA-01.jpg","keywords":["bochnia rocks","koncert","piotr lekki","vinny appice"],"articleSection":["kultura"],"inLanguage":"pl-PL","potentialAction":[{"@type":"CommentAction","name":"Comment","target":["https:\/\/www.mojabochnia.pl\/?p=180075#respond"]}]},{"@type":"WebPage","@id":"https:\/\/www.mojabochnia.pl\/?p=180075","url":"https:\/\/www.mojabochnia.pl\/?p=180075","name":"Vinny Apice uleg\u0142 wypadkowi. Zmiana terminu koncertu w Bochni - mojabochnia.pl - portal informacyjny","isPartOf":{"@id":"https:\/\/www.mojabochnia.pl\/#website"},"primaryImageOfPage":{"@id":"https:\/\/www.mojabochnia.pl\/?p=180075#primaryimage"},"image":{"@id":"https:\/\/www.mojabochnia.pl\/?p=180075#primaryimage"},"thumbnailUrl":"https:\/\/www.mojabochnia.pl\/wp-content\/uploads\/2017\/11\/VINNY-ZMIANA-01.jpg","datePublished":"2017-11-14T15:33:09+00:00","breadcrumb":{"@id":"https:\/\/www.mojabochnia.pl\/?p=180075#breadcrumb"},"inLanguage":"pl-PL","potentialAction":[{"@type":"ReadAction","target":["https:\/\/www.mojabochnia.pl\/?p=180075"]}]},{"@type":"ImageObject","inLanguage":"pl-PL","@id":"https:\/\/www.mojabochnia.pl\/?p=180075#primaryimage","url":"https:\/\/www.mojabochnia.pl\/wp-content\/uploads\/2017\/11\/VINNY-ZMIANA-01.jpg","contentUrl":"https:\/\/www.mojabochnia.pl\/wp-content\/uploads\/2017\/11\/VINNY-ZMIANA-01.jpg","width":679,"height":960},{"@type":"BreadcrumbList","@id":"https:\/\/www.mojabochnia.pl\/?p=180075#breadcrumb","itemListElement":[{"@type":"ListItem","position":1,"name":"Home","item":"https:\/\/www.mojabochnia.pl\/"},{"@type":"ListItem","position":2,"name":"Vinny Apice uleg\u0142 wypadkowi. Zmiana terminu koncertu w Bochni"}]},{"@type":"WebSite","@id":"https:\/\/www.mojabochnia.pl\/#website","url":"https:\/\/www.mojabochnia.pl\/","name":"mojabochnia.pl - portal informacyjny","description":"mojaBochnia to portal informacyjny o Bochni. Codziennie o Bochni piszemy i pokazujemy najwa\u017cniejsze wydarzenia","publisher":{"@id":"https:\/\/www.mojabochnia.pl\/#organization"},"potentialAction":[{"@type":"SearchAction","target":{"@type":"EntryPoint","urlTemplate":"https:\/\/www.mojabochnia.pl\/?s={search_term_string}"},"query-input":{"@type":"PropertyValueSpecification","valueRequired":true,"valueName":"search_term_string"}}],"inLanguage":"pl-PL"},{"@type":"Organization","@id":"https:\/\/www.mojabochnia.pl\/#organization","name":"mojabochnia.pl - portal informacyjny","url":"https:\/\/www.mojabochnia.pl\/","logo":{"@type":"ImageObject","inLanguage":"pl-PL","@id":"https:\/\/www.mojabochnia.pl\/#\/schema\/logo\/image\/","url":"https:\/\/www.mojabochnia.pl\/wp-content\/uploads\/2017\/08\/logo-mb-opt.png","contentUrl":"https:\/\/www.mojabochnia.pl\/wp-content\/uploads\/2017\/08\/logo-mb-opt.png","width":250,"height":48,"caption":"mojabochnia.pl - portal informacyjny"},"image":{"@id":"https:\/\/www.mojabochnia.pl\/#\/schema\/logo\/image\/"},"sameAs":["https:\/\/www.facebook.com\/mojabochnia"]},{"@type":"Person","@id":"https:\/\/www.mojabochnia.pl\/#\/schema\/person\/7e2f20ead9902216a3384f13606c0ab7","name":"redakcja","sameAs":["http:\/\/"],"url":"https:\/\/www.mojabochnia.pl\/?author=13"}]}},"_links":{"self":[{"href":"https:\/\/www.mojabochnia.pl\/index.php?rest_route=\/wp\/v2\/posts\/180075","targetHints":{"allow":["GET"]}}],"collection":[{"href":"https:\/\/www.mojabochnia.pl\/index.php?rest_route=\/wp\/v2\/posts"}],"about":[{"href":"https:\/\/www.mojabochnia.pl\/index.php?rest_route=\/wp\/v2\/types\/post"}],"author":[{"embeddable":true,"href":"https:\/\/www.mojabochnia.pl\/index.php?rest_route=\/wp\/v2\/users\/13"}],"replies":[{"embeddable":true,"href":"https:\/\/www.mojabochnia.pl\/index.php?rest_route=%2Fwp%2Fv2%2Fcomments&post=180075"}],"version-history":[{"count":1,"href":"https:\/\/www.mojabochnia.pl\/index.php?rest_route=\/wp\/v2\/posts\/180075\/revisions"}],"predecessor-version":[{"id":180078,"href":"https:\/\/www.mojabochnia.pl\/index.php?rest_route=\/wp\/v2\/posts\/180075\/revisions\/180078"}],"wp:featuredmedia":[{"embeddable":true,"href":"https:\/\/www.mojabochnia.pl\/index.php?rest_route=\/wp\/v2\/media\/180077"}],"wp:attachment":[{"href":"https:\/\/www.mojabochnia.pl\/index.php?rest_route=%2Fwp%2Fv2%2Fmedia&parent=180075"}],"wp:term":[{"taxonomy":"category","embeddable":true,"href":"https:\/\/www.mojabochnia.pl\/index.php?rest_route=%2Fwp%2Fv2%2Fcategories&post=180075"},{"taxonomy":"post_tag","embeddable":true,"href":"https:\/\/www.mojabochnia.pl\/index.php?rest_route=%2Fwp%2Fv2%2Ftags&post=180075"}],"curies":[{"name":"wp","href":"https:\/\/api.w.org\/{rel}","templated":true}]}}