{"id":179999,"date":"2017-11-13T09:43:33","date_gmt":"2017-11-13T08:43:33","guid":{"rendered":"https:\/\/www.mojabochnia.pl\/?p=179999"},"modified":"2017-11-24T09:52:58","modified_gmt":"2017-11-24T08:52:58","slug":"tragiczny-wypadek-w-lapczycy-nie-zyje-71-letnia-kobieta","status":"publish","type":"post","link":"https:\/\/www.mojabochnia.pl\/?p=179999","title":{"rendered":"Tragiczny wypadek w \u0141apczycy, nie \u017cyje 71-letnia kobieta"},"content":{"rendered":"<p><strong>71-letnia mieszkanka \u0141apczycy zgin\u0119\u0142a w wyniku potr\u0105cenia. Do zdarzenia dosz\u0142o dzi\u015b ok. godz. 6.20 na drodze krajowej nr 94. <\/strong><\/p>\n<p>Z informacji uzyskanych od policji wynika, \u017ce kierowca samochodu marki Fiat Punto z nieustalonych przyczyn potraci\u0142 przebiegaj\u0105c\u0105 przez jezdni\u0119 kobiet\u0119 (mia\u0142o to miejsce w rejonie dawnego sklepu Market). Znajdowa\u0142a si\u0119 ona poza przej\u015bciem dla pieszych. Mieszkanka \u0141apczycy zmar\u0142a po przewiezieniu do szpitala. <\/p>\n<p>Kierowca (mieszkaniec powiatu boche\u0144skiego w wieku 54 lat) by\u0142 trze\u017awy. Spraw\u0105 zajmuje si\u0119 policja i prokuratura. <\/p>\n","protected":false},"excerpt":{"rendered":"<p>71-letnia mieszkanka \u0141apczycy zgin\u0119\u0142a w wyniku potr\u0105cenia. Do zdarzenia dosz\u0142o dzi\u015b ok. godz. 6.20 na drodze krajowej nr 94. Z informacji uzyskanych od policji wynika, \u017ce kierowca samochodu marki Fiat Punto z nieustalonych przyczyn potraci\u0142 przebiegaj\u0105c\u0105 przez jezdni\u0119 kobiet\u0119 (mia\u0142o to miejsce w rejonie dawnego sklepu Market). Znajdowa\u0142a si\u0119 ona poza przej\u015bciem dla pieszych. Mieszkanka<\/p>\n","protected":false},"author":4,"featured_media":169854,"comment_status":"open","ping_status":"closed","sticky":false,"template":"","format":"standard","meta":{"_acf_changed":false,"footnotes":""},"categories":[6251],"tags":[17218,17155,17361,19720,17150],"class_list":["post-179999","post","type-post","status-publish","format-standard","has-post-thumbnail","hentry","category-polityka-i-wydarzenia","tag-lapczyca","tag-policja","tag-potracenie","tag-top-temat","tag-wypadek","main_tag-policja"],"acf":[],"yoast_head":"<!-- This site is optimized with the Yoast SEO plugin v26.9 - https:\/\/yoast.com\/product\/yoast-seo-wordpress\/ -->\n<title>Tragiczny wypadek w \u0141apczycy, nie \u017cyje 71-letnia kobieta - mojabochnia.pl - portal informacyjny<\/title>\n<meta name=\"robots\" content=\"index, follow, max-snippet:-1, max-image-preview:large, max-video-preview:-1\" \/>\n<link rel=\"canonical\" href=\"https:\/\/www.mojabochnia.pl\/?p=179999\" \/>\n<meta property=\"og:locale\" content=\"pl_PL\" \/>\n<meta property=\"og:type\" content=\"article\" \/>\n<meta property=\"og:title\" content=\"Tragiczny wypadek w \u0141apczycy, nie \u017cyje 71-letnia kobieta - mojabochnia.pl - portal informacyjny\" \/>\n<meta property=\"og:description\" content=\"71-letnia mieszkanka \u0141apczycy zgin\u0119\u0142a w wyniku potr\u0105cenia. Do zdarzenia dosz\u0142o dzi\u015b ok. godz. 6.20 na drodze krajowej nr 94. Z informacji uzyskanych od policji wynika, \u017ce kierowca samochodu marki Fiat Punto z nieustalonych przyczyn potraci\u0142 przebiegaj\u0105c\u0105 przez jezdni\u0119 kobiet\u0119 (mia\u0142o to miejsce w rejonie dawnego sklepu Market). Znajdowa\u0142a si\u0119 ona poza przej\u015bciem dla pieszych. Mieszkanka\" \/>\n<meta property=\"og:url\" content=\"https:\/\/www.mojabochnia.pl\/?p=179999\" \/>\n<meta property=\"og:site_name\" content=\"mojabochnia.pl - portal informacyjny\" \/>\n<meta property=\"article:publisher\" content=\"https:\/\/www.facebook.com\/mojabochnia\" \/>\n<meta property=\"article:published_time\" content=\"2017-11-13T08:43:33+00:00\" \/>\n<meta property=\"article:modified_time\" content=\"2017-11-24T08:52:58+00:00\" \/>\n<meta property=\"og:image\" content=\"https:\/\/www.mojabochnia.pl\/wp-content\/uploads\/2017\/04\/IMG_2259.jpg\" \/>\n\t<meta property=\"og:image:width\" content=\"800\" \/>\n\t<meta property=\"og:image:height\" content=\"450\" \/>\n\t<meta property=\"og:image:type\" content=\"image\/jpeg\" \/>\n<meta name=\"author\" content=\"Pawe\u0142 Michalczyk\" \/>\n<meta name=\"twitter:card\" content=\"summary_large_image\" \/>\n<meta name=\"twitter:label1\" content=\"Written by\" \/>\n\t<meta name=\"twitter:data1\" content=\"Pawe\u0142 Michalczyk\" \/>\n<script type=\"application\/ld+json\" class=\"yoast-schema-graph\">{\"@context\":\"https:\/\/schema.org\",\"@graph\":[{\"@type\":\"Article\",\"@id\":\"https:\/\/www.mojabochnia.pl\/?p=179999#article\",\"isPartOf\":{\"@id\":\"https:\/\/www.mojabochnia.pl\/?p=179999\"},\"author\":{\"name\":\"Pawe\u0142 Michalczyk\",\"@id\":\"https:\/\/www.mojabochnia.pl\/#\/schema\/person\/ea042e4724a77627963f02166828ead4\"},\"headline\":\"Tragiczny wypadek w \u0141apczycy, nie \u017cyje 71-letnia kobieta\",\"datePublished\":\"2017-11-13T08:43:33+00:00\",\"dateModified\":\"2017-11-24T08:52:58+00:00\",\"mainEntityOfPage\":{\"@id\":\"https:\/\/www.mojabochnia.pl\/?p=179999\"},\"wordCount\":92,\"commentCount\":0,\"publisher\":{\"@id\":\"https:\/\/www.mojabochnia.pl\/#organization\"},\"image\":{\"@id\":\"https:\/\/www.mojabochnia.pl\/?p=179999#primaryimage\"},\"thumbnailUrl\":\"https:\/\/www.mojabochnia.pl\/wp-content\/uploads\/2017\/04\/IMG_2259.jpg\",\"keywords\":[\"\u0142apczyca\",\"policja\",\"potr\u0105cenie\",\"top temat\",\"wypadek\"],\"articleSection\":[\"polityka i wydarzenia\"],\"inLanguage\":\"pl-PL\",\"potentialAction\":[{\"@type\":\"CommentAction\",\"name\":\"Comment\",\"target\":[\"https:\/\/www.mojabochnia.pl\/?p=179999#respond\"]}]},{\"@type\":\"WebPage\",\"@id\":\"https:\/\/www.mojabochnia.pl\/?p=179999\",\"url\":\"https:\/\/www.mojabochnia.pl\/?p=179999\",\"name\":\"Tragiczny wypadek w \u0141apczycy, nie \u017cyje 71-letnia kobieta - mojabochnia.pl - portal informacyjny\",\"isPartOf\":{\"@id\":\"https:\/\/www.mojabochnia.pl\/#website\"},\"primaryImageOfPage\":{\"@id\":\"https:\/\/www.mojabochnia.pl\/?p=179999#primaryimage\"},\"image\":{\"@id\":\"https:\/\/www.mojabochnia.pl\/?p=179999#primaryimage\"},\"thumbnailUrl\":\"https:\/\/www.mojabochnia.pl\/wp-content\/uploads\/2017\/04\/IMG_2259.jpg\",\"datePublished\":\"2017-11-13T08:43:33+00:00\",\"dateModified\":\"2017-11-24T08:52:58+00:00\",\"breadcrumb\":{\"@id\":\"https:\/\/www.mojabochnia.pl\/?p=179999#breadcrumb\"},\"inLanguage\":\"pl-PL\",\"potentialAction\":[{\"@type\":\"ReadAction\",\"target\":[\"https:\/\/www.mojabochnia.pl\/?p=179999\"]}]},{\"@type\":\"ImageObject\",\"inLanguage\":\"pl-PL\",\"@id\":\"https:\/\/www.mojabochnia.pl\/?p=179999#primaryimage\",\"url\":\"https:\/\/www.mojabochnia.pl\/wp-content\/uploads\/2017\/04\/IMG_2259.jpg\",\"contentUrl\":\"https:\/\/www.mojabochnia.pl\/wp-content\/uploads\/2017\/04\/IMG_2259.jpg\",\"width\":800,\"height\":450,\"caption\":\"Pawe\u0142 Michalczyk\"},{\"@type\":\"BreadcrumbList\",\"@id\":\"https:\/\/www.mojabochnia.pl\/?p=179999#breadcrumb\",\"itemListElement\":[{\"@type\":\"ListItem\",\"position\":1,\"name\":\"Home\",\"item\":\"https:\/\/www.mojabochnia.pl\/\"},{\"@type\":\"ListItem\",\"position\":2,\"name\":\"Tragiczny wypadek w \u0141apczycy, nie \u017cyje 71-letnia kobieta\"}]},{\"@type\":\"WebSite\",\"@id\":\"https:\/\/www.mojabochnia.pl\/#website\",\"url\":\"https:\/\/www.mojabochnia.pl\/\",\"name\":\"mojabochnia.pl - portal informacyjny\",\"description\":\"mojaBochnia to portal informacyjny o Bochni. Codziennie o Bochni piszemy i pokazujemy najwa\u017cniejsze wydarzenia\",\"publisher\":{\"@id\":\"https:\/\/www.mojabochnia.pl\/#organization\"},\"potentialAction\":[{\"@type\":\"SearchAction\",\"target\":{\"@type\":\"EntryPoint\",\"urlTemplate\":\"https:\/\/www.mojabochnia.pl\/?s={search_term_string}\"},\"query-input\":{\"@type\":\"PropertyValueSpecification\",\"valueRequired\":true,\"valueName\":\"search_term_string\"}}],\"inLanguage\":\"pl-PL\"},{\"@type\":\"Organization\",\"@id\":\"https:\/\/www.mojabochnia.pl\/#organization\",\"name\":\"mojabochnia.pl - portal informacyjny\",\"url\":\"https:\/\/www.mojabochnia.pl\/\",\"logo\":{\"@type\":\"ImageObject\",\"inLanguage\":\"pl-PL\",\"@id\":\"https:\/\/www.mojabochnia.pl\/#\/schema\/logo\/image\/\",\"url\":\"https:\/\/www.mojabochnia.pl\/wp-content\/uploads\/2017\/08\/logo-mb-opt.png\",\"contentUrl\":\"https:\/\/www.mojabochnia.pl\/wp-content\/uploads\/2017\/08\/logo-mb-opt.png\",\"width\":250,\"height\":48,\"caption\":\"mojabochnia.pl - portal informacyjny\"},\"image\":{\"@id\":\"https:\/\/www.mojabochnia.pl\/#\/schema\/logo\/image\/\"},\"sameAs\":[\"https:\/\/www.facebook.com\/mojabochnia\"]},{\"@type\":\"Person\",\"@id\":\"https:\/\/www.mojabochnia.pl\/#\/schema\/person\/ea042e4724a77627963f02166828ead4\",\"name\":\"Pawe\u0142 Michalczyk\",\"url\":\"https:\/\/www.mojabochnia.pl\/?author=4\"}]}<\/script>\n<!-- \/ Yoast SEO plugin. -->","yoast_head_json":{"title":"Tragiczny wypadek w \u0141apczycy, nie \u017cyje 71-letnia kobieta - mojabochnia.pl - portal informacyjny","robots":{"index":"index","follow":"follow","max-snippet":"max-snippet:-1","max-image-preview":"max-image-preview:large","max-video-preview":"max-video-preview:-1"},"canonical":"https:\/\/www.mojabochnia.pl\/?p=179999","og_locale":"pl_PL","og_type":"article","og_title":"Tragiczny wypadek w \u0141apczycy, nie \u017cyje 71-letnia kobieta - mojabochnia.pl - portal informacyjny","og_description":"71-letnia mieszkanka \u0141apczycy zgin\u0119\u0142a w wyniku potr\u0105cenia. Do zdarzenia dosz\u0142o dzi\u015b ok. godz. 6.20 na drodze krajowej nr 94. Z informacji uzyskanych od policji wynika, \u017ce kierowca samochodu marki Fiat Punto z nieustalonych przyczyn potraci\u0142 przebiegaj\u0105c\u0105 przez jezdni\u0119 kobiet\u0119 (mia\u0142o to miejsce w rejonie dawnego sklepu Market). Znajdowa\u0142a si\u0119 ona poza przej\u015bciem dla pieszych. Mieszkanka","og_url":"https:\/\/www.mojabochnia.pl\/?p=179999","og_site_name":"mojabochnia.pl - portal informacyjny","article_publisher":"https:\/\/www.facebook.com\/mojabochnia","article_published_time":"2017-11-13T08:43:33+00:00","article_modified_time":"2017-11-24T08:52:58+00:00","og_image":[{"width":800,"height":450,"url":"https:\/\/www.mojabochnia.pl\/wp-content\/uploads\/2017\/04\/IMG_2259.jpg","type":"image\/jpeg"}],"author":"Pawe\u0142 Michalczyk","twitter_card":"summary_large_image","twitter_misc":{"Written by":"Pawe\u0142 Michalczyk"},"schema":{"@context":"https:\/\/schema.org","@graph":[{"@type":"Article","@id":"https:\/\/www.mojabochnia.pl\/?p=179999#article","isPartOf":{"@id":"https:\/\/www.mojabochnia.pl\/?p=179999"},"author":{"name":"Pawe\u0142 Michalczyk","@id":"https:\/\/www.mojabochnia.pl\/#\/schema\/person\/ea042e4724a77627963f02166828ead4"},"headline":"Tragiczny wypadek w \u0141apczycy, nie \u017cyje 71-letnia kobieta","datePublished":"2017-11-13T08:43:33+00:00","dateModified":"2017-11-24T08:52:58+00:00","mainEntityOfPage":{"@id":"https:\/\/www.mojabochnia.pl\/?p=179999"},"wordCount":92,"commentCount":0,"publisher":{"@id":"https:\/\/www.mojabochnia.pl\/#organization"},"image":{"@id":"https:\/\/www.mojabochnia.pl\/?p=179999#primaryimage"},"thumbnailUrl":"https:\/\/www.mojabochnia.pl\/wp-content\/uploads\/2017\/04\/IMG_2259.jpg","keywords":["\u0142apczyca","policja","potr\u0105cenie","top temat","wypadek"],"articleSection":["polityka i wydarzenia"],"inLanguage":"pl-PL","potentialAction":[{"@type":"CommentAction","name":"Comment","target":["https:\/\/www.mojabochnia.pl\/?p=179999#respond"]}]},{"@type":"WebPage","@id":"https:\/\/www.mojabochnia.pl\/?p=179999","url":"https:\/\/www.mojabochnia.pl\/?p=179999","name":"Tragiczny wypadek w \u0141apczycy, nie \u017cyje 71-letnia kobieta - mojabochnia.pl - portal informacyjny","isPartOf":{"@id":"https:\/\/www.mojabochnia.pl\/#website"},"primaryImageOfPage":{"@id":"https:\/\/www.mojabochnia.pl\/?p=179999#primaryimage"},"image":{"@id":"https:\/\/www.mojabochnia.pl\/?p=179999#primaryimage"},"thumbnailUrl":"https:\/\/www.mojabochnia.pl\/wp-content\/uploads\/2017\/04\/IMG_2259.jpg","datePublished":"2017-11-13T08:43:33+00:00","dateModified":"2017-11-24T08:52:58+00:00","breadcrumb":{"@id":"https:\/\/www.mojabochnia.pl\/?p=179999#breadcrumb"},"inLanguage":"pl-PL","potentialAction":[{"@type":"ReadAction","target":["https:\/\/www.mojabochnia.pl\/?p=179999"]}]},{"@type":"ImageObject","inLanguage":"pl-PL","@id":"https:\/\/www.mojabochnia.pl\/?p=179999#primaryimage","url":"https:\/\/www.mojabochnia.pl\/wp-content\/uploads\/2017\/04\/IMG_2259.jpg","contentUrl":"https:\/\/www.mojabochnia.pl\/wp-content\/uploads\/2017\/04\/IMG_2259.jpg","width":800,"height":450,"caption":"Pawe\u0142 Michalczyk"},{"@type":"BreadcrumbList","@id":"https:\/\/www.mojabochnia.pl\/?p=179999#breadcrumb","itemListElement":[{"@type":"ListItem","position":1,"name":"Home","item":"https:\/\/www.mojabochnia.pl\/"},{"@type":"ListItem","position":2,"name":"Tragiczny wypadek w \u0141apczycy, nie \u017cyje 71-letnia kobieta"}]},{"@type":"WebSite","@id":"https:\/\/www.mojabochnia.pl\/#website","url":"https:\/\/www.mojabochnia.pl\/","name":"mojabochnia.pl - portal informacyjny","description":"mojaBochnia to portal informacyjny o Bochni. Codziennie o Bochni piszemy i pokazujemy najwa\u017cniejsze wydarzenia","publisher":{"@id":"https:\/\/www.mojabochnia.pl\/#organization"},"potentialAction":[{"@type":"SearchAction","target":{"@type":"EntryPoint","urlTemplate":"https:\/\/www.mojabochnia.pl\/?s={search_term_string}"},"query-input":{"@type":"PropertyValueSpecification","valueRequired":true,"valueName":"search_term_string"}}],"inLanguage":"pl-PL"},{"@type":"Organization","@id":"https:\/\/www.mojabochnia.pl\/#organization","name":"mojabochnia.pl - portal informacyjny","url":"https:\/\/www.mojabochnia.pl\/","logo":{"@type":"ImageObject","inLanguage":"pl-PL","@id":"https:\/\/www.mojabochnia.pl\/#\/schema\/logo\/image\/","url":"https:\/\/www.mojabochnia.pl\/wp-content\/uploads\/2017\/08\/logo-mb-opt.png","contentUrl":"https:\/\/www.mojabochnia.pl\/wp-content\/uploads\/2017\/08\/logo-mb-opt.png","width":250,"height":48,"caption":"mojabochnia.pl - portal informacyjny"},"image":{"@id":"https:\/\/www.mojabochnia.pl\/#\/schema\/logo\/image\/"},"sameAs":["https:\/\/www.facebook.com\/mojabochnia"]},{"@type":"Person","@id":"https:\/\/www.mojabochnia.pl\/#\/schema\/person\/ea042e4724a77627963f02166828ead4","name":"Pawe\u0142 Michalczyk","url":"https:\/\/www.mojabochnia.pl\/?author=4"}]}},"_links":{"self":[{"href":"https:\/\/www.mojabochnia.pl\/index.php?rest_route=\/wp\/v2\/posts\/179999","targetHints":{"allow":["GET"]}}],"collection":[{"href":"https:\/\/www.mojabochnia.pl\/index.php?rest_route=\/wp\/v2\/posts"}],"about":[{"href":"https:\/\/www.mojabochnia.pl\/index.php?rest_route=\/wp\/v2\/types\/post"}],"author":[{"embeddable":true,"href":"https:\/\/www.mojabochnia.pl\/index.php?rest_route=\/wp\/v2\/users\/4"}],"replies":[{"embeddable":true,"href":"https:\/\/www.mojabochnia.pl\/index.php?rest_route=%2Fwp%2Fv2%2Fcomments&post=179999"}],"version-history":[{"count":2,"href":"https:\/\/www.mojabochnia.pl\/index.php?rest_route=\/wp\/v2\/posts\/179999\/revisions"}],"predecessor-version":[{"id":180002,"href":"https:\/\/www.mojabochnia.pl\/index.php?rest_route=\/wp\/v2\/posts\/179999\/revisions\/180002"}],"wp:featuredmedia":[{"embeddable":true,"href":"https:\/\/www.mojabochnia.pl\/index.php?rest_route=\/wp\/v2\/media\/169854"}],"wp:attachment":[{"href":"https:\/\/www.mojabochnia.pl\/index.php?rest_route=%2Fwp%2Fv2%2Fmedia&parent=179999"}],"wp:term":[{"taxonomy":"category","embeddable":true,"href":"https:\/\/www.mojabochnia.pl\/index.php?rest_route=%2Fwp%2Fv2%2Fcategories&post=179999"},{"taxonomy":"post_tag","embeddable":true,"href":"https:\/\/www.mojabochnia.pl\/index.php?rest_route=%2Fwp%2Fv2%2Ftags&post=179999"}],"curies":[{"name":"wp","href":"https:\/\/api.w.org\/{rel}","templated":true}]}}