{"id":179959,"date":"2017-11-10T15:38:04","date_gmt":"2017-11-10T14:38:04","guid":{"rendered":"https:\/\/www.mojabochnia.pl\/?p=179959"},"modified":"2017-11-10T15:40:40","modified_gmt":"2017-11-10T14:40:40","slug":"mimo-samotnosci-znalezli-drugi-dom-sa-dodatkowe-miejsca-dla-seniorow","status":"publish","type":"post","link":"https:\/\/www.mojabochnia.pl\/?p=179959","title":{"rendered":"Mimo samotno\u015bci, znale\u017ali drugi dom. S\u0105 dodatkowe miejsca dla senior\u00f3w"},"content":{"rendered":"<p><strong>Mimo, \u017ce s\u0105 samotni, to w ci\u0105gu dnia do\u015bwiadczaj\u0105 drugiego domu. Maj\u0105 tam towarzystwo, rozrywk\u0119, ale r\u00f3wnie\u017c rehabilitacj\u0119. Seniorzy z Bochni chwal\u0105 sobie dom dziennego pobytu Senior+, dzia\u0142aj\u0105cy przy ul. Karolina. Niekt\u00f3rzy przyznaj\u0105, \u017ce czuj\u0105 si\u0119, jakby uby\u0142o im nawet 20 lat. <\/strong><\/p>\n<p>Pos\u0142uchaj:<\/p>\n<audio class=\"wp-audio-shortcode\" id=\"audio-179959-1\" preload=\"none\" style=\"width: 100%;\" controls=\"controls\"><source type=\"audio\/mpeg\" src=\"https:\/\/www.mojabochnia.pl\/wp-content\/uploads\/2017\/11\/9senio.mp3?_=1\" \/><a onclick=\"javascript:pageTracker._trackPageview('\/downloads\/wp-content\/uploads\/2017\/11\/9senio.mp3');\"  href=\"https:\/\/www.mojabochnia.pl\/wp-content\/uploads\/2017\/11\/9senio.mp3\">https:\/\/www.mojabochnia.pl\/wp-content\/uploads\/2017\/11\/9senio.mp3<\/a><\/audio>\n<p><em>C\u00f3rka nie \u017cyje, syn nie \u017cyje, m\u0105\u017c nie \u017cyje, mieszkam na czwartym pi\u0119trze, jestem szcz\u0119\u015bliwa. Cz\u0142owiek szuka bratniej duszy, czuj\u0119 si\u0119 tu jak we w\u0142asnym domu. Jest tu wszystko: atmosfera, poczucie bezpiecze\u0144stwa, opieka, tak jak we w\u0142asnym domu<\/em> \u2013 m\u00f3wi\u0105 seniorzy. <\/p>\n<p><em>Plac\u00f3wka dzia\u0142a od grudnia 2015 roku. Realizujemy tutaj us\u0142ugi polegaj\u0105ce na wspieraniu os\u00f3b powy\u017cej 60. roku \u017cycia, kt\u00f3re wymagaj\u0105 opieki b\u0105d\u017a dodatkowej aktywno\u015bci. Staramy si\u0119 zapewni\u0107 naszym podopiecznym r\u00f3\u017cne rodzaje zaj\u0119\u0107<\/em> \u2013 m\u00f3wi Adam Pawulski, kierownik plac\u00f3wki.<\/p>\n<p>Dom dziennego pobytu Senior + w\u0142a\u015bnie poszerza dzia\u0142alno\u015b\u0107 z 29 do 40 miejsc. Plac\u00f3wka dosta\u0142a na ten cel dofinansowanie z Unii Europejskiej. <em>Pozwala nam to na dodatkowe zatrudnienie opiekun\u00f3w, a tak\u017ce na zwi\u0119kszenie liczby miejsc<\/em>.<\/p>\n<p>Osoby zainteresowane z powiatu boche\u0144skiego mog\u0105 zg\u0142asza\u0107 si\u0119 pod numerem telefonu: 500 044 645 lub osobi\u015bcie w siedzibie Dziennego Domu Senior+ przy ul. Karolina 14D.<\/p>\n","protected":false},"excerpt":{"rendered":"<p>Mimo, \u017ce s\u0105 samotni, to w ci\u0105gu dnia do\u015bwiadczaj\u0105 drugiego domu. Maj\u0105 tam towarzystwo, rozrywk\u0119, ale r\u00f3wnie\u017c rehabilitacj\u0119. Seniorzy z Bochni chwal\u0105 sobie dom dziennego pobytu Senior+, dzia\u0142aj\u0105cy przy ul. Karolina. Niekt\u00f3rzy przyznaj\u0105, \u017ce czuj\u0105 si\u0119, jakby uby\u0142o im nawet 20 lat. Pos\u0142uchaj: C\u00f3rka nie \u017cyje, syn nie \u017cyje, m\u0105\u017c nie \u017cyje, mieszkam na czwartym<\/p>\n","protected":false},"author":4,"featured_media":179961,"comment_status":"open","ping_status":"closed","sticky":false,"template":"","format":"standard","meta":{"_acf_changed":false,"footnotes":""},"categories":[6251],"tags":[19940,17398,18026,1129,19720,16561],"class_list":["post-179959","post","type-post","status-publish","format-standard","has-post-thumbnail","hentry","category-polityka-i-wydarzenia","tag-adam-pawulski","tag-powiat","tag-senior","tag-seniorzy","tag-top-temat","tag-wigor","main_tag-senior"],"acf":[],"yoast_head":"<!-- This site is optimized with the Yoast SEO plugin v26.9 - https:\/\/yoast.com\/product\/yoast-seo-wordpress\/ -->\n<title>Mimo samotno\u015bci, znale\u017ali drugi dom. S\u0105 dodatkowe miejsca dla senior\u00f3w - mojabochnia.pl - portal informacyjny<\/title>\n<meta name=\"robots\" content=\"index, follow, max-snippet:-1, max-image-preview:large, max-video-preview:-1\" \/>\n<link rel=\"canonical\" href=\"https:\/\/www.mojabochnia.pl\/?p=179959\" \/>\n<meta property=\"og:locale\" content=\"pl_PL\" \/>\n<meta property=\"og:type\" content=\"article\" \/>\n<meta property=\"og:title\" content=\"Mimo samotno\u015bci, znale\u017ali drugi dom. S\u0105 dodatkowe miejsca dla senior\u00f3w - mojabochnia.pl - portal informacyjny\" \/>\n<meta property=\"og:description\" content=\"Mimo, \u017ce s\u0105 samotni, to w ci\u0105gu dnia do\u015bwiadczaj\u0105 drugiego domu. Maj\u0105 tam towarzystwo, rozrywk\u0119, ale r\u00f3wnie\u017c rehabilitacj\u0119. Seniorzy z Bochni chwal\u0105 sobie dom dziennego pobytu Senior+, dzia\u0142aj\u0105cy przy ul. Karolina. Niekt\u00f3rzy przyznaj\u0105, \u017ce czuj\u0105 si\u0119, jakby uby\u0142o im nawet 20 lat. Pos\u0142uchaj: C\u00f3rka nie \u017cyje, syn nie \u017cyje, m\u0105\u017c nie \u017cyje, mieszkam na czwartym\" \/>\n<meta property=\"og:url\" content=\"https:\/\/www.mojabochnia.pl\/?p=179959\" \/>\n<meta property=\"og:site_name\" content=\"mojabochnia.pl - portal informacyjny\" \/>\n<meta property=\"article:publisher\" content=\"https:\/\/www.facebook.com\/mojabochnia\" \/>\n<meta property=\"article:published_time\" content=\"2017-11-10T14:38:04+00:00\" \/>\n<meta property=\"article:modified_time\" content=\"2017-11-10T14:40:40+00:00\" \/>\n<meta property=\"og:image\" content=\"https:\/\/www.mojabochnia.pl\/wp-content\/uploads\/2017\/11\/IMG_9092-001.jpg\" \/>\n\t<meta property=\"og:image:width\" content=\"1000\" \/>\n\t<meta property=\"og:image:height\" content=\"563\" \/>\n\t<meta property=\"og:image:type\" content=\"image\/jpeg\" \/>\n<meta name=\"author\" content=\"Pawe\u0142 Michalczyk\" \/>\n<meta name=\"twitter:card\" content=\"summary_large_image\" \/>\n<meta name=\"twitter:label1\" content=\"Written by\" \/>\n\t<meta name=\"twitter:data1\" content=\"Pawe\u0142 Michalczyk\" \/>\n\t<meta name=\"twitter:label2\" content=\"Est. reading time\" \/>\n\t<meta name=\"twitter:data2\" content=\"1 minuta\" \/>\n<script type=\"application\/ld+json\" class=\"yoast-schema-graph\">{\"@context\":\"https:\/\/schema.org\",\"@graph\":[{\"@type\":\"Article\",\"@id\":\"https:\/\/www.mojabochnia.pl\/?p=179959#article\",\"isPartOf\":{\"@id\":\"https:\/\/www.mojabochnia.pl\/?p=179959\"},\"author\":{\"name\":\"Pawe\u0142 Michalczyk\",\"@id\":\"https:\/\/www.mojabochnia.pl\/#\/schema\/person\/ea042e4724a77627963f02166828ead4\"},\"headline\":\"Mimo samotno\u015bci, znale\u017ali drugi dom. S\u0105 dodatkowe miejsca dla senior\u00f3w\",\"datePublished\":\"2017-11-10T14:38:04+00:00\",\"dateModified\":\"2017-11-10T14:40:40+00:00\",\"mainEntityOfPage\":{\"@id\":\"https:\/\/www.mojabochnia.pl\/?p=179959\"},\"wordCount\":233,\"commentCount\":0,\"publisher\":{\"@id\":\"https:\/\/www.mojabochnia.pl\/#organization\"},\"image\":{\"@id\":\"https:\/\/www.mojabochnia.pl\/?p=179959#primaryimage\"},\"thumbnailUrl\":\"https:\/\/www.mojabochnia.pl\/wp-content\/uploads\/2017\/11\/IMG_9092-001.jpg\",\"keywords\":[\"adam pawulski\",\"powiat\",\"senior\",\"seniorzy\",\"top temat\",\"wigor\"],\"articleSection\":[\"polityka i wydarzenia\"],\"inLanguage\":\"pl-PL\",\"potentialAction\":[{\"@type\":\"CommentAction\",\"name\":\"Comment\",\"target\":[\"https:\/\/www.mojabochnia.pl\/?p=179959#respond\"]}]},{\"@type\":\"WebPage\",\"@id\":\"https:\/\/www.mojabochnia.pl\/?p=179959\",\"url\":\"https:\/\/www.mojabochnia.pl\/?p=179959\",\"name\":\"Mimo samotno\u015bci, znale\u017ali drugi dom. S\u0105 dodatkowe miejsca dla senior\u00f3w - mojabochnia.pl - portal informacyjny\",\"isPartOf\":{\"@id\":\"https:\/\/www.mojabochnia.pl\/#website\"},\"primaryImageOfPage\":{\"@id\":\"https:\/\/www.mojabochnia.pl\/?p=179959#primaryimage\"},\"image\":{\"@id\":\"https:\/\/www.mojabochnia.pl\/?p=179959#primaryimage\"},\"thumbnailUrl\":\"https:\/\/www.mojabochnia.pl\/wp-content\/uploads\/2017\/11\/IMG_9092-001.jpg\",\"datePublished\":\"2017-11-10T14:38:04+00:00\",\"dateModified\":\"2017-11-10T14:40:40+00:00\",\"breadcrumb\":{\"@id\":\"https:\/\/www.mojabochnia.pl\/?p=179959#breadcrumb\"},\"inLanguage\":\"pl-PL\",\"potentialAction\":[{\"@type\":\"ReadAction\",\"target\":[\"https:\/\/www.mojabochnia.pl\/?p=179959\"]}]},{\"@type\":\"ImageObject\",\"inLanguage\":\"pl-PL\",\"@id\":\"https:\/\/www.mojabochnia.pl\/?p=179959#primaryimage\",\"url\":\"https:\/\/www.mojabochnia.pl\/wp-content\/uploads\/2017\/11\/IMG_9092-001.jpg\",\"contentUrl\":\"https:\/\/www.mojabochnia.pl\/wp-content\/uploads\/2017\/11\/IMG_9092-001.jpg\",\"width\":1000,\"height\":563,\"caption\":\"Pawe\u0142 Michalczyk\"},{\"@type\":\"BreadcrumbList\",\"@id\":\"https:\/\/www.mojabochnia.pl\/?p=179959#breadcrumb\",\"itemListElement\":[{\"@type\":\"ListItem\",\"position\":1,\"name\":\"Home\",\"item\":\"https:\/\/www.mojabochnia.pl\/\"},{\"@type\":\"ListItem\",\"position\":2,\"name\":\"Mimo samotno\u015bci, znale\u017ali drugi dom. S\u0105 dodatkowe miejsca dla senior\u00f3w\"}]},{\"@type\":\"WebSite\",\"@id\":\"https:\/\/www.mojabochnia.pl\/#website\",\"url\":\"https:\/\/www.mojabochnia.pl\/\",\"name\":\"mojabochnia.pl - portal informacyjny\",\"description\":\"mojaBochnia to portal informacyjny o Bochni. Codziennie o Bochni piszemy i pokazujemy najwa\u017cniejsze wydarzenia\",\"publisher\":{\"@id\":\"https:\/\/www.mojabochnia.pl\/#organization\"},\"potentialAction\":[{\"@type\":\"SearchAction\",\"target\":{\"@type\":\"EntryPoint\",\"urlTemplate\":\"https:\/\/www.mojabochnia.pl\/?s={search_term_string}\"},\"query-input\":{\"@type\":\"PropertyValueSpecification\",\"valueRequired\":true,\"valueName\":\"search_term_string\"}}],\"inLanguage\":\"pl-PL\"},{\"@type\":\"Organization\",\"@id\":\"https:\/\/www.mojabochnia.pl\/#organization\",\"name\":\"mojabochnia.pl - portal informacyjny\",\"url\":\"https:\/\/www.mojabochnia.pl\/\",\"logo\":{\"@type\":\"ImageObject\",\"inLanguage\":\"pl-PL\",\"@id\":\"https:\/\/www.mojabochnia.pl\/#\/schema\/logo\/image\/\",\"url\":\"https:\/\/www.mojabochnia.pl\/wp-content\/uploads\/2017\/08\/logo-mb-opt.png\",\"contentUrl\":\"https:\/\/www.mojabochnia.pl\/wp-content\/uploads\/2017\/08\/logo-mb-opt.png\",\"width\":250,\"height\":48,\"caption\":\"mojabochnia.pl - portal informacyjny\"},\"image\":{\"@id\":\"https:\/\/www.mojabochnia.pl\/#\/schema\/logo\/image\/\"},\"sameAs\":[\"https:\/\/www.facebook.com\/mojabochnia\"]},{\"@type\":\"Person\",\"@id\":\"https:\/\/www.mojabochnia.pl\/#\/schema\/person\/ea042e4724a77627963f02166828ead4\",\"name\":\"Pawe\u0142 Michalczyk\",\"url\":\"https:\/\/www.mojabochnia.pl\/?author=4\"}]}<\/script>\n<!-- \/ Yoast SEO plugin. -->","yoast_head_json":{"title":"Mimo samotno\u015bci, znale\u017ali drugi dom. S\u0105 dodatkowe miejsca dla senior\u00f3w - mojabochnia.pl - portal informacyjny","robots":{"index":"index","follow":"follow","max-snippet":"max-snippet:-1","max-image-preview":"max-image-preview:large","max-video-preview":"max-video-preview:-1"},"canonical":"https:\/\/www.mojabochnia.pl\/?p=179959","og_locale":"pl_PL","og_type":"article","og_title":"Mimo samotno\u015bci, znale\u017ali drugi dom. S\u0105 dodatkowe miejsca dla senior\u00f3w - mojabochnia.pl - portal informacyjny","og_description":"Mimo, \u017ce s\u0105 samotni, to w ci\u0105gu dnia do\u015bwiadczaj\u0105 drugiego domu. Maj\u0105 tam towarzystwo, rozrywk\u0119, ale r\u00f3wnie\u017c rehabilitacj\u0119. Seniorzy z Bochni chwal\u0105 sobie dom dziennego pobytu Senior+, dzia\u0142aj\u0105cy przy ul. Karolina. Niekt\u00f3rzy przyznaj\u0105, \u017ce czuj\u0105 si\u0119, jakby uby\u0142o im nawet 20 lat. Pos\u0142uchaj: C\u00f3rka nie \u017cyje, syn nie \u017cyje, m\u0105\u017c nie \u017cyje, mieszkam na czwartym","og_url":"https:\/\/www.mojabochnia.pl\/?p=179959","og_site_name":"mojabochnia.pl - portal informacyjny","article_publisher":"https:\/\/www.facebook.com\/mojabochnia","article_published_time":"2017-11-10T14:38:04+00:00","article_modified_time":"2017-11-10T14:40:40+00:00","og_image":[{"width":1000,"height":563,"url":"https:\/\/www.mojabochnia.pl\/wp-content\/uploads\/2017\/11\/IMG_9092-001.jpg","type":"image\/jpeg"}],"author":"Pawe\u0142 Michalczyk","twitter_card":"summary_large_image","twitter_misc":{"Written by":"Pawe\u0142 Michalczyk","Est. reading time":"1 minuta"},"schema":{"@context":"https:\/\/schema.org","@graph":[{"@type":"Article","@id":"https:\/\/www.mojabochnia.pl\/?p=179959#article","isPartOf":{"@id":"https:\/\/www.mojabochnia.pl\/?p=179959"},"author":{"name":"Pawe\u0142 Michalczyk","@id":"https:\/\/www.mojabochnia.pl\/#\/schema\/person\/ea042e4724a77627963f02166828ead4"},"headline":"Mimo samotno\u015bci, znale\u017ali drugi dom. S\u0105 dodatkowe miejsca dla senior\u00f3w","datePublished":"2017-11-10T14:38:04+00:00","dateModified":"2017-11-10T14:40:40+00:00","mainEntityOfPage":{"@id":"https:\/\/www.mojabochnia.pl\/?p=179959"},"wordCount":233,"commentCount":0,"publisher":{"@id":"https:\/\/www.mojabochnia.pl\/#organization"},"image":{"@id":"https:\/\/www.mojabochnia.pl\/?p=179959#primaryimage"},"thumbnailUrl":"https:\/\/www.mojabochnia.pl\/wp-content\/uploads\/2017\/11\/IMG_9092-001.jpg","keywords":["adam pawulski","powiat","senior","seniorzy","top temat","wigor"],"articleSection":["polityka i wydarzenia"],"inLanguage":"pl-PL","potentialAction":[{"@type":"CommentAction","name":"Comment","target":["https:\/\/www.mojabochnia.pl\/?p=179959#respond"]}]},{"@type":"WebPage","@id":"https:\/\/www.mojabochnia.pl\/?p=179959","url":"https:\/\/www.mojabochnia.pl\/?p=179959","name":"Mimo samotno\u015bci, znale\u017ali drugi dom. S\u0105 dodatkowe miejsca dla senior\u00f3w - mojabochnia.pl - portal informacyjny","isPartOf":{"@id":"https:\/\/www.mojabochnia.pl\/#website"},"primaryImageOfPage":{"@id":"https:\/\/www.mojabochnia.pl\/?p=179959#primaryimage"},"image":{"@id":"https:\/\/www.mojabochnia.pl\/?p=179959#primaryimage"},"thumbnailUrl":"https:\/\/www.mojabochnia.pl\/wp-content\/uploads\/2017\/11\/IMG_9092-001.jpg","datePublished":"2017-11-10T14:38:04+00:00","dateModified":"2017-11-10T14:40:40+00:00","breadcrumb":{"@id":"https:\/\/www.mojabochnia.pl\/?p=179959#breadcrumb"},"inLanguage":"pl-PL","potentialAction":[{"@type":"ReadAction","target":["https:\/\/www.mojabochnia.pl\/?p=179959"]}]},{"@type":"ImageObject","inLanguage":"pl-PL","@id":"https:\/\/www.mojabochnia.pl\/?p=179959#primaryimage","url":"https:\/\/www.mojabochnia.pl\/wp-content\/uploads\/2017\/11\/IMG_9092-001.jpg","contentUrl":"https:\/\/www.mojabochnia.pl\/wp-content\/uploads\/2017\/11\/IMG_9092-001.jpg","width":1000,"height":563,"caption":"Pawe\u0142 Michalczyk"},{"@type":"BreadcrumbList","@id":"https:\/\/www.mojabochnia.pl\/?p=179959#breadcrumb","itemListElement":[{"@type":"ListItem","position":1,"name":"Home","item":"https:\/\/www.mojabochnia.pl\/"},{"@type":"ListItem","position":2,"name":"Mimo samotno\u015bci, znale\u017ali drugi dom. S\u0105 dodatkowe miejsca dla senior\u00f3w"}]},{"@type":"WebSite","@id":"https:\/\/www.mojabochnia.pl\/#website","url":"https:\/\/www.mojabochnia.pl\/","name":"mojabochnia.pl - portal informacyjny","description":"mojaBochnia to portal informacyjny o Bochni. Codziennie o Bochni piszemy i pokazujemy najwa\u017cniejsze wydarzenia","publisher":{"@id":"https:\/\/www.mojabochnia.pl\/#organization"},"potentialAction":[{"@type":"SearchAction","target":{"@type":"EntryPoint","urlTemplate":"https:\/\/www.mojabochnia.pl\/?s={search_term_string}"},"query-input":{"@type":"PropertyValueSpecification","valueRequired":true,"valueName":"search_term_string"}}],"inLanguage":"pl-PL"},{"@type":"Organization","@id":"https:\/\/www.mojabochnia.pl\/#organization","name":"mojabochnia.pl - portal informacyjny","url":"https:\/\/www.mojabochnia.pl\/","logo":{"@type":"ImageObject","inLanguage":"pl-PL","@id":"https:\/\/www.mojabochnia.pl\/#\/schema\/logo\/image\/","url":"https:\/\/www.mojabochnia.pl\/wp-content\/uploads\/2017\/08\/logo-mb-opt.png","contentUrl":"https:\/\/www.mojabochnia.pl\/wp-content\/uploads\/2017\/08\/logo-mb-opt.png","width":250,"height":48,"caption":"mojabochnia.pl - portal informacyjny"},"image":{"@id":"https:\/\/www.mojabochnia.pl\/#\/schema\/logo\/image\/"},"sameAs":["https:\/\/www.facebook.com\/mojabochnia"]},{"@type":"Person","@id":"https:\/\/www.mojabochnia.pl\/#\/schema\/person\/ea042e4724a77627963f02166828ead4","name":"Pawe\u0142 Michalczyk","url":"https:\/\/www.mojabochnia.pl\/?author=4"}]}},"_links":{"self":[{"href":"https:\/\/www.mojabochnia.pl\/index.php?rest_route=\/wp\/v2\/posts\/179959","targetHints":{"allow":["GET"]}}],"collection":[{"href":"https:\/\/www.mojabochnia.pl\/index.php?rest_route=\/wp\/v2\/posts"}],"about":[{"href":"https:\/\/www.mojabochnia.pl\/index.php?rest_route=\/wp\/v2\/types\/post"}],"author":[{"embeddable":true,"href":"https:\/\/www.mojabochnia.pl\/index.php?rest_route=\/wp\/v2\/users\/4"}],"replies":[{"embeddable":true,"href":"https:\/\/www.mojabochnia.pl\/index.php?rest_route=%2Fwp%2Fv2%2Fcomments&post=179959"}],"version-history":[{"count":4,"href":"https:\/\/www.mojabochnia.pl\/index.php?rest_route=\/wp\/v2\/posts\/179959\/revisions"}],"predecessor-version":[{"id":179968,"href":"https:\/\/www.mojabochnia.pl\/index.php?rest_route=\/wp\/v2\/posts\/179959\/revisions\/179968"}],"wp:featuredmedia":[{"embeddable":true,"href":"https:\/\/www.mojabochnia.pl\/index.php?rest_route=\/wp\/v2\/media\/179961"}],"wp:attachment":[{"href":"https:\/\/www.mojabochnia.pl\/index.php?rest_route=%2Fwp%2Fv2%2Fmedia&parent=179959"}],"wp:term":[{"taxonomy":"category","embeddable":true,"href":"https:\/\/www.mojabochnia.pl\/index.php?rest_route=%2Fwp%2Fv2%2Fcategories&post=179959"},{"taxonomy":"post_tag","embeddable":true,"href":"https:\/\/www.mojabochnia.pl\/index.php?rest_route=%2Fwp%2Fv2%2Ftags&post=179959"}],"curies":[{"name":"wp","href":"https:\/\/api.w.org\/{rel}","templated":true}]}}