{"id":179857,"date":"2017-11-08T09:38:51","date_gmt":"2017-11-08T08:38:51","guid":{"rendered":"https:\/\/www.mojabochnia.pl\/?p=179857"},"modified":"2017-11-08T10:41:39","modified_gmt":"2017-11-08T09:41:39","slug":"179857","status":"publish","type":"post","link":"https:\/\/www.mojabochnia.pl\/?p=179857","title":{"rendered":"Czwartek w Muzeum: wiecz\u00f3r pami\u0119ci J\u00f3zefa Pi\u0142sudskiego"},"content":{"rendered":"<p><strong>Muzeum im. Stanis\u0142awa Fischera w Bochni zaprasza 9 listopada 2017 roku, o godzinie 17.30  na Czwartkowy Wiecz\u00f3r Pami\u0119ci:  z okazji 150. rocznicy urodzin Marsza\u0142ka J\u00f3zefa Pi\u0142sudskiego (1867\u20131935).<\/strong><\/p>\n<p>W programie:<\/p>\n<p>\u00b7        S\u0142owo wprowadzaj\u0105ce \u2013 Boche\u0144skie konteksty postaci J\u00f3zefa Pi\u0142sudskiego<br \/>\n\u00b7        Koncert muzyki polskiej (Fryderyk Chopin, Stanis\u0142aw Moniuszko, Stanis\u0142aw Niewiadomski, W\u0142adys\u0142aw Walentynowicz) oraz pie\u015bni patriotyczne.  Wykonawcy: Katarzyna S\u0142ota-Marciniec \u2013 mezzosopran, Wojciech Kamionka \u2013 waltornia, Renata Stec-Fill \u2013 fortepian.<\/p>\n<p>Z zaproszenia na spotkanie:<\/p>\n<p>W roku 2017 przypada 150. rocznica urodzin Marsza\u0142ka J\u00f3zefa Pi\u0142sudskiego, Splot dramatycznych wydarze\u0144 pierwszego roku wojny sprawi\u0142, \u017ce objawi\u0142a ona swoje krwawe, niszczycielskie oblicze tak\u017ce w naszej okolicy. Ziemia boche\u0144ska, po bitwie pod \u0141owcz\u00f3wkiem, stoczonej przez I Brygad\u0119 Legion\u00f3w z Rosjanami w dniach 22\u201325 grudnia 1914 roku, przez kilkana\u015bcie dni go\u015bci\u0142a J\u00f3zefa Pi\u0142sudskiego i jego \u017co\u0142nierzy. W Lipnicy Murowanej, na \u015bcianie przyrynkowego domu oznaczonego numerem 6, znajduje si\u0119 tablica informuj\u0105ca, \u017ce od 29 grudnia 1914 do 19 stycznia 1915 kwaterowa\u0142 w nim sztab Legion\u00f3w ze swoim Komendantem. Do dzi\u015b przytaczana jest anegdota zwi\u0105zana z zaj\u015bciem podczas wieczoru sylwestrowego, kt\u00f3ry legioni\u015bci sp\u0119dzali w szkole w Rajbrocie. Tam w\u0142a\u015bnie jeden z najbli\u017cszych wsp\u00f3\u0142pracownik\u00f3w Pi\u0142sudskiego, Boles\u0142aw Wieniawa-D\u0142ugoszowski, wzni\u00f3s\u0142 sw\u00f3j s\u0142ynny toast, wieszcz\u0105c w nim zwyci\u0119stwo i wolno\u015b\u0107 ojczyzny. Z tego powodu nazywano go p\u00f3\u017aniej \u201eWernyhor\u0105 z Rajbrotu\u201d. P\u0142askorze\u017aba z g\u0142ow\u0105 Pi\u0142sudskiego znajduje si\u0119 na tablicy Miasto Bochnia Swoim Bohaterom 1920\u20131930, umieszczonej na budynku boche\u0144skiego muzeum. Przed 1939 rokiem Bochnia mia\u0142a te\u017c plac i ulic\u0119 po\u015bwi\u0119cone Pi\u0142sudskiemu, kt\u00f3rych dzi\u015b chyba brakuje\u2026<\/p>\n","protected":false},"excerpt":{"rendered":"<p>Muzeum im. Stanis\u0142awa Fischera w Bochni zaprasza 9 listopada 2017 roku, o godzinie 17.30 na Czwartkowy Wiecz\u00f3r Pami\u0119ci: z okazji 150. rocznicy urodzin Marsza\u0142ka J\u00f3zefa Pi\u0142sudskiego (1867\u20131935). W programie: \u00b7 S\u0142owo wprowadzaj\u0105ce \u2013 Boche\u0144skie konteksty postaci J\u00f3zefa Pi\u0142sudskiego \u00b7 Koncert muzyki polskiej (Fryderyk Chopin, Stanis\u0142aw Moniuszko, Stanis\u0142aw Niewiadomski, W\u0142adys\u0142aw Walentynowicz) oraz pie\u015bni patriotyczne. Wykonawcy: Katarzyna<\/p>\n","protected":false},"author":13,"featured_media":169121,"comment_status":"open","ping_status":"closed","sticky":false,"template":"","format":"standard","meta":{"_acf_changed":false,"footnotes":""},"categories":[92],"tags":[5664,16775,17290,17337,17346],"class_list":["post-179857","post","type-post","status-publish","format-standard","has-post-thumbnail","hentry","category-kultura","tag-czwartkowy-wieczor-pamieci","tag-jozef-pilsudski","tag-muzeum","tag-patriotyzm","tag-spotkanie","main_tag-muzeum"],"acf":[],"yoast_head":"<!-- This site is optimized with the Yoast SEO plugin v26.9 - https:\/\/yoast.com\/product\/yoast-seo-wordpress\/ -->\n<title>Czwartek w Muzeum: wiecz\u00f3r pami\u0119ci J\u00f3zefa Pi\u0142sudskiego - mojabochnia.pl - portal informacyjny<\/title>\n<meta name=\"robots\" content=\"index, follow, max-snippet:-1, max-image-preview:large, max-video-preview:-1\" \/>\n<link rel=\"canonical\" href=\"https:\/\/www.mojabochnia.pl\/?p=179857\" \/>\n<meta property=\"og:locale\" content=\"pl_PL\" \/>\n<meta property=\"og:type\" content=\"article\" \/>\n<meta property=\"og:title\" content=\"Czwartek w Muzeum: wiecz\u00f3r pami\u0119ci J\u00f3zefa Pi\u0142sudskiego - mojabochnia.pl - portal informacyjny\" \/>\n<meta property=\"og:description\" content=\"Muzeum im. Stanis\u0142awa Fischera w Bochni zaprasza 9 listopada 2017 roku, o godzinie 17.30 na Czwartkowy Wiecz\u00f3r Pami\u0119ci: z okazji 150. rocznicy urodzin Marsza\u0142ka J\u00f3zefa Pi\u0142sudskiego (1867\u20131935). W programie: \u00b7 S\u0142owo wprowadzaj\u0105ce \u2013 Boche\u0144skie konteksty postaci J\u00f3zefa Pi\u0142sudskiego \u00b7 Koncert muzyki polskiej (Fryderyk Chopin, Stanis\u0142aw Moniuszko, Stanis\u0142aw Niewiadomski, W\u0142adys\u0142aw Walentynowicz) oraz pie\u015bni patriotyczne. Wykonawcy: Katarzyna\" \/>\n<meta property=\"og:url\" content=\"https:\/\/www.mojabochnia.pl\/?p=179857\" \/>\n<meta property=\"og:site_name\" content=\"mojabochnia.pl - portal informacyjny\" \/>\n<meta property=\"article:publisher\" content=\"https:\/\/www.facebook.com\/mojabochnia\" \/>\n<meta property=\"article:published_time\" content=\"2017-11-08T08:38:51+00:00\" \/>\n<meta property=\"article:modified_time\" content=\"2017-11-08T09:41:39+00:00\" \/>\n<meta property=\"og:image\" content=\"https:\/\/www.mojabochnia.pl\/wp-content\/uploads\/2017\/03\/IMG_2582.jpg\" \/>\n\t<meta property=\"og:image:width\" content=\"660\" \/>\n\t<meta property=\"og:image:height\" content=\"440\" \/>\n\t<meta property=\"og:image:type\" content=\"image\/jpeg\" \/>\n<meta name=\"author\" content=\"redakcja\" \/>\n<meta name=\"twitter:card\" content=\"summary_large_image\" \/>\n<meta name=\"twitter:label1\" content=\"Written by\" \/>\n\t<meta name=\"twitter:data1\" content=\"redakcja\" \/>\n\t<meta name=\"twitter:label2\" content=\"Est. reading time\" \/>\n\t<meta name=\"twitter:data2\" content=\"1 minuta\" \/>\n<script type=\"application\/ld+json\" class=\"yoast-schema-graph\">{\"@context\":\"https:\/\/schema.org\",\"@graph\":[{\"@type\":\"Article\",\"@id\":\"https:\/\/www.mojabochnia.pl\/?p=179857#article\",\"isPartOf\":{\"@id\":\"https:\/\/www.mojabochnia.pl\/?p=179857\"},\"author\":{\"name\":\"redakcja\",\"@id\":\"https:\/\/www.mojabochnia.pl\/#\/schema\/person\/7e2f20ead9902216a3384f13606c0ab7\"},\"headline\":\"Czwartek w Muzeum: wiecz\u00f3r pami\u0119ci J\u00f3zefa Pi\u0142sudskiego\",\"datePublished\":\"2017-11-08T08:38:51+00:00\",\"dateModified\":\"2017-11-08T09:41:39+00:00\",\"mainEntityOfPage\":{\"@id\":\"https:\/\/www.mojabochnia.pl\/?p=179857\"},\"wordCount\":288,\"commentCount\":0,\"publisher\":{\"@id\":\"https:\/\/www.mojabochnia.pl\/#organization\"},\"image\":{\"@id\":\"https:\/\/www.mojabochnia.pl\/?p=179857#primaryimage\"},\"thumbnailUrl\":\"https:\/\/www.mojabochnia.pl\/wp-content\/uploads\/2017\/03\/IMG_2582.jpg\",\"keywords\":[\"czwartkowy wiecz\u00f3r pami\u0119ci\",\"j\u00f3zef pi\u0142sudski\",\"muzeum\",\"patriotyzm\",\"spotkanie\"],\"articleSection\":[\"kultura\"],\"inLanguage\":\"pl-PL\",\"potentialAction\":[{\"@type\":\"CommentAction\",\"name\":\"Comment\",\"target\":[\"https:\/\/www.mojabochnia.pl\/?p=179857#respond\"]}]},{\"@type\":\"WebPage\",\"@id\":\"https:\/\/www.mojabochnia.pl\/?p=179857\",\"url\":\"https:\/\/www.mojabochnia.pl\/?p=179857\",\"name\":\"Czwartek w Muzeum: wiecz\u00f3r pami\u0119ci J\u00f3zefa Pi\u0142sudskiego - mojabochnia.pl - portal informacyjny\",\"isPartOf\":{\"@id\":\"https:\/\/www.mojabochnia.pl\/#website\"},\"primaryImageOfPage\":{\"@id\":\"https:\/\/www.mojabochnia.pl\/?p=179857#primaryimage\"},\"image\":{\"@id\":\"https:\/\/www.mojabochnia.pl\/?p=179857#primaryimage\"},\"thumbnailUrl\":\"https:\/\/www.mojabochnia.pl\/wp-content\/uploads\/2017\/03\/IMG_2582.jpg\",\"datePublished\":\"2017-11-08T08:38:51+00:00\",\"dateModified\":\"2017-11-08T09:41:39+00:00\",\"breadcrumb\":{\"@id\":\"https:\/\/www.mojabochnia.pl\/?p=179857#breadcrumb\"},\"inLanguage\":\"pl-PL\",\"potentialAction\":[{\"@type\":\"ReadAction\",\"target\":[\"https:\/\/www.mojabochnia.pl\/?p=179857\"]}]},{\"@type\":\"ImageObject\",\"inLanguage\":\"pl-PL\",\"@id\":\"https:\/\/www.mojabochnia.pl\/?p=179857#primaryimage\",\"url\":\"https:\/\/www.mojabochnia.pl\/wp-content\/uploads\/2017\/03\/IMG_2582.jpg\",\"contentUrl\":\"https:\/\/www.mojabochnia.pl\/wp-content\/uploads\/2017\/03\/IMG_2582.jpg\",\"width\":660,\"height\":440,\"caption\":\"Pawe\u0142 Michalczyk\"},{\"@type\":\"BreadcrumbList\",\"@id\":\"https:\/\/www.mojabochnia.pl\/?p=179857#breadcrumb\",\"itemListElement\":[{\"@type\":\"ListItem\",\"position\":1,\"name\":\"Home\",\"item\":\"https:\/\/www.mojabochnia.pl\/\"},{\"@type\":\"ListItem\",\"position\":2,\"name\":\"Czwartek w Muzeum: wiecz\u00f3r pami\u0119ci J\u00f3zefa Pi\u0142sudskiego\"}]},{\"@type\":\"WebSite\",\"@id\":\"https:\/\/www.mojabochnia.pl\/#website\",\"url\":\"https:\/\/www.mojabochnia.pl\/\",\"name\":\"mojabochnia.pl - portal informacyjny\",\"description\":\"mojaBochnia to portal informacyjny o Bochni. Codziennie o Bochni piszemy i pokazujemy najwa\u017cniejsze wydarzenia\",\"publisher\":{\"@id\":\"https:\/\/www.mojabochnia.pl\/#organization\"},\"potentialAction\":[{\"@type\":\"SearchAction\",\"target\":{\"@type\":\"EntryPoint\",\"urlTemplate\":\"https:\/\/www.mojabochnia.pl\/?s={search_term_string}\"},\"query-input\":{\"@type\":\"PropertyValueSpecification\",\"valueRequired\":true,\"valueName\":\"search_term_string\"}}],\"inLanguage\":\"pl-PL\"},{\"@type\":\"Organization\",\"@id\":\"https:\/\/www.mojabochnia.pl\/#organization\",\"name\":\"mojabochnia.pl - portal informacyjny\",\"url\":\"https:\/\/www.mojabochnia.pl\/\",\"logo\":{\"@type\":\"ImageObject\",\"inLanguage\":\"pl-PL\",\"@id\":\"https:\/\/www.mojabochnia.pl\/#\/schema\/logo\/image\/\",\"url\":\"https:\/\/www.mojabochnia.pl\/wp-content\/uploads\/2017\/08\/logo-mb-opt.png\",\"contentUrl\":\"https:\/\/www.mojabochnia.pl\/wp-content\/uploads\/2017\/08\/logo-mb-opt.png\",\"width\":250,\"height\":48,\"caption\":\"mojabochnia.pl - portal informacyjny\"},\"image\":{\"@id\":\"https:\/\/www.mojabochnia.pl\/#\/schema\/logo\/image\/\"},\"sameAs\":[\"https:\/\/www.facebook.com\/mojabochnia\"]},{\"@type\":\"Person\",\"@id\":\"https:\/\/www.mojabochnia.pl\/#\/schema\/person\/7e2f20ead9902216a3384f13606c0ab7\",\"name\":\"redakcja\",\"sameAs\":[\"http:\/\/\"],\"url\":\"https:\/\/www.mojabochnia.pl\/?author=13\"}]}<\/script>\n<!-- \/ Yoast SEO plugin. -->","yoast_head_json":{"title":"Czwartek w Muzeum: wiecz\u00f3r pami\u0119ci J\u00f3zefa Pi\u0142sudskiego - mojabochnia.pl - portal informacyjny","robots":{"index":"index","follow":"follow","max-snippet":"max-snippet:-1","max-image-preview":"max-image-preview:large","max-video-preview":"max-video-preview:-1"},"canonical":"https:\/\/www.mojabochnia.pl\/?p=179857","og_locale":"pl_PL","og_type":"article","og_title":"Czwartek w Muzeum: wiecz\u00f3r pami\u0119ci J\u00f3zefa Pi\u0142sudskiego - mojabochnia.pl - portal informacyjny","og_description":"Muzeum im. Stanis\u0142awa Fischera w Bochni zaprasza 9 listopada 2017 roku, o godzinie 17.30 na Czwartkowy Wiecz\u00f3r Pami\u0119ci: z okazji 150. rocznicy urodzin Marsza\u0142ka J\u00f3zefa Pi\u0142sudskiego (1867\u20131935). W programie: \u00b7 S\u0142owo wprowadzaj\u0105ce \u2013 Boche\u0144skie konteksty postaci J\u00f3zefa Pi\u0142sudskiego \u00b7 Koncert muzyki polskiej (Fryderyk Chopin, Stanis\u0142aw Moniuszko, Stanis\u0142aw Niewiadomski, W\u0142adys\u0142aw Walentynowicz) oraz pie\u015bni patriotyczne. Wykonawcy: Katarzyna","og_url":"https:\/\/www.mojabochnia.pl\/?p=179857","og_site_name":"mojabochnia.pl - portal informacyjny","article_publisher":"https:\/\/www.facebook.com\/mojabochnia","article_published_time":"2017-11-08T08:38:51+00:00","article_modified_time":"2017-11-08T09:41:39+00:00","og_image":[{"width":660,"height":440,"url":"https:\/\/www.mojabochnia.pl\/wp-content\/uploads\/2017\/03\/IMG_2582.jpg","type":"image\/jpeg"}],"author":"redakcja","twitter_card":"summary_large_image","twitter_misc":{"Written by":"redakcja","Est. reading time":"1 minuta"},"schema":{"@context":"https:\/\/schema.org","@graph":[{"@type":"Article","@id":"https:\/\/www.mojabochnia.pl\/?p=179857#article","isPartOf":{"@id":"https:\/\/www.mojabochnia.pl\/?p=179857"},"author":{"name":"redakcja","@id":"https:\/\/www.mojabochnia.pl\/#\/schema\/person\/7e2f20ead9902216a3384f13606c0ab7"},"headline":"Czwartek w Muzeum: wiecz\u00f3r pami\u0119ci J\u00f3zefa Pi\u0142sudskiego","datePublished":"2017-11-08T08:38:51+00:00","dateModified":"2017-11-08T09:41:39+00:00","mainEntityOfPage":{"@id":"https:\/\/www.mojabochnia.pl\/?p=179857"},"wordCount":288,"commentCount":0,"publisher":{"@id":"https:\/\/www.mojabochnia.pl\/#organization"},"image":{"@id":"https:\/\/www.mojabochnia.pl\/?p=179857#primaryimage"},"thumbnailUrl":"https:\/\/www.mojabochnia.pl\/wp-content\/uploads\/2017\/03\/IMG_2582.jpg","keywords":["czwartkowy wiecz\u00f3r pami\u0119ci","j\u00f3zef pi\u0142sudski","muzeum","patriotyzm","spotkanie"],"articleSection":["kultura"],"inLanguage":"pl-PL","potentialAction":[{"@type":"CommentAction","name":"Comment","target":["https:\/\/www.mojabochnia.pl\/?p=179857#respond"]}]},{"@type":"WebPage","@id":"https:\/\/www.mojabochnia.pl\/?p=179857","url":"https:\/\/www.mojabochnia.pl\/?p=179857","name":"Czwartek w Muzeum: wiecz\u00f3r pami\u0119ci J\u00f3zefa Pi\u0142sudskiego - mojabochnia.pl - portal informacyjny","isPartOf":{"@id":"https:\/\/www.mojabochnia.pl\/#website"},"primaryImageOfPage":{"@id":"https:\/\/www.mojabochnia.pl\/?p=179857#primaryimage"},"image":{"@id":"https:\/\/www.mojabochnia.pl\/?p=179857#primaryimage"},"thumbnailUrl":"https:\/\/www.mojabochnia.pl\/wp-content\/uploads\/2017\/03\/IMG_2582.jpg","datePublished":"2017-11-08T08:38:51+00:00","dateModified":"2017-11-08T09:41:39+00:00","breadcrumb":{"@id":"https:\/\/www.mojabochnia.pl\/?p=179857#breadcrumb"},"inLanguage":"pl-PL","potentialAction":[{"@type":"ReadAction","target":["https:\/\/www.mojabochnia.pl\/?p=179857"]}]},{"@type":"ImageObject","inLanguage":"pl-PL","@id":"https:\/\/www.mojabochnia.pl\/?p=179857#primaryimage","url":"https:\/\/www.mojabochnia.pl\/wp-content\/uploads\/2017\/03\/IMG_2582.jpg","contentUrl":"https:\/\/www.mojabochnia.pl\/wp-content\/uploads\/2017\/03\/IMG_2582.jpg","width":660,"height":440,"caption":"Pawe\u0142 Michalczyk"},{"@type":"BreadcrumbList","@id":"https:\/\/www.mojabochnia.pl\/?p=179857#breadcrumb","itemListElement":[{"@type":"ListItem","position":1,"name":"Home","item":"https:\/\/www.mojabochnia.pl\/"},{"@type":"ListItem","position":2,"name":"Czwartek w Muzeum: wiecz\u00f3r pami\u0119ci J\u00f3zefa Pi\u0142sudskiego"}]},{"@type":"WebSite","@id":"https:\/\/www.mojabochnia.pl\/#website","url":"https:\/\/www.mojabochnia.pl\/","name":"mojabochnia.pl - portal informacyjny","description":"mojaBochnia to portal informacyjny o Bochni. Codziennie o Bochni piszemy i pokazujemy najwa\u017cniejsze wydarzenia","publisher":{"@id":"https:\/\/www.mojabochnia.pl\/#organization"},"potentialAction":[{"@type":"SearchAction","target":{"@type":"EntryPoint","urlTemplate":"https:\/\/www.mojabochnia.pl\/?s={search_term_string}"},"query-input":{"@type":"PropertyValueSpecification","valueRequired":true,"valueName":"search_term_string"}}],"inLanguage":"pl-PL"},{"@type":"Organization","@id":"https:\/\/www.mojabochnia.pl\/#organization","name":"mojabochnia.pl - portal informacyjny","url":"https:\/\/www.mojabochnia.pl\/","logo":{"@type":"ImageObject","inLanguage":"pl-PL","@id":"https:\/\/www.mojabochnia.pl\/#\/schema\/logo\/image\/","url":"https:\/\/www.mojabochnia.pl\/wp-content\/uploads\/2017\/08\/logo-mb-opt.png","contentUrl":"https:\/\/www.mojabochnia.pl\/wp-content\/uploads\/2017\/08\/logo-mb-opt.png","width":250,"height":48,"caption":"mojabochnia.pl - portal informacyjny"},"image":{"@id":"https:\/\/www.mojabochnia.pl\/#\/schema\/logo\/image\/"},"sameAs":["https:\/\/www.facebook.com\/mojabochnia"]},{"@type":"Person","@id":"https:\/\/www.mojabochnia.pl\/#\/schema\/person\/7e2f20ead9902216a3384f13606c0ab7","name":"redakcja","sameAs":["http:\/\/"],"url":"https:\/\/www.mojabochnia.pl\/?author=13"}]}},"_links":{"self":[{"href":"https:\/\/www.mojabochnia.pl\/index.php?rest_route=\/wp\/v2\/posts\/179857","targetHints":{"allow":["GET"]}}],"collection":[{"href":"https:\/\/www.mojabochnia.pl\/index.php?rest_route=\/wp\/v2\/posts"}],"about":[{"href":"https:\/\/www.mojabochnia.pl\/index.php?rest_route=\/wp\/v2\/types\/post"}],"author":[{"embeddable":true,"href":"https:\/\/www.mojabochnia.pl\/index.php?rest_route=\/wp\/v2\/users\/13"}],"replies":[{"embeddable":true,"href":"https:\/\/www.mojabochnia.pl\/index.php?rest_route=%2Fwp%2Fv2%2Fcomments&post=179857"}],"version-history":[{"count":3,"href":"https:\/\/www.mojabochnia.pl\/index.php?rest_route=\/wp\/v2\/posts\/179857\/revisions"}],"predecessor-version":[{"id":179863,"href":"https:\/\/www.mojabochnia.pl\/index.php?rest_route=\/wp\/v2\/posts\/179857\/revisions\/179863"}],"wp:featuredmedia":[{"embeddable":true,"href":"https:\/\/www.mojabochnia.pl\/index.php?rest_route=\/wp\/v2\/media\/169121"}],"wp:attachment":[{"href":"https:\/\/www.mojabochnia.pl\/index.php?rest_route=%2Fwp%2Fv2%2Fmedia&parent=179857"}],"wp:term":[{"taxonomy":"category","embeddable":true,"href":"https:\/\/www.mojabochnia.pl\/index.php?rest_route=%2Fwp%2Fv2%2Fcategories&post=179857"},{"taxonomy":"post_tag","embeddable":true,"href":"https:\/\/www.mojabochnia.pl\/index.php?rest_route=%2Fwp%2Fv2%2Ftags&post=179857"}],"curies":[{"name":"wp","href":"https:\/\/api.w.org\/{rel}","templated":true}]}}