{"id":179851,"date":"2017-11-08T10:35:49","date_gmt":"2017-11-08T09:35:49","guid":{"rendered":"https:\/\/www.mojabochnia.pl\/?p=179851"},"modified":"2017-11-08T10:35:49","modified_gmt":"2017-11-08T09:35:49","slug":"piatek-w-dkf-projekcja-filmu-photon-i-spotkanie-z-normanem-leto","status":"publish","type":"post","link":"https:\/\/www.mojabochnia.pl\/?p=179851","title":{"rendered":"Pi\u0105tek w DKF: projekcja filmu &#8222;Photon&#8221; i spotkanie z Normanem Leto"},"content":{"rendered":"<p><strong>10 listopada (wyj\u0105tkowo w pi\u0105tek), godz. 19.00 DKF &#8222;Maciste&#8221;\/ Kino Regis zapraszaj\u0105 na spotkanie z tw\u00f3rc\u0105 multimedialnym, pochodzacym z Bochni &#8211; Normanem Leto. Okazj\u0105 do spotkania jest jego ostatnie dzie\u0142o filmowe zatytu\u0142owane &#8222;Photon&#8221;(2017).<\/strong><\/p>\n<p>Film jest swoistym podsumowaniem ludzkiej wiedzy na temat \u017cycia i ewolucji. Wizualizuje to, co wiemy dzi\u015b na temat procesu tworzenia si\u0119 materii. Nie jest to jednak film stricte przyrodniczy ani naukowy, w formule znanej widzom cho\u0107by z Animal Planet, ale oryginalna, ciekawa w odbiorze forma fabularyzowanego, dynamicznego przedstawienia teorii naukowych dotycz\u0105cych funkcjonowania wszech\u015bwiata.<\/p>\n<p>&#8222;Photon&#8221; zosta\u0142 nagodzony m.in. &#8222;Z\u0142otym pazurem&#8221; na Festiwalu Filmowym w Gdyni oraz otrzyma\u0142 Nagrod\u0119 Publiczno\u015bci na Mi\u0119dzynarodowym Festiwalu Filmowym &#8222;Nowe Horyzonty&#8221; we Wroc\u0142awiu.<\/p>\n<p>Ilo\u015b\u0107 miejsc ograniczona!<br \/>\nFilm b\u0119dzie te\u017c mo\u017cna zobaczy\u0107 na regularnych seansach, w dniach: 11-14 listopada, godz. 18.00.<\/p>\n<p>Norman Leto to artysta, samouk z pogranicza wideo, filmu i nowych medio\u0301w. Jego prace znajduja\u0328 sie\u0328 w kolekcjach: CSW Zamku Ujazdowskiego,  Muzeum Narodowego w Krakowie, Fundacji Sztuki Polskiej ING i Muzeum Sztuki  Wspo\u0301\u0142czesnej w Krakowie (MOCAK). Pierwszy indywidualny pokaz prac Normana Leto mia\u0142 miejsce w  2007 roku w  Centrum Sztuki Wspo\u0301\u0142czesnej  w Warszawie. W tym samym roku autor zosta\u0142 zaproszony do wspo\u0301\u0142pracy z rez\u0307yserem  Krystianem Lupa\u0328 nad sztuka\u0328 teatralna\u0328 Factory Two, do kto\u0301rej Norman Leto przygotowa\u0142 sekwencje wideo wys\u0301wietlane podczas spektaklu.<br \/>\nOkres  2009 &#8211;  2010 Norman Leto pos\u0301wie\u0328ci\u0142 na dokon\u0301czenie autobiograficznej powies\u0301ci  \u201eSailor\u201d. Ro\u0301wnolegle pracowa\u0142 nad pe\u0142nometraz\u0307owym filmem pod tym samym tytu\u0142em. Jest to luz\u0301na adaptacja ksia\u0328z\u0307ki. W ca\u0142os\u0301ci sfinansowany z prywatnych pienie\u0328dzy autora film zosta\u0142 bardzo dobrze przyje\u0328ty na 10. Mie\u0328dzynarodowym Festiwalu  Filmowym Era Nowe Horyzonty. Brytyjski tygodnik Tribune  pisa\u0142 o nim jako &#8222;najlepszym i najbardziej zaskakuja\u0328cym niezalez\u0307nym  debiucie festiwalu. Luc  Godard by\u0142by zachwycony&#8221;. W 2011 roku film  \u201eSailor\u201d  by\u0142 gos\u0301cinnie wys\u0301wietlany na mie\u0328dzynarodowym festiwalu FID Marseille, na Palic European Film Festival, w sekcji  m\u0142odzi rez\u0307yserzy europejscy oraz na festiwalach filmowych w Bradford i Cottbus.<\/p>\n<p>&#8212;&#8212;&#8212;&#8212;&#8212;&#8212;<br \/>\n<strong>PHOTON \/2017\/<br \/>\n10 listopada \/pi\u0105tek\/ 2017, godz. 19.00<br \/>\nKino Regis, ul. Regis 1<br \/>\nbilety: 10 z\u0142, 5 z\u0142 dla cz\u0142onk\u00f3w DKF-u<br \/>\nZrealizowano przy wsparciu PISF<\/strong><\/p>\n","protected":false},"excerpt":{"rendered":"<p>10 listopada (wyj\u0105tkowo w pi\u0105tek), godz. 19.00 DKF &#8222;Maciste&#8221;\/ Kino Regis zapraszaj\u0105 na spotkanie z tw\u00f3rc\u0105 multimedialnym, pochodzacym z Bochni &#8211; Normanem Leto. Okazj\u0105 do spotkania jest jego ostatnie dzie\u0142o filmowe zatytu\u0142owane &#8222;Photon&#8221;(2017). Film jest swoistym podsumowaniem ludzkiej wiedzy na temat \u017cycia i ewolucji. Wizualizuje to, co wiemy dzi\u015b na temat procesu tworzenia si\u0119 materii.<\/p>\n","protected":false},"author":13,"featured_media":179853,"comment_status":"open","ping_status":"closed","sticky":false,"template":"","format":"standard","meta":{"_acf_changed":false,"footnotes":""},"categories":[92],"tags":[17866,17289,17263,14958],"class_list":["post-179851","post","type-post","status-publish","format-standard","has-post-thumbnail","hentry","category-kultura","tag-dkf","tag-kino","tag-kino-regis","tag-norman-leto","main_tag-dkf"],"acf":[],"yoast_head":"<!-- This site is optimized with the Yoast SEO plugin v26.9 - https:\/\/yoast.com\/product\/yoast-seo-wordpress\/ -->\n<title>Pi\u0105tek w DKF: projekcja filmu &quot;Photon&quot; i spotkanie z Normanem Leto - mojabochnia.pl - portal informacyjny<\/title>\n<meta name=\"robots\" content=\"index, follow, max-snippet:-1, max-image-preview:large, max-video-preview:-1\" \/>\n<link rel=\"canonical\" href=\"https:\/\/www.mojabochnia.pl\/?p=179851\" \/>\n<meta property=\"og:locale\" content=\"pl_PL\" \/>\n<meta property=\"og:type\" content=\"article\" \/>\n<meta property=\"og:title\" content=\"Pi\u0105tek w DKF: projekcja filmu &quot;Photon&quot; i spotkanie z Normanem Leto - mojabochnia.pl - portal informacyjny\" \/>\n<meta property=\"og:description\" content=\"10 listopada (wyj\u0105tkowo w pi\u0105tek), godz. 19.00 DKF &#8222;Maciste&#8221;\/ Kino Regis zapraszaj\u0105 na spotkanie z tw\u00f3rc\u0105 multimedialnym, pochodzacym z Bochni &#8211; Normanem Leto. Okazj\u0105 do spotkania jest jego ostatnie dzie\u0142o filmowe zatytu\u0142owane &#8222;Photon&#8221;(2017). Film jest swoistym podsumowaniem ludzkiej wiedzy na temat \u017cycia i ewolucji. Wizualizuje to, co wiemy dzi\u015b na temat procesu tworzenia si\u0119 materii.\" \/>\n<meta property=\"og:url\" content=\"https:\/\/www.mojabochnia.pl\/?p=179851\" \/>\n<meta property=\"og:site_name\" content=\"mojabochnia.pl - portal informacyjny\" \/>\n<meta property=\"article:publisher\" content=\"https:\/\/www.facebook.com\/mojabochnia\" \/>\n<meta property=\"article:published_time\" content=\"2017-11-08T09:35:49+00:00\" \/>\n<meta property=\"og:image\" content=\"https:\/\/www.mojabochnia.pl\/wp-content\/uploads\/2017\/11\/Photon-Plakat-01.jpg\" \/>\n\t<meta property=\"og:image:width\" content=\"703\" \/>\n\t<meta property=\"og:image:height\" content=\"1000\" \/>\n\t<meta property=\"og:image:type\" content=\"image\/jpeg\" \/>\n<meta name=\"author\" content=\"redakcja\" \/>\n<meta name=\"twitter:card\" content=\"summary_large_image\" \/>\n<meta name=\"twitter:label1\" content=\"Written by\" \/>\n\t<meta name=\"twitter:data1\" content=\"redakcja\" \/>\n\t<meta name=\"twitter:label2\" content=\"Est. reading time\" \/>\n\t<meta name=\"twitter:data2\" content=\"2 minuty\" \/>\n<script type=\"application\/ld+json\" class=\"yoast-schema-graph\">{\"@context\":\"https:\/\/schema.org\",\"@graph\":[{\"@type\":\"Article\",\"@id\":\"https:\/\/www.mojabochnia.pl\/?p=179851#article\",\"isPartOf\":{\"@id\":\"https:\/\/www.mojabochnia.pl\/?p=179851\"},\"author\":{\"name\":\"redakcja\",\"@id\":\"https:\/\/www.mojabochnia.pl\/#\/schema\/person\/7e2f20ead9902216a3384f13606c0ab7\"},\"headline\":\"Pi\u0105tek w DKF: projekcja filmu &#8222;Photon&#8221; i spotkanie z Normanem Leto\",\"datePublished\":\"2017-11-08T09:35:49+00:00\",\"mainEntityOfPage\":{\"@id\":\"https:\/\/www.mojabochnia.pl\/?p=179851\"},\"wordCount\":374,\"commentCount\":0,\"publisher\":{\"@id\":\"https:\/\/www.mojabochnia.pl\/#organization\"},\"image\":{\"@id\":\"https:\/\/www.mojabochnia.pl\/?p=179851#primaryimage\"},\"thumbnailUrl\":\"https:\/\/www.mojabochnia.pl\/wp-content\/uploads\/2017\/11\/Photon-Plakat-01.jpg\",\"keywords\":[\"dkf\",\"Kino\",\"kino regis\",\"norman leto\"],\"articleSection\":[\"kultura\"],\"inLanguage\":\"pl-PL\",\"potentialAction\":[{\"@type\":\"CommentAction\",\"name\":\"Comment\",\"target\":[\"https:\/\/www.mojabochnia.pl\/?p=179851#respond\"]}]},{\"@type\":\"WebPage\",\"@id\":\"https:\/\/www.mojabochnia.pl\/?p=179851\",\"url\":\"https:\/\/www.mojabochnia.pl\/?p=179851\",\"name\":\"Pi\u0105tek w DKF: projekcja filmu \\\"Photon\\\" i spotkanie z Normanem Leto - mojabochnia.pl - portal informacyjny\",\"isPartOf\":{\"@id\":\"https:\/\/www.mojabochnia.pl\/#website\"},\"primaryImageOfPage\":{\"@id\":\"https:\/\/www.mojabochnia.pl\/?p=179851#primaryimage\"},\"image\":{\"@id\":\"https:\/\/www.mojabochnia.pl\/?p=179851#primaryimage\"},\"thumbnailUrl\":\"https:\/\/www.mojabochnia.pl\/wp-content\/uploads\/2017\/11\/Photon-Plakat-01.jpg\",\"datePublished\":\"2017-11-08T09:35:49+00:00\",\"breadcrumb\":{\"@id\":\"https:\/\/www.mojabochnia.pl\/?p=179851#breadcrumb\"},\"inLanguage\":\"pl-PL\",\"potentialAction\":[{\"@type\":\"ReadAction\",\"target\":[\"https:\/\/www.mojabochnia.pl\/?p=179851\"]}]},{\"@type\":\"ImageObject\",\"inLanguage\":\"pl-PL\",\"@id\":\"https:\/\/www.mojabochnia.pl\/?p=179851#primaryimage\",\"url\":\"https:\/\/www.mojabochnia.pl\/wp-content\/uploads\/2017\/11\/Photon-Plakat-01.jpg\",\"contentUrl\":\"https:\/\/www.mojabochnia.pl\/wp-content\/uploads\/2017\/11\/Photon-Plakat-01.jpg\",\"width\":703,\"height\":1000,\"caption\":\"KIN\u00d3WKI.pl\"},{\"@type\":\"BreadcrumbList\",\"@id\":\"https:\/\/www.mojabochnia.pl\/?p=179851#breadcrumb\",\"itemListElement\":[{\"@type\":\"ListItem\",\"position\":1,\"name\":\"Home\",\"item\":\"https:\/\/www.mojabochnia.pl\/\"},{\"@type\":\"ListItem\",\"position\":2,\"name\":\"Pi\u0105tek w DKF: projekcja filmu &#8222;Photon&#8221; i spotkanie z Normanem Leto\"}]},{\"@type\":\"WebSite\",\"@id\":\"https:\/\/www.mojabochnia.pl\/#website\",\"url\":\"https:\/\/www.mojabochnia.pl\/\",\"name\":\"mojabochnia.pl - portal informacyjny\",\"description\":\"mojaBochnia to portal informacyjny o Bochni. Codziennie o Bochni piszemy i pokazujemy najwa\u017cniejsze wydarzenia\",\"publisher\":{\"@id\":\"https:\/\/www.mojabochnia.pl\/#organization\"},\"potentialAction\":[{\"@type\":\"SearchAction\",\"target\":{\"@type\":\"EntryPoint\",\"urlTemplate\":\"https:\/\/www.mojabochnia.pl\/?s={search_term_string}\"},\"query-input\":{\"@type\":\"PropertyValueSpecification\",\"valueRequired\":true,\"valueName\":\"search_term_string\"}}],\"inLanguage\":\"pl-PL\"},{\"@type\":\"Organization\",\"@id\":\"https:\/\/www.mojabochnia.pl\/#organization\",\"name\":\"mojabochnia.pl - portal informacyjny\",\"url\":\"https:\/\/www.mojabochnia.pl\/\",\"logo\":{\"@type\":\"ImageObject\",\"inLanguage\":\"pl-PL\",\"@id\":\"https:\/\/www.mojabochnia.pl\/#\/schema\/logo\/image\/\",\"url\":\"https:\/\/www.mojabochnia.pl\/wp-content\/uploads\/2017\/08\/logo-mb-opt.png\",\"contentUrl\":\"https:\/\/www.mojabochnia.pl\/wp-content\/uploads\/2017\/08\/logo-mb-opt.png\",\"width\":250,\"height\":48,\"caption\":\"mojabochnia.pl - portal informacyjny\"},\"image\":{\"@id\":\"https:\/\/www.mojabochnia.pl\/#\/schema\/logo\/image\/\"},\"sameAs\":[\"https:\/\/www.facebook.com\/mojabochnia\"]},{\"@type\":\"Person\",\"@id\":\"https:\/\/www.mojabochnia.pl\/#\/schema\/person\/7e2f20ead9902216a3384f13606c0ab7\",\"name\":\"redakcja\",\"sameAs\":[\"http:\/\/\"],\"url\":\"https:\/\/www.mojabochnia.pl\/?author=13\"}]}<\/script>\n<!-- \/ Yoast SEO plugin. -->","yoast_head_json":{"title":"Pi\u0105tek w DKF: projekcja filmu \"Photon\" i spotkanie z Normanem Leto - mojabochnia.pl - portal informacyjny","robots":{"index":"index","follow":"follow","max-snippet":"max-snippet:-1","max-image-preview":"max-image-preview:large","max-video-preview":"max-video-preview:-1"},"canonical":"https:\/\/www.mojabochnia.pl\/?p=179851","og_locale":"pl_PL","og_type":"article","og_title":"Pi\u0105tek w DKF: projekcja filmu \"Photon\" i spotkanie z Normanem Leto - mojabochnia.pl - portal informacyjny","og_description":"10 listopada (wyj\u0105tkowo w pi\u0105tek), godz. 19.00 DKF &#8222;Maciste&#8221;\/ Kino Regis zapraszaj\u0105 na spotkanie z tw\u00f3rc\u0105 multimedialnym, pochodzacym z Bochni &#8211; Normanem Leto. Okazj\u0105 do spotkania jest jego ostatnie dzie\u0142o filmowe zatytu\u0142owane &#8222;Photon&#8221;(2017). Film jest swoistym podsumowaniem ludzkiej wiedzy na temat \u017cycia i ewolucji. Wizualizuje to, co wiemy dzi\u015b na temat procesu tworzenia si\u0119 materii.","og_url":"https:\/\/www.mojabochnia.pl\/?p=179851","og_site_name":"mojabochnia.pl - portal informacyjny","article_publisher":"https:\/\/www.facebook.com\/mojabochnia","article_published_time":"2017-11-08T09:35:49+00:00","og_image":[{"width":703,"height":1000,"url":"https:\/\/www.mojabochnia.pl\/wp-content\/uploads\/2017\/11\/Photon-Plakat-01.jpg","type":"image\/jpeg"}],"author":"redakcja","twitter_card":"summary_large_image","twitter_misc":{"Written by":"redakcja","Est. reading time":"2 minuty"},"schema":{"@context":"https:\/\/schema.org","@graph":[{"@type":"Article","@id":"https:\/\/www.mojabochnia.pl\/?p=179851#article","isPartOf":{"@id":"https:\/\/www.mojabochnia.pl\/?p=179851"},"author":{"name":"redakcja","@id":"https:\/\/www.mojabochnia.pl\/#\/schema\/person\/7e2f20ead9902216a3384f13606c0ab7"},"headline":"Pi\u0105tek w DKF: projekcja filmu &#8222;Photon&#8221; i spotkanie z Normanem Leto","datePublished":"2017-11-08T09:35:49+00:00","mainEntityOfPage":{"@id":"https:\/\/www.mojabochnia.pl\/?p=179851"},"wordCount":374,"commentCount":0,"publisher":{"@id":"https:\/\/www.mojabochnia.pl\/#organization"},"image":{"@id":"https:\/\/www.mojabochnia.pl\/?p=179851#primaryimage"},"thumbnailUrl":"https:\/\/www.mojabochnia.pl\/wp-content\/uploads\/2017\/11\/Photon-Plakat-01.jpg","keywords":["dkf","Kino","kino regis","norman leto"],"articleSection":["kultura"],"inLanguage":"pl-PL","potentialAction":[{"@type":"CommentAction","name":"Comment","target":["https:\/\/www.mojabochnia.pl\/?p=179851#respond"]}]},{"@type":"WebPage","@id":"https:\/\/www.mojabochnia.pl\/?p=179851","url":"https:\/\/www.mojabochnia.pl\/?p=179851","name":"Pi\u0105tek w DKF: projekcja filmu \"Photon\" i spotkanie z Normanem Leto - mojabochnia.pl - portal informacyjny","isPartOf":{"@id":"https:\/\/www.mojabochnia.pl\/#website"},"primaryImageOfPage":{"@id":"https:\/\/www.mojabochnia.pl\/?p=179851#primaryimage"},"image":{"@id":"https:\/\/www.mojabochnia.pl\/?p=179851#primaryimage"},"thumbnailUrl":"https:\/\/www.mojabochnia.pl\/wp-content\/uploads\/2017\/11\/Photon-Plakat-01.jpg","datePublished":"2017-11-08T09:35:49+00:00","breadcrumb":{"@id":"https:\/\/www.mojabochnia.pl\/?p=179851#breadcrumb"},"inLanguage":"pl-PL","potentialAction":[{"@type":"ReadAction","target":["https:\/\/www.mojabochnia.pl\/?p=179851"]}]},{"@type":"ImageObject","inLanguage":"pl-PL","@id":"https:\/\/www.mojabochnia.pl\/?p=179851#primaryimage","url":"https:\/\/www.mojabochnia.pl\/wp-content\/uploads\/2017\/11\/Photon-Plakat-01.jpg","contentUrl":"https:\/\/www.mojabochnia.pl\/wp-content\/uploads\/2017\/11\/Photon-Plakat-01.jpg","width":703,"height":1000,"caption":"KIN\u00d3WKI.pl"},{"@type":"BreadcrumbList","@id":"https:\/\/www.mojabochnia.pl\/?p=179851#breadcrumb","itemListElement":[{"@type":"ListItem","position":1,"name":"Home","item":"https:\/\/www.mojabochnia.pl\/"},{"@type":"ListItem","position":2,"name":"Pi\u0105tek w DKF: projekcja filmu &#8222;Photon&#8221; i spotkanie z Normanem Leto"}]},{"@type":"WebSite","@id":"https:\/\/www.mojabochnia.pl\/#website","url":"https:\/\/www.mojabochnia.pl\/","name":"mojabochnia.pl - portal informacyjny","description":"mojaBochnia to portal informacyjny o Bochni. Codziennie o Bochni piszemy i pokazujemy najwa\u017cniejsze wydarzenia","publisher":{"@id":"https:\/\/www.mojabochnia.pl\/#organization"},"potentialAction":[{"@type":"SearchAction","target":{"@type":"EntryPoint","urlTemplate":"https:\/\/www.mojabochnia.pl\/?s={search_term_string}"},"query-input":{"@type":"PropertyValueSpecification","valueRequired":true,"valueName":"search_term_string"}}],"inLanguage":"pl-PL"},{"@type":"Organization","@id":"https:\/\/www.mojabochnia.pl\/#organization","name":"mojabochnia.pl - portal informacyjny","url":"https:\/\/www.mojabochnia.pl\/","logo":{"@type":"ImageObject","inLanguage":"pl-PL","@id":"https:\/\/www.mojabochnia.pl\/#\/schema\/logo\/image\/","url":"https:\/\/www.mojabochnia.pl\/wp-content\/uploads\/2017\/08\/logo-mb-opt.png","contentUrl":"https:\/\/www.mojabochnia.pl\/wp-content\/uploads\/2017\/08\/logo-mb-opt.png","width":250,"height":48,"caption":"mojabochnia.pl - portal informacyjny"},"image":{"@id":"https:\/\/www.mojabochnia.pl\/#\/schema\/logo\/image\/"},"sameAs":["https:\/\/www.facebook.com\/mojabochnia"]},{"@type":"Person","@id":"https:\/\/www.mojabochnia.pl\/#\/schema\/person\/7e2f20ead9902216a3384f13606c0ab7","name":"redakcja","sameAs":["http:\/\/"],"url":"https:\/\/www.mojabochnia.pl\/?author=13"}]}},"_links":{"self":[{"href":"https:\/\/www.mojabochnia.pl\/index.php?rest_route=\/wp\/v2\/posts\/179851","targetHints":{"allow":["GET"]}}],"collection":[{"href":"https:\/\/www.mojabochnia.pl\/index.php?rest_route=\/wp\/v2\/posts"}],"about":[{"href":"https:\/\/www.mojabochnia.pl\/index.php?rest_route=\/wp\/v2\/types\/post"}],"author":[{"embeddable":true,"href":"https:\/\/www.mojabochnia.pl\/index.php?rest_route=\/wp\/v2\/users\/13"}],"replies":[{"embeddable":true,"href":"https:\/\/www.mojabochnia.pl\/index.php?rest_route=%2Fwp%2Fv2%2Fcomments&post=179851"}],"version-history":[{"count":1,"href":"https:\/\/www.mojabochnia.pl\/index.php?rest_route=\/wp\/v2\/posts\/179851\/revisions"}],"predecessor-version":[{"id":179854,"href":"https:\/\/www.mojabochnia.pl\/index.php?rest_route=\/wp\/v2\/posts\/179851\/revisions\/179854"}],"wp:featuredmedia":[{"embeddable":true,"href":"https:\/\/www.mojabochnia.pl\/index.php?rest_route=\/wp\/v2\/media\/179853"}],"wp:attachment":[{"href":"https:\/\/www.mojabochnia.pl\/index.php?rest_route=%2Fwp%2Fv2%2Fmedia&parent=179851"}],"wp:term":[{"taxonomy":"category","embeddable":true,"href":"https:\/\/www.mojabochnia.pl\/index.php?rest_route=%2Fwp%2Fv2%2Fcategories&post=179851"},{"taxonomy":"post_tag","embeddable":true,"href":"https:\/\/www.mojabochnia.pl\/index.php?rest_route=%2Fwp%2Fv2%2Ftags&post=179851"}],"curies":[{"name":"wp","href":"https:\/\/api.w.org\/{rel}","templated":true}]}}