{"id":179780,"date":"2017-11-06T09:34:36","date_gmt":"2017-11-06T08:34:36","guid":{"rendered":"https:\/\/www.mojabochnia.pl\/?p=179780"},"modified":"2017-11-06T09:36:20","modified_gmt":"2017-11-06T08:36:20","slug":"odnowione-pomieszczenia-na-dworcu-pkp-do-dzis-stoja-puste-dlaczego","status":"publish","type":"post","link":"https:\/\/www.mojabochnia.pl\/?p=179780","title":{"rendered":"Odnowione pomieszczenia na dworcu PKP do dzi\u015b stoj\u0105 puste. Dlaczego?"},"content":{"rendered":"<p><strong>Mog\u0142aby tam by\u0107 restauracja, kawiarenka, albo miejsce spotka\u0144, a nie ma nic. Odnowione pomieszczenia dworca kolejowego w Bochni od pi\u0119ciu lat stoj\u0105 puste. <\/strong><\/p>\n<p>Pasa\u017cerowie, czekaj\u0105cy na poci\u0105g, dziwi\u0105 si\u0119 tej sytuacji. Niekt\u00f3rzy pami\u0119taj\u0105 dawn\u0105 restauracj\u0119, dzia\u0142aj\u0105c\u0105 na dworcu jeszcze za czas\u00f3w PRL. Teraz, mimo \u017ce w remont w\u0142o\u017cono grube pieni\u0105dze, miejsce jest zamkni\u0119te na klucz. <em>Codziennie, jak tu jestem, to si\u0119 zastanawiam, czemu to w og\u00f3le jest zamkni\u0119te. Mo\u017cna by tu otworzy\u0107 jak\u0105\u015b restauracj\u0119, barek dla podr\u00f3\u017cnych, bawialni\u0119 dla dzieci<\/em> \u2013 m\u00f3wi pan Adam. <em>Przyda\u0142o by si\u0119 wi\u0119cej miejsca, w kt\u00f3rym mo\u017cna by\u0142oby usi\u0105\u015b\u0107, gdy poci\u0105g jest op\u00f3\u017aniony<\/em> \u2013 uwa\u017ca pani And\u017celika.<\/p>\n<p>Sw\u00f3j pomys\u0142 na zagospodarowanie pomieszcze\u0144 dworca ma boche\u0144ska Fundacja Auxilium. <em>Na tej powierzchni mo\u017cna robi\u0107 minikoncerty, spotkania z poet\u0105, z muzykiem, spotkanie z wolontariuszami, z kt\u00f3rego na pewno wyniknie jakie\u015b pozytywne dzia\u0142anie. Mo\u017cna zrobi\u0107 wystaw\u0119 obraz\u00f3w, pokaza\u0107 lokalnego rze\u017abiarza, zaprosi\u0107 kogo\u015b z zewn\u0105trz. Jest mn\u00f3stwo pomys\u0142\u00f3w na zagospodarowanie tych pomieszcze\u0144. Szkoda, bo miejsce to jest pustostanem, kolej je utrzymuje, musi je ogrza\u0107 i nic z tego nie wynika<\/em> \u2013 m\u00f3wi Miros\u0142aw Cibor, wiceprezes Fundacji Auxilium. <\/p>\n<p>Przyznaje, \u017ce fundacja wyst\u0105pi\u0142a do PKP o wynajem lokalu, ale odpowiedzi pozytywnej nie by\u0142o. <em>W zwi\u0105zku z tym, \u017ce modernizacja dworca w Bochni zosta\u0142a realizowana w oparciu o dotacj\u0119 bud\u017cetow\u0105, PKP S.A. by\u0142a zobowi\u0105zana do przeznaczenia cz\u0119\u015bci powierzchni obiektu na cel publiczny (przez 5 lat najemc\u0105 mog\u0142y by\u0107 tylko Jednostki Samorz\u0105du Terytorialnego). Fundacja Auxilium by\u0142a zainteresowana wynaj\u0119ciem powierzchni przeznaczonej w\u0142a\u015bnie dla JST, dlatego oferta wsp\u00f3\u0142pracy nie mog\u0142a zosta\u0107 przyj\u0119ta<\/em> \u2013 wyja\u015bnia Katarzyna Grzduk z Biura Komunikacji i Promocji Polskich Kolei Pa\u0144stwowych S.A.<\/p>\n<p>Obecnie ca\u0142a powierzchnia dworca mo\u017ce by\u0107 ju\u017c wynaj\u0119ta komercyjnie. <em>PKP S.A. stale podejmuje dzia\u0142ania zmierzaj\u0105ce do zagospodarowania dworca w Bochni. Jeste\u015bmy otwarci na rozmowy z zainteresowanymi wsp\u00f3\u0142prac\u0105 najemcami <\/em>&#8211; dodaje przedstawicielka PKP.<\/p>\n\t  \r\n\t\r\n\t    <div class=\"mb-gallery\">\r\n\t    <a href=\"https:\/\/www.mojabochnia.pl\/?attachment_id=179783\" class=\"\"><img loading=\"lazy\" decoding=\"async\" width=\"100\" height=\"100\" src=\"https:\/\/www.mojabochnia.pl\/wp-content\/uploads\/2017\/11\/IMG_2546-001-100x100.jpg\" class=\"attachment-100x100 size-100x100\" alt=\"\" \/><\/a><a href=\"https:\/\/www.mojabochnia.pl\/?attachment_id=179784\" class=\"\"><img loading=\"lazy\" decoding=\"async\" width=\"100\" height=\"100\" src=\"https:\/\/www.mojabochnia.pl\/wp-content\/uploads\/2017\/11\/IMG_2548-100x100.jpg\" class=\"attachment-100x100 size-100x100\" alt=\"\" \/><\/a><a href=\"https:\/\/www.mojabochnia.pl\/?attachment_id=179785\" class=\"\"><img loading=\"lazy\" decoding=\"async\" width=\"100\" height=\"100\" src=\"https:\/\/www.mojabochnia.pl\/wp-content\/uploads\/2017\/11\/IMG_2549-100x100.jpg\" class=\"attachment-100x100 size-100x100\" alt=\"\" \/><\/a><a href=\"https:\/\/www.mojabochnia.pl\/?attachment_id=179786\" class=\"\"><img loading=\"lazy\" decoding=\"async\" width=\"100\" height=\"100\" src=\"https:\/\/www.mojabochnia.pl\/wp-content\/uploads\/2017\/11\/IMG_2551-100x100.jpg\" class=\"attachment-100x100 size-100x100\" alt=\"\" \/><\/a><a href=\"https:\/\/www.mojabochnia.pl\/?attachment_id=179787\" class=\"\"><img loading=\"lazy\" decoding=\"async\" width=\"100\" height=\"100\" src=\"https:\/\/www.mojabochnia.pl\/wp-content\/uploads\/2017\/11\/IMG_2552-100x100.jpg\" class=\"attachment-100x100 size-100x100\" alt=\"\" \/><\/a>\t    <\/div>\r\n\t    ","protected":false},"excerpt":{"rendered":"<p>Mog\u0142aby tam by\u0107 restauracja, kawiarenka, albo miejsce spotka\u0144, a nie ma nic. Odnowione pomieszczenia dworca kolejowego w Bochni od pi\u0119ciu lat stoj\u0105 puste. Pasa\u017cerowie, czekaj\u0105cy na poci\u0105g, dziwi\u0105 si\u0119 tej sytuacji. Niekt\u00f3rzy pami\u0119taj\u0105 dawn\u0105 restauracj\u0119, dzia\u0142aj\u0105c\u0105 na dworcu jeszcze za czas\u00f3w PRL. Teraz, mimo \u017ce w remont w\u0142o\u017cono grube pieni\u0105dze, miejsce jest zamkni\u0119te na klucz.<\/p>\n","protected":false},"author":4,"featured_media":179783,"comment_status":"open","ping_status":"closed","sticky":false,"template":"","format":"standard","meta":{"_acf_changed":false,"footnotes":""},"categories":[6251],"tags":[439,12399,438,19720],"class_list":["post-179780","post","type-post","status-publish","format-standard","has-post-thumbnail","hentry","category-polityka-i-wydarzenia","tag-dworzec","tag-fundacja-auxilium","tag-pkp","tag-top-temat","main_tag-pkp-2"],"acf":[],"yoast_head":"<!-- This site is optimized with the Yoast SEO plugin v26.9 - https:\/\/yoast.com\/product\/yoast-seo-wordpress\/ -->\n<title>Odnowione pomieszczenia na dworcu PKP do dzi\u015b stoj\u0105 puste. Dlaczego? - mojabochnia.pl - portal informacyjny<\/title>\n<meta name=\"robots\" content=\"index, follow, max-snippet:-1, max-image-preview:large, max-video-preview:-1\" \/>\n<link rel=\"canonical\" href=\"https:\/\/www.mojabochnia.pl\/?p=179780\" \/>\n<meta property=\"og:locale\" content=\"pl_PL\" \/>\n<meta property=\"og:type\" content=\"article\" \/>\n<meta property=\"og:title\" content=\"Odnowione pomieszczenia na dworcu PKP do dzi\u015b stoj\u0105 puste. Dlaczego? - mojabochnia.pl - portal informacyjny\" \/>\n<meta property=\"og:description\" content=\"Mog\u0142aby tam by\u0107 restauracja, kawiarenka, albo miejsce spotka\u0144, a nie ma nic. Odnowione pomieszczenia dworca kolejowego w Bochni od pi\u0119ciu lat stoj\u0105 puste. Pasa\u017cerowie, czekaj\u0105cy na poci\u0105g, dziwi\u0105 si\u0119 tej sytuacji. Niekt\u00f3rzy pami\u0119taj\u0105 dawn\u0105 restauracj\u0119, dzia\u0142aj\u0105c\u0105 na dworcu jeszcze za czas\u00f3w PRL. Teraz, mimo \u017ce w remont w\u0142o\u017cono grube pieni\u0105dze, miejsce jest zamkni\u0119te na klucz.\" \/>\n<meta property=\"og:url\" content=\"https:\/\/www.mojabochnia.pl\/?p=179780\" \/>\n<meta property=\"og:site_name\" content=\"mojabochnia.pl - portal informacyjny\" \/>\n<meta property=\"article:publisher\" content=\"https:\/\/www.facebook.com\/mojabochnia\" \/>\n<meta property=\"article:published_time\" content=\"2017-11-06T08:34:36+00:00\" \/>\n<meta property=\"article:modified_time\" content=\"2017-11-06T08:36:20+00:00\" \/>\n<meta property=\"og:image\" content=\"https:\/\/www.mojabochnia.pl\/wp-content\/uploads\/2017\/11\/IMG_2546-001.jpg\" \/>\n\t<meta property=\"og:image:width\" content=\"1000\" \/>\n\t<meta property=\"og:image:height\" content=\"564\" \/>\n\t<meta property=\"og:image:type\" content=\"image\/jpeg\" \/>\n<meta name=\"author\" content=\"Pawe\u0142 Michalczyk\" \/>\n<meta name=\"twitter:card\" content=\"summary_large_image\" \/>\n<meta name=\"twitter:label1\" content=\"Written by\" \/>\n\t<meta name=\"twitter:data1\" content=\"Pawe\u0142 Michalczyk\" \/>\n\t<meta name=\"twitter:label2\" content=\"Est. reading time\" \/>\n\t<meta name=\"twitter:data2\" content=\"2 minuty\" \/>\n<script type=\"application\/ld+json\" class=\"yoast-schema-graph\">{\"@context\":\"https:\/\/schema.org\",\"@graph\":[{\"@type\":\"Article\",\"@id\":\"https:\/\/www.mojabochnia.pl\/?p=179780#article\",\"isPartOf\":{\"@id\":\"https:\/\/www.mojabochnia.pl\/?p=179780\"},\"author\":{\"name\":\"Pawe\u0142 Michalczyk\",\"@id\":\"https:\/\/www.mojabochnia.pl\/#\/schema\/person\/ea042e4724a77627963f02166828ead4\"},\"headline\":\"Odnowione pomieszczenia na dworcu PKP do dzi\u015b stoj\u0105 puste. Dlaczego?\",\"datePublished\":\"2017-11-06T08:34:36+00:00\",\"dateModified\":\"2017-11-06T08:36:20+00:00\",\"mainEntityOfPage\":{\"@id\":\"https:\/\/www.mojabochnia.pl\/?p=179780\"},\"wordCount\":367,\"commentCount\":0,\"publisher\":{\"@id\":\"https:\/\/www.mojabochnia.pl\/#organization\"},\"image\":{\"@id\":\"https:\/\/www.mojabochnia.pl\/?p=179780#primaryimage\"},\"thumbnailUrl\":\"https:\/\/www.mojabochnia.pl\/wp-content\/uploads\/2017\/11\/IMG_2546-001.jpg\",\"keywords\":[\"dworzec\",\"fundacja auxilium\",\"PKP\",\"top temat\"],\"articleSection\":[\"polityka i wydarzenia\"],\"inLanguage\":\"pl-PL\",\"potentialAction\":[{\"@type\":\"CommentAction\",\"name\":\"Comment\",\"target\":[\"https:\/\/www.mojabochnia.pl\/?p=179780#respond\"]}]},{\"@type\":\"WebPage\",\"@id\":\"https:\/\/www.mojabochnia.pl\/?p=179780\",\"url\":\"https:\/\/www.mojabochnia.pl\/?p=179780\",\"name\":\"Odnowione pomieszczenia na dworcu PKP do dzi\u015b stoj\u0105 puste. Dlaczego? - mojabochnia.pl - portal informacyjny\",\"isPartOf\":{\"@id\":\"https:\/\/www.mojabochnia.pl\/#website\"},\"primaryImageOfPage\":{\"@id\":\"https:\/\/www.mojabochnia.pl\/?p=179780#primaryimage\"},\"image\":{\"@id\":\"https:\/\/www.mojabochnia.pl\/?p=179780#primaryimage\"},\"thumbnailUrl\":\"https:\/\/www.mojabochnia.pl\/wp-content\/uploads\/2017\/11\/IMG_2546-001.jpg\",\"datePublished\":\"2017-11-06T08:34:36+00:00\",\"dateModified\":\"2017-11-06T08:36:20+00:00\",\"breadcrumb\":{\"@id\":\"https:\/\/www.mojabochnia.pl\/?p=179780#breadcrumb\"},\"inLanguage\":\"pl-PL\",\"potentialAction\":[{\"@type\":\"ReadAction\",\"target\":[\"https:\/\/www.mojabochnia.pl\/?p=179780\"]}]},{\"@type\":\"ImageObject\",\"inLanguage\":\"pl-PL\",\"@id\":\"https:\/\/www.mojabochnia.pl\/?p=179780#primaryimage\",\"url\":\"https:\/\/www.mojabochnia.pl\/wp-content\/uploads\/2017\/11\/IMG_2546-001.jpg\",\"contentUrl\":\"https:\/\/www.mojabochnia.pl\/wp-content\/uploads\/2017\/11\/IMG_2546-001.jpg\",\"width\":1000,\"height\":564,\"caption\":\"Pawe\u0142 Michalczyk\"},{\"@type\":\"BreadcrumbList\",\"@id\":\"https:\/\/www.mojabochnia.pl\/?p=179780#breadcrumb\",\"itemListElement\":[{\"@type\":\"ListItem\",\"position\":1,\"name\":\"Home\",\"item\":\"https:\/\/www.mojabochnia.pl\/\"},{\"@type\":\"ListItem\",\"position\":2,\"name\":\"Odnowione pomieszczenia na dworcu PKP do dzi\u015b stoj\u0105 puste. Dlaczego?\"}]},{\"@type\":\"WebSite\",\"@id\":\"https:\/\/www.mojabochnia.pl\/#website\",\"url\":\"https:\/\/www.mojabochnia.pl\/\",\"name\":\"mojabochnia.pl - portal informacyjny\",\"description\":\"mojaBochnia to portal informacyjny o Bochni. Codziennie o Bochni piszemy i pokazujemy najwa\u017cniejsze wydarzenia\",\"publisher\":{\"@id\":\"https:\/\/www.mojabochnia.pl\/#organization\"},\"potentialAction\":[{\"@type\":\"SearchAction\",\"target\":{\"@type\":\"EntryPoint\",\"urlTemplate\":\"https:\/\/www.mojabochnia.pl\/?s={search_term_string}\"},\"query-input\":{\"@type\":\"PropertyValueSpecification\",\"valueRequired\":true,\"valueName\":\"search_term_string\"}}],\"inLanguage\":\"pl-PL\"},{\"@type\":\"Organization\",\"@id\":\"https:\/\/www.mojabochnia.pl\/#organization\",\"name\":\"mojabochnia.pl - portal informacyjny\",\"url\":\"https:\/\/www.mojabochnia.pl\/\",\"logo\":{\"@type\":\"ImageObject\",\"inLanguage\":\"pl-PL\",\"@id\":\"https:\/\/www.mojabochnia.pl\/#\/schema\/logo\/image\/\",\"url\":\"https:\/\/www.mojabochnia.pl\/wp-content\/uploads\/2017\/08\/logo-mb-opt.png\",\"contentUrl\":\"https:\/\/www.mojabochnia.pl\/wp-content\/uploads\/2017\/08\/logo-mb-opt.png\",\"width\":250,\"height\":48,\"caption\":\"mojabochnia.pl - portal informacyjny\"},\"image\":{\"@id\":\"https:\/\/www.mojabochnia.pl\/#\/schema\/logo\/image\/\"},\"sameAs\":[\"https:\/\/www.facebook.com\/mojabochnia\"]},{\"@type\":\"Person\",\"@id\":\"https:\/\/www.mojabochnia.pl\/#\/schema\/person\/ea042e4724a77627963f02166828ead4\",\"name\":\"Pawe\u0142 Michalczyk\",\"url\":\"https:\/\/www.mojabochnia.pl\/?author=4\"}]}<\/script>\n<!-- \/ Yoast SEO plugin. -->","yoast_head_json":{"title":"Odnowione pomieszczenia na dworcu PKP do dzi\u015b stoj\u0105 puste. Dlaczego? - mojabochnia.pl - portal informacyjny","robots":{"index":"index","follow":"follow","max-snippet":"max-snippet:-1","max-image-preview":"max-image-preview:large","max-video-preview":"max-video-preview:-1"},"canonical":"https:\/\/www.mojabochnia.pl\/?p=179780","og_locale":"pl_PL","og_type":"article","og_title":"Odnowione pomieszczenia na dworcu PKP do dzi\u015b stoj\u0105 puste. Dlaczego? - mojabochnia.pl - portal informacyjny","og_description":"Mog\u0142aby tam by\u0107 restauracja, kawiarenka, albo miejsce spotka\u0144, a nie ma nic. Odnowione pomieszczenia dworca kolejowego w Bochni od pi\u0119ciu lat stoj\u0105 puste. Pasa\u017cerowie, czekaj\u0105cy na poci\u0105g, dziwi\u0105 si\u0119 tej sytuacji. Niekt\u00f3rzy pami\u0119taj\u0105 dawn\u0105 restauracj\u0119, dzia\u0142aj\u0105c\u0105 na dworcu jeszcze za czas\u00f3w PRL. Teraz, mimo \u017ce w remont w\u0142o\u017cono grube pieni\u0105dze, miejsce jest zamkni\u0119te na klucz.","og_url":"https:\/\/www.mojabochnia.pl\/?p=179780","og_site_name":"mojabochnia.pl - portal informacyjny","article_publisher":"https:\/\/www.facebook.com\/mojabochnia","article_published_time":"2017-11-06T08:34:36+00:00","article_modified_time":"2017-11-06T08:36:20+00:00","og_image":[{"width":1000,"height":564,"url":"https:\/\/www.mojabochnia.pl\/wp-content\/uploads\/2017\/11\/IMG_2546-001.jpg","type":"image\/jpeg"}],"author":"Pawe\u0142 Michalczyk","twitter_card":"summary_large_image","twitter_misc":{"Written by":"Pawe\u0142 Michalczyk","Est. reading time":"2 minuty"},"schema":{"@context":"https:\/\/schema.org","@graph":[{"@type":"Article","@id":"https:\/\/www.mojabochnia.pl\/?p=179780#article","isPartOf":{"@id":"https:\/\/www.mojabochnia.pl\/?p=179780"},"author":{"name":"Pawe\u0142 Michalczyk","@id":"https:\/\/www.mojabochnia.pl\/#\/schema\/person\/ea042e4724a77627963f02166828ead4"},"headline":"Odnowione pomieszczenia na dworcu PKP do dzi\u015b stoj\u0105 puste. Dlaczego?","datePublished":"2017-11-06T08:34:36+00:00","dateModified":"2017-11-06T08:36:20+00:00","mainEntityOfPage":{"@id":"https:\/\/www.mojabochnia.pl\/?p=179780"},"wordCount":367,"commentCount":0,"publisher":{"@id":"https:\/\/www.mojabochnia.pl\/#organization"},"image":{"@id":"https:\/\/www.mojabochnia.pl\/?p=179780#primaryimage"},"thumbnailUrl":"https:\/\/www.mojabochnia.pl\/wp-content\/uploads\/2017\/11\/IMG_2546-001.jpg","keywords":["dworzec","fundacja auxilium","PKP","top temat"],"articleSection":["polityka i wydarzenia"],"inLanguage":"pl-PL","potentialAction":[{"@type":"CommentAction","name":"Comment","target":["https:\/\/www.mojabochnia.pl\/?p=179780#respond"]}]},{"@type":"WebPage","@id":"https:\/\/www.mojabochnia.pl\/?p=179780","url":"https:\/\/www.mojabochnia.pl\/?p=179780","name":"Odnowione pomieszczenia na dworcu PKP do dzi\u015b stoj\u0105 puste. Dlaczego? - mojabochnia.pl - portal informacyjny","isPartOf":{"@id":"https:\/\/www.mojabochnia.pl\/#website"},"primaryImageOfPage":{"@id":"https:\/\/www.mojabochnia.pl\/?p=179780#primaryimage"},"image":{"@id":"https:\/\/www.mojabochnia.pl\/?p=179780#primaryimage"},"thumbnailUrl":"https:\/\/www.mojabochnia.pl\/wp-content\/uploads\/2017\/11\/IMG_2546-001.jpg","datePublished":"2017-11-06T08:34:36+00:00","dateModified":"2017-11-06T08:36:20+00:00","breadcrumb":{"@id":"https:\/\/www.mojabochnia.pl\/?p=179780#breadcrumb"},"inLanguage":"pl-PL","potentialAction":[{"@type":"ReadAction","target":["https:\/\/www.mojabochnia.pl\/?p=179780"]}]},{"@type":"ImageObject","inLanguage":"pl-PL","@id":"https:\/\/www.mojabochnia.pl\/?p=179780#primaryimage","url":"https:\/\/www.mojabochnia.pl\/wp-content\/uploads\/2017\/11\/IMG_2546-001.jpg","contentUrl":"https:\/\/www.mojabochnia.pl\/wp-content\/uploads\/2017\/11\/IMG_2546-001.jpg","width":1000,"height":564,"caption":"Pawe\u0142 Michalczyk"},{"@type":"BreadcrumbList","@id":"https:\/\/www.mojabochnia.pl\/?p=179780#breadcrumb","itemListElement":[{"@type":"ListItem","position":1,"name":"Home","item":"https:\/\/www.mojabochnia.pl\/"},{"@type":"ListItem","position":2,"name":"Odnowione pomieszczenia na dworcu PKP do dzi\u015b stoj\u0105 puste. Dlaczego?"}]},{"@type":"WebSite","@id":"https:\/\/www.mojabochnia.pl\/#website","url":"https:\/\/www.mojabochnia.pl\/","name":"mojabochnia.pl - portal informacyjny","description":"mojaBochnia to portal informacyjny o Bochni. Codziennie o Bochni piszemy i pokazujemy najwa\u017cniejsze wydarzenia","publisher":{"@id":"https:\/\/www.mojabochnia.pl\/#organization"},"potentialAction":[{"@type":"SearchAction","target":{"@type":"EntryPoint","urlTemplate":"https:\/\/www.mojabochnia.pl\/?s={search_term_string}"},"query-input":{"@type":"PropertyValueSpecification","valueRequired":true,"valueName":"search_term_string"}}],"inLanguage":"pl-PL"},{"@type":"Organization","@id":"https:\/\/www.mojabochnia.pl\/#organization","name":"mojabochnia.pl - portal informacyjny","url":"https:\/\/www.mojabochnia.pl\/","logo":{"@type":"ImageObject","inLanguage":"pl-PL","@id":"https:\/\/www.mojabochnia.pl\/#\/schema\/logo\/image\/","url":"https:\/\/www.mojabochnia.pl\/wp-content\/uploads\/2017\/08\/logo-mb-opt.png","contentUrl":"https:\/\/www.mojabochnia.pl\/wp-content\/uploads\/2017\/08\/logo-mb-opt.png","width":250,"height":48,"caption":"mojabochnia.pl - portal informacyjny"},"image":{"@id":"https:\/\/www.mojabochnia.pl\/#\/schema\/logo\/image\/"},"sameAs":["https:\/\/www.facebook.com\/mojabochnia"]},{"@type":"Person","@id":"https:\/\/www.mojabochnia.pl\/#\/schema\/person\/ea042e4724a77627963f02166828ead4","name":"Pawe\u0142 Michalczyk","url":"https:\/\/www.mojabochnia.pl\/?author=4"}]}},"_links":{"self":[{"href":"https:\/\/www.mojabochnia.pl\/index.php?rest_route=\/wp\/v2\/posts\/179780","targetHints":{"allow":["GET"]}}],"collection":[{"href":"https:\/\/www.mojabochnia.pl\/index.php?rest_route=\/wp\/v2\/posts"}],"about":[{"href":"https:\/\/www.mojabochnia.pl\/index.php?rest_route=\/wp\/v2\/types\/post"}],"author":[{"embeddable":true,"href":"https:\/\/www.mojabochnia.pl\/index.php?rest_route=\/wp\/v2\/users\/4"}],"replies":[{"embeddable":true,"href":"https:\/\/www.mojabochnia.pl\/index.php?rest_route=%2Fwp%2Fv2%2Fcomments&post=179780"}],"version-history":[{"count":4,"href":"https:\/\/www.mojabochnia.pl\/index.php?rest_route=\/wp\/v2\/posts\/179780\/revisions"}],"predecessor-version":[{"id":179790,"href":"https:\/\/www.mojabochnia.pl\/index.php?rest_route=\/wp\/v2\/posts\/179780\/revisions\/179790"}],"wp:featuredmedia":[{"embeddable":true,"href":"https:\/\/www.mojabochnia.pl\/index.php?rest_route=\/wp\/v2\/media\/179783"}],"wp:attachment":[{"href":"https:\/\/www.mojabochnia.pl\/index.php?rest_route=%2Fwp%2Fv2%2Fmedia&parent=179780"}],"wp:term":[{"taxonomy":"category","embeddable":true,"href":"https:\/\/www.mojabochnia.pl\/index.php?rest_route=%2Fwp%2Fv2%2Fcategories&post=179780"},{"taxonomy":"post_tag","embeddable":true,"href":"https:\/\/www.mojabochnia.pl\/index.php?rest_route=%2Fwp%2Fv2%2Ftags&post=179780"}],"curies":[{"name":"wp","href":"https:\/\/api.w.org\/{rel}","templated":true}]}}