{"id":179765,"date":"2017-11-03T10:26:07","date_gmt":"2017-11-03T09:26:07","guid":{"rendered":"https:\/\/www.mojabochnia.pl\/?p=179765"},"modified":"2017-11-03T10:26:07","modified_gmt":"2017-11-03T09:26:07","slug":"rusza-cykl-comiesiecznych-spacerow-po-cmentarzu-przy-orackiej","status":"publish","type":"post","link":"https:\/\/www.mojabochnia.pl\/?p=179765","title":{"rendered":"Rusza cykl comiesi\u0119cznych spacer\u00f3w po cmentarzu przy Orackiej"},"content":{"rendered":"<p><strong>Kr\u0105g Mi\u0142o\u015bnik\u00f3w Dawnej Bochni zaprasza na cykl comiesi\u0119cznych spacer\u00f3w po zabytkowym cmentarzu przy ul. Orackiej w 230. rocznic\u0119 jego za\u0142o\u017cenia. Spacer pierwszy pt. &#8222;Groby nauczycieli Gimnazjum i Liceum Og\u00f3lnokszta\u0142c\u0105cego im. Kr\u00f3la Kazimierza Wielkiego w Bochni&#8221; odb\u0119dzie si\u0119 w niedziel\u0119 5 listopada.<\/strong><\/p>\n<p>Pierwszy spacer poprowadzi Jan Flasza, dyrektor Muzeum im. Stanis\u0142awa Fischera w Bochni. Pocz\u0105tek przy g\u0142\u00f3wnej bramie wej\u015bciowej na cmentarz, od ulicy Orackiej wniedziel\u0119 5 listopada o godzinie 12.00. <\/p>\n<p>***<\/p>\n<p>Z zaproszenia na spotkanie:<\/p>\n<p>Cmentarz boche\u0144ski przy ul. Orackiej jest jedn\u0105 z najstarszych nekropolii pozako\u015bcielnych na ziemiach polskich \u2013 zar\u00f3wno Cmentarz Pow\u0105zkowski, jak i Rakowicki powsta\u0142y p\u00f3\u017aniej! Po\u015bwi\u0119cony zosta\u0142 przez miejscowego proboszcza Marcina Drygalskiego 5 listopada 1787 roku, zatem w tym roku mija w\u0142a\u015bnie 230 lat od tamtego wydarzenia. Z tej okazji Muzeum im. Stanis\u0142awa Fischera w Bochni proponuje comiesi\u0119czne spacery po cmentarzu, kt\u00f3re b\u0119d\u0105 odbywa\u0107 si\u0119 r\u00f3\u017cnymi trasami \u201etematycznymi\u201d. Umo\u017cliwi\u0105 one systematyczne i stopniowe poznawanie biografii ludzi, kt\u00f3rzy za \u017cycia tworzyli histori\u0119 i kultur\u0119 miasta, dzia\u0142ali w wielu miejscowych instytucjach, zas\u0142u\u017cyli si\u0119 na rozmaitych polach aktywno\u015bci, a tak\u017ce podejmowali rozmaite dzia\u0142ania poza Bochni\u0105. Proponowane przez nas spacery stanowi\u0105 kontynuacj\u0119 rozpocz\u0119tej ju\u017c kilkana\u015bcie lat temu tradycji \u2013 odwiedzania grob\u00f3w zas\u0142u\u017conych bochnian oraz grob\u00f3w ilustruj\u0105cych na r\u00f3\u017cne sposoby dzieje samej nekropolii.<\/p>\n<p>Pierwsze spotkanie b\u0119dzie nawi\u0105zywa\u0142o do obchodzonego w tym roku jubileuszu Gimnazjum i Liceum im. Kr\u00f3la Kazimierza Wielkiego.<\/p>\n","protected":false},"excerpt":{"rendered":"<p>Kr\u0105g Mi\u0142o\u015bnik\u00f3w Dawnej Bochni zaprasza na cykl comiesi\u0119cznych spacer\u00f3w po zabytkowym cmentarzu przy ul. Orackiej w 230. rocznic\u0119 jego za\u0142o\u017cenia. Spacer pierwszy pt. &#8222;Groby nauczycieli Gimnazjum i Liceum Og\u00f3lnokszta\u0142c\u0105cego im. Kr\u00f3la Kazimierza Wielkiego w Bochni&#8221; odb\u0119dzie si\u0119 w niedziel\u0119 5 listopada. Pierwszy spacer poprowadzi Jan Flasza, dyrektor Muzeum im. Stanis\u0142awa Fischera w Bochni. Pocz\u0105tek przy<\/p>\n","protected":false},"author":13,"featured_media":99784,"comment_status":"open","ping_status":"closed","sticky":false,"template":"","format":"standard","meta":{"_acf_changed":false,"footnotes":""},"categories":[92],"tags":[17360,4733,17131,17126],"class_list":["post-179765","post","type-post","status-publish","format-standard","has-post-thumbnail","hentry","category-kultura","tag-cmentarz","tag-cmentarz-przy-ul-orackiej","tag-historia","tag-jan-flasza","main_tag-cmentarz"],"acf":[],"yoast_head":"<!-- This site is optimized with the Yoast SEO plugin v26.9 - https:\/\/yoast.com\/product\/yoast-seo-wordpress\/ -->\n<title>Rusza cykl comiesi\u0119cznych spacer\u00f3w po cmentarzu przy Orackiej - mojabochnia.pl - portal informacyjny<\/title>\n<meta name=\"robots\" content=\"index, follow, max-snippet:-1, max-image-preview:large, max-video-preview:-1\" \/>\n<link rel=\"canonical\" href=\"https:\/\/www.mojabochnia.pl\/?p=179765\" \/>\n<meta property=\"og:locale\" content=\"pl_PL\" \/>\n<meta property=\"og:type\" content=\"article\" \/>\n<meta property=\"og:title\" content=\"Rusza cykl comiesi\u0119cznych spacer\u00f3w po cmentarzu przy Orackiej - mojabochnia.pl - portal informacyjny\" \/>\n<meta property=\"og:description\" content=\"Kr\u0105g Mi\u0142o\u015bnik\u00f3w Dawnej Bochni zaprasza na cykl comiesi\u0119cznych spacer\u00f3w po zabytkowym cmentarzu przy ul. Orackiej w 230. rocznic\u0119 jego za\u0142o\u017cenia. Spacer pierwszy pt. &#8222;Groby nauczycieli Gimnazjum i Liceum Og\u00f3lnokszta\u0142c\u0105cego im. Kr\u00f3la Kazimierza Wielkiego w Bochni&#8221; odb\u0119dzie si\u0119 w niedziel\u0119 5 listopada. Pierwszy spacer poprowadzi Jan Flasza, dyrektor Muzeum im. Stanis\u0142awa Fischera w Bochni. Pocz\u0105tek przy\" \/>\n<meta property=\"og:url\" content=\"https:\/\/www.mojabochnia.pl\/?p=179765\" \/>\n<meta property=\"og:site_name\" content=\"mojabochnia.pl - portal informacyjny\" \/>\n<meta property=\"article:publisher\" content=\"https:\/\/www.facebook.com\/mojabochnia\" \/>\n<meta property=\"article:published_time\" content=\"2017-11-03T09:26:07+00:00\" \/>\n<meta property=\"og:image\" content=\"https:\/\/www.mojabochnia.pl\/wp-content\/uploads\/2013\/11\/IMG_9904.jpg\" \/>\n\t<meta property=\"og:image:width\" content=\"800\" \/>\n\t<meta property=\"og:image:height\" content=\"450\" \/>\n\t<meta property=\"og:image:type\" content=\"image\/jpeg\" \/>\n<meta name=\"author\" content=\"redakcja\" \/>\n<meta name=\"twitter:card\" content=\"summary_large_image\" \/>\n<meta name=\"twitter:label1\" content=\"Written by\" \/>\n\t<meta name=\"twitter:data1\" content=\"redakcja\" \/>\n\t<meta name=\"twitter:label2\" content=\"Est. reading time\" \/>\n\t<meta name=\"twitter:data2\" content=\"1 minuta\" \/>\n<script type=\"application\/ld+json\" class=\"yoast-schema-graph\">{\"@context\":\"https:\/\/schema.org\",\"@graph\":[{\"@type\":\"Article\",\"@id\":\"https:\/\/www.mojabochnia.pl\/?p=179765#article\",\"isPartOf\":{\"@id\":\"https:\/\/www.mojabochnia.pl\/?p=179765\"},\"author\":{\"name\":\"redakcja\",\"@id\":\"https:\/\/www.mojabochnia.pl\/#\/schema\/person\/7e2f20ead9902216a3384f13606c0ab7\"},\"headline\":\"Rusza cykl comiesi\u0119cznych spacer\u00f3w po cmentarzu przy Orackiej\",\"datePublished\":\"2017-11-03T09:26:07+00:00\",\"mainEntityOfPage\":{\"@id\":\"https:\/\/www.mojabochnia.pl\/?p=179765\"},\"wordCount\":269,\"commentCount\":0,\"publisher\":{\"@id\":\"https:\/\/www.mojabochnia.pl\/#organization\"},\"image\":{\"@id\":\"https:\/\/www.mojabochnia.pl\/?p=179765#primaryimage\"},\"thumbnailUrl\":\"https:\/\/www.mojabochnia.pl\/wp-content\/uploads\/2013\/11\/IMG_9904.jpg\",\"keywords\":[\"cmentarz\",\"cmentarz przy ul. orackiej\",\"historia\",\"jan flasza\"],\"articleSection\":[\"kultura\"],\"inLanguage\":\"pl-PL\",\"potentialAction\":[{\"@type\":\"CommentAction\",\"name\":\"Comment\",\"target\":[\"https:\/\/www.mojabochnia.pl\/?p=179765#respond\"]}]},{\"@type\":\"WebPage\",\"@id\":\"https:\/\/www.mojabochnia.pl\/?p=179765\",\"url\":\"https:\/\/www.mojabochnia.pl\/?p=179765\",\"name\":\"Rusza cykl comiesi\u0119cznych spacer\u00f3w po cmentarzu przy Orackiej - mojabochnia.pl - portal informacyjny\",\"isPartOf\":{\"@id\":\"https:\/\/www.mojabochnia.pl\/#website\"},\"primaryImageOfPage\":{\"@id\":\"https:\/\/www.mojabochnia.pl\/?p=179765#primaryimage\"},\"image\":{\"@id\":\"https:\/\/www.mojabochnia.pl\/?p=179765#primaryimage\"},\"thumbnailUrl\":\"https:\/\/www.mojabochnia.pl\/wp-content\/uploads\/2013\/11\/IMG_9904.jpg\",\"datePublished\":\"2017-11-03T09:26:07+00:00\",\"breadcrumb\":{\"@id\":\"https:\/\/www.mojabochnia.pl\/?p=179765#breadcrumb\"},\"inLanguage\":\"pl-PL\",\"potentialAction\":[{\"@type\":\"ReadAction\",\"target\":[\"https:\/\/www.mojabochnia.pl\/?p=179765\"]}]},{\"@type\":\"ImageObject\",\"inLanguage\":\"pl-PL\",\"@id\":\"https:\/\/www.mojabochnia.pl\/?p=179765#primaryimage\",\"url\":\"https:\/\/www.mojabochnia.pl\/wp-content\/uploads\/2013\/11\/IMG_9904.jpg\",\"contentUrl\":\"https:\/\/www.mojabochnia.pl\/wp-content\/uploads\/2013\/11\/IMG_9904.jpg\",\"width\":800,\"height\":450,\"caption\":\"P. Michalczyk\"},{\"@type\":\"BreadcrumbList\",\"@id\":\"https:\/\/www.mojabochnia.pl\/?p=179765#breadcrumb\",\"itemListElement\":[{\"@type\":\"ListItem\",\"position\":1,\"name\":\"Home\",\"item\":\"https:\/\/www.mojabochnia.pl\/\"},{\"@type\":\"ListItem\",\"position\":2,\"name\":\"Rusza cykl comiesi\u0119cznych spacer\u00f3w po cmentarzu przy Orackiej\"}]},{\"@type\":\"WebSite\",\"@id\":\"https:\/\/www.mojabochnia.pl\/#website\",\"url\":\"https:\/\/www.mojabochnia.pl\/\",\"name\":\"mojabochnia.pl - portal informacyjny\",\"description\":\"mojaBochnia to portal informacyjny o Bochni. Codziennie o Bochni piszemy i pokazujemy najwa\u017cniejsze wydarzenia\",\"publisher\":{\"@id\":\"https:\/\/www.mojabochnia.pl\/#organization\"},\"potentialAction\":[{\"@type\":\"SearchAction\",\"target\":{\"@type\":\"EntryPoint\",\"urlTemplate\":\"https:\/\/www.mojabochnia.pl\/?s={search_term_string}\"},\"query-input\":{\"@type\":\"PropertyValueSpecification\",\"valueRequired\":true,\"valueName\":\"search_term_string\"}}],\"inLanguage\":\"pl-PL\"},{\"@type\":\"Organization\",\"@id\":\"https:\/\/www.mojabochnia.pl\/#organization\",\"name\":\"mojabochnia.pl - portal informacyjny\",\"url\":\"https:\/\/www.mojabochnia.pl\/\",\"logo\":{\"@type\":\"ImageObject\",\"inLanguage\":\"pl-PL\",\"@id\":\"https:\/\/www.mojabochnia.pl\/#\/schema\/logo\/image\/\",\"url\":\"https:\/\/www.mojabochnia.pl\/wp-content\/uploads\/2017\/08\/logo-mb-opt.png\",\"contentUrl\":\"https:\/\/www.mojabochnia.pl\/wp-content\/uploads\/2017\/08\/logo-mb-opt.png\",\"width\":250,\"height\":48,\"caption\":\"mojabochnia.pl - portal informacyjny\"},\"image\":{\"@id\":\"https:\/\/www.mojabochnia.pl\/#\/schema\/logo\/image\/\"},\"sameAs\":[\"https:\/\/www.facebook.com\/mojabochnia\"]},{\"@type\":\"Person\",\"@id\":\"https:\/\/www.mojabochnia.pl\/#\/schema\/person\/7e2f20ead9902216a3384f13606c0ab7\",\"name\":\"redakcja\",\"sameAs\":[\"http:\/\/\"],\"url\":\"https:\/\/www.mojabochnia.pl\/?author=13\"}]}<\/script>\n<!-- \/ Yoast SEO plugin. -->","yoast_head_json":{"title":"Rusza cykl comiesi\u0119cznych spacer\u00f3w po cmentarzu przy Orackiej - mojabochnia.pl - portal informacyjny","robots":{"index":"index","follow":"follow","max-snippet":"max-snippet:-1","max-image-preview":"max-image-preview:large","max-video-preview":"max-video-preview:-1"},"canonical":"https:\/\/www.mojabochnia.pl\/?p=179765","og_locale":"pl_PL","og_type":"article","og_title":"Rusza cykl comiesi\u0119cznych spacer\u00f3w po cmentarzu przy Orackiej - mojabochnia.pl - portal informacyjny","og_description":"Kr\u0105g Mi\u0142o\u015bnik\u00f3w Dawnej Bochni zaprasza na cykl comiesi\u0119cznych spacer\u00f3w po zabytkowym cmentarzu przy ul. Orackiej w 230. rocznic\u0119 jego za\u0142o\u017cenia. Spacer pierwszy pt. &#8222;Groby nauczycieli Gimnazjum i Liceum Og\u00f3lnokszta\u0142c\u0105cego im. Kr\u00f3la Kazimierza Wielkiego w Bochni&#8221; odb\u0119dzie si\u0119 w niedziel\u0119 5 listopada. Pierwszy spacer poprowadzi Jan Flasza, dyrektor Muzeum im. Stanis\u0142awa Fischera w Bochni. Pocz\u0105tek przy","og_url":"https:\/\/www.mojabochnia.pl\/?p=179765","og_site_name":"mojabochnia.pl - portal informacyjny","article_publisher":"https:\/\/www.facebook.com\/mojabochnia","article_published_time":"2017-11-03T09:26:07+00:00","og_image":[{"width":800,"height":450,"url":"https:\/\/www.mojabochnia.pl\/wp-content\/uploads\/2013\/11\/IMG_9904.jpg","type":"image\/jpeg"}],"author":"redakcja","twitter_card":"summary_large_image","twitter_misc":{"Written by":"redakcja","Est. reading time":"1 minuta"},"schema":{"@context":"https:\/\/schema.org","@graph":[{"@type":"Article","@id":"https:\/\/www.mojabochnia.pl\/?p=179765#article","isPartOf":{"@id":"https:\/\/www.mojabochnia.pl\/?p=179765"},"author":{"name":"redakcja","@id":"https:\/\/www.mojabochnia.pl\/#\/schema\/person\/7e2f20ead9902216a3384f13606c0ab7"},"headline":"Rusza cykl comiesi\u0119cznych spacer\u00f3w po cmentarzu przy Orackiej","datePublished":"2017-11-03T09:26:07+00:00","mainEntityOfPage":{"@id":"https:\/\/www.mojabochnia.pl\/?p=179765"},"wordCount":269,"commentCount":0,"publisher":{"@id":"https:\/\/www.mojabochnia.pl\/#organization"},"image":{"@id":"https:\/\/www.mojabochnia.pl\/?p=179765#primaryimage"},"thumbnailUrl":"https:\/\/www.mojabochnia.pl\/wp-content\/uploads\/2013\/11\/IMG_9904.jpg","keywords":["cmentarz","cmentarz przy ul. orackiej","historia","jan flasza"],"articleSection":["kultura"],"inLanguage":"pl-PL","potentialAction":[{"@type":"CommentAction","name":"Comment","target":["https:\/\/www.mojabochnia.pl\/?p=179765#respond"]}]},{"@type":"WebPage","@id":"https:\/\/www.mojabochnia.pl\/?p=179765","url":"https:\/\/www.mojabochnia.pl\/?p=179765","name":"Rusza cykl comiesi\u0119cznych spacer\u00f3w po cmentarzu przy Orackiej - mojabochnia.pl - portal informacyjny","isPartOf":{"@id":"https:\/\/www.mojabochnia.pl\/#website"},"primaryImageOfPage":{"@id":"https:\/\/www.mojabochnia.pl\/?p=179765#primaryimage"},"image":{"@id":"https:\/\/www.mojabochnia.pl\/?p=179765#primaryimage"},"thumbnailUrl":"https:\/\/www.mojabochnia.pl\/wp-content\/uploads\/2013\/11\/IMG_9904.jpg","datePublished":"2017-11-03T09:26:07+00:00","breadcrumb":{"@id":"https:\/\/www.mojabochnia.pl\/?p=179765#breadcrumb"},"inLanguage":"pl-PL","potentialAction":[{"@type":"ReadAction","target":["https:\/\/www.mojabochnia.pl\/?p=179765"]}]},{"@type":"ImageObject","inLanguage":"pl-PL","@id":"https:\/\/www.mojabochnia.pl\/?p=179765#primaryimage","url":"https:\/\/www.mojabochnia.pl\/wp-content\/uploads\/2013\/11\/IMG_9904.jpg","contentUrl":"https:\/\/www.mojabochnia.pl\/wp-content\/uploads\/2013\/11\/IMG_9904.jpg","width":800,"height":450,"caption":"P. Michalczyk"},{"@type":"BreadcrumbList","@id":"https:\/\/www.mojabochnia.pl\/?p=179765#breadcrumb","itemListElement":[{"@type":"ListItem","position":1,"name":"Home","item":"https:\/\/www.mojabochnia.pl\/"},{"@type":"ListItem","position":2,"name":"Rusza cykl comiesi\u0119cznych spacer\u00f3w po cmentarzu przy Orackiej"}]},{"@type":"WebSite","@id":"https:\/\/www.mojabochnia.pl\/#website","url":"https:\/\/www.mojabochnia.pl\/","name":"mojabochnia.pl - portal informacyjny","description":"mojaBochnia to portal informacyjny o Bochni. Codziennie o Bochni piszemy i pokazujemy najwa\u017cniejsze wydarzenia","publisher":{"@id":"https:\/\/www.mojabochnia.pl\/#organization"},"potentialAction":[{"@type":"SearchAction","target":{"@type":"EntryPoint","urlTemplate":"https:\/\/www.mojabochnia.pl\/?s={search_term_string}"},"query-input":{"@type":"PropertyValueSpecification","valueRequired":true,"valueName":"search_term_string"}}],"inLanguage":"pl-PL"},{"@type":"Organization","@id":"https:\/\/www.mojabochnia.pl\/#organization","name":"mojabochnia.pl - portal informacyjny","url":"https:\/\/www.mojabochnia.pl\/","logo":{"@type":"ImageObject","inLanguage":"pl-PL","@id":"https:\/\/www.mojabochnia.pl\/#\/schema\/logo\/image\/","url":"https:\/\/www.mojabochnia.pl\/wp-content\/uploads\/2017\/08\/logo-mb-opt.png","contentUrl":"https:\/\/www.mojabochnia.pl\/wp-content\/uploads\/2017\/08\/logo-mb-opt.png","width":250,"height":48,"caption":"mojabochnia.pl - portal informacyjny"},"image":{"@id":"https:\/\/www.mojabochnia.pl\/#\/schema\/logo\/image\/"},"sameAs":["https:\/\/www.facebook.com\/mojabochnia"]},{"@type":"Person","@id":"https:\/\/www.mojabochnia.pl\/#\/schema\/person\/7e2f20ead9902216a3384f13606c0ab7","name":"redakcja","sameAs":["http:\/\/"],"url":"https:\/\/www.mojabochnia.pl\/?author=13"}]}},"_links":{"self":[{"href":"https:\/\/www.mojabochnia.pl\/index.php?rest_route=\/wp\/v2\/posts\/179765","targetHints":{"allow":["GET"]}}],"collection":[{"href":"https:\/\/www.mojabochnia.pl\/index.php?rest_route=\/wp\/v2\/posts"}],"about":[{"href":"https:\/\/www.mojabochnia.pl\/index.php?rest_route=\/wp\/v2\/types\/post"}],"author":[{"embeddable":true,"href":"https:\/\/www.mojabochnia.pl\/index.php?rest_route=\/wp\/v2\/users\/13"}],"replies":[{"embeddable":true,"href":"https:\/\/www.mojabochnia.pl\/index.php?rest_route=%2Fwp%2Fv2%2Fcomments&post=179765"}],"version-history":[{"count":1,"href":"https:\/\/www.mojabochnia.pl\/index.php?rest_route=\/wp\/v2\/posts\/179765\/revisions"}],"predecessor-version":[{"id":179767,"href":"https:\/\/www.mojabochnia.pl\/index.php?rest_route=\/wp\/v2\/posts\/179765\/revisions\/179767"}],"wp:featuredmedia":[{"embeddable":true,"href":"https:\/\/www.mojabochnia.pl\/index.php?rest_route=\/wp\/v2\/media\/99784"}],"wp:attachment":[{"href":"https:\/\/www.mojabochnia.pl\/index.php?rest_route=%2Fwp%2Fv2%2Fmedia&parent=179765"}],"wp:term":[{"taxonomy":"category","embeddable":true,"href":"https:\/\/www.mojabochnia.pl\/index.php?rest_route=%2Fwp%2Fv2%2Fcategories&post=179765"},{"taxonomy":"post_tag","embeddable":true,"href":"https:\/\/www.mojabochnia.pl\/index.php?rest_route=%2Fwp%2Fv2%2Ftags&post=179765"}],"curies":[{"name":"wp","href":"https:\/\/api.w.org\/{rel}","templated":true}]}}