{"id":179754,"date":"2017-11-02T15:14:29","date_gmt":"2017-11-02T14:14:29","guid":{"rendered":"https:\/\/www.mojabochnia.pl\/?p=179754"},"modified":"2017-11-02T15:15:32","modified_gmt":"2017-11-02T14:15:32","slug":"niedziela-gitarzysta-supertramp-wystapi-w-bochni","status":"publish","type":"post","link":"https:\/\/www.mojabochnia.pl\/?p=179754","title":{"rendered":"Niedziela: Gitarzysta Supertramp wyst\u0105pi w Bochni"},"content":{"rendered":"<p><strong>5 listopada (niedziela) o godz. 19. w Miejskim Domu Kultury (w du\u017cej sali kinowej) w ramach Bochnia Rocks! wyst\u0105pi z koncertem Carl Verheyen jeden z 10 najlepszych gitarzyst\u00f3w \u015bwiata (wg Guitar Magazine) i jeden spo\u015br\u00f3d 100 najlepszych gitarzyst\u00f3w wszechczas\u00f3w (wg magazynu Classic Rock).<\/strong><\/p>\n<p>Carl Verheyen znany jest g\u0142\u00f3wnie z wyst\u0119p\u00f3w w legendarnym zespole Supertramp, cho\u0107 lista muzyk\u00f3w i zespo\u0142\u00f3w, z kt\u00f3rymi wsp\u00f3\u0142pracowa\u0142 jest bardzo d\u0142uga (Supertramp, Robben Ford, Albert Lee, Joe Bonamassa, Rick Vito, Scott Henderson, Guthrie Govan, Glenn Frey, John Fogerty, B.B. King i wielu innych). Do Europy przyjedzie tej jesieni ze swoim kwartetem Carl Verheyen Band, by promowa\u0107 nowy album \u201eEssential Blues\u201d.<\/p>\n<p>Do nominowanego do nagrody Grammy Verheyena do\u0142\u0105cz\u0105 basista Dave Marotta, kt\u00f3ry gra\u0142 z Philem Collinsem, Neilem Diamondem, Brucem Hornsby, Gino Vanellim, Manhattan Transfer, czy Kenny Loginsem. Marotta nagrywa\u0142 tak\u017ce \u015bcie\u017cki do niezliczonej ilo\u015bci film\u00f3w, produkcji telewizyjnych, jak American Idol, czy CSI.<\/p>\n<p>Za b\u0119bnami zasi\u0105dzie Darby Todd, znany ze wsp\u00f3\u0142pracy z takimi tuzami jak Gary Moore, Robben Ford, Justin Hawkings, czy legendarny Robert Plant.<\/p>\n<p>Na klawiszach zagra w\u0142oski instrumentalista, Marco Corcione, kt\u00f3ry nagrywa\u0142 z gwiazdami w\u0142oskiej muzyki rozrywkowej oraz m.in. z Paulem Warrenem.<\/p>\n<p><strong>Bochnia Rocks! \u2013 Carl Verheyen Band<br \/>\n5 listopada 2017 r., godz. 19.<\/strong><br \/>\nMDK, du\u017ca sala kinowa<br \/>\nBochnia, ul. Regis 1<br \/>\nBilety do nabycia w sekretariacie MDK i kasie kina.<\/p>\n","protected":false},"excerpt":{"rendered":"<p>5 listopada (niedziela) o godz. 19. w Miejskim Domu Kultury (w du\u017cej sali kinowej) w ramach Bochnia Rocks! wyst\u0105pi z koncertem Carl Verheyen jeden z 10 najlepszych gitarzyst\u00f3w \u015bwiata (wg Guitar Magazine) i jeden spo\u015br\u00f3d 100 najlepszych gitarzyst\u00f3w wszechczas\u00f3w (wg magazynu Classic Rock). Carl Verheyen znany jest g\u0142\u00f3wnie z wyst\u0119p\u00f3w w legendarnym zespole Supertramp, cho\u0107<\/p>\n","protected":false},"author":13,"featured_media":179756,"comment_status":"open","ping_status":"closed","sticky":false,"template":"","format":"standard","meta":{"_acf_changed":false,"footnotes":""},"categories":[92],"tags":[18509,17108,5199,12875],"class_list":["post-179754","post","type-post","status-publish","format-standard","has-post-thumbnail","hentry","category-kultura","tag-bochnia-rocks","tag-koncert","tag-piotr-lekki","tag-supertramp","main_tag-bochnia-rocks"],"acf":[],"yoast_head":"<!-- This site is optimized with the Yoast SEO plugin v26.9 - https:\/\/yoast.com\/product\/yoast-seo-wordpress\/ -->\n<title>Niedziela: Gitarzysta Supertramp wyst\u0105pi w Bochni - mojabochnia.pl - portal informacyjny<\/title>\n<meta name=\"robots\" content=\"index, follow, max-snippet:-1, max-image-preview:large, max-video-preview:-1\" \/>\n<link rel=\"canonical\" href=\"https:\/\/www.mojabochnia.pl\/?p=179754\" \/>\n<meta property=\"og:locale\" content=\"pl_PL\" \/>\n<meta property=\"og:type\" content=\"article\" \/>\n<meta property=\"og:title\" content=\"Niedziela: Gitarzysta Supertramp wyst\u0105pi w Bochni - mojabochnia.pl - portal informacyjny\" \/>\n<meta property=\"og:description\" content=\"5 listopada (niedziela) o godz. 19. w Miejskim Domu Kultury (w du\u017cej sali kinowej) w ramach Bochnia Rocks! wyst\u0105pi z koncertem Carl Verheyen jeden z 10 najlepszych gitarzyst\u00f3w \u015bwiata (wg Guitar Magazine) i jeden spo\u015br\u00f3d 100 najlepszych gitarzyst\u00f3w wszechczas\u00f3w (wg magazynu Classic Rock). Carl Verheyen znany jest g\u0142\u00f3wnie z wyst\u0119p\u00f3w w legendarnym zespole Supertramp, cho\u0107\" \/>\n<meta property=\"og:url\" content=\"https:\/\/www.mojabochnia.pl\/?p=179754\" \/>\n<meta property=\"og:site_name\" content=\"mojabochnia.pl - portal informacyjny\" \/>\n<meta property=\"article:publisher\" content=\"https:\/\/www.facebook.com\/mojabochnia\" \/>\n<meta property=\"article:published_time\" content=\"2017-11-02T14:14:29+00:00\" \/>\n<meta property=\"article:modified_time\" content=\"2017-11-02T14:15:32+00:00\" \/>\n<meta property=\"og:image\" content=\"https:\/\/www.mojabochnia.pl\/wp-content\/uploads\/2017\/11\/Verheyen-01.jpg\" \/>\n\t<meta property=\"og:image:width\" content=\"596\" \/>\n\t<meta property=\"og:image:height\" content=\"842\" \/>\n\t<meta property=\"og:image:type\" content=\"image\/jpeg\" \/>\n<meta name=\"author\" content=\"redakcja\" \/>\n<meta name=\"twitter:card\" content=\"summary_large_image\" \/>\n<meta name=\"twitter:label1\" content=\"Written by\" \/>\n\t<meta name=\"twitter:data1\" content=\"redakcja\" \/>\n\t<meta name=\"twitter:label2\" content=\"Est. reading time\" \/>\n\t<meta name=\"twitter:data2\" content=\"1 minuta\" \/>\n<script type=\"application\/ld+json\" class=\"yoast-schema-graph\">{\"@context\":\"https:\/\/schema.org\",\"@graph\":[{\"@type\":\"Article\",\"@id\":\"https:\/\/www.mojabochnia.pl\/?p=179754#article\",\"isPartOf\":{\"@id\":\"https:\/\/www.mojabochnia.pl\/?p=179754\"},\"author\":{\"name\":\"redakcja\",\"@id\":\"https:\/\/www.mojabochnia.pl\/#\/schema\/person\/7e2f20ead9902216a3384f13606c0ab7\"},\"headline\":\"Niedziela: Gitarzysta Supertramp wyst\u0105pi w Bochni\",\"datePublished\":\"2017-11-02T14:14:29+00:00\",\"dateModified\":\"2017-11-02T14:15:32+00:00\",\"mainEntityOfPage\":{\"@id\":\"https:\/\/www.mojabochnia.pl\/?p=179754\"},\"wordCount\":243,\"commentCount\":0,\"publisher\":{\"@id\":\"https:\/\/www.mojabochnia.pl\/#organization\"},\"image\":{\"@id\":\"https:\/\/www.mojabochnia.pl\/?p=179754#primaryimage\"},\"thumbnailUrl\":\"https:\/\/www.mojabochnia.pl\/wp-content\/uploads\/2017\/11\/Verheyen-01.jpg\",\"keywords\":[\"bochnia rocks\",\"koncert\",\"piotr lekki\",\"supertramp\"],\"articleSection\":[\"kultura\"],\"inLanguage\":\"pl-PL\",\"potentialAction\":[{\"@type\":\"CommentAction\",\"name\":\"Comment\",\"target\":[\"https:\/\/www.mojabochnia.pl\/?p=179754#respond\"]}]},{\"@type\":\"WebPage\",\"@id\":\"https:\/\/www.mojabochnia.pl\/?p=179754\",\"url\":\"https:\/\/www.mojabochnia.pl\/?p=179754\",\"name\":\"Niedziela: Gitarzysta Supertramp wyst\u0105pi w Bochni - mojabochnia.pl - portal informacyjny\",\"isPartOf\":{\"@id\":\"https:\/\/www.mojabochnia.pl\/#website\"},\"primaryImageOfPage\":{\"@id\":\"https:\/\/www.mojabochnia.pl\/?p=179754#primaryimage\"},\"image\":{\"@id\":\"https:\/\/www.mojabochnia.pl\/?p=179754#primaryimage\"},\"thumbnailUrl\":\"https:\/\/www.mojabochnia.pl\/wp-content\/uploads\/2017\/11\/Verheyen-01.jpg\",\"datePublished\":\"2017-11-02T14:14:29+00:00\",\"dateModified\":\"2017-11-02T14:15:32+00:00\",\"breadcrumb\":{\"@id\":\"https:\/\/www.mojabochnia.pl\/?p=179754#breadcrumb\"},\"inLanguage\":\"pl-PL\",\"potentialAction\":[{\"@type\":\"ReadAction\",\"target\":[\"https:\/\/www.mojabochnia.pl\/?p=179754\"]}]},{\"@type\":\"ImageObject\",\"inLanguage\":\"pl-PL\",\"@id\":\"https:\/\/www.mojabochnia.pl\/?p=179754#primaryimage\",\"url\":\"https:\/\/www.mojabochnia.pl\/wp-content\/uploads\/2017\/11\/Verheyen-01.jpg\",\"contentUrl\":\"https:\/\/www.mojabochnia.pl\/wp-content\/uploads\/2017\/11\/Verheyen-01.jpg\",\"width\":596,\"height\":842},{\"@type\":\"BreadcrumbList\",\"@id\":\"https:\/\/www.mojabochnia.pl\/?p=179754#breadcrumb\",\"itemListElement\":[{\"@type\":\"ListItem\",\"position\":1,\"name\":\"Home\",\"item\":\"https:\/\/www.mojabochnia.pl\/\"},{\"@type\":\"ListItem\",\"position\":2,\"name\":\"Niedziela: Gitarzysta Supertramp wyst\u0105pi w Bochni\"}]},{\"@type\":\"WebSite\",\"@id\":\"https:\/\/www.mojabochnia.pl\/#website\",\"url\":\"https:\/\/www.mojabochnia.pl\/\",\"name\":\"mojabochnia.pl - portal informacyjny\",\"description\":\"mojaBochnia to portal informacyjny o Bochni. Codziennie o Bochni piszemy i pokazujemy najwa\u017cniejsze wydarzenia\",\"publisher\":{\"@id\":\"https:\/\/www.mojabochnia.pl\/#organization\"},\"potentialAction\":[{\"@type\":\"SearchAction\",\"target\":{\"@type\":\"EntryPoint\",\"urlTemplate\":\"https:\/\/www.mojabochnia.pl\/?s={search_term_string}\"},\"query-input\":{\"@type\":\"PropertyValueSpecification\",\"valueRequired\":true,\"valueName\":\"search_term_string\"}}],\"inLanguage\":\"pl-PL\"},{\"@type\":\"Organization\",\"@id\":\"https:\/\/www.mojabochnia.pl\/#organization\",\"name\":\"mojabochnia.pl - portal informacyjny\",\"url\":\"https:\/\/www.mojabochnia.pl\/\",\"logo\":{\"@type\":\"ImageObject\",\"inLanguage\":\"pl-PL\",\"@id\":\"https:\/\/www.mojabochnia.pl\/#\/schema\/logo\/image\/\",\"url\":\"https:\/\/www.mojabochnia.pl\/wp-content\/uploads\/2017\/08\/logo-mb-opt.png\",\"contentUrl\":\"https:\/\/www.mojabochnia.pl\/wp-content\/uploads\/2017\/08\/logo-mb-opt.png\",\"width\":250,\"height\":48,\"caption\":\"mojabochnia.pl - portal informacyjny\"},\"image\":{\"@id\":\"https:\/\/www.mojabochnia.pl\/#\/schema\/logo\/image\/\"},\"sameAs\":[\"https:\/\/www.facebook.com\/mojabochnia\"]},{\"@type\":\"Person\",\"@id\":\"https:\/\/www.mojabochnia.pl\/#\/schema\/person\/7e2f20ead9902216a3384f13606c0ab7\",\"name\":\"redakcja\",\"sameAs\":[\"http:\/\/\"],\"url\":\"https:\/\/www.mojabochnia.pl\/?author=13\"}]}<\/script>\n<!-- \/ Yoast SEO plugin. -->","yoast_head_json":{"title":"Niedziela: Gitarzysta Supertramp wyst\u0105pi w Bochni - mojabochnia.pl - portal informacyjny","robots":{"index":"index","follow":"follow","max-snippet":"max-snippet:-1","max-image-preview":"max-image-preview:large","max-video-preview":"max-video-preview:-1"},"canonical":"https:\/\/www.mojabochnia.pl\/?p=179754","og_locale":"pl_PL","og_type":"article","og_title":"Niedziela: Gitarzysta Supertramp wyst\u0105pi w Bochni - mojabochnia.pl - portal informacyjny","og_description":"5 listopada (niedziela) o godz. 19. w Miejskim Domu Kultury (w du\u017cej sali kinowej) w ramach Bochnia Rocks! wyst\u0105pi z koncertem Carl Verheyen jeden z 10 najlepszych gitarzyst\u00f3w \u015bwiata (wg Guitar Magazine) i jeden spo\u015br\u00f3d 100 najlepszych gitarzyst\u00f3w wszechczas\u00f3w (wg magazynu Classic Rock). Carl Verheyen znany jest g\u0142\u00f3wnie z wyst\u0119p\u00f3w w legendarnym zespole Supertramp, cho\u0107","og_url":"https:\/\/www.mojabochnia.pl\/?p=179754","og_site_name":"mojabochnia.pl - portal informacyjny","article_publisher":"https:\/\/www.facebook.com\/mojabochnia","article_published_time":"2017-11-02T14:14:29+00:00","article_modified_time":"2017-11-02T14:15:32+00:00","og_image":[{"width":596,"height":842,"url":"https:\/\/www.mojabochnia.pl\/wp-content\/uploads\/2017\/11\/Verheyen-01.jpg","type":"image\/jpeg"}],"author":"redakcja","twitter_card":"summary_large_image","twitter_misc":{"Written by":"redakcja","Est. reading time":"1 minuta"},"schema":{"@context":"https:\/\/schema.org","@graph":[{"@type":"Article","@id":"https:\/\/www.mojabochnia.pl\/?p=179754#article","isPartOf":{"@id":"https:\/\/www.mojabochnia.pl\/?p=179754"},"author":{"name":"redakcja","@id":"https:\/\/www.mojabochnia.pl\/#\/schema\/person\/7e2f20ead9902216a3384f13606c0ab7"},"headline":"Niedziela: Gitarzysta Supertramp wyst\u0105pi w Bochni","datePublished":"2017-11-02T14:14:29+00:00","dateModified":"2017-11-02T14:15:32+00:00","mainEntityOfPage":{"@id":"https:\/\/www.mojabochnia.pl\/?p=179754"},"wordCount":243,"commentCount":0,"publisher":{"@id":"https:\/\/www.mojabochnia.pl\/#organization"},"image":{"@id":"https:\/\/www.mojabochnia.pl\/?p=179754#primaryimage"},"thumbnailUrl":"https:\/\/www.mojabochnia.pl\/wp-content\/uploads\/2017\/11\/Verheyen-01.jpg","keywords":["bochnia rocks","koncert","piotr lekki","supertramp"],"articleSection":["kultura"],"inLanguage":"pl-PL","potentialAction":[{"@type":"CommentAction","name":"Comment","target":["https:\/\/www.mojabochnia.pl\/?p=179754#respond"]}]},{"@type":"WebPage","@id":"https:\/\/www.mojabochnia.pl\/?p=179754","url":"https:\/\/www.mojabochnia.pl\/?p=179754","name":"Niedziela: Gitarzysta Supertramp wyst\u0105pi w Bochni - mojabochnia.pl - portal informacyjny","isPartOf":{"@id":"https:\/\/www.mojabochnia.pl\/#website"},"primaryImageOfPage":{"@id":"https:\/\/www.mojabochnia.pl\/?p=179754#primaryimage"},"image":{"@id":"https:\/\/www.mojabochnia.pl\/?p=179754#primaryimage"},"thumbnailUrl":"https:\/\/www.mojabochnia.pl\/wp-content\/uploads\/2017\/11\/Verheyen-01.jpg","datePublished":"2017-11-02T14:14:29+00:00","dateModified":"2017-11-02T14:15:32+00:00","breadcrumb":{"@id":"https:\/\/www.mojabochnia.pl\/?p=179754#breadcrumb"},"inLanguage":"pl-PL","potentialAction":[{"@type":"ReadAction","target":["https:\/\/www.mojabochnia.pl\/?p=179754"]}]},{"@type":"ImageObject","inLanguage":"pl-PL","@id":"https:\/\/www.mojabochnia.pl\/?p=179754#primaryimage","url":"https:\/\/www.mojabochnia.pl\/wp-content\/uploads\/2017\/11\/Verheyen-01.jpg","contentUrl":"https:\/\/www.mojabochnia.pl\/wp-content\/uploads\/2017\/11\/Verheyen-01.jpg","width":596,"height":842},{"@type":"BreadcrumbList","@id":"https:\/\/www.mojabochnia.pl\/?p=179754#breadcrumb","itemListElement":[{"@type":"ListItem","position":1,"name":"Home","item":"https:\/\/www.mojabochnia.pl\/"},{"@type":"ListItem","position":2,"name":"Niedziela: Gitarzysta Supertramp wyst\u0105pi w Bochni"}]},{"@type":"WebSite","@id":"https:\/\/www.mojabochnia.pl\/#website","url":"https:\/\/www.mojabochnia.pl\/","name":"mojabochnia.pl - portal informacyjny","description":"mojaBochnia to portal informacyjny o Bochni. Codziennie o Bochni piszemy i pokazujemy najwa\u017cniejsze wydarzenia","publisher":{"@id":"https:\/\/www.mojabochnia.pl\/#organization"},"potentialAction":[{"@type":"SearchAction","target":{"@type":"EntryPoint","urlTemplate":"https:\/\/www.mojabochnia.pl\/?s={search_term_string}"},"query-input":{"@type":"PropertyValueSpecification","valueRequired":true,"valueName":"search_term_string"}}],"inLanguage":"pl-PL"},{"@type":"Organization","@id":"https:\/\/www.mojabochnia.pl\/#organization","name":"mojabochnia.pl - portal informacyjny","url":"https:\/\/www.mojabochnia.pl\/","logo":{"@type":"ImageObject","inLanguage":"pl-PL","@id":"https:\/\/www.mojabochnia.pl\/#\/schema\/logo\/image\/","url":"https:\/\/www.mojabochnia.pl\/wp-content\/uploads\/2017\/08\/logo-mb-opt.png","contentUrl":"https:\/\/www.mojabochnia.pl\/wp-content\/uploads\/2017\/08\/logo-mb-opt.png","width":250,"height":48,"caption":"mojabochnia.pl - portal informacyjny"},"image":{"@id":"https:\/\/www.mojabochnia.pl\/#\/schema\/logo\/image\/"},"sameAs":["https:\/\/www.facebook.com\/mojabochnia"]},{"@type":"Person","@id":"https:\/\/www.mojabochnia.pl\/#\/schema\/person\/7e2f20ead9902216a3384f13606c0ab7","name":"redakcja","sameAs":["http:\/\/"],"url":"https:\/\/www.mojabochnia.pl\/?author=13"}]}},"_links":{"self":[{"href":"https:\/\/www.mojabochnia.pl\/index.php?rest_route=\/wp\/v2\/posts\/179754","targetHints":{"allow":["GET"]}}],"collection":[{"href":"https:\/\/www.mojabochnia.pl\/index.php?rest_route=\/wp\/v2\/posts"}],"about":[{"href":"https:\/\/www.mojabochnia.pl\/index.php?rest_route=\/wp\/v2\/types\/post"}],"author":[{"embeddable":true,"href":"https:\/\/www.mojabochnia.pl\/index.php?rest_route=\/wp\/v2\/users\/13"}],"replies":[{"embeddable":true,"href":"https:\/\/www.mojabochnia.pl\/index.php?rest_route=%2Fwp%2Fv2%2Fcomments&post=179754"}],"version-history":[{"count":2,"href":"https:\/\/www.mojabochnia.pl\/index.php?rest_route=\/wp\/v2\/posts\/179754\/revisions"}],"predecessor-version":[{"id":179758,"href":"https:\/\/www.mojabochnia.pl\/index.php?rest_route=\/wp\/v2\/posts\/179754\/revisions\/179758"}],"wp:featuredmedia":[{"embeddable":true,"href":"https:\/\/www.mojabochnia.pl\/index.php?rest_route=\/wp\/v2\/media\/179756"}],"wp:attachment":[{"href":"https:\/\/www.mojabochnia.pl\/index.php?rest_route=%2Fwp%2Fv2%2Fmedia&parent=179754"}],"wp:term":[{"taxonomy":"category","embeddable":true,"href":"https:\/\/www.mojabochnia.pl\/index.php?rest_route=%2Fwp%2Fv2%2Fcategories&post=179754"},{"taxonomy":"post_tag","embeddable":true,"href":"https:\/\/www.mojabochnia.pl\/index.php?rest_route=%2Fwp%2Fv2%2Ftags&post=179754"}],"curies":[{"name":"wp","href":"https:\/\/api.w.org\/{rel}","templated":true}]}}