{"id":179727,"date":"2017-10-31T14:46:21","date_gmt":"2017-10-31T13:46:21","guid":{"rendered":"https:\/\/www.mojabochnia.pl\/?p=179727"},"modified":"2017-10-31T14:49:10","modified_gmt":"2017-10-31T13:49:10","slug":"nowe-fakty-ws-wypadku-na-granicy-lapczycy-i-gierczyc","status":"publish","type":"post","link":"https:\/\/www.mojabochnia.pl\/?p=179727","title":{"rendered":"Nowe fakty ws. wypadku na granicy \u0141apczycy i Gierczyc"},"content":{"rendered":"<p><strong>Osoba poszkodowana w wypadku, do jakiego dosz\u0142o w poniedzia\u0142kowy wiecz\u00f3r na drodze wojew\u00f3dzkiej nr 967 na granicy \u0141apczycy i Gierczyc, wysz\u0142a ju\u017c ze szpitala. Policja udost\u0119pni\u0142a nam bli\u017csze szczeg\u00f3\u0142y tego zdarzenia. <\/strong><\/p>\n<p>Jak ju\u017c informowali\u015bmy na \u0142amach mojaBochnia.pl (<a href=\"https:\/\/www.mojabochnia.pl\/?p=179683\">TUTAJ<\/a>), do zdarzenia dosz\u0142o w poniedzia\u0142ek 30 pa\u017adziernika oko\u0142o godz. 16.50 na zakr\u0119cie pomi\u0119dzy \u0141apczyc\u0105 a Gierczycami. <em>Kieruj\u0105ca pojazdem Opel Corsa 28-letnia mieszkanka powiatu boche\u0144skiego, z niewyja\u015bnionych przyczyn zjecha\u0142a na przeciwleg\u0142y pas ruchu doprowadzaj\u0105c do zderzenia z pojazdami Opel Vivaro oraz Ford Fiesta<\/em> &#8211; relacjonuje asp. szt. Dominika P\u00f3\u0142torak, rzecznik boche\u0144skiej komendy.<\/p>\n<p>W wyniku zdarzenia, kieruj\u0105ca samochodem Opel Corsa dozna\u0142a og\u00f3lnych pot\u0142ucze\u0144 cia\u0142a i po badaniach zosta\u0142a zwolniona ze szpitala. <em>Pozosta\u0142e osoby bior\u0105ce udzia\u0142 w zdarzeniu nie odnios\u0142y \u017cadnych obra\u017ce\u0144. W zwi\u0105zku z powy\u017cszym zdarzenie zosta\u0142o zakwalifikowane jako kolizja drogowa<\/em> &#8211; dodaje rzecznik.<\/p>\n<p>Sprawczyni t\u0142umaczy\u0142a policjantom, \u017ce zas\u0142ab\u0142a za kierownic\u0105. Na razie nie zosta\u0142a ukarana, ma to nast\u0105pi\u0107 w najbli\u017cszym czasie. <\/p>\n","protected":false},"excerpt":{"rendered":"<p>Osoba poszkodowana w wypadku, do jakiego dosz\u0142o w poniedzia\u0142kowy wiecz\u00f3r na drodze wojew\u00f3dzkiej nr 967 na granicy \u0141apczycy i Gierczyc, wysz\u0142a ju\u017c ze szpitala. Policja udost\u0119pni\u0142a nam bli\u017csze szczeg\u00f3\u0142y tego zdarzenia. Jak ju\u017c informowali\u015bmy na \u0142amach mojaBochnia.pl (TUTAJ), do zdarzenia dosz\u0142o w poniedzia\u0142ek 30 pa\u017adziernika oko\u0142o godz. 16.50 na zakr\u0119cie pomi\u0119dzy \u0141apczyc\u0105 a Gierczycami. Kieruj\u0105ca<\/p>\n","protected":false},"author":4,"featured_media":179697,"comment_status":"open","ping_status":"closed","sticky":false,"template":"","format":"standard","meta":{"_acf_changed":false,"footnotes":""},"categories":[6251],"tags":[17217,581,17155,17150],"class_list":["post-179727","post","type-post","status-publish","format-standard","has-post-thumbnail","hentry","category-polityka-i-wydarzenia","tag-gierczyce","tag-kolizja","tag-policja","tag-wypadek","main_tag-policja"],"acf":[],"yoast_head":"<!-- This site is optimized with the Yoast SEO plugin v26.9 - https:\/\/yoast.com\/product\/yoast-seo-wordpress\/ -->\n<title>Nowe fakty ws. wypadku na granicy \u0141apczycy i Gierczyc - mojabochnia.pl - portal informacyjny<\/title>\n<meta name=\"robots\" content=\"index, follow, max-snippet:-1, max-image-preview:large, max-video-preview:-1\" \/>\n<link rel=\"canonical\" href=\"https:\/\/www.mojabochnia.pl\/?p=179727\" \/>\n<meta property=\"og:locale\" content=\"pl_PL\" \/>\n<meta property=\"og:type\" content=\"article\" \/>\n<meta property=\"og:title\" content=\"Nowe fakty ws. wypadku na granicy \u0141apczycy i Gierczyc - mojabochnia.pl - portal informacyjny\" \/>\n<meta property=\"og:description\" content=\"Osoba poszkodowana w wypadku, do jakiego dosz\u0142o w poniedzia\u0142kowy wiecz\u00f3r na drodze wojew\u00f3dzkiej nr 967 na granicy \u0141apczycy i Gierczyc, wysz\u0142a ju\u017c ze szpitala. Policja udost\u0119pni\u0142a nam bli\u017csze szczeg\u00f3\u0142y tego zdarzenia. Jak ju\u017c informowali\u015bmy na \u0142amach mojaBochnia.pl (TUTAJ), do zdarzenia dosz\u0142o w poniedzia\u0142ek 30 pa\u017adziernika oko\u0142o godz. 16.50 na zakr\u0119cie pomi\u0119dzy \u0141apczyc\u0105 a Gierczycami. Kieruj\u0105ca\" \/>\n<meta property=\"og:url\" content=\"https:\/\/www.mojabochnia.pl\/?p=179727\" \/>\n<meta property=\"og:site_name\" content=\"mojabochnia.pl - portal informacyjny\" \/>\n<meta property=\"article:publisher\" content=\"https:\/\/www.facebook.com\/mojabochnia\" \/>\n<meta property=\"article:published_time\" content=\"2017-10-31T13:46:21+00:00\" \/>\n<meta property=\"article:modified_time\" content=\"2017-10-31T13:49:10+00:00\" \/>\n<meta property=\"og:image\" content=\"https:\/\/www.mojabochnia.pl\/wp-content\/uploads\/2017\/10\/IMG_9686.jpg\" \/>\n\t<meta property=\"og:image:width\" content=\"1000\" \/>\n\t<meta property=\"og:image:height\" content=\"667\" \/>\n\t<meta property=\"og:image:type\" content=\"image\/jpeg\" \/>\n<meta name=\"author\" content=\"Pawe\u0142 Michalczyk\" \/>\n<meta name=\"twitter:card\" content=\"summary_large_image\" \/>\n<meta name=\"twitter:label1\" content=\"Written by\" \/>\n\t<meta name=\"twitter:data1\" content=\"Pawe\u0142 Michalczyk\" \/>\n\t<meta name=\"twitter:label2\" content=\"Est. reading time\" \/>\n\t<meta name=\"twitter:data2\" content=\"1 minuta\" \/>\n<script type=\"application\/ld+json\" class=\"yoast-schema-graph\">{\"@context\":\"https:\/\/schema.org\",\"@graph\":[{\"@type\":\"Article\",\"@id\":\"https:\/\/www.mojabochnia.pl\/?p=179727#article\",\"isPartOf\":{\"@id\":\"https:\/\/www.mojabochnia.pl\/?p=179727\"},\"author\":{\"name\":\"Pawe\u0142 Michalczyk\",\"@id\":\"https:\/\/www.mojabochnia.pl\/#\/schema\/person\/ea042e4724a77627963f02166828ead4\"},\"headline\":\"Nowe fakty ws. wypadku na granicy \u0141apczycy i Gierczyc\",\"datePublished\":\"2017-10-31T13:46:21+00:00\",\"dateModified\":\"2017-10-31T13:49:10+00:00\",\"mainEntityOfPage\":{\"@id\":\"https:\/\/www.mojabochnia.pl\/?p=179727\"},\"wordCount\":199,\"commentCount\":0,\"publisher\":{\"@id\":\"https:\/\/www.mojabochnia.pl\/#organization\"},\"image\":{\"@id\":\"https:\/\/www.mojabochnia.pl\/?p=179727#primaryimage\"},\"thumbnailUrl\":\"https:\/\/www.mojabochnia.pl\/wp-content\/uploads\/2017\/10\/IMG_9686.jpg\",\"keywords\":[\"gierczyce\",\"kolizja\",\"policja\",\"wypadek\"],\"articleSection\":[\"polityka i wydarzenia\"],\"inLanguage\":\"pl-PL\",\"potentialAction\":[{\"@type\":\"CommentAction\",\"name\":\"Comment\",\"target\":[\"https:\/\/www.mojabochnia.pl\/?p=179727#respond\"]}]},{\"@type\":\"WebPage\",\"@id\":\"https:\/\/www.mojabochnia.pl\/?p=179727\",\"url\":\"https:\/\/www.mojabochnia.pl\/?p=179727\",\"name\":\"Nowe fakty ws. wypadku na granicy \u0141apczycy i Gierczyc - mojabochnia.pl - portal informacyjny\",\"isPartOf\":{\"@id\":\"https:\/\/www.mojabochnia.pl\/#website\"},\"primaryImageOfPage\":{\"@id\":\"https:\/\/www.mojabochnia.pl\/?p=179727#primaryimage\"},\"image\":{\"@id\":\"https:\/\/www.mojabochnia.pl\/?p=179727#primaryimage\"},\"thumbnailUrl\":\"https:\/\/www.mojabochnia.pl\/wp-content\/uploads\/2017\/10\/IMG_9686.jpg\",\"datePublished\":\"2017-10-31T13:46:21+00:00\",\"dateModified\":\"2017-10-31T13:49:10+00:00\",\"breadcrumb\":{\"@id\":\"https:\/\/www.mojabochnia.pl\/?p=179727#breadcrumb\"},\"inLanguage\":\"pl-PL\",\"potentialAction\":[{\"@type\":\"ReadAction\",\"target\":[\"https:\/\/www.mojabochnia.pl\/?p=179727\"]}]},{\"@type\":\"ImageObject\",\"inLanguage\":\"pl-PL\",\"@id\":\"https:\/\/www.mojabochnia.pl\/?p=179727#primaryimage\",\"url\":\"https:\/\/www.mojabochnia.pl\/wp-content\/uploads\/2017\/10\/IMG_9686.jpg\",\"contentUrl\":\"https:\/\/www.mojabochnia.pl\/wp-content\/uploads\/2017\/10\/IMG_9686.jpg\",\"width\":1000,\"height\":667},{\"@type\":\"BreadcrumbList\",\"@id\":\"https:\/\/www.mojabochnia.pl\/?p=179727#breadcrumb\",\"itemListElement\":[{\"@type\":\"ListItem\",\"position\":1,\"name\":\"Home\",\"item\":\"https:\/\/www.mojabochnia.pl\/\"},{\"@type\":\"ListItem\",\"position\":2,\"name\":\"Nowe fakty ws. wypadku na granicy \u0141apczycy i Gierczyc\"}]},{\"@type\":\"WebSite\",\"@id\":\"https:\/\/www.mojabochnia.pl\/#website\",\"url\":\"https:\/\/www.mojabochnia.pl\/\",\"name\":\"mojabochnia.pl - portal informacyjny\",\"description\":\"mojaBochnia to portal informacyjny o Bochni. Codziennie o Bochni piszemy i pokazujemy najwa\u017cniejsze wydarzenia\",\"publisher\":{\"@id\":\"https:\/\/www.mojabochnia.pl\/#organization\"},\"potentialAction\":[{\"@type\":\"SearchAction\",\"target\":{\"@type\":\"EntryPoint\",\"urlTemplate\":\"https:\/\/www.mojabochnia.pl\/?s={search_term_string}\"},\"query-input\":{\"@type\":\"PropertyValueSpecification\",\"valueRequired\":true,\"valueName\":\"search_term_string\"}}],\"inLanguage\":\"pl-PL\"},{\"@type\":\"Organization\",\"@id\":\"https:\/\/www.mojabochnia.pl\/#organization\",\"name\":\"mojabochnia.pl - portal informacyjny\",\"url\":\"https:\/\/www.mojabochnia.pl\/\",\"logo\":{\"@type\":\"ImageObject\",\"inLanguage\":\"pl-PL\",\"@id\":\"https:\/\/www.mojabochnia.pl\/#\/schema\/logo\/image\/\",\"url\":\"https:\/\/www.mojabochnia.pl\/wp-content\/uploads\/2017\/08\/logo-mb-opt.png\",\"contentUrl\":\"https:\/\/www.mojabochnia.pl\/wp-content\/uploads\/2017\/08\/logo-mb-opt.png\",\"width\":250,\"height\":48,\"caption\":\"mojabochnia.pl - portal informacyjny\"},\"image\":{\"@id\":\"https:\/\/www.mojabochnia.pl\/#\/schema\/logo\/image\/\"},\"sameAs\":[\"https:\/\/www.facebook.com\/mojabochnia\"]},{\"@type\":\"Person\",\"@id\":\"https:\/\/www.mojabochnia.pl\/#\/schema\/person\/ea042e4724a77627963f02166828ead4\",\"name\":\"Pawe\u0142 Michalczyk\",\"url\":\"https:\/\/www.mojabochnia.pl\/?author=4\"}]}<\/script>\n<!-- \/ Yoast SEO plugin. -->","yoast_head_json":{"title":"Nowe fakty ws. wypadku na granicy \u0141apczycy i Gierczyc - mojabochnia.pl - portal informacyjny","robots":{"index":"index","follow":"follow","max-snippet":"max-snippet:-1","max-image-preview":"max-image-preview:large","max-video-preview":"max-video-preview:-1"},"canonical":"https:\/\/www.mojabochnia.pl\/?p=179727","og_locale":"pl_PL","og_type":"article","og_title":"Nowe fakty ws. wypadku na granicy \u0141apczycy i Gierczyc - mojabochnia.pl - portal informacyjny","og_description":"Osoba poszkodowana w wypadku, do jakiego dosz\u0142o w poniedzia\u0142kowy wiecz\u00f3r na drodze wojew\u00f3dzkiej nr 967 na granicy \u0141apczycy i Gierczyc, wysz\u0142a ju\u017c ze szpitala. Policja udost\u0119pni\u0142a nam bli\u017csze szczeg\u00f3\u0142y tego zdarzenia. Jak ju\u017c informowali\u015bmy na \u0142amach mojaBochnia.pl (TUTAJ), do zdarzenia dosz\u0142o w poniedzia\u0142ek 30 pa\u017adziernika oko\u0142o godz. 16.50 na zakr\u0119cie pomi\u0119dzy \u0141apczyc\u0105 a Gierczycami. Kieruj\u0105ca","og_url":"https:\/\/www.mojabochnia.pl\/?p=179727","og_site_name":"mojabochnia.pl - portal informacyjny","article_publisher":"https:\/\/www.facebook.com\/mojabochnia","article_published_time":"2017-10-31T13:46:21+00:00","article_modified_time":"2017-10-31T13:49:10+00:00","og_image":[{"width":1000,"height":667,"url":"https:\/\/www.mojabochnia.pl\/wp-content\/uploads\/2017\/10\/IMG_9686.jpg","type":"image\/jpeg"}],"author":"Pawe\u0142 Michalczyk","twitter_card":"summary_large_image","twitter_misc":{"Written by":"Pawe\u0142 Michalczyk","Est. reading time":"1 minuta"},"schema":{"@context":"https:\/\/schema.org","@graph":[{"@type":"Article","@id":"https:\/\/www.mojabochnia.pl\/?p=179727#article","isPartOf":{"@id":"https:\/\/www.mojabochnia.pl\/?p=179727"},"author":{"name":"Pawe\u0142 Michalczyk","@id":"https:\/\/www.mojabochnia.pl\/#\/schema\/person\/ea042e4724a77627963f02166828ead4"},"headline":"Nowe fakty ws. wypadku na granicy \u0141apczycy i Gierczyc","datePublished":"2017-10-31T13:46:21+00:00","dateModified":"2017-10-31T13:49:10+00:00","mainEntityOfPage":{"@id":"https:\/\/www.mojabochnia.pl\/?p=179727"},"wordCount":199,"commentCount":0,"publisher":{"@id":"https:\/\/www.mojabochnia.pl\/#organization"},"image":{"@id":"https:\/\/www.mojabochnia.pl\/?p=179727#primaryimage"},"thumbnailUrl":"https:\/\/www.mojabochnia.pl\/wp-content\/uploads\/2017\/10\/IMG_9686.jpg","keywords":["gierczyce","kolizja","policja","wypadek"],"articleSection":["polityka i wydarzenia"],"inLanguage":"pl-PL","potentialAction":[{"@type":"CommentAction","name":"Comment","target":["https:\/\/www.mojabochnia.pl\/?p=179727#respond"]}]},{"@type":"WebPage","@id":"https:\/\/www.mojabochnia.pl\/?p=179727","url":"https:\/\/www.mojabochnia.pl\/?p=179727","name":"Nowe fakty ws. wypadku na granicy \u0141apczycy i Gierczyc - mojabochnia.pl - portal informacyjny","isPartOf":{"@id":"https:\/\/www.mojabochnia.pl\/#website"},"primaryImageOfPage":{"@id":"https:\/\/www.mojabochnia.pl\/?p=179727#primaryimage"},"image":{"@id":"https:\/\/www.mojabochnia.pl\/?p=179727#primaryimage"},"thumbnailUrl":"https:\/\/www.mojabochnia.pl\/wp-content\/uploads\/2017\/10\/IMG_9686.jpg","datePublished":"2017-10-31T13:46:21+00:00","dateModified":"2017-10-31T13:49:10+00:00","breadcrumb":{"@id":"https:\/\/www.mojabochnia.pl\/?p=179727#breadcrumb"},"inLanguage":"pl-PL","potentialAction":[{"@type":"ReadAction","target":["https:\/\/www.mojabochnia.pl\/?p=179727"]}]},{"@type":"ImageObject","inLanguage":"pl-PL","@id":"https:\/\/www.mojabochnia.pl\/?p=179727#primaryimage","url":"https:\/\/www.mojabochnia.pl\/wp-content\/uploads\/2017\/10\/IMG_9686.jpg","contentUrl":"https:\/\/www.mojabochnia.pl\/wp-content\/uploads\/2017\/10\/IMG_9686.jpg","width":1000,"height":667},{"@type":"BreadcrumbList","@id":"https:\/\/www.mojabochnia.pl\/?p=179727#breadcrumb","itemListElement":[{"@type":"ListItem","position":1,"name":"Home","item":"https:\/\/www.mojabochnia.pl\/"},{"@type":"ListItem","position":2,"name":"Nowe fakty ws. wypadku na granicy \u0141apczycy i Gierczyc"}]},{"@type":"WebSite","@id":"https:\/\/www.mojabochnia.pl\/#website","url":"https:\/\/www.mojabochnia.pl\/","name":"mojabochnia.pl - portal informacyjny","description":"mojaBochnia to portal informacyjny o Bochni. Codziennie o Bochni piszemy i pokazujemy najwa\u017cniejsze wydarzenia","publisher":{"@id":"https:\/\/www.mojabochnia.pl\/#organization"},"potentialAction":[{"@type":"SearchAction","target":{"@type":"EntryPoint","urlTemplate":"https:\/\/www.mojabochnia.pl\/?s={search_term_string}"},"query-input":{"@type":"PropertyValueSpecification","valueRequired":true,"valueName":"search_term_string"}}],"inLanguage":"pl-PL"},{"@type":"Organization","@id":"https:\/\/www.mojabochnia.pl\/#organization","name":"mojabochnia.pl - portal informacyjny","url":"https:\/\/www.mojabochnia.pl\/","logo":{"@type":"ImageObject","inLanguage":"pl-PL","@id":"https:\/\/www.mojabochnia.pl\/#\/schema\/logo\/image\/","url":"https:\/\/www.mojabochnia.pl\/wp-content\/uploads\/2017\/08\/logo-mb-opt.png","contentUrl":"https:\/\/www.mojabochnia.pl\/wp-content\/uploads\/2017\/08\/logo-mb-opt.png","width":250,"height":48,"caption":"mojabochnia.pl - portal informacyjny"},"image":{"@id":"https:\/\/www.mojabochnia.pl\/#\/schema\/logo\/image\/"},"sameAs":["https:\/\/www.facebook.com\/mojabochnia"]},{"@type":"Person","@id":"https:\/\/www.mojabochnia.pl\/#\/schema\/person\/ea042e4724a77627963f02166828ead4","name":"Pawe\u0142 Michalczyk","url":"https:\/\/www.mojabochnia.pl\/?author=4"}]}},"_links":{"self":[{"href":"https:\/\/www.mojabochnia.pl\/index.php?rest_route=\/wp\/v2\/posts\/179727","targetHints":{"allow":["GET"]}}],"collection":[{"href":"https:\/\/www.mojabochnia.pl\/index.php?rest_route=\/wp\/v2\/posts"}],"about":[{"href":"https:\/\/www.mojabochnia.pl\/index.php?rest_route=\/wp\/v2\/types\/post"}],"author":[{"embeddable":true,"href":"https:\/\/www.mojabochnia.pl\/index.php?rest_route=\/wp\/v2\/users\/4"}],"replies":[{"embeddable":true,"href":"https:\/\/www.mojabochnia.pl\/index.php?rest_route=%2Fwp%2Fv2%2Fcomments&post=179727"}],"version-history":[{"count":4,"href":"https:\/\/www.mojabochnia.pl\/index.php?rest_route=\/wp\/v2\/posts\/179727\/revisions"}],"predecessor-version":[{"id":179732,"href":"https:\/\/www.mojabochnia.pl\/index.php?rest_route=\/wp\/v2\/posts\/179727\/revisions\/179732"}],"wp:featuredmedia":[{"embeddable":true,"href":"https:\/\/www.mojabochnia.pl\/index.php?rest_route=\/wp\/v2\/media\/179697"}],"wp:attachment":[{"href":"https:\/\/www.mojabochnia.pl\/index.php?rest_route=%2Fwp%2Fv2%2Fmedia&parent=179727"}],"wp:term":[{"taxonomy":"category","embeddable":true,"href":"https:\/\/www.mojabochnia.pl\/index.php?rest_route=%2Fwp%2Fv2%2Fcategories&post=179727"},{"taxonomy":"post_tag","embeddable":true,"href":"https:\/\/www.mojabochnia.pl\/index.php?rest_route=%2Fwp%2Fv2%2Ftags&post=179727"}],"curies":[{"name":"wp","href":"https:\/\/api.w.org\/{rel}","templated":true}]}}