{"id":179679,"date":"2017-10-31T09:30:19","date_gmt":"2017-10-31T08:30:19","guid":{"rendered":"https:\/\/www.mojabochnia.pl\/?p=179679"},"modified":"2017-10-31T22:06:01","modified_gmt":"2017-10-31T21:06:01","slug":"budzet-obywatelski-jak-ida-tegoroczne-inwestycje","status":"publish","type":"post","link":"https:\/\/www.mojabochnia.pl\/?p=179679","title":{"rendered":"Bud\u017cet Obywatelski: jak id\u0105 tegoroczne inwestycje?"},"content":{"rendered":"<p><strong>Trwa realizacja zada\u0144 w ramach Bud\u017cetu Obywatelskiego na rok bie\u017c\u0105cy. Wiele z nich zosta\u0142o ju\u017c zako\u0144czonych, w wielu przypadkach ujawni\u0142y si\u0119 jednak problemy. Cz\u0119\u015b\u0107 inwestycji nie mo\u017ce zosta\u0107 zrealizowana. Prezentujemy stan realizacji wspomnianych inwestycji na dzie\u0144 13 pa\u017adziernika.<\/strong><\/p>\n<p>PROJEKTY OG\u00d3LNOMIEJSKIE:<\/p>\n<p>1.\tRewitalizacja sali gimnastycznej w Publicznej Szkole Podstawowej nr 5 im. Jana Matejki w Bochni &#8211; zako\u0144czono<br \/>\n2.\tModernizacja placu zabaw Miejskiego Przedszkola nr 5 w Bochni &#8211; zako\u0144czono<br \/>\n3.\tRemont harc\u00f3wek w lokalu hufca ZHP BOCHNIA &#8211; zako\u0144czono<br \/>\n4.\tWymiana okien w PTTK o\/Bochnia &#8211; zako\u0144czono<br \/>\n5.\tBoche\u0144ski program profilaktyki wad postawy u dzieci klas 0-3 &#8211; brak danych<br \/>\n6.\tJUNIOR SENIOR \u2013 II &#8211; brak danych<\/p>\n<p>PROJEKTY OSIEDLOWE:<\/p>\n<p><strong>Osiedle nr 1 \u2013 \u015ar\u00f3dmie\u015bcie \u2013 Campi<\/strong><br \/>\n1. Remont chodnika z kostki brukowej ul. Warzelnicza &#8211; zako\u0144czono\t<\/p>\n<p><strong>Osiedle nr 2 \u2013 S\u0142oneczne<\/strong><br \/>\n1.\tPlac zabaw ul. Kolejowa 3 \u2013 Langera 2 &#8211; odst\u0105pienie od realizacji (opinia rzeczoznawcy o braku mo\u017cliwo\u015bci lokalizacji placu zabaw na wskazanym terenie)<br \/>\n2.\tSkwer aktywnych pokole\u0144 \u2013 Langera 7 &#8211; II procedura przetargowa na roboty (oferty przewy\u017cszaj\u0105 warto\u015b\u0107 w planie)<\/p>\n<p><strong>Osiedle nr 3 \u2013 Krz\u0119czk\u00f3w \u2013 \u0141ych\u00f3w<\/strong><br \/>\n1.\tII etap budowy boiska na D\u0119bczy i poprawa otoczenia &#8211; realizacja rob\u00f3t budowlanych<\/p>\n<p><strong>Osiedle nr 4 \u2013 Uzbornia<\/strong><br \/>\n1.\tWymiana nak\u0142adki asfaltowej na ul. W\u0119gierskiej &#8211; II procedura wyboru wykonawcy rob\u00f3t (rozliczenie w ramach zadania bud\u017cetu Miasta)<br \/>\n2.\tPrzebudowa \u0142\u0105cznika pieszego pomi\u0119dzy ul. Czy\u017cewicza a ul. D\u0105browskiego &#8211;  zako\u0144czono<\/p>\n<p><strong>Osiedle nr 5 \u2013 Niepodleg\u0142o\u015bci<\/strong><br \/>\n1. II etap projektu: Urz\u0105dzenia do \u0107wicze\u0144 na \u015bwie\u017cym powietrzu \u201eZielona Si\u0142ownia\u201d &#8211; procedura przetargowa na roboty (o\u015bwietlenie terenu)<\/p>\n<p><strong>Osiedle nr 6 \u2013 Windakiewicza<\/strong><br \/>\n1.\tZagospodarowanie teren\u00f3w obok parkingu przy cmentarzu \u015bw. Rozalii i obecnym deptaku z kwiatami i drzewami &#8211; II procedura przetargowa na roboty<br \/>\n2.\tMonitoring parkingu przy cmentarzu i monitoring Kaplicy \u015bw. Rozalii &#8211; realizacja prac projektowych (monta\u017c 2 kamer na Kaplicy \u015bw. Rozalii zako\u0144czono)<\/p>\n<p><strong>Osiedle nr 7 \u2013 Kolan\u00f3w<\/strong><br \/>\n1.\t\u201eZielona si\u0142ownia\u201d \u2013 Osiedla Kolan\u00f3w &#8211; II procedura przetargowa na roboty (oferty przewy\u017cszaj\u0105 warto\u015b\u0107 w planie)<\/p>\n<p><strong>Osiedle nr 8 \u2013 Do\u0142uszyce<\/strong><br \/>\n1.\tO\u015bwietlenie placu zabaw i \u015bwietlicy osiedlowej &#8211; realizacja prac projektowych<br \/>\n2.\tRemont stra\u017cnicy &#8211; zako\u0144czono<\/p>\n<p><strong>Osiedle nr 9 \u2013 Chodenice<\/strong><br \/>\n1.\tRemont istniej\u0105cych boisk sportowych w Bochni, ul. Chodenicka ko\u0142o budynku OSP \u201eChodenice\u201d &#8211; brak realizacji (przetarg dwukrotnie uniewa\u017cniony)<br \/>\n2.\tBudowa ogrodzenia przy budynku OSP \u201eChodenice\u201d i placu zabaw &#8211; zako\u0144czono\t<\/p>\n<p><strong>Osiedle nr 10 \u2013 Kur\u00f3w<\/strong><br \/>\n1.\tZakup urz\u0105dze\u0144 na plac zabaw na ul. Kur\u00f3w &#8211; zako\u0144czono<br \/>\n2.\tPrzebudowa pobocza przez monta\u017c kraw\u0119\u017cnik\u00f3w przy ul. Witosa od pos. 20 do pos. 30  &#8211; realizacja rob\u00f3t budowlanych (trwaj\u0105 uzgodnienia z gestorami sieci)<br \/>\n3.\tWykonanie przykrycia fosy przydro\u017cnej i przykrycie kolektora na ulicy Witosa od pos. 32 do pos. 36  &#8211; realizacja prac projektowych<br \/>\n4.  Wykonanie o\u015bwietlenia ulicznego na ul. Skoczylasa \u2013 zako\u0144czono<\/p>\n<p><strong>Osiedle nr 11 \u2013 \u015aw. Jana \u2013 Murowianka<\/strong><br \/>\n1.\tWyposa\u017cenie placu zabaw na osiedlu \u015bw. Jana &#8211; zako\u0144czono<br \/>\n2.\tWykonanie przebudowy chodnika wraz z wykonaniem kieszeni parkingowej &#8211; realizacja prac projektowych<\/p>\n<p><strong>Osiedle nr 12 \u2013 Smyk\u00f3w<\/strong><br \/>\nbrak projekt\u00f3w<\/p>\n<p><strong>Osiedle nr 13 \u2013 Karolina \u2013 Krzeczowska<\/strong><br \/>\nbrak projekt\u00f3w<\/p>\n<p><strong>Osiedle nr 14 \u2013 Proszowskie<\/strong><br \/>\n1. \u201eFitness Park\u201d na Osiedlu \u201eProszowskie\u201d &#8211; II procedura przetargowa na roboty (oferty przewy\u017cszaj\u0105 warto\u015b\u0107 w planie)<\/p>\n","protected":false},"excerpt":{"rendered":"<p>Trwa realizacja zada\u0144 w ramach Bud\u017cetu Obywatelskiego na rok bie\u017c\u0105cy. Wiele z nich zosta\u0142o ju\u017c zako\u0144czonych, w wielu przypadkach ujawni\u0142y si\u0119 jednak problemy. Cz\u0119\u015b\u0107 inwestycji nie mo\u017ce zosta\u0107 zrealizowana. Prezentujemy stan realizacji wspomnianych inwestycji na dzie\u0144 13 pa\u017adziernika. PROJEKTY OG\u00d3LNOMIEJSKIE: 1. Rewitalizacja sali gimnastycznej w Publicznej Szkole Podstawowej nr 5 im. Jana Matejki w Bochni<\/p>\n","protected":false},"author":4,"featured_media":146380,"comment_status":"open","ping_status":"closed","sticky":false,"template":"","format":"standard","meta":{"_acf_changed":false,"footnotes":""},"categories":[6251],"tags":[18511,128,19720],"class_list":["post-179679","post","type-post","status-publish","format-standard","has-post-thumbnail","hentry","category-polityka-i-wydarzenia","tag-budzet-obywatelski","tag-inwestycje","tag-top-temat","main_tag-budzet-obywatelski"],"acf":[],"yoast_head":"<!-- This site is optimized with the Yoast SEO plugin v26.9 - https:\/\/yoast.com\/product\/yoast-seo-wordpress\/ -->\n<title>Bud\u017cet Obywatelski: jak id\u0105 tegoroczne inwestycje? - mojabochnia.pl - portal informacyjny<\/title>\n<meta name=\"robots\" content=\"index, follow, max-snippet:-1, max-image-preview:large, max-video-preview:-1\" \/>\n<link rel=\"canonical\" href=\"https:\/\/www.mojabochnia.pl\/?p=179679\" \/>\n<meta property=\"og:locale\" content=\"pl_PL\" \/>\n<meta property=\"og:type\" content=\"article\" \/>\n<meta property=\"og:title\" content=\"Bud\u017cet Obywatelski: jak id\u0105 tegoroczne inwestycje? - mojabochnia.pl - portal informacyjny\" \/>\n<meta property=\"og:description\" content=\"Trwa realizacja zada\u0144 w ramach Bud\u017cetu Obywatelskiego na rok bie\u017c\u0105cy. Wiele z nich zosta\u0142o ju\u017c zako\u0144czonych, w wielu przypadkach ujawni\u0142y si\u0119 jednak problemy. Cz\u0119\u015b\u0107 inwestycji nie mo\u017ce zosta\u0107 zrealizowana. Prezentujemy stan realizacji wspomnianych inwestycji na dzie\u0144 13 pa\u017adziernika. PROJEKTY OG\u00d3LNOMIEJSKIE: 1. Rewitalizacja sali gimnastycznej w Publicznej Szkole Podstawowej nr 5 im. Jana Matejki w Bochni\" \/>\n<meta property=\"og:url\" content=\"https:\/\/www.mojabochnia.pl\/?p=179679\" \/>\n<meta property=\"og:site_name\" content=\"mojabochnia.pl - portal informacyjny\" \/>\n<meta property=\"article:publisher\" content=\"https:\/\/www.facebook.com\/mojabochnia\" \/>\n<meta property=\"article:published_time\" content=\"2017-10-31T08:30:19+00:00\" \/>\n<meta property=\"article:modified_time\" content=\"2017-10-31T21:06:01+00:00\" \/>\n<meta property=\"og:image\" content=\"https:\/\/www.mojabochnia.pl\/wp-content\/uploads\/2016\/02\/IMG_20151209_074344-001.jpg\" \/>\n\t<meta property=\"og:image:width\" content=\"800\" \/>\n\t<meta property=\"og:image:height\" content=\"450\" \/>\n\t<meta property=\"og:image:type\" content=\"image\/jpeg\" \/>\n<meta name=\"author\" content=\"Pawe\u0142 Michalczyk\" \/>\n<meta name=\"twitter:card\" content=\"summary_large_image\" \/>\n<meta name=\"twitter:label1\" content=\"Written by\" \/>\n\t<meta name=\"twitter:data1\" content=\"Pawe\u0142 Michalczyk\" \/>\n\t<meta name=\"twitter:label2\" content=\"Est. reading time\" \/>\n\t<meta name=\"twitter:data2\" content=\"3 minuty\" \/>\n<script type=\"application\/ld+json\" class=\"yoast-schema-graph\">{\"@context\":\"https:\/\/schema.org\",\"@graph\":[{\"@type\":\"Article\",\"@id\":\"https:\/\/www.mojabochnia.pl\/?p=179679#article\",\"isPartOf\":{\"@id\":\"https:\/\/www.mojabochnia.pl\/?p=179679\"},\"author\":{\"name\":\"Pawe\u0142 Michalczyk\",\"@id\":\"https:\/\/www.mojabochnia.pl\/#\/schema\/person\/ea042e4724a77627963f02166828ead4\"},\"headline\":\"Bud\u017cet Obywatelski: jak id\u0105 tegoroczne inwestycje?\",\"datePublished\":\"2017-10-31T08:30:19+00:00\",\"dateModified\":\"2017-10-31T21:06:01+00:00\",\"mainEntityOfPage\":{\"@id\":\"https:\/\/www.mojabochnia.pl\/?p=179679\"},\"wordCount\":526,\"commentCount\":0,\"publisher\":{\"@id\":\"https:\/\/www.mojabochnia.pl\/#organization\"},\"image\":{\"@id\":\"https:\/\/www.mojabochnia.pl\/?p=179679#primaryimage\"},\"thumbnailUrl\":\"https:\/\/www.mojabochnia.pl\/wp-content\/uploads\/2016\/02\/IMG_20151209_074344-001.jpg\",\"keywords\":[\"bud\u017cet obywatelski\",\"inwestycje\",\"top temat\"],\"articleSection\":[\"polityka i wydarzenia\"],\"inLanguage\":\"pl-PL\",\"potentialAction\":[{\"@type\":\"CommentAction\",\"name\":\"Comment\",\"target\":[\"https:\/\/www.mojabochnia.pl\/?p=179679#respond\"]}]},{\"@type\":\"WebPage\",\"@id\":\"https:\/\/www.mojabochnia.pl\/?p=179679\",\"url\":\"https:\/\/www.mojabochnia.pl\/?p=179679\",\"name\":\"Bud\u017cet Obywatelski: jak id\u0105 tegoroczne inwestycje? - mojabochnia.pl - portal informacyjny\",\"isPartOf\":{\"@id\":\"https:\/\/www.mojabochnia.pl\/#website\"},\"primaryImageOfPage\":{\"@id\":\"https:\/\/www.mojabochnia.pl\/?p=179679#primaryimage\"},\"image\":{\"@id\":\"https:\/\/www.mojabochnia.pl\/?p=179679#primaryimage\"},\"thumbnailUrl\":\"https:\/\/www.mojabochnia.pl\/wp-content\/uploads\/2016\/02\/IMG_20151209_074344-001.jpg\",\"datePublished\":\"2017-10-31T08:30:19+00:00\",\"dateModified\":\"2017-10-31T21:06:01+00:00\",\"breadcrumb\":{\"@id\":\"https:\/\/www.mojabochnia.pl\/?p=179679#breadcrumb\"},\"inLanguage\":\"pl-PL\",\"potentialAction\":[{\"@type\":\"ReadAction\",\"target\":[\"https:\/\/www.mojabochnia.pl\/?p=179679\"]}]},{\"@type\":\"ImageObject\",\"inLanguage\":\"pl-PL\",\"@id\":\"https:\/\/www.mojabochnia.pl\/?p=179679#primaryimage\",\"url\":\"https:\/\/www.mojabochnia.pl\/wp-content\/uploads\/2016\/02\/IMG_20151209_074344-001.jpg\",\"contentUrl\":\"https:\/\/www.mojabochnia.pl\/wp-content\/uploads\/2016\/02\/IMG_20151209_074344-001.jpg\",\"width\":800,\"height\":450,\"caption\":\"Pawe\u0142 Michalczyk\"},{\"@type\":\"BreadcrumbList\",\"@id\":\"https:\/\/www.mojabochnia.pl\/?p=179679#breadcrumb\",\"itemListElement\":[{\"@type\":\"ListItem\",\"position\":1,\"name\":\"Home\",\"item\":\"https:\/\/www.mojabochnia.pl\/\"},{\"@type\":\"ListItem\",\"position\":2,\"name\":\"Bud\u017cet Obywatelski: jak id\u0105 tegoroczne inwestycje?\"}]},{\"@type\":\"WebSite\",\"@id\":\"https:\/\/www.mojabochnia.pl\/#website\",\"url\":\"https:\/\/www.mojabochnia.pl\/\",\"name\":\"mojabochnia.pl - portal informacyjny\",\"description\":\"mojaBochnia to portal informacyjny o Bochni. Codziennie o Bochni piszemy i pokazujemy najwa\u017cniejsze wydarzenia\",\"publisher\":{\"@id\":\"https:\/\/www.mojabochnia.pl\/#organization\"},\"potentialAction\":[{\"@type\":\"SearchAction\",\"target\":{\"@type\":\"EntryPoint\",\"urlTemplate\":\"https:\/\/www.mojabochnia.pl\/?s={search_term_string}\"},\"query-input\":{\"@type\":\"PropertyValueSpecification\",\"valueRequired\":true,\"valueName\":\"search_term_string\"}}],\"inLanguage\":\"pl-PL\"},{\"@type\":\"Organization\",\"@id\":\"https:\/\/www.mojabochnia.pl\/#organization\",\"name\":\"mojabochnia.pl - portal informacyjny\",\"url\":\"https:\/\/www.mojabochnia.pl\/\",\"logo\":{\"@type\":\"ImageObject\",\"inLanguage\":\"pl-PL\",\"@id\":\"https:\/\/www.mojabochnia.pl\/#\/schema\/logo\/image\/\",\"url\":\"https:\/\/www.mojabochnia.pl\/wp-content\/uploads\/2017\/08\/logo-mb-opt.png\",\"contentUrl\":\"https:\/\/www.mojabochnia.pl\/wp-content\/uploads\/2017\/08\/logo-mb-opt.png\",\"width\":250,\"height\":48,\"caption\":\"mojabochnia.pl - portal informacyjny\"},\"image\":{\"@id\":\"https:\/\/www.mojabochnia.pl\/#\/schema\/logo\/image\/\"},\"sameAs\":[\"https:\/\/www.facebook.com\/mojabochnia\"]},{\"@type\":\"Person\",\"@id\":\"https:\/\/www.mojabochnia.pl\/#\/schema\/person\/ea042e4724a77627963f02166828ead4\",\"name\":\"Pawe\u0142 Michalczyk\",\"url\":\"https:\/\/www.mojabochnia.pl\/?author=4\"}]}<\/script>\n<!-- \/ Yoast SEO plugin. -->","yoast_head_json":{"title":"Bud\u017cet Obywatelski: jak id\u0105 tegoroczne inwestycje? - mojabochnia.pl - portal informacyjny","robots":{"index":"index","follow":"follow","max-snippet":"max-snippet:-1","max-image-preview":"max-image-preview:large","max-video-preview":"max-video-preview:-1"},"canonical":"https:\/\/www.mojabochnia.pl\/?p=179679","og_locale":"pl_PL","og_type":"article","og_title":"Bud\u017cet Obywatelski: jak id\u0105 tegoroczne inwestycje? - mojabochnia.pl - portal informacyjny","og_description":"Trwa realizacja zada\u0144 w ramach Bud\u017cetu Obywatelskiego na rok bie\u017c\u0105cy. Wiele z nich zosta\u0142o ju\u017c zako\u0144czonych, w wielu przypadkach ujawni\u0142y si\u0119 jednak problemy. Cz\u0119\u015b\u0107 inwestycji nie mo\u017ce zosta\u0107 zrealizowana. Prezentujemy stan realizacji wspomnianych inwestycji na dzie\u0144 13 pa\u017adziernika. PROJEKTY OG\u00d3LNOMIEJSKIE: 1. Rewitalizacja sali gimnastycznej w Publicznej Szkole Podstawowej nr 5 im. Jana Matejki w Bochni","og_url":"https:\/\/www.mojabochnia.pl\/?p=179679","og_site_name":"mojabochnia.pl - portal informacyjny","article_publisher":"https:\/\/www.facebook.com\/mojabochnia","article_published_time":"2017-10-31T08:30:19+00:00","article_modified_time":"2017-10-31T21:06:01+00:00","og_image":[{"width":800,"height":450,"url":"https:\/\/www.mojabochnia.pl\/wp-content\/uploads\/2016\/02\/IMG_20151209_074344-001.jpg","type":"image\/jpeg"}],"author":"Pawe\u0142 Michalczyk","twitter_card":"summary_large_image","twitter_misc":{"Written by":"Pawe\u0142 Michalczyk","Est. reading time":"3 minuty"},"schema":{"@context":"https:\/\/schema.org","@graph":[{"@type":"Article","@id":"https:\/\/www.mojabochnia.pl\/?p=179679#article","isPartOf":{"@id":"https:\/\/www.mojabochnia.pl\/?p=179679"},"author":{"name":"Pawe\u0142 Michalczyk","@id":"https:\/\/www.mojabochnia.pl\/#\/schema\/person\/ea042e4724a77627963f02166828ead4"},"headline":"Bud\u017cet Obywatelski: jak id\u0105 tegoroczne inwestycje?","datePublished":"2017-10-31T08:30:19+00:00","dateModified":"2017-10-31T21:06:01+00:00","mainEntityOfPage":{"@id":"https:\/\/www.mojabochnia.pl\/?p=179679"},"wordCount":526,"commentCount":0,"publisher":{"@id":"https:\/\/www.mojabochnia.pl\/#organization"},"image":{"@id":"https:\/\/www.mojabochnia.pl\/?p=179679#primaryimage"},"thumbnailUrl":"https:\/\/www.mojabochnia.pl\/wp-content\/uploads\/2016\/02\/IMG_20151209_074344-001.jpg","keywords":["bud\u017cet obywatelski","inwestycje","top temat"],"articleSection":["polityka i wydarzenia"],"inLanguage":"pl-PL","potentialAction":[{"@type":"CommentAction","name":"Comment","target":["https:\/\/www.mojabochnia.pl\/?p=179679#respond"]}]},{"@type":"WebPage","@id":"https:\/\/www.mojabochnia.pl\/?p=179679","url":"https:\/\/www.mojabochnia.pl\/?p=179679","name":"Bud\u017cet Obywatelski: jak id\u0105 tegoroczne inwestycje? - mojabochnia.pl - portal informacyjny","isPartOf":{"@id":"https:\/\/www.mojabochnia.pl\/#website"},"primaryImageOfPage":{"@id":"https:\/\/www.mojabochnia.pl\/?p=179679#primaryimage"},"image":{"@id":"https:\/\/www.mojabochnia.pl\/?p=179679#primaryimage"},"thumbnailUrl":"https:\/\/www.mojabochnia.pl\/wp-content\/uploads\/2016\/02\/IMG_20151209_074344-001.jpg","datePublished":"2017-10-31T08:30:19+00:00","dateModified":"2017-10-31T21:06:01+00:00","breadcrumb":{"@id":"https:\/\/www.mojabochnia.pl\/?p=179679#breadcrumb"},"inLanguage":"pl-PL","potentialAction":[{"@type":"ReadAction","target":["https:\/\/www.mojabochnia.pl\/?p=179679"]}]},{"@type":"ImageObject","inLanguage":"pl-PL","@id":"https:\/\/www.mojabochnia.pl\/?p=179679#primaryimage","url":"https:\/\/www.mojabochnia.pl\/wp-content\/uploads\/2016\/02\/IMG_20151209_074344-001.jpg","contentUrl":"https:\/\/www.mojabochnia.pl\/wp-content\/uploads\/2016\/02\/IMG_20151209_074344-001.jpg","width":800,"height":450,"caption":"Pawe\u0142 Michalczyk"},{"@type":"BreadcrumbList","@id":"https:\/\/www.mojabochnia.pl\/?p=179679#breadcrumb","itemListElement":[{"@type":"ListItem","position":1,"name":"Home","item":"https:\/\/www.mojabochnia.pl\/"},{"@type":"ListItem","position":2,"name":"Bud\u017cet Obywatelski: jak id\u0105 tegoroczne inwestycje?"}]},{"@type":"WebSite","@id":"https:\/\/www.mojabochnia.pl\/#website","url":"https:\/\/www.mojabochnia.pl\/","name":"mojabochnia.pl - portal informacyjny","description":"mojaBochnia to portal informacyjny o Bochni. Codziennie o Bochni piszemy i pokazujemy najwa\u017cniejsze wydarzenia","publisher":{"@id":"https:\/\/www.mojabochnia.pl\/#organization"},"potentialAction":[{"@type":"SearchAction","target":{"@type":"EntryPoint","urlTemplate":"https:\/\/www.mojabochnia.pl\/?s={search_term_string}"},"query-input":{"@type":"PropertyValueSpecification","valueRequired":true,"valueName":"search_term_string"}}],"inLanguage":"pl-PL"},{"@type":"Organization","@id":"https:\/\/www.mojabochnia.pl\/#organization","name":"mojabochnia.pl - portal informacyjny","url":"https:\/\/www.mojabochnia.pl\/","logo":{"@type":"ImageObject","inLanguage":"pl-PL","@id":"https:\/\/www.mojabochnia.pl\/#\/schema\/logo\/image\/","url":"https:\/\/www.mojabochnia.pl\/wp-content\/uploads\/2017\/08\/logo-mb-opt.png","contentUrl":"https:\/\/www.mojabochnia.pl\/wp-content\/uploads\/2017\/08\/logo-mb-opt.png","width":250,"height":48,"caption":"mojabochnia.pl - portal informacyjny"},"image":{"@id":"https:\/\/www.mojabochnia.pl\/#\/schema\/logo\/image\/"},"sameAs":["https:\/\/www.facebook.com\/mojabochnia"]},{"@type":"Person","@id":"https:\/\/www.mojabochnia.pl\/#\/schema\/person\/ea042e4724a77627963f02166828ead4","name":"Pawe\u0142 Michalczyk","url":"https:\/\/www.mojabochnia.pl\/?author=4"}]}},"_links":{"self":[{"href":"https:\/\/www.mojabochnia.pl\/index.php?rest_route=\/wp\/v2\/posts\/179679","targetHints":{"allow":["GET"]}}],"collection":[{"href":"https:\/\/www.mojabochnia.pl\/index.php?rest_route=\/wp\/v2\/posts"}],"about":[{"href":"https:\/\/www.mojabochnia.pl\/index.php?rest_route=\/wp\/v2\/types\/post"}],"author":[{"embeddable":true,"href":"https:\/\/www.mojabochnia.pl\/index.php?rest_route=\/wp\/v2\/users\/4"}],"replies":[{"embeddable":true,"href":"https:\/\/www.mojabochnia.pl\/index.php?rest_route=%2Fwp%2Fv2%2Fcomments&post=179679"}],"version-history":[{"count":5,"href":"https:\/\/www.mojabochnia.pl\/index.php?rest_route=\/wp\/v2\/posts\/179679\/revisions"}],"predecessor-version":[{"id":179735,"href":"https:\/\/www.mojabochnia.pl\/index.php?rest_route=\/wp\/v2\/posts\/179679\/revisions\/179735"}],"wp:featuredmedia":[{"embeddable":true,"href":"https:\/\/www.mojabochnia.pl\/index.php?rest_route=\/wp\/v2\/media\/146380"}],"wp:attachment":[{"href":"https:\/\/www.mojabochnia.pl\/index.php?rest_route=%2Fwp%2Fv2%2Fmedia&parent=179679"}],"wp:term":[{"taxonomy":"category","embeddable":true,"href":"https:\/\/www.mojabochnia.pl\/index.php?rest_route=%2Fwp%2Fv2%2Fcategories&post=179679"},{"taxonomy":"post_tag","embeddable":true,"href":"https:\/\/www.mojabochnia.pl\/index.php?rest_route=%2Fwp%2Fv2%2Ftags&post=179679"}],"curies":[{"name":"wp","href":"https:\/\/api.w.org\/{rel}","templated":true}]}}