{"id":179675,"date":"2017-10-30T15:24:25","date_gmt":"2017-10-30T14:24:25","guid":{"rendered":"https:\/\/www.mojabochnia.pl\/?p=179675"},"modified":"2017-10-30T15:26:21","modified_gmt":"2017-10-30T14:26:21","slug":"unijne-miliony-dla-bochenszczyzny-umowy-podpisane","status":"publish","type":"post","link":"https:\/\/www.mojabochnia.pl\/?p=179675","title":{"rendered":"Unijne miliony dla Boche\u0144szczyzny: umowy podpisane"},"content":{"rendered":"<p><strong>T\u0119\u017cnia solankowa, park u podn\u00f3\u017ca zamku w Wi\u015bniczu, strefa gospodarcza w Gorzkowie, wreszcie oczyszczalnia \u015bciek\u00f3w w Lipnicy Murowanej &#8211; to wszystko powstanie dzi\u0119ki \u015brodkom unijnym. Samorz\u0105dowcy podpisali umow\u0119 na odbi\u00f3r dofinansowania, o kt\u00f3rym informowali\u015bmy kilka tygodni temu.<\/strong><\/p>\n<p>Warto\u015b\u0107 podpisanych w poniedzia\u0142ek przez wicemarsza\u0142ka Stanis\u0142awa Sorysa um\u00f3w wynosi ponad 117 mln z\u0142, z czego dofinansowanie z Regionalnego Programu Operacyjnego Wojew\u00f3dztwa Ma\u0142opolskiego na lata 2014-2020 opiewa na ponad 79 mln z\u0142. Wszystkie projekty powstan\u0105 do ko\u0144ca 2020 roku.  <\/p>\n<p><em>Realizacja Regionalnego Programu Operacyjnego Wojew\u00f3dztwa Ma\u0142opolskiego wchodzi w kolejn\u0105 faz\u0119. Do pocz\u0105tku pa\u017adziernika podpisali\u015bmy z beneficjentami a\u017c 1261 um\u00f3w, w kt\u00f3rych kwota dofinansowania wynosi w sumie ponad 3,65 mld z\u0142. Podpisane dzisiaj kolejne umowy to nowe \u015brodki, kt\u00f3re zostan\u0105 wykorzystane dla jeszcze lepszego rozwoju subregionu tarnowskiego, a przez to ca\u0142ej Ma\u0142opolski<\/em> \u2013 m\u00f3wi\u0142 podczas podpisania wicemarsza\u0142ek Stanis\u0142aw Sorys.<\/p>\n<p>Dzi\u0119ki dofinansowaniu w Bochni dojdzie do wymiany 217 piec\u00f3w. Emisja PM10 ma spa\u015b\u0107 o prawie 96%, a PM2,5 \u2013 o prawie 91%.<\/p>\n<p>U podn\u00f3\u017ca Zamku Kmit\u00f3w i Lubomirskich w Nowym Wi\u015bniczu powstanie nowy park. Spacerowa\u0107 po nim b\u0119dzie mo\u017cna szlakiem specjalnej \u015bcie\u017cki dydaktycznej, w kt\u00f3rej w ciekawy spos\u00f3b zostanie przedstawiona historia zamku i miasta. Ju\u017c wiadomo, \u017ce znajd\u0105 si\u0119 tam makiety zabytkowej budowli z r\u00f3\u017cnych okres\u00f3w. Park b\u0119dzie te\u017c \u015bwietnym miejscem do odpoczynku \u2013 na mieszka\u0144c\u00f3w i turyst\u00f3w b\u0119d\u0105 czeka\u0107 \u0142awki, amfiteatr le\u015bny czy plenerowe szachy. Obiekt ma mie\u0107 ok. 3,21 ha powierzchni i powsta\u0107 do ko\u0144ca 2019 roku. Koszt powstania parku wyceniono na ponad 2 mln z\u0142, z czego 1,36 mln z\u0142 to dofinansowanie z Regionalnego Programu Operacyjnego Wojew\u00f3dztwa Ma\u0142opolskiego na lata 2014-2020.<\/p>\n<p>Z kolei w Bochni powstanie t\u0119\u017cnia solankowa i komora solna. Nowa atrakcja turystyczna w jeszcze wyra\u017aniejszy spos\u00f3b podkre\u015bli dziedzictwo salinarne miasta. Obiekt wraz z odpowiednim zagospodarowaniem terenu (m.in. zaplanowano budow\u0119 placu zabaw czy si\u0142owni pod chmurk\u0105) ma kosztowa\u0107 ponad 7 mln z\u0142, z czego unijne dofinansowanie wyniesie 3,68 mln z\u0142. Inwestycja ma by\u0107 gotowa do ko\u0144ca 2018 roku.<\/p>\n<p>Dzi\u0119ki dotacji w wysoko\u015bci 1,7 mln z\u0142 dla gminy Lipnica Murowana zostanie rozbudowana oczyszczalnia \u015bciek\u00f3w w Lipnicy Dolnej. Ca\u0142o\u015b\u0107 inwestycji opiewa na 2,5 mln z\u0142. Przewidywany koniec rozbudowy to marzec 2019 roku.<\/p>\n<p>Z kolei gmina Bochnia otrzyma wsparcie na utworzenie w Gorzkowie strefy aktywno\u015bci gospodarczej. Koszt przygotowanie nowego terenu pod inwestycje to ponad 2,4 mln z\u0142, z czego unijne wsparcie wynosi 1,9 mln z\u0142. Prace powinny zako\u0144czy\u0107 si\u0119 do ko\u0144ca 2018 roku.<\/p>\n<p>fot. UMWM<\/p>\n","protected":false},"excerpt":{"rendered":"<p>T\u0119\u017cnia solankowa, park u podn\u00f3\u017ca zamku w Wi\u015bniczu, strefa gospodarcza w Gorzkowie, wreszcie oczyszczalnia \u015bciek\u00f3w w Lipnicy Murowanej &#8211; to wszystko powstanie dzi\u0119ki \u015brodkom unijnym. Samorz\u0105dowcy podpisali umow\u0119 na odbi\u00f3r dofinansowania, o kt\u00f3rym informowali\u015bmy kilka tygodni temu. Warto\u015b\u0107 podpisanych w poniedzia\u0142ek przez wicemarsza\u0142ka Stanis\u0142awa Sorysa um\u00f3w wynosi ponad 117 mln z\u0142, z czego dofinansowanie z<\/p>\n","protected":false},"author":13,"featured_media":179677,"comment_status":"open","ping_status":"closed","sticky":false,"template":"","format":"standard","meta":{"_acf_changed":false,"footnotes":""},"categories":[6251],"tags":[17253,17285,1751,3893,18095,17058,19720,399],"class_list":["post-179675","post","type-post","status-publish","format-standard","has-post-thumbnail","hentry","category-polityka-i-wydarzenia","tag-dotacja","tag-gorzkow","tag-piec","tag-stanislaw-sorys","tag-strefa-gospodarcza","tag-teznia","tag-top-temat","tag-unia-europejska","main_tag-dotacja"],"acf":[],"yoast_head":"<!-- This site is optimized with the Yoast SEO plugin v26.9 - https:\/\/yoast.com\/product\/yoast-seo-wordpress\/ -->\n<title>Unijne miliony dla Boche\u0144szczyzny: umowy podpisane - mojabochnia.pl - portal informacyjny<\/title>\n<meta name=\"robots\" content=\"index, follow, max-snippet:-1, max-image-preview:large, max-video-preview:-1\" \/>\n<link rel=\"canonical\" href=\"https:\/\/www.mojabochnia.pl\/?p=179675\" \/>\n<meta property=\"og:locale\" content=\"pl_PL\" \/>\n<meta property=\"og:type\" content=\"article\" \/>\n<meta property=\"og:title\" content=\"Unijne miliony dla Boche\u0144szczyzny: umowy podpisane - mojabochnia.pl - portal informacyjny\" \/>\n<meta property=\"og:description\" content=\"T\u0119\u017cnia solankowa, park u podn\u00f3\u017ca zamku w Wi\u015bniczu, strefa gospodarcza w Gorzkowie, wreszcie oczyszczalnia \u015bciek\u00f3w w Lipnicy Murowanej &#8211; to wszystko powstanie dzi\u0119ki \u015brodkom unijnym. Samorz\u0105dowcy podpisali umow\u0119 na odbi\u00f3r dofinansowania, o kt\u00f3rym informowali\u015bmy kilka tygodni temu. Warto\u015b\u0107 podpisanych w poniedzia\u0142ek przez wicemarsza\u0142ka Stanis\u0142awa Sorysa um\u00f3w wynosi ponad 117 mln z\u0142, z czego dofinansowanie z\" \/>\n<meta property=\"og:url\" content=\"https:\/\/www.mojabochnia.pl\/?p=179675\" \/>\n<meta property=\"og:site_name\" content=\"mojabochnia.pl - portal informacyjny\" \/>\n<meta property=\"article:publisher\" content=\"https:\/\/www.facebook.com\/mojabochnia\" \/>\n<meta property=\"article:published_time\" content=\"2017-10-30T14:24:25+00:00\" \/>\n<meta property=\"article:modified_time\" content=\"2017-10-30T14:26:21+00:00\" \/>\n<meta property=\"og:image\" content=\"https:\/\/www.mojabochnia.pl\/wp-content\/uploads\/2017\/10\/TOP_5834_001.jpg\" \/>\n\t<meta property=\"og:image:width\" content=\"1200\" \/>\n\t<meta property=\"og:image:height\" content=\"801\" \/>\n\t<meta property=\"og:image:type\" content=\"image\/jpeg\" \/>\n<meta name=\"author\" content=\"redakcja\" \/>\n<meta name=\"twitter:card\" content=\"summary_large_image\" \/>\n<meta name=\"twitter:label1\" content=\"Written by\" \/>\n\t<meta name=\"twitter:data1\" content=\"redakcja\" \/>\n\t<meta name=\"twitter:label2\" content=\"Est. reading time\" \/>\n\t<meta name=\"twitter:data2\" content=\"2 minuty\" \/>\n<script type=\"application\/ld+json\" class=\"yoast-schema-graph\">{\"@context\":\"https:\/\/schema.org\",\"@graph\":[{\"@type\":\"Article\",\"@id\":\"https:\/\/www.mojabochnia.pl\/?p=179675#article\",\"isPartOf\":{\"@id\":\"https:\/\/www.mojabochnia.pl\/?p=179675\"},\"author\":{\"name\":\"redakcja\",\"@id\":\"https:\/\/www.mojabochnia.pl\/#\/schema\/person\/7e2f20ead9902216a3384f13606c0ab7\"},\"headline\":\"Unijne miliony dla Boche\u0144szczyzny: umowy podpisane\",\"datePublished\":\"2017-10-30T14:24:25+00:00\",\"dateModified\":\"2017-10-30T14:26:21+00:00\",\"mainEntityOfPage\":{\"@id\":\"https:\/\/www.mojabochnia.pl\/?p=179675\"},\"wordCount\":437,\"commentCount\":0,\"publisher\":{\"@id\":\"https:\/\/www.mojabochnia.pl\/#organization\"},\"image\":{\"@id\":\"https:\/\/www.mojabochnia.pl\/?p=179675#primaryimage\"},\"thumbnailUrl\":\"https:\/\/www.mojabochnia.pl\/wp-content\/uploads\/2017\/10\/TOP_5834_001.jpg\",\"keywords\":[\"dotacja\",\"gorzk\u00f3w\",\"piec\",\"stanis\u0142aw sorys\",\"strefa gospodarcza\",\"t\u0119\u017cnia\",\"top temat\",\"unia europejska\"],\"articleSection\":[\"polityka i wydarzenia\"],\"inLanguage\":\"pl-PL\",\"potentialAction\":[{\"@type\":\"CommentAction\",\"name\":\"Comment\",\"target\":[\"https:\/\/www.mojabochnia.pl\/?p=179675#respond\"]}]},{\"@type\":\"WebPage\",\"@id\":\"https:\/\/www.mojabochnia.pl\/?p=179675\",\"url\":\"https:\/\/www.mojabochnia.pl\/?p=179675\",\"name\":\"Unijne miliony dla Boche\u0144szczyzny: umowy podpisane - mojabochnia.pl - portal informacyjny\",\"isPartOf\":{\"@id\":\"https:\/\/www.mojabochnia.pl\/#website\"},\"primaryImageOfPage\":{\"@id\":\"https:\/\/www.mojabochnia.pl\/?p=179675#primaryimage\"},\"image\":{\"@id\":\"https:\/\/www.mojabochnia.pl\/?p=179675#primaryimage\"},\"thumbnailUrl\":\"https:\/\/www.mojabochnia.pl\/wp-content\/uploads\/2017\/10\/TOP_5834_001.jpg\",\"datePublished\":\"2017-10-30T14:24:25+00:00\",\"dateModified\":\"2017-10-30T14:26:21+00:00\",\"breadcrumb\":{\"@id\":\"https:\/\/www.mojabochnia.pl\/?p=179675#breadcrumb\"},\"inLanguage\":\"pl-PL\",\"potentialAction\":[{\"@type\":\"ReadAction\",\"target\":[\"https:\/\/www.mojabochnia.pl\/?p=179675\"]}]},{\"@type\":\"ImageObject\",\"inLanguage\":\"pl-PL\",\"@id\":\"https:\/\/www.mojabochnia.pl\/?p=179675#primaryimage\",\"url\":\"https:\/\/www.mojabochnia.pl\/wp-content\/uploads\/2017\/10\/TOP_5834_001.jpg\",\"contentUrl\":\"https:\/\/www.mojabochnia.pl\/wp-content\/uploads\/2017\/10\/TOP_5834_001.jpg\",\"width\":1200,\"height\":801,\"caption\":\"UMWM\"},{\"@type\":\"BreadcrumbList\",\"@id\":\"https:\/\/www.mojabochnia.pl\/?p=179675#breadcrumb\",\"itemListElement\":[{\"@type\":\"ListItem\",\"position\":1,\"name\":\"Home\",\"item\":\"https:\/\/www.mojabochnia.pl\/\"},{\"@type\":\"ListItem\",\"position\":2,\"name\":\"Unijne miliony dla Boche\u0144szczyzny: umowy podpisane\"}]},{\"@type\":\"WebSite\",\"@id\":\"https:\/\/www.mojabochnia.pl\/#website\",\"url\":\"https:\/\/www.mojabochnia.pl\/\",\"name\":\"mojabochnia.pl - portal informacyjny\",\"description\":\"mojaBochnia to portal informacyjny o Bochni. Codziennie o Bochni piszemy i pokazujemy najwa\u017cniejsze wydarzenia\",\"publisher\":{\"@id\":\"https:\/\/www.mojabochnia.pl\/#organization\"},\"potentialAction\":[{\"@type\":\"SearchAction\",\"target\":{\"@type\":\"EntryPoint\",\"urlTemplate\":\"https:\/\/www.mojabochnia.pl\/?s={search_term_string}\"},\"query-input\":{\"@type\":\"PropertyValueSpecification\",\"valueRequired\":true,\"valueName\":\"search_term_string\"}}],\"inLanguage\":\"pl-PL\"},{\"@type\":\"Organization\",\"@id\":\"https:\/\/www.mojabochnia.pl\/#organization\",\"name\":\"mojabochnia.pl - portal informacyjny\",\"url\":\"https:\/\/www.mojabochnia.pl\/\",\"logo\":{\"@type\":\"ImageObject\",\"inLanguage\":\"pl-PL\",\"@id\":\"https:\/\/www.mojabochnia.pl\/#\/schema\/logo\/image\/\",\"url\":\"https:\/\/www.mojabochnia.pl\/wp-content\/uploads\/2017\/08\/logo-mb-opt.png\",\"contentUrl\":\"https:\/\/www.mojabochnia.pl\/wp-content\/uploads\/2017\/08\/logo-mb-opt.png\",\"width\":250,\"height\":48,\"caption\":\"mojabochnia.pl - portal informacyjny\"},\"image\":{\"@id\":\"https:\/\/www.mojabochnia.pl\/#\/schema\/logo\/image\/\"},\"sameAs\":[\"https:\/\/www.facebook.com\/mojabochnia\"]},{\"@type\":\"Person\",\"@id\":\"https:\/\/www.mojabochnia.pl\/#\/schema\/person\/7e2f20ead9902216a3384f13606c0ab7\",\"name\":\"redakcja\",\"sameAs\":[\"http:\/\/\"],\"url\":\"https:\/\/www.mojabochnia.pl\/?author=13\"}]}<\/script>\n<!-- \/ Yoast SEO plugin. -->","yoast_head_json":{"title":"Unijne miliony dla Boche\u0144szczyzny: umowy podpisane - mojabochnia.pl - portal informacyjny","robots":{"index":"index","follow":"follow","max-snippet":"max-snippet:-1","max-image-preview":"max-image-preview:large","max-video-preview":"max-video-preview:-1"},"canonical":"https:\/\/www.mojabochnia.pl\/?p=179675","og_locale":"pl_PL","og_type":"article","og_title":"Unijne miliony dla Boche\u0144szczyzny: umowy podpisane - mojabochnia.pl - portal informacyjny","og_description":"T\u0119\u017cnia solankowa, park u podn\u00f3\u017ca zamku w Wi\u015bniczu, strefa gospodarcza w Gorzkowie, wreszcie oczyszczalnia \u015bciek\u00f3w w Lipnicy Murowanej &#8211; to wszystko powstanie dzi\u0119ki \u015brodkom unijnym. Samorz\u0105dowcy podpisali umow\u0119 na odbi\u00f3r dofinansowania, o kt\u00f3rym informowali\u015bmy kilka tygodni temu. Warto\u015b\u0107 podpisanych w poniedzia\u0142ek przez wicemarsza\u0142ka Stanis\u0142awa Sorysa um\u00f3w wynosi ponad 117 mln z\u0142, z czego dofinansowanie z","og_url":"https:\/\/www.mojabochnia.pl\/?p=179675","og_site_name":"mojabochnia.pl - portal informacyjny","article_publisher":"https:\/\/www.facebook.com\/mojabochnia","article_published_time":"2017-10-30T14:24:25+00:00","article_modified_time":"2017-10-30T14:26:21+00:00","og_image":[{"width":1200,"height":801,"url":"https:\/\/www.mojabochnia.pl\/wp-content\/uploads\/2017\/10\/TOP_5834_001.jpg","type":"image\/jpeg"}],"author":"redakcja","twitter_card":"summary_large_image","twitter_misc":{"Written by":"redakcja","Est. reading time":"2 minuty"},"schema":{"@context":"https:\/\/schema.org","@graph":[{"@type":"Article","@id":"https:\/\/www.mojabochnia.pl\/?p=179675#article","isPartOf":{"@id":"https:\/\/www.mojabochnia.pl\/?p=179675"},"author":{"name":"redakcja","@id":"https:\/\/www.mojabochnia.pl\/#\/schema\/person\/7e2f20ead9902216a3384f13606c0ab7"},"headline":"Unijne miliony dla Boche\u0144szczyzny: umowy podpisane","datePublished":"2017-10-30T14:24:25+00:00","dateModified":"2017-10-30T14:26:21+00:00","mainEntityOfPage":{"@id":"https:\/\/www.mojabochnia.pl\/?p=179675"},"wordCount":437,"commentCount":0,"publisher":{"@id":"https:\/\/www.mojabochnia.pl\/#organization"},"image":{"@id":"https:\/\/www.mojabochnia.pl\/?p=179675#primaryimage"},"thumbnailUrl":"https:\/\/www.mojabochnia.pl\/wp-content\/uploads\/2017\/10\/TOP_5834_001.jpg","keywords":["dotacja","gorzk\u00f3w","piec","stanis\u0142aw sorys","strefa gospodarcza","t\u0119\u017cnia","top temat","unia europejska"],"articleSection":["polityka i wydarzenia"],"inLanguage":"pl-PL","potentialAction":[{"@type":"CommentAction","name":"Comment","target":["https:\/\/www.mojabochnia.pl\/?p=179675#respond"]}]},{"@type":"WebPage","@id":"https:\/\/www.mojabochnia.pl\/?p=179675","url":"https:\/\/www.mojabochnia.pl\/?p=179675","name":"Unijne miliony dla Boche\u0144szczyzny: umowy podpisane - mojabochnia.pl - portal informacyjny","isPartOf":{"@id":"https:\/\/www.mojabochnia.pl\/#website"},"primaryImageOfPage":{"@id":"https:\/\/www.mojabochnia.pl\/?p=179675#primaryimage"},"image":{"@id":"https:\/\/www.mojabochnia.pl\/?p=179675#primaryimage"},"thumbnailUrl":"https:\/\/www.mojabochnia.pl\/wp-content\/uploads\/2017\/10\/TOP_5834_001.jpg","datePublished":"2017-10-30T14:24:25+00:00","dateModified":"2017-10-30T14:26:21+00:00","breadcrumb":{"@id":"https:\/\/www.mojabochnia.pl\/?p=179675#breadcrumb"},"inLanguage":"pl-PL","potentialAction":[{"@type":"ReadAction","target":["https:\/\/www.mojabochnia.pl\/?p=179675"]}]},{"@type":"ImageObject","inLanguage":"pl-PL","@id":"https:\/\/www.mojabochnia.pl\/?p=179675#primaryimage","url":"https:\/\/www.mojabochnia.pl\/wp-content\/uploads\/2017\/10\/TOP_5834_001.jpg","contentUrl":"https:\/\/www.mojabochnia.pl\/wp-content\/uploads\/2017\/10\/TOP_5834_001.jpg","width":1200,"height":801,"caption":"UMWM"},{"@type":"BreadcrumbList","@id":"https:\/\/www.mojabochnia.pl\/?p=179675#breadcrumb","itemListElement":[{"@type":"ListItem","position":1,"name":"Home","item":"https:\/\/www.mojabochnia.pl\/"},{"@type":"ListItem","position":2,"name":"Unijne miliony dla Boche\u0144szczyzny: umowy podpisane"}]},{"@type":"WebSite","@id":"https:\/\/www.mojabochnia.pl\/#website","url":"https:\/\/www.mojabochnia.pl\/","name":"mojabochnia.pl - portal informacyjny","description":"mojaBochnia to portal informacyjny o Bochni. Codziennie o Bochni piszemy i pokazujemy najwa\u017cniejsze wydarzenia","publisher":{"@id":"https:\/\/www.mojabochnia.pl\/#organization"},"potentialAction":[{"@type":"SearchAction","target":{"@type":"EntryPoint","urlTemplate":"https:\/\/www.mojabochnia.pl\/?s={search_term_string}"},"query-input":{"@type":"PropertyValueSpecification","valueRequired":true,"valueName":"search_term_string"}}],"inLanguage":"pl-PL"},{"@type":"Organization","@id":"https:\/\/www.mojabochnia.pl\/#organization","name":"mojabochnia.pl - portal informacyjny","url":"https:\/\/www.mojabochnia.pl\/","logo":{"@type":"ImageObject","inLanguage":"pl-PL","@id":"https:\/\/www.mojabochnia.pl\/#\/schema\/logo\/image\/","url":"https:\/\/www.mojabochnia.pl\/wp-content\/uploads\/2017\/08\/logo-mb-opt.png","contentUrl":"https:\/\/www.mojabochnia.pl\/wp-content\/uploads\/2017\/08\/logo-mb-opt.png","width":250,"height":48,"caption":"mojabochnia.pl - portal informacyjny"},"image":{"@id":"https:\/\/www.mojabochnia.pl\/#\/schema\/logo\/image\/"},"sameAs":["https:\/\/www.facebook.com\/mojabochnia"]},{"@type":"Person","@id":"https:\/\/www.mojabochnia.pl\/#\/schema\/person\/7e2f20ead9902216a3384f13606c0ab7","name":"redakcja","sameAs":["http:\/\/"],"url":"https:\/\/www.mojabochnia.pl\/?author=13"}]}},"_links":{"self":[{"href":"https:\/\/www.mojabochnia.pl\/index.php?rest_route=\/wp\/v2\/posts\/179675","targetHints":{"allow":["GET"]}}],"collection":[{"href":"https:\/\/www.mojabochnia.pl\/index.php?rest_route=\/wp\/v2\/posts"}],"about":[{"href":"https:\/\/www.mojabochnia.pl\/index.php?rest_route=\/wp\/v2\/types\/post"}],"author":[{"embeddable":true,"href":"https:\/\/www.mojabochnia.pl\/index.php?rest_route=\/wp\/v2\/users\/13"}],"replies":[{"embeddable":true,"href":"https:\/\/www.mojabochnia.pl\/index.php?rest_route=%2Fwp%2Fv2%2Fcomments&post=179675"}],"version-history":[{"count":1,"href":"https:\/\/www.mojabochnia.pl\/index.php?rest_route=\/wp\/v2\/posts\/179675\/revisions"}],"predecessor-version":[{"id":179678,"href":"https:\/\/www.mojabochnia.pl\/index.php?rest_route=\/wp\/v2\/posts\/179675\/revisions\/179678"}],"wp:featuredmedia":[{"embeddable":true,"href":"https:\/\/www.mojabochnia.pl\/index.php?rest_route=\/wp\/v2\/media\/179677"}],"wp:attachment":[{"href":"https:\/\/www.mojabochnia.pl\/index.php?rest_route=%2Fwp%2Fv2%2Fmedia&parent=179675"}],"wp:term":[{"taxonomy":"category","embeddable":true,"href":"https:\/\/www.mojabochnia.pl\/index.php?rest_route=%2Fwp%2Fv2%2Fcategories&post=179675"},{"taxonomy":"post_tag","embeddable":true,"href":"https:\/\/www.mojabochnia.pl\/index.php?rest_route=%2Fwp%2Fv2%2Ftags&post=179675"}],"curies":[{"name":"wp","href":"https:\/\/api.w.org\/{rel}","templated":true}]}}