{"id":179585,"date":"2017-10-27T16:30:18","date_gmt":"2017-10-27T14:30:18","guid":{"rendered":"https:\/\/www.mojabochnia.pl\/?p=179585"},"modified":"2017-10-27T16:30:51","modified_gmt":"2017-10-27T14:30:51","slug":"wzrosna-podatki-od-nieruchomosci-nizsze-od-pojazdow-czy-zatrzyma-to-odplyw-firm-do-gm-bochnia","status":"publish","type":"post","link":"https:\/\/www.mojabochnia.pl\/?p=179585","title":{"rendered":"Wzrosn\u0105 podatki od nieruchomo\u015bci, ni\u017csze od pojazd\u00f3w. Czy zatrzyma to odp\u0142yw firm do gm. Bochnia?"},"content":{"rendered":"<p><strong>W Bochni wzrosn\u0105 podatki od nieruchomo\u015bci. Miasto obni\u017cy\u0142o natomiast podatki od pojazd\u00f3w i to o 30 procent. Nowe stawki podatk\u00f3w lokalnych przeg\u0142osowali radni podczas sesji 26 pa\u017adziernika.<\/strong><\/p>\n<p>Rada miasta przeg\u0142osowa\u0142a nowe stawki podatk\u00f3w lokalnych. Od nowego roku danina sk\u0142adana od nieruchomo\u015bci b\u0119dzie o blisko 2 procent wy\u017csza ni\u017c obecnie. Wed\u0142ug nowych stawek, cena metra kwadratowego powierzchni u\u017cytkowej od firm wyniesie 18,96 z\u0142, a od budynk\u00f3w mieszkalnych 0,52 z\u0142. Od grunt\u00f3w firmy zap\u0142ac\u0105 0,66 z\u0142, a organizacje po\u017cytku publicznego 0,21 z\u0142.<em> Wska\u017anik wzrostu cen detalicznych towar\u00f3w i us\u0142ug konsumpcyjnych, wg kt\u00f3rego przeliczane s\u0105 maksymalne stawki podatku od nieruchomo\u015bci, wzr\u00f3s\u0142 w okresie pierwszego p\u00f3\u0142rocza roku 2017 o 1,9 % w stosunku do analogicznego okresu roku poprzedniego, w zwi\u0105zku z tym o taki sam wska\u017anik wzrosn\u0105 w 2018 r. g\u00f3rne granice stawek kwotowych podatk\u00f3w i op\u0142at lokalnych<\/em> &#8211; czytamy w uzasadnieniu uchwa\u0142y. <em>W wyniku zaplanowanych zmian dochody bud\u017cetu miasta na rok 2018 wzrosn\u0105 o kwot\u0119 ok. 300 000,00 z\u0142<\/em> &#8211; napisano dalej. <\/p>\n<p>Miasto obni\u017cy\u0142o natomiast podatki od pojazd\u00f3w i to o 30 procent. Ma to zatrzyma\u0107 przedsi\u0119biorc\u00f3w w Bochni, bo tylko w tym roku kilka firm przenios\u0142o sw\u00f3j a dzia\u0142alno\u015b\u0107 do gminy Bochnia, na czym miasto straci\u0142o do ok. 53 000 z\u0142. <em>W roku 2017 z przeniesienia siedziby firmy do Gminy Bochnia skorzysta\u0142o kilku podatnik\u00f3w, co uszczupli\u0142o bud\u017cet Miasta Bochnia o ok. 53 000 z\u0142. Bior\u0105c pod uwag\u0119 mo\u017cliwo\u015b\u0107 przeniesienia swoich siedzib przez cz\u0119\u015b\u0107 przedsi\u0119biorc\u00f3w do Gminy Bochnia, a tym samym opodatkowania pojazd\u00f3w podlegaj\u0105cych podatkowi od \u015brodk\u00f3w transportowych po zdecydowanie ni\u017cszych stawkach, Burmistrz Miasta Bochnia proponuje, by stawki podatku od \u015brodk\u00f3w transportowych obni\u017cy\u0107 \u015brednio o 30 %. Skutek finansowy obni\u017cenia tych stawek wyniesie ok. 100 000 z\u0142<\/em> &#8211; napisano w uzasadnieniu uchwa\u0142y.<\/p>\n<p>komisja bud\u017cetowa by\u0142a jednomy\u015blna w sprawie podatk\u00f3w od \u015brodk\u00f3w transportu, podzieli\u0142a si\u0119 natomiast w sprawie danin od nieruchomo\u015bci. 3 radnych by\u0142o &#8222;za&#8221;, 2 zag\u0142osowa\u0142o &#8222;przeciw&#8221;, a 1 osoba wstrzyma\u0142a si\u0119 od g\u0142osu. Radny Piotr Dziurdzia, szef komisji bud\u017cetowej, uzasadniaj\u0105c podwy\u017ck\u0119 podatk\u00f3w od nieruchomo\u015bci, stwierdzi\u0142, \u017ce lepiej podnosi\u0107 podatki systematycznie o niewielkie kwoty ni\u017c jednorazowo o np. 8 procent. Jego zdaniem za podnoszeniem podatk\u00f3w przemawia rozw\u00f3j i wzrost zamo\u017cno\u015bci w gospodarstwach domowych, a tak\u017ce rosn\u0105ce ceny produkt\u00f3w i us\u0142ug. Jako przyk\u0142ad wskaza\u0142 wy\u017csze ceny inwestycji, osi\u0105gane w wyniku przetarg\u00f3w. Wzrost podatk\u00f3w mia\u0142by si\u0119ga\u0107 wysoko\u015bci inflacji. <em>Nie chcia\u0142bym, \u017ceby wpada\u0107 w jak\u0105\u015b hipokryzj\u0119, tylko przyj\u0105\u0107 zasad\u0119 i realizowa\u0107 j\u0105 konsekwentnie nie tylko w tym roku, ale r\u00f3wnie\u017c w przysz\u0142ym, kt\u00f3ry b\u0119dzie rokiem wyborczym<\/em> &#8211; m\u00f3wi\u0142 podczas czwartkowej sesji. <\/p>\n<p>Co ciekawe, r\u00f3\u017cnica w podej\u015bciu do podwy\u017cki podatk\u00f3w zaistnia\u0142a w gronie radnych klubu PiS. Przeciwnikiem podnoszenia podatku od nieruchomo\u015bci by\u0142 radny Bogdan Kosturkiewicz. Stwierdzi\u0142, \u017ce mieszka\u0144cy musz\u0105 p\u0142aci\u0107 wi\u0119cej za \u017cywno\u015b\u0107 i wod\u0119 i argumentacja, \u017ce z powodu inflacji nale\u017cy r\u00f3wnie\u017c podnie\u015b\u0107 podatek od nieruchomo\u015bci \u201ejest s\u0142aba\u201d. <em>S\u0142aba argumentacja by\u0142a r\u00f3wnie\u017c w zesz\u0142ym roku, gdy pomimo \u017ce by\u0142a deflacja, r\u00f3wnie\u017c podwy\u017cszano podatki od nieruchomo\u015bci. Konkluzja: czy jest deflacja, czy inflacja, podwy\u017cki podatk\u00f3w od nieruchomo\u015bci w Bochni nast\u0119puj\u0105<\/em> &#8211; m\u00f3wi\u0142. <\/p>\n<p>Radny zauwa\u017cy\u0142, \u017ce wzrost wp\u0142yw\u00f3w do bud\u017cetu wyniesie ok. 300 tys. z\u0142. <em>Zwa\u017cywszy na to, jakim bud\u017cetem dysponujemy, przyznaj\u0105 pa\u0144stwo, \u017ce jest to wp\u0142yw nieznaczny. Czy ta podwy\u017cka b\u0119dzie w bardzo znaczny spos\u00f3b obci\u0105\u017ca\u0142 mieszka\u0144c\u00f3w Bochni, inwestor\u00f3w, r\u00f3wnie\u017c nie. Poniewa\u017c od stu metr\u00f3w dzia\u0142alno\u015bci gospodarczej, mieszka\u0144cy zap\u0142ac\u0105 35 z\u0142<\/em> &#8211; kontynuowa\u0142. <\/p>\n<p>Radny wskaza\u0142 argumenty za utrzymaniem podatk\u00f3w od nieruchomo\u015bci na dotychczasowym poziomie. <em>Poniewa\u017c jestem prawicowcem konserwatyst\u0105, uwa\u017cam \u017ce pieni\u0105dze powinny pozostawa\u0107 w kieszeniach mieszka\u0144c\u00f3w, a pa\u0144stwo powinno si\u0119 bogaci\u0107 poprzez wp\u0142ywy z podatku PIT, z podatku CIT, z tytu\u0142u op\u0142at od czynno\u015bci cywilnoprawnych. St\u0105d uwa\u017ca\u0142em, \u017ce podatki lokalne, czyli np. podatek od nieruchomo\u015bci, nale\u017cy podwy\u017csza\u0107 w\u00f3wczas, kiedy mieszka\u0144c\u00f3w powodzi si\u0119 lepiej. A s\u0142yszymy, \u017ce mieszka\u0144com nie powodzi si\u0119 niestety lepiej, szczeg\u00f3lnie w Bochni. S\u0142yszmy, \u017ce mieszka\u0144cy emigruj\u0105, \u017ce z 30 tysi\u0119cy mieszka\u0144c\u00f3w, kt\u00f3rzy byli jeszcze w roku 2010, w tej chwili zosta\u0142o 25,5 tysi\u0105ca mieszka\u0144c\u00f3w. M\u0142odzi ludzie szukaj\u0105 miejsc pracy poza Bochni\u0105, sam mam tego do\u015bwiadczenia, ale jest jeszcze gorsza rzecz, kt\u00f3ra powoduje \u017ce ci mieszka\u0144cy wyje\u017cd\u017caj\u0105. To nie podatki od nieruchomo\u015bci, gorsz\u0105 rzecz\u0105 s\u0105 miejscowe plany zagospodarowania przestrzennego<\/em>. <\/p>\n<p>Zdaniem Bogdana Kosturkiewicza, ostatnio przyj\u0119te plany przestrzenne spowodowa\u0142y, \u017ce \u201ena niekt\u00f3rych obszarach miasta Bochni nie da si\u0119 inwestowa\u0107\u201d. Powodem maj\u0105 by\u0107 wska\u017aniki zabudowy na poziomie ni\u017cszym ni\u017c obecny na danych nieruchomo\u015bciach. <em>Studium okre\u015bla\u0142o, \u017ce do 70 procent, to w miejscowym planie przyj\u0119to, \u017ce do 40 procent , podczas gdy w tej chwili na wielu dzia\u0142kach te wska\u017aniki wynosz\u0105 50-60 procent, w zwi\u0105zku z tym a priori nie mo\u017cna inwestowa\u0107. Gdyby mo\u017cna by\u0142o inwestowa\u0107, tych nieruchomo\u015bci powsta\u0142oby znacznie wi\u0119cej i najprawdopodobniej nie trzeba by\u0142oby tej podwy\u017cki: 1,9 procent<\/em> &#8211; uzasadnia\u0142. <\/p>\n<p>Radny zwr\u00f3ci\u0142 uwag\u0119, \u017ce warto\u015b\u0107 podwy\u017cki o 1,9 procent wywo\u0142uje jedynie \u201eefekt propagandowy\u201d. <em>Powiem co\u015b, co mo\u017ce pa\u0144stwa zaskoczy, ale uwa\u017ca \u017ce i tak podwy\u017cszanie podatku od nieruchomo\u015bci jest lepszym rozwi\u0105zaniem ni\u017c np. podwy\u017cszanie cen wody o 40 procent po to, aby MPWiK wypracowa\u0142 zyski, z kt\u00f3rych pan burmistrz zabiera 4,1 mln z\u0142, aby te pieni\u0105dze przeznaczy\u0107 na inwestycje, a te 4,1 mln z\u0142 s\u0105 dwukrotnie opodatkowane: zar\u00f3wno podatkiem VAT, jak i podatkiem CIT. A tutaj w stu procentach przynajmniej te \u015brodki wp\u0142ywaj\u0105 do bud\u017cetu miasta. Tam si\u0119 dzielimy z ministrem finans\u00f3w. Minister finans\u00f3w powinien przyzna\u0107 order dla pana burmistrza, za to, \u017ce tak dba o finanse pa\u0144stwa i \u017ce te \u015brodki przep\u0142ywaj\u0105<\/em>. <\/p>\n<p><em>Efekt propagandowy marny. Raczej to jest odstraszanie inwestor\u00f3w, \u201enie przychod\u017acie do nas, szukajcie gmin, gdzie warunki do inwestowania s\u0105 znacznie lepsze\u201d<\/em> &#8211; podsumowa\u0142 swoje wyst\u0105pienie Bogdan Kosturkiewicz. <\/p>\n<p>Jan Balicki, przewodnicz\u0105cy rady miasta, zauwa\u017cy\u0142, \u017ce podatki od \u015brodk\u00f3w transportowych w Bochni s\u0105 obecnie wy\u017csze ni\u017c w gminach s\u0105siednich od 20 nawet do 100 procent. <em>Wydaje mi si\u0119, \u017ce powinni\u015bmy popatrze\u0107 na realnie, \u017ceby potencjalny inwestor, kt\u00f3ry przychodzi i mo\u017ce mie\u0107 podobny teren np. w Bochni i w Brzesku i by\u0107 mo\u017ce w nast\u0119pnej kolejno\u015bci spojrzy na wysoko\u015bci podatk\u00f3w, \u017ceby one by\u0142y konkurencyjne r\u00f3wnie\u017c do s\u0105siad\u00f3w. Tu apel do pana burmistrza: na ka\u017cdej komisji w przysz\u0142ym roku powinno by\u0107 przedstawione radnym zestawienie wysoko\u015bci podatk\u00f3w, zar\u00f3wno tych od nieruchomo\u015bci, jak i tych od \u015brodk\u00f3w transportu. Na ka\u017cdej komisji, \u017ceby radni mogli odnie\u015b\u0107 si\u0119 do tego tematu i wyrobi\u0107 sobie w\u0142asne zdanie<\/em> &#8211; m\u00f3wi\u0142. <\/p>\n<p>Za nowymi podatkami od \u015brodk\u00f3w transportu radni g\u0142osowali prawie jednog\u0142o\u015bnie, jedna osoba (Bogdan Kosturkiewicz) by\u0142a przeciw. W sprawie podatk\u00f3w od nieruchomo\u015bci \u201eza\u201d by\u0142o 13 os\u00f3b, 4 by\u0142y \u201eprzeciw\u201d, r\u00f3wnie\u017c 4 wstrzyma\u0142y si\u0119 od g\u0142osu. Przy okazji wysz\u0142o na jaw, \u017ce radny Bogdan Kosturkiewicz pomyli\u0142 g\u0142osowania, za co przeprosi\u0142 mieszka\u0144c\u00f3w. <em>Procedowali\u015bmy najpierw nad ustaw\u0105 o podatkach od nieruchomo\u015bci. Przepraszam wszystkich mieszka\u0144c\u00f3w Bochni, pomyli\u0142em si\u0119 po prostu, poniewa\u017c g\u0142osowa\u0142em zgodnie z tym, co procedowali\u015bmy, oczywi\u015bcie jestem przeciwko wzrostowi cen podatk\u00f3w od nieruchomo\u015bci, natomiast za obni\u017ceniem cen pojazd\u00f3w, kt\u00f3re kursuj\u0105 po naszych drogach<\/em> \u2013 t\u0142umaczy\u0142 radny.<\/p>\n","protected":false},"excerpt":{"rendered":"<p>W Bochni wzrosn\u0105 podatki od nieruchomo\u015bci. Miasto obni\u017cy\u0142o natomiast podatki od pojazd\u00f3w i to o 30 procent. Nowe stawki podatk\u00f3w lokalnych przeg\u0142osowali radni podczas sesji 26 pa\u017adziernika. Rada miasta przeg\u0142osowa\u0142a nowe stawki podatk\u00f3w lokalnych. Od nowego roku danina sk\u0142adana od nieruchomo\u015bci b\u0119dzie o blisko 2 procent wy\u017csza ni\u017c obecnie. Wed\u0142ug nowych stawek, cena metra kwadratowego<\/p>\n","protected":false},"author":4,"featured_media":160225,"comment_status":"open","ping_status":"closed","sticky":false,"template":"","format":"standard","meta":{"_acf_changed":false,"footnotes":""},"categories":[6251],"tags":[17477,17519,19720],"class_list":["post-179585","post","type-post","status-publish","format-standard","has-post-thumbnail","hentry","category-polityka-i-wydarzenia","tag-podatki","tag-sesja","tag-top-temat","main_tag-podatki"],"acf":[],"yoast_head":"<!-- This site is optimized with the Yoast SEO plugin v26.9 - https:\/\/yoast.com\/product\/yoast-seo-wordpress\/ -->\n<title>Wzrosn\u0105 podatki od nieruchomo\u015bci, ni\u017csze od pojazd\u00f3w. Czy zatrzyma to odp\u0142yw firm do gm. Bochnia? - mojabochnia.pl - portal informacyjny<\/title>\n<meta name=\"robots\" content=\"index, follow, max-snippet:-1, max-image-preview:large, max-video-preview:-1\" \/>\n<link rel=\"canonical\" href=\"https:\/\/www.mojabochnia.pl\/?p=179585\" \/>\n<meta property=\"og:locale\" content=\"pl_PL\" \/>\n<meta property=\"og:type\" content=\"article\" \/>\n<meta property=\"og:title\" content=\"Wzrosn\u0105 podatki od nieruchomo\u015bci, ni\u017csze od pojazd\u00f3w. Czy zatrzyma to odp\u0142yw firm do gm. Bochnia? - mojabochnia.pl - portal informacyjny\" \/>\n<meta property=\"og:description\" content=\"W Bochni wzrosn\u0105 podatki od nieruchomo\u015bci. Miasto obni\u017cy\u0142o natomiast podatki od pojazd\u00f3w i to o 30 procent. Nowe stawki podatk\u00f3w lokalnych przeg\u0142osowali radni podczas sesji 26 pa\u017adziernika. Rada miasta przeg\u0142osowa\u0142a nowe stawki podatk\u00f3w lokalnych. Od nowego roku danina sk\u0142adana od nieruchomo\u015bci b\u0119dzie o blisko 2 procent wy\u017csza ni\u017c obecnie. Wed\u0142ug nowych stawek, cena metra kwadratowego\" \/>\n<meta property=\"og:url\" content=\"https:\/\/www.mojabochnia.pl\/?p=179585\" \/>\n<meta property=\"og:site_name\" content=\"mojabochnia.pl - portal informacyjny\" \/>\n<meta property=\"article:publisher\" content=\"https:\/\/www.facebook.com\/mojabochnia\" \/>\n<meta property=\"article:published_time\" content=\"2017-10-27T14:30:18+00:00\" \/>\n<meta property=\"article:modified_time\" content=\"2017-10-27T14:30:51+00:00\" \/>\n<meta property=\"og:image\" content=\"https:\/\/www.mojabochnia.pl\/wp-content\/uploads\/2016\/09\/IMG_4698-001.jpg\" \/>\n\t<meta property=\"og:image:width\" content=\"1000\" \/>\n\t<meta property=\"og:image:height\" content=\"562\" \/>\n\t<meta property=\"og:image:type\" content=\"image\/jpeg\" \/>\n<meta name=\"author\" content=\"Pawe\u0142 Michalczyk\" \/>\n<meta name=\"twitter:card\" content=\"summary_large_image\" \/>\n<meta name=\"twitter:label1\" content=\"Written by\" \/>\n\t<meta name=\"twitter:data1\" content=\"Pawe\u0142 Michalczyk\" \/>\n\t<meta name=\"twitter:label2\" content=\"Est. reading time\" \/>\n\t<meta name=\"twitter:data2\" content=\"7 minut\" \/>\n<script type=\"application\/ld+json\" class=\"yoast-schema-graph\">{\"@context\":\"https:\/\/schema.org\",\"@graph\":[{\"@type\":\"Article\",\"@id\":\"https:\/\/www.mojabochnia.pl\/?p=179585#article\",\"isPartOf\":{\"@id\":\"https:\/\/www.mojabochnia.pl\/?p=179585\"},\"author\":{\"name\":\"Pawe\u0142 Michalczyk\",\"@id\":\"https:\/\/www.mojabochnia.pl\/#\/schema\/person\/ea042e4724a77627963f02166828ead4\"},\"headline\":\"Wzrosn\u0105 podatki od nieruchomo\u015bci, ni\u017csze od pojazd\u00f3w. Czy zatrzyma to odp\u0142yw firm do gm. Bochnia?\",\"datePublished\":\"2017-10-27T14:30:18+00:00\",\"dateModified\":\"2017-10-27T14:30:51+00:00\",\"mainEntityOfPage\":{\"@id\":\"https:\/\/www.mojabochnia.pl\/?p=179585\"},\"wordCount\":1356,\"commentCount\":0,\"publisher\":{\"@id\":\"https:\/\/www.mojabochnia.pl\/#organization\"},\"image\":{\"@id\":\"https:\/\/www.mojabochnia.pl\/?p=179585#primaryimage\"},\"thumbnailUrl\":\"https:\/\/www.mojabochnia.pl\/wp-content\/uploads\/2016\/09\/IMG_4698-001.jpg\",\"keywords\":[\"podatki\",\"sesja\",\"top temat\"],\"articleSection\":[\"polityka i wydarzenia\"],\"inLanguage\":\"pl-PL\",\"potentialAction\":[{\"@type\":\"CommentAction\",\"name\":\"Comment\",\"target\":[\"https:\/\/www.mojabochnia.pl\/?p=179585#respond\"]}]},{\"@type\":\"WebPage\",\"@id\":\"https:\/\/www.mojabochnia.pl\/?p=179585\",\"url\":\"https:\/\/www.mojabochnia.pl\/?p=179585\",\"name\":\"Wzrosn\u0105 podatki od nieruchomo\u015bci, ni\u017csze od pojazd\u00f3w. Czy zatrzyma to odp\u0142yw firm do gm. Bochnia? - mojabochnia.pl - portal informacyjny\",\"isPartOf\":{\"@id\":\"https:\/\/www.mojabochnia.pl\/#website\"},\"primaryImageOfPage\":{\"@id\":\"https:\/\/www.mojabochnia.pl\/?p=179585#primaryimage\"},\"image\":{\"@id\":\"https:\/\/www.mojabochnia.pl\/?p=179585#primaryimage\"},\"thumbnailUrl\":\"https:\/\/www.mojabochnia.pl\/wp-content\/uploads\/2016\/09\/IMG_4698-001.jpg\",\"datePublished\":\"2017-10-27T14:30:18+00:00\",\"dateModified\":\"2017-10-27T14:30:51+00:00\",\"breadcrumb\":{\"@id\":\"https:\/\/www.mojabochnia.pl\/?p=179585#breadcrumb\"},\"inLanguage\":\"pl-PL\",\"potentialAction\":[{\"@type\":\"ReadAction\",\"target\":[\"https:\/\/www.mojabochnia.pl\/?p=179585\"]}]},{\"@type\":\"ImageObject\",\"inLanguage\":\"pl-PL\",\"@id\":\"https:\/\/www.mojabochnia.pl\/?p=179585#primaryimage\",\"url\":\"https:\/\/www.mojabochnia.pl\/wp-content\/uploads\/2016\/09\/IMG_4698-001.jpg\",\"contentUrl\":\"https:\/\/www.mojabochnia.pl\/wp-content\/uploads\/2016\/09\/IMG_4698-001.jpg\",\"width\":1000,\"height\":562,\"caption\":\"Pawe\u0142 Michalczyk\"},{\"@type\":\"BreadcrumbList\",\"@id\":\"https:\/\/www.mojabochnia.pl\/?p=179585#breadcrumb\",\"itemListElement\":[{\"@type\":\"ListItem\",\"position\":1,\"name\":\"Home\",\"item\":\"https:\/\/www.mojabochnia.pl\/\"},{\"@type\":\"ListItem\",\"position\":2,\"name\":\"Wzrosn\u0105 podatki od nieruchomo\u015bci, ni\u017csze od pojazd\u00f3w. Czy zatrzyma to odp\u0142yw firm do gm. Bochnia?\"}]},{\"@type\":\"WebSite\",\"@id\":\"https:\/\/www.mojabochnia.pl\/#website\",\"url\":\"https:\/\/www.mojabochnia.pl\/\",\"name\":\"mojabochnia.pl - portal informacyjny\",\"description\":\"mojaBochnia to portal informacyjny o Bochni. Codziennie o Bochni piszemy i pokazujemy najwa\u017cniejsze wydarzenia\",\"publisher\":{\"@id\":\"https:\/\/www.mojabochnia.pl\/#organization\"},\"potentialAction\":[{\"@type\":\"SearchAction\",\"target\":{\"@type\":\"EntryPoint\",\"urlTemplate\":\"https:\/\/www.mojabochnia.pl\/?s={search_term_string}\"},\"query-input\":{\"@type\":\"PropertyValueSpecification\",\"valueRequired\":true,\"valueName\":\"search_term_string\"}}],\"inLanguage\":\"pl-PL\"},{\"@type\":\"Organization\",\"@id\":\"https:\/\/www.mojabochnia.pl\/#organization\",\"name\":\"mojabochnia.pl - portal informacyjny\",\"url\":\"https:\/\/www.mojabochnia.pl\/\",\"logo\":{\"@type\":\"ImageObject\",\"inLanguage\":\"pl-PL\",\"@id\":\"https:\/\/www.mojabochnia.pl\/#\/schema\/logo\/image\/\",\"url\":\"https:\/\/www.mojabochnia.pl\/wp-content\/uploads\/2017\/08\/logo-mb-opt.png\",\"contentUrl\":\"https:\/\/www.mojabochnia.pl\/wp-content\/uploads\/2017\/08\/logo-mb-opt.png\",\"width\":250,\"height\":48,\"caption\":\"mojabochnia.pl - portal informacyjny\"},\"image\":{\"@id\":\"https:\/\/www.mojabochnia.pl\/#\/schema\/logo\/image\/\"},\"sameAs\":[\"https:\/\/www.facebook.com\/mojabochnia\"]},{\"@type\":\"Person\",\"@id\":\"https:\/\/www.mojabochnia.pl\/#\/schema\/person\/ea042e4724a77627963f02166828ead4\",\"name\":\"Pawe\u0142 Michalczyk\",\"url\":\"https:\/\/www.mojabochnia.pl\/?author=4\"}]}<\/script>\n<!-- \/ Yoast SEO plugin. -->","yoast_head_json":{"title":"Wzrosn\u0105 podatki od nieruchomo\u015bci, ni\u017csze od pojazd\u00f3w. Czy zatrzyma to odp\u0142yw firm do gm. Bochnia? - mojabochnia.pl - portal informacyjny","robots":{"index":"index","follow":"follow","max-snippet":"max-snippet:-1","max-image-preview":"max-image-preview:large","max-video-preview":"max-video-preview:-1"},"canonical":"https:\/\/www.mojabochnia.pl\/?p=179585","og_locale":"pl_PL","og_type":"article","og_title":"Wzrosn\u0105 podatki od nieruchomo\u015bci, ni\u017csze od pojazd\u00f3w. Czy zatrzyma to odp\u0142yw firm do gm. Bochnia? - mojabochnia.pl - portal informacyjny","og_description":"W Bochni wzrosn\u0105 podatki od nieruchomo\u015bci. Miasto obni\u017cy\u0142o natomiast podatki od pojazd\u00f3w i to o 30 procent. Nowe stawki podatk\u00f3w lokalnych przeg\u0142osowali radni podczas sesji 26 pa\u017adziernika. Rada miasta przeg\u0142osowa\u0142a nowe stawki podatk\u00f3w lokalnych. Od nowego roku danina sk\u0142adana od nieruchomo\u015bci b\u0119dzie o blisko 2 procent wy\u017csza ni\u017c obecnie. Wed\u0142ug nowych stawek, cena metra kwadratowego","og_url":"https:\/\/www.mojabochnia.pl\/?p=179585","og_site_name":"mojabochnia.pl - portal informacyjny","article_publisher":"https:\/\/www.facebook.com\/mojabochnia","article_published_time":"2017-10-27T14:30:18+00:00","article_modified_time":"2017-10-27T14:30:51+00:00","og_image":[{"width":1000,"height":562,"url":"https:\/\/www.mojabochnia.pl\/wp-content\/uploads\/2016\/09\/IMG_4698-001.jpg","type":"image\/jpeg"}],"author":"Pawe\u0142 Michalczyk","twitter_card":"summary_large_image","twitter_misc":{"Written by":"Pawe\u0142 Michalczyk","Est. reading time":"7 minut"},"schema":{"@context":"https:\/\/schema.org","@graph":[{"@type":"Article","@id":"https:\/\/www.mojabochnia.pl\/?p=179585#article","isPartOf":{"@id":"https:\/\/www.mojabochnia.pl\/?p=179585"},"author":{"name":"Pawe\u0142 Michalczyk","@id":"https:\/\/www.mojabochnia.pl\/#\/schema\/person\/ea042e4724a77627963f02166828ead4"},"headline":"Wzrosn\u0105 podatki od nieruchomo\u015bci, ni\u017csze od pojazd\u00f3w. Czy zatrzyma to odp\u0142yw firm do gm. Bochnia?","datePublished":"2017-10-27T14:30:18+00:00","dateModified":"2017-10-27T14:30:51+00:00","mainEntityOfPage":{"@id":"https:\/\/www.mojabochnia.pl\/?p=179585"},"wordCount":1356,"commentCount":0,"publisher":{"@id":"https:\/\/www.mojabochnia.pl\/#organization"},"image":{"@id":"https:\/\/www.mojabochnia.pl\/?p=179585#primaryimage"},"thumbnailUrl":"https:\/\/www.mojabochnia.pl\/wp-content\/uploads\/2016\/09\/IMG_4698-001.jpg","keywords":["podatki","sesja","top temat"],"articleSection":["polityka i wydarzenia"],"inLanguage":"pl-PL","potentialAction":[{"@type":"CommentAction","name":"Comment","target":["https:\/\/www.mojabochnia.pl\/?p=179585#respond"]}]},{"@type":"WebPage","@id":"https:\/\/www.mojabochnia.pl\/?p=179585","url":"https:\/\/www.mojabochnia.pl\/?p=179585","name":"Wzrosn\u0105 podatki od nieruchomo\u015bci, ni\u017csze od pojazd\u00f3w. Czy zatrzyma to odp\u0142yw firm do gm. Bochnia? - mojabochnia.pl - portal informacyjny","isPartOf":{"@id":"https:\/\/www.mojabochnia.pl\/#website"},"primaryImageOfPage":{"@id":"https:\/\/www.mojabochnia.pl\/?p=179585#primaryimage"},"image":{"@id":"https:\/\/www.mojabochnia.pl\/?p=179585#primaryimage"},"thumbnailUrl":"https:\/\/www.mojabochnia.pl\/wp-content\/uploads\/2016\/09\/IMG_4698-001.jpg","datePublished":"2017-10-27T14:30:18+00:00","dateModified":"2017-10-27T14:30:51+00:00","breadcrumb":{"@id":"https:\/\/www.mojabochnia.pl\/?p=179585#breadcrumb"},"inLanguage":"pl-PL","potentialAction":[{"@type":"ReadAction","target":["https:\/\/www.mojabochnia.pl\/?p=179585"]}]},{"@type":"ImageObject","inLanguage":"pl-PL","@id":"https:\/\/www.mojabochnia.pl\/?p=179585#primaryimage","url":"https:\/\/www.mojabochnia.pl\/wp-content\/uploads\/2016\/09\/IMG_4698-001.jpg","contentUrl":"https:\/\/www.mojabochnia.pl\/wp-content\/uploads\/2016\/09\/IMG_4698-001.jpg","width":1000,"height":562,"caption":"Pawe\u0142 Michalczyk"},{"@type":"BreadcrumbList","@id":"https:\/\/www.mojabochnia.pl\/?p=179585#breadcrumb","itemListElement":[{"@type":"ListItem","position":1,"name":"Home","item":"https:\/\/www.mojabochnia.pl\/"},{"@type":"ListItem","position":2,"name":"Wzrosn\u0105 podatki od nieruchomo\u015bci, ni\u017csze od pojazd\u00f3w. Czy zatrzyma to odp\u0142yw firm do gm. Bochnia?"}]},{"@type":"WebSite","@id":"https:\/\/www.mojabochnia.pl\/#website","url":"https:\/\/www.mojabochnia.pl\/","name":"mojabochnia.pl - portal informacyjny","description":"mojaBochnia to portal informacyjny o Bochni. Codziennie o Bochni piszemy i pokazujemy najwa\u017cniejsze wydarzenia","publisher":{"@id":"https:\/\/www.mojabochnia.pl\/#organization"},"potentialAction":[{"@type":"SearchAction","target":{"@type":"EntryPoint","urlTemplate":"https:\/\/www.mojabochnia.pl\/?s={search_term_string}"},"query-input":{"@type":"PropertyValueSpecification","valueRequired":true,"valueName":"search_term_string"}}],"inLanguage":"pl-PL"},{"@type":"Organization","@id":"https:\/\/www.mojabochnia.pl\/#organization","name":"mojabochnia.pl - portal informacyjny","url":"https:\/\/www.mojabochnia.pl\/","logo":{"@type":"ImageObject","inLanguage":"pl-PL","@id":"https:\/\/www.mojabochnia.pl\/#\/schema\/logo\/image\/","url":"https:\/\/www.mojabochnia.pl\/wp-content\/uploads\/2017\/08\/logo-mb-opt.png","contentUrl":"https:\/\/www.mojabochnia.pl\/wp-content\/uploads\/2017\/08\/logo-mb-opt.png","width":250,"height":48,"caption":"mojabochnia.pl - portal informacyjny"},"image":{"@id":"https:\/\/www.mojabochnia.pl\/#\/schema\/logo\/image\/"},"sameAs":["https:\/\/www.facebook.com\/mojabochnia"]},{"@type":"Person","@id":"https:\/\/www.mojabochnia.pl\/#\/schema\/person\/ea042e4724a77627963f02166828ead4","name":"Pawe\u0142 Michalczyk","url":"https:\/\/www.mojabochnia.pl\/?author=4"}]}},"_links":{"self":[{"href":"https:\/\/www.mojabochnia.pl\/index.php?rest_route=\/wp\/v2\/posts\/179585","targetHints":{"allow":["GET"]}}],"collection":[{"href":"https:\/\/www.mojabochnia.pl\/index.php?rest_route=\/wp\/v2\/posts"}],"about":[{"href":"https:\/\/www.mojabochnia.pl\/index.php?rest_route=\/wp\/v2\/types\/post"}],"author":[{"embeddable":true,"href":"https:\/\/www.mojabochnia.pl\/index.php?rest_route=\/wp\/v2\/users\/4"}],"replies":[{"embeddable":true,"href":"https:\/\/www.mojabochnia.pl\/index.php?rest_route=%2Fwp%2Fv2%2Fcomments&post=179585"}],"version-history":[{"count":1,"href":"https:\/\/www.mojabochnia.pl\/index.php?rest_route=\/wp\/v2\/posts\/179585\/revisions"}],"predecessor-version":[{"id":179587,"href":"https:\/\/www.mojabochnia.pl\/index.php?rest_route=\/wp\/v2\/posts\/179585\/revisions\/179587"}],"wp:featuredmedia":[{"embeddable":true,"href":"https:\/\/www.mojabochnia.pl\/index.php?rest_route=\/wp\/v2\/media\/160225"}],"wp:attachment":[{"href":"https:\/\/www.mojabochnia.pl\/index.php?rest_route=%2Fwp%2Fv2%2Fmedia&parent=179585"}],"wp:term":[{"taxonomy":"category","embeddable":true,"href":"https:\/\/www.mojabochnia.pl\/index.php?rest_route=%2Fwp%2Fv2%2Fcategories&post=179585"},{"taxonomy":"post_tag","embeddable":true,"href":"https:\/\/www.mojabochnia.pl\/index.php?rest_route=%2Fwp%2Fv2%2Ftags&post=179585"}],"curies":[{"name":"wp","href":"https:\/\/api.w.org\/{rel}","templated":true}]}}