{"id":179571,"date":"2017-10-27T12:22:45","date_gmt":"2017-10-27T10:22:45","guid":{"rendered":"https:\/\/www.mojabochnia.pl\/?p=179571"},"modified":"2017-10-27T12:23:30","modified_gmt":"2017-10-27T10:23:30","slug":"dwaj-mieszkancy-bochni-pytaja-radnych-o-zasadnosc-tezni-koszt-stworzenia-jednego-miejsca-pracy-wyniesie-ponad-35-mln-zl-beda-to-najdrozsze-miejsca-pracy-w-bochni","status":"publish","type":"post","link":"https:\/\/www.mojabochnia.pl\/?p=179571","title":{"rendered":"Dwaj mieszka\u0144cy Bochni pytaj\u0105 radnych o zasadno\u015b\u0107 t\u0119\u017cni: &#8222;koszt stworzenia jednego miejsca pracy wyniesie ponad 3,5 mln z\u0142. B\u0119d\u0105 to najdro\u017csze miejsca pracy w Bochni&#8221;"},"content":{"rendered":"<p><strong>W czwartek podczas sesji rady miasta odczytano pismo, skierowane na r\u0119ce przewodnicz\u0105cego przez dw\u00f3ch mieszka\u0144c\u00f3w Bochni. Wyra\u017caj\u0105 oni swoje w\u0105tpliwo\u015bci na temat zasadno\u015bci budowy t\u0119\u017cni solankowej. Przypomnijmy, Bochnia dosta\u0142a na t\u0119 inwestycj\u0119 3,7 mln z\u0142 dofinansowania, pierwszy przetarg na wykonawstwo zosta\u0142 uniewa\u017cniony. Burmistrz zapowiedzia\u0142 og\u0142oszenie kolejnego.<\/strong><\/p>\n<p>Oto pe\u0142na tre\u015b\u0107 pisma:<\/p>\n<p><em>Bochnia, 23.10.2017 r.<\/p>\n<p>Szanowny Pan Jan Balicki<br \/>\nPrzewodnicz\u0105cy Rady Miasta Bochni<br \/>\nul. Kazimierza Wielkiego 2<br \/>\n32-700 Bochnia<\/p>\n<p>Dotyczy budowy t\u0119\u017cni solankowej w Bochni.<\/p>\n<p>Szanowny Panie Przewodnicz\u0105cy !<\/p>\n<p>W zwi\u0105zku z poparciem jakiego uchwa\u0142\u0105 nr XXXIII\/289\/17 z dnia 27.04.2017 r. Rada Miasta udzieli\u0142a Gminnemu Programowi Rewitalizacji Miasta Bochnia na lata 2017-2026, a tym samym projektowi budowy t\u0119\u017cni solankowej w Bochni, za Pana po\u015brednictwem prosimy Rad\u0119 Miasta o zwr\u00f3cenie uwagi na nast\u0119puj\u0105ce kwestie:<\/p>\n<p>1.\tUrz\u0105d Miasta nie przeprowadzi\u0142 rzetelnych konsultacji spo\u0142ecznych dotycz\u0105cych tej konkretnie inwestycji. Zw\u0142aszcza nie zapytano mieszka\u0144c\u00f3w:<br \/>\na.\tCzy chc\u0105 tej inwestycji,<br \/>\nb.\tCzy zgadzaj\u0105 si\u0119 na wydatkowanie takiej kwoty na jej realizacj\u0119,<br \/>\nc.\tCzy akceptuj\u0105 wskazan\u0105 lokalizacj\u0119.<\/p>\n<p>2.\tW zwi\u0105zku z planowanym wydatkowaniem ponad 7 mln z\u0142 z publicznych pieni\u0119dzy zwracamy uwag\u0119, \u017ce w t\u0119\u017cni zostan\u0105 utworzone jedynie i prawdopodobnie 1-2 stanowiska obs\u0142ugi technicznej. Tak wi\u0119c koszt stworzenia jednego miejsca pracy wyniesie ponad 3,5 mln z\u0142.  B\u0119d\u0105 to najdro\u017csze miejsca pracy w Bochni.<br \/>\nPrzyk\u0142adowo: samorz\u0105dowe programy wsparcia na stworzenie jednego miejsca pracy w sp\u00f3\u0142dzielni socjalnej dla osoby wykluczonej z rynku pracy oferuj\u0105 23 tys. z\u0142. Zbli\u017con\u0105 kwot\u0119 (wraz ze szkoleniami) w ramach program\u00f3w wsparcia oferuje si\u0119 osobom pragn\u0105cym rozpocz\u0105\u0107 dzia\u0142alno\u015b\u0107 gospodarcz\u0105.  Zakup u\u017cywanego samochodu dostawczego za 50 tys. z\u0142 tworzy miejsce pracy w firmie kurierskiej, za podobn\u0105 kwot\u0119 mo\u017cna wynaj\u0105\u0107 lokal, kupi\u0107 meble i pierwszy towar dla sklepu odzie\u017cowego, w kt\u00f3rym prac\u0119 znajd\u0105 1-2 osoby. <\/p>\n<p>3.\tNiewiadome s\u0105 konkretne korzy\u015bci ekonomiczne, jakie stworzy ta inwestycja dla podmiot\u00f3w gospodarczych i mieszka\u0144c\u00f3w miasta.  Kluczowa jest odpowied\u017a na pytania:<br \/>\na.\tJakie konkretnie podmioty skorzystaj\u0105 na tej inwestycji i w jaki spos\u00f3b? Czy t\u0119\u017cnia stworzy po\u015brednio miejsca pracy w tych podmiotach? Jaki wzrost przychod\u00f3w te podmioty odnotuj\u0105?<br \/>\nb.\tW jaki wymierny spos\u00f3b t\u0119\u017cnia przyczyni si\u0119 do rozwoju turystyki w Bochni bez wsp\u00f3\u0142pracy z kopalni\u0105 soli?<br \/>\nc.\tCa\u0142kowite roczne koszty utrzymania t\u0119\u017cni szacowane s\u0105 na kwot\u0119 oko\u0142o 118 tys. z\u0142. Przychody z komory inhalacyjnej pokry\u0107 maj\u0105 oko\u0142o 25% rocznych koszt\u00f3w utrzymania t\u0119\u017cni, tj. oko\u0142o 30 tys. z\u0142. Oznacza to, \u017ce do utrzymania t\u0119\u017cni co roku z bud\u017cetu miasta (z publicznych \u015brodk\u00f3w) dok\u0142ada\u0107 trzeba b\u0119dzie oko\u0142o 90 tys. z\u0142.<\/p>\n<p>4.\tWydatkowanie z bud\u017cetu miasta kwoty ponad 3,3 mln z\u0142 na t\u0119\u017cni\u0119 solankow\u0105 mo\u017ce odby\u0107 si\u0119 kosztem innych pilnych inwestycji w mie\u015bcie. W Bochni dwukrotnie odby\u0142y si\u0119 warsztaty konsultacyjne, w ramach kt\u00f3rych bochnianie zg\u0142aszali swoje pomys\u0142y i potrzeby dotycz\u0105ce rewitalizacji i modernizacji miasta. W obu przypadkach powsta\u0142y raporty przekazane do Urz\u0119du Miasta.  W 2014 roku w ramach Warsztat\u00f3w Future City Game tylko jedna z czterech grup jako jeden z pomys\u0142\u00f3w zaproponowa\u0142a wybudowanie t\u0119\u017cni. W 2015 roku w ramach Warsztat\u00f3w Charette temat t\u0119\u017cni nie pojawi\u0142 si\u0119 w og\u00f3le. W trakcie obu warsztat\u00f3w mieszka\u0144cy wskazali kilka pilnych inwestycji w mie\u015bcie, jak np.<br \/>\na.\tOdbudow\u0119 Zamku \u017bupnego,<br \/>\nb.\tZaprojektowanie na nowo placu im. Pu\u0142askiego wraz z otaczaj\u0105cym go terenem,<br \/>\nc.\tZagospodarowanie dawnych stajni salinarnych (gdzie obecnie znajduj\u0105 si\u0119 mieszkania socjalne),<br \/>\nd.\tRewitalizacj\u0119 i ods\u0142oni\u0119cie Babicy,<br \/>\ne.\tZagospodarowanie tzw. Ruskiego Rynku,<br \/>\nf.\tOdbudow\u0119 szybu Regis,<br \/>\ng.\tRozwi\u0105zanie problem\u00f3w ruchu miejskiego. <\/p>\n<p>Wierzymy, \u017ce rzeczywiste korzy\u015bci spo\u0142eczne i ekonomiczne miasto odnie\u015b\u0107 mo\u017ce jedynie na drodze odpowiedzialnego i racjonalnego realizowania inwestycji oraz \u017ce Rada Miasta jest organem gwarantuj\u0105cym celowe i w\u0142a\u015bciwe planowanie miejskich wydatk\u00f3w.<\/p>\n<p>Z wyrazami szacunku,<br \/>\n(-) Micha\u0142 Zaj\u0105c<br \/>\n(-) Zdzis\u0142aw Szklarzewicz<\/em><\/p>\n","protected":false},"excerpt":{"rendered":"<p>W czwartek podczas sesji rady miasta odczytano pismo, skierowane na r\u0119ce przewodnicz\u0105cego przez dw\u00f3ch mieszka\u0144c\u00f3w Bochni. Wyra\u017caj\u0105 oni swoje w\u0105tpliwo\u015bci na temat zasadno\u015bci budowy t\u0119\u017cni solankowej. Przypomnijmy, Bochnia dosta\u0142a na t\u0119 inwestycj\u0119 3,7 mln z\u0142 dofinansowania, pierwszy przetarg na wykonawstwo zosta\u0142 uniewa\u017cniony. Burmistrz zapowiedzia\u0142 og\u0142oszenie kolejnego. Oto pe\u0142na tre\u015b\u0107 pisma: Bochnia, 23.10.2017 r. Szanowny Pan<\/p>\n","protected":false},"author":4,"featured_media":144114,"comment_status":"open","ping_status":"closed","sticky":false,"template":"","format":"standard","meta":{"_acf_changed":false,"footnotes":""},"categories":[6251],"tags":[19905,17766,17058,8718,14001],"class_list":["post-179571","post","type-post","status-publish","format-standard","has-post-thumbnail","hentry","category-polityka-i-wydarzenia","tag-michal-zajac","tag-planty-salinarne","tag-teznia","tag-teznia-solankowa","tag-zdzislaw-szklarzewicz","main_tag-teznia"],"acf":[],"yoast_head":"<!-- This site is optimized with the Yoast SEO plugin v26.9 - https:\/\/yoast.com\/product\/yoast-seo-wordpress\/ -->\n<title>Dwaj mieszka\u0144cy Bochni pytaj\u0105 radnych o zasadno\u015b\u0107 t\u0119\u017cni: &quot;koszt stworzenia jednego miejsca pracy wyniesie ponad 3,5 mln z\u0142. B\u0119d\u0105 to najdro\u017csze miejsca pracy w Bochni&quot; - mojabochnia.pl - portal informacyjny<\/title>\n<meta name=\"robots\" content=\"index, follow, max-snippet:-1, max-image-preview:large, max-video-preview:-1\" \/>\n<link rel=\"canonical\" href=\"https:\/\/www.mojabochnia.pl\/?p=179571\" \/>\n<meta property=\"og:locale\" content=\"pl_PL\" \/>\n<meta property=\"og:type\" content=\"article\" \/>\n<meta property=\"og:title\" content=\"Dwaj mieszka\u0144cy Bochni pytaj\u0105 radnych o zasadno\u015b\u0107 t\u0119\u017cni: &quot;koszt stworzenia jednego miejsca pracy wyniesie ponad 3,5 mln z\u0142. B\u0119d\u0105 to najdro\u017csze miejsca pracy w Bochni&quot; - mojabochnia.pl - portal informacyjny\" \/>\n<meta property=\"og:description\" content=\"W czwartek podczas sesji rady miasta odczytano pismo, skierowane na r\u0119ce przewodnicz\u0105cego przez dw\u00f3ch mieszka\u0144c\u00f3w Bochni. Wyra\u017caj\u0105 oni swoje w\u0105tpliwo\u015bci na temat zasadno\u015bci budowy t\u0119\u017cni solankowej. Przypomnijmy, Bochnia dosta\u0142a na t\u0119 inwestycj\u0119 3,7 mln z\u0142 dofinansowania, pierwszy przetarg na wykonawstwo zosta\u0142 uniewa\u017cniony. Burmistrz zapowiedzia\u0142 og\u0142oszenie kolejnego. Oto pe\u0142na tre\u015b\u0107 pisma: Bochnia, 23.10.2017 r. Szanowny Pan\" \/>\n<meta property=\"og:url\" content=\"https:\/\/www.mojabochnia.pl\/?p=179571\" \/>\n<meta property=\"og:site_name\" content=\"mojabochnia.pl - portal informacyjny\" \/>\n<meta property=\"article:publisher\" content=\"https:\/\/www.facebook.com\/mojabochnia\" \/>\n<meta property=\"article:published_time\" content=\"2017-10-27T10:22:45+00:00\" \/>\n<meta property=\"article:modified_time\" content=\"2017-10-27T10:23:30+00:00\" \/>\n<meta property=\"og:image\" content=\"https:\/\/www.mojabochnia.pl\/wp-content\/uploads\/2016\/01\/Przechwytywanie-w-trybie-pe\u0142noekranowym-2016-01-08-141818.jpg\" \/>\n\t<meta property=\"og:image:width\" content=\"800\" \/>\n\t<meta property=\"og:image:height\" content=\"522\" \/>\n\t<meta property=\"og:image:type\" content=\"image\/jpeg\" \/>\n<meta name=\"author\" content=\"Pawe\u0142 Michalczyk\" \/>\n<meta name=\"twitter:card\" content=\"summary_large_image\" \/>\n<meta name=\"twitter:label1\" content=\"Written by\" \/>\n\t<meta name=\"twitter:data1\" content=\"Pawe\u0142 Michalczyk\" \/>\n\t<meta name=\"twitter:label2\" content=\"Est. reading time\" \/>\n\t<meta name=\"twitter:data2\" content=\"3 minuty\" \/>\n<script type=\"application\/ld+json\" class=\"yoast-schema-graph\">{\"@context\":\"https:\/\/schema.org\",\"@graph\":[{\"@type\":\"Article\",\"@id\":\"https:\/\/www.mojabochnia.pl\/?p=179571#article\",\"isPartOf\":{\"@id\":\"https:\/\/www.mojabochnia.pl\/?p=179571\"},\"author\":{\"name\":\"Pawe\u0142 Michalczyk\",\"@id\":\"https:\/\/www.mojabochnia.pl\/#\/schema\/person\/ea042e4724a77627963f02166828ead4\"},\"headline\":\"Dwaj mieszka\u0144cy Bochni pytaj\u0105 radnych o zasadno\u015b\u0107 t\u0119\u017cni: &#8222;koszt stworzenia jednego miejsca pracy wyniesie ponad 3,5 mln z\u0142. B\u0119d\u0105 to najdro\u017csze miejsca pracy w Bochni&#8221;\",\"datePublished\":\"2017-10-27T10:22:45+00:00\",\"dateModified\":\"2017-10-27T10:23:30+00:00\",\"mainEntityOfPage\":{\"@id\":\"https:\/\/www.mojabochnia.pl\/?p=179571\"},\"wordCount\":696,\"commentCount\":0,\"publisher\":{\"@id\":\"https:\/\/www.mojabochnia.pl\/#organization\"},\"image\":{\"@id\":\"https:\/\/www.mojabochnia.pl\/?p=179571#primaryimage\"},\"thumbnailUrl\":\"https:\/\/www.mojabochnia.pl\/wp-content\/uploads\/2016\/01\/Przechwytywanie-w-trybie-pe\u0142noekranowym-2016-01-08-141818.jpg\",\"keywords\":[\"micha\u0142 zaj\u0105c\",\"planty salinarne\",\"t\u0119\u017cnia\",\"t\u0119\u017cnia solankowa\",\"zdzis\u0142aw szklarzewicz\"],\"articleSection\":[\"polityka i wydarzenia\"],\"inLanguage\":\"pl-PL\",\"potentialAction\":[{\"@type\":\"CommentAction\",\"name\":\"Comment\",\"target\":[\"https:\/\/www.mojabochnia.pl\/?p=179571#respond\"]}]},{\"@type\":\"WebPage\",\"@id\":\"https:\/\/www.mojabochnia.pl\/?p=179571\",\"url\":\"https:\/\/www.mojabochnia.pl\/?p=179571\",\"name\":\"Dwaj mieszka\u0144cy Bochni pytaj\u0105 radnych o zasadno\u015b\u0107 t\u0119\u017cni: \\\"koszt stworzenia jednego miejsca pracy wyniesie ponad 3,5 mln z\u0142. B\u0119d\u0105 to najdro\u017csze miejsca pracy w Bochni\\\" - mojabochnia.pl - portal informacyjny\",\"isPartOf\":{\"@id\":\"https:\/\/www.mojabochnia.pl\/#website\"},\"primaryImageOfPage\":{\"@id\":\"https:\/\/www.mojabochnia.pl\/?p=179571#primaryimage\"},\"image\":{\"@id\":\"https:\/\/www.mojabochnia.pl\/?p=179571#primaryimage\"},\"thumbnailUrl\":\"https:\/\/www.mojabochnia.pl\/wp-content\/uploads\/2016\/01\/Przechwytywanie-w-trybie-pe\u0142noekranowym-2016-01-08-141818.jpg\",\"datePublished\":\"2017-10-27T10:22:45+00:00\",\"dateModified\":\"2017-10-27T10:23:30+00:00\",\"breadcrumb\":{\"@id\":\"https:\/\/www.mojabochnia.pl\/?p=179571#breadcrumb\"},\"inLanguage\":\"pl-PL\",\"potentialAction\":[{\"@type\":\"ReadAction\",\"target\":[\"https:\/\/www.mojabochnia.pl\/?p=179571\"]}]},{\"@type\":\"ImageObject\",\"inLanguage\":\"pl-PL\",\"@id\":\"https:\/\/www.mojabochnia.pl\/?p=179571#primaryimage\",\"url\":\"https:\/\/www.mojabochnia.pl\/wp-content\/uploads\/2016\/01\/Przechwytywanie-w-trybie-pe\u0142noekranowym-2016-01-08-141818.jpg\",\"contentUrl\":\"https:\/\/www.mojabochnia.pl\/wp-content\/uploads\/2016\/01\/Przechwytywanie-w-trybie-pe\u0142noekranowym-2016-01-08-141818.jpg\",\"width\":800,\"height\":522,\"caption\":\"materia\u0142y prasowe\"},{\"@type\":\"BreadcrumbList\",\"@id\":\"https:\/\/www.mojabochnia.pl\/?p=179571#breadcrumb\",\"itemListElement\":[{\"@type\":\"ListItem\",\"position\":1,\"name\":\"Home\",\"item\":\"https:\/\/www.mojabochnia.pl\/\"},{\"@type\":\"ListItem\",\"position\":2,\"name\":\"Dwaj mieszka\u0144cy Bochni pytaj\u0105 radnych o zasadno\u015b\u0107 t\u0119\u017cni: &#8222;koszt stworzenia jednego miejsca pracy wyniesie ponad 3,5 mln z\u0142. B\u0119d\u0105 to najdro\u017csze miejsca pracy w Bochni&#8221;\"}]},{\"@type\":\"WebSite\",\"@id\":\"https:\/\/www.mojabochnia.pl\/#website\",\"url\":\"https:\/\/www.mojabochnia.pl\/\",\"name\":\"mojabochnia.pl - portal informacyjny\",\"description\":\"mojaBochnia to portal informacyjny o Bochni. Codziennie o Bochni piszemy i pokazujemy najwa\u017cniejsze wydarzenia\",\"publisher\":{\"@id\":\"https:\/\/www.mojabochnia.pl\/#organization\"},\"potentialAction\":[{\"@type\":\"SearchAction\",\"target\":{\"@type\":\"EntryPoint\",\"urlTemplate\":\"https:\/\/www.mojabochnia.pl\/?s={search_term_string}\"},\"query-input\":{\"@type\":\"PropertyValueSpecification\",\"valueRequired\":true,\"valueName\":\"search_term_string\"}}],\"inLanguage\":\"pl-PL\"},{\"@type\":\"Organization\",\"@id\":\"https:\/\/www.mojabochnia.pl\/#organization\",\"name\":\"mojabochnia.pl - portal informacyjny\",\"url\":\"https:\/\/www.mojabochnia.pl\/\",\"logo\":{\"@type\":\"ImageObject\",\"inLanguage\":\"pl-PL\",\"@id\":\"https:\/\/www.mojabochnia.pl\/#\/schema\/logo\/image\/\",\"url\":\"https:\/\/www.mojabochnia.pl\/wp-content\/uploads\/2017\/08\/logo-mb-opt.png\",\"contentUrl\":\"https:\/\/www.mojabochnia.pl\/wp-content\/uploads\/2017\/08\/logo-mb-opt.png\",\"width\":250,\"height\":48,\"caption\":\"mojabochnia.pl - portal informacyjny\"},\"image\":{\"@id\":\"https:\/\/www.mojabochnia.pl\/#\/schema\/logo\/image\/\"},\"sameAs\":[\"https:\/\/www.facebook.com\/mojabochnia\"]},{\"@type\":\"Person\",\"@id\":\"https:\/\/www.mojabochnia.pl\/#\/schema\/person\/ea042e4724a77627963f02166828ead4\",\"name\":\"Pawe\u0142 Michalczyk\",\"url\":\"https:\/\/www.mojabochnia.pl\/?author=4\"}]}<\/script>\n<!-- \/ Yoast SEO plugin. -->","yoast_head_json":{"title":"Dwaj mieszka\u0144cy Bochni pytaj\u0105 radnych o zasadno\u015b\u0107 t\u0119\u017cni: \"koszt stworzenia jednego miejsca pracy wyniesie ponad 3,5 mln z\u0142. B\u0119d\u0105 to najdro\u017csze miejsca pracy w Bochni\" - mojabochnia.pl - portal informacyjny","robots":{"index":"index","follow":"follow","max-snippet":"max-snippet:-1","max-image-preview":"max-image-preview:large","max-video-preview":"max-video-preview:-1"},"canonical":"https:\/\/www.mojabochnia.pl\/?p=179571","og_locale":"pl_PL","og_type":"article","og_title":"Dwaj mieszka\u0144cy Bochni pytaj\u0105 radnych o zasadno\u015b\u0107 t\u0119\u017cni: \"koszt stworzenia jednego miejsca pracy wyniesie ponad 3,5 mln z\u0142. B\u0119d\u0105 to najdro\u017csze miejsca pracy w Bochni\" - mojabochnia.pl - portal informacyjny","og_description":"W czwartek podczas sesji rady miasta odczytano pismo, skierowane na r\u0119ce przewodnicz\u0105cego przez dw\u00f3ch mieszka\u0144c\u00f3w Bochni. Wyra\u017caj\u0105 oni swoje w\u0105tpliwo\u015bci na temat zasadno\u015bci budowy t\u0119\u017cni solankowej. Przypomnijmy, Bochnia dosta\u0142a na t\u0119 inwestycj\u0119 3,7 mln z\u0142 dofinansowania, pierwszy przetarg na wykonawstwo zosta\u0142 uniewa\u017cniony. Burmistrz zapowiedzia\u0142 og\u0142oszenie kolejnego. Oto pe\u0142na tre\u015b\u0107 pisma: Bochnia, 23.10.2017 r. Szanowny Pan","og_url":"https:\/\/www.mojabochnia.pl\/?p=179571","og_site_name":"mojabochnia.pl - portal informacyjny","article_publisher":"https:\/\/www.facebook.com\/mojabochnia","article_published_time":"2017-10-27T10:22:45+00:00","article_modified_time":"2017-10-27T10:23:30+00:00","og_image":[{"width":800,"height":522,"url":"https:\/\/www.mojabochnia.pl\/wp-content\/uploads\/2016\/01\/Przechwytywanie-w-trybie-pe\u0142noekranowym-2016-01-08-141818.jpg","type":"image\/jpeg"}],"author":"Pawe\u0142 Michalczyk","twitter_card":"summary_large_image","twitter_misc":{"Written by":"Pawe\u0142 Michalczyk","Est. reading time":"3 minuty"},"schema":{"@context":"https:\/\/schema.org","@graph":[{"@type":"Article","@id":"https:\/\/www.mojabochnia.pl\/?p=179571#article","isPartOf":{"@id":"https:\/\/www.mojabochnia.pl\/?p=179571"},"author":{"name":"Pawe\u0142 Michalczyk","@id":"https:\/\/www.mojabochnia.pl\/#\/schema\/person\/ea042e4724a77627963f02166828ead4"},"headline":"Dwaj mieszka\u0144cy Bochni pytaj\u0105 radnych o zasadno\u015b\u0107 t\u0119\u017cni: &#8222;koszt stworzenia jednego miejsca pracy wyniesie ponad 3,5 mln z\u0142. B\u0119d\u0105 to najdro\u017csze miejsca pracy w Bochni&#8221;","datePublished":"2017-10-27T10:22:45+00:00","dateModified":"2017-10-27T10:23:30+00:00","mainEntityOfPage":{"@id":"https:\/\/www.mojabochnia.pl\/?p=179571"},"wordCount":696,"commentCount":0,"publisher":{"@id":"https:\/\/www.mojabochnia.pl\/#organization"},"image":{"@id":"https:\/\/www.mojabochnia.pl\/?p=179571#primaryimage"},"thumbnailUrl":"https:\/\/www.mojabochnia.pl\/wp-content\/uploads\/2016\/01\/Przechwytywanie-w-trybie-pe\u0142noekranowym-2016-01-08-141818.jpg","keywords":["micha\u0142 zaj\u0105c","planty salinarne","t\u0119\u017cnia","t\u0119\u017cnia solankowa","zdzis\u0142aw szklarzewicz"],"articleSection":["polityka i wydarzenia"],"inLanguage":"pl-PL","potentialAction":[{"@type":"CommentAction","name":"Comment","target":["https:\/\/www.mojabochnia.pl\/?p=179571#respond"]}]},{"@type":"WebPage","@id":"https:\/\/www.mojabochnia.pl\/?p=179571","url":"https:\/\/www.mojabochnia.pl\/?p=179571","name":"Dwaj mieszka\u0144cy Bochni pytaj\u0105 radnych o zasadno\u015b\u0107 t\u0119\u017cni: \"koszt stworzenia jednego miejsca pracy wyniesie ponad 3,5 mln z\u0142. B\u0119d\u0105 to najdro\u017csze miejsca pracy w Bochni\" - mojabochnia.pl - portal informacyjny","isPartOf":{"@id":"https:\/\/www.mojabochnia.pl\/#website"},"primaryImageOfPage":{"@id":"https:\/\/www.mojabochnia.pl\/?p=179571#primaryimage"},"image":{"@id":"https:\/\/www.mojabochnia.pl\/?p=179571#primaryimage"},"thumbnailUrl":"https:\/\/www.mojabochnia.pl\/wp-content\/uploads\/2016\/01\/Przechwytywanie-w-trybie-pe\u0142noekranowym-2016-01-08-141818.jpg","datePublished":"2017-10-27T10:22:45+00:00","dateModified":"2017-10-27T10:23:30+00:00","breadcrumb":{"@id":"https:\/\/www.mojabochnia.pl\/?p=179571#breadcrumb"},"inLanguage":"pl-PL","potentialAction":[{"@type":"ReadAction","target":["https:\/\/www.mojabochnia.pl\/?p=179571"]}]},{"@type":"ImageObject","inLanguage":"pl-PL","@id":"https:\/\/www.mojabochnia.pl\/?p=179571#primaryimage","url":"https:\/\/www.mojabochnia.pl\/wp-content\/uploads\/2016\/01\/Przechwytywanie-w-trybie-pe\u0142noekranowym-2016-01-08-141818.jpg","contentUrl":"https:\/\/www.mojabochnia.pl\/wp-content\/uploads\/2016\/01\/Przechwytywanie-w-trybie-pe\u0142noekranowym-2016-01-08-141818.jpg","width":800,"height":522,"caption":"materia\u0142y prasowe"},{"@type":"BreadcrumbList","@id":"https:\/\/www.mojabochnia.pl\/?p=179571#breadcrumb","itemListElement":[{"@type":"ListItem","position":1,"name":"Home","item":"https:\/\/www.mojabochnia.pl\/"},{"@type":"ListItem","position":2,"name":"Dwaj mieszka\u0144cy Bochni pytaj\u0105 radnych o zasadno\u015b\u0107 t\u0119\u017cni: &#8222;koszt stworzenia jednego miejsca pracy wyniesie ponad 3,5 mln z\u0142. B\u0119d\u0105 to najdro\u017csze miejsca pracy w Bochni&#8221;"}]},{"@type":"WebSite","@id":"https:\/\/www.mojabochnia.pl\/#website","url":"https:\/\/www.mojabochnia.pl\/","name":"mojabochnia.pl - portal informacyjny","description":"mojaBochnia to portal informacyjny o Bochni. Codziennie o Bochni piszemy i pokazujemy najwa\u017cniejsze wydarzenia","publisher":{"@id":"https:\/\/www.mojabochnia.pl\/#organization"},"potentialAction":[{"@type":"SearchAction","target":{"@type":"EntryPoint","urlTemplate":"https:\/\/www.mojabochnia.pl\/?s={search_term_string}"},"query-input":{"@type":"PropertyValueSpecification","valueRequired":true,"valueName":"search_term_string"}}],"inLanguage":"pl-PL"},{"@type":"Organization","@id":"https:\/\/www.mojabochnia.pl\/#organization","name":"mojabochnia.pl - portal informacyjny","url":"https:\/\/www.mojabochnia.pl\/","logo":{"@type":"ImageObject","inLanguage":"pl-PL","@id":"https:\/\/www.mojabochnia.pl\/#\/schema\/logo\/image\/","url":"https:\/\/www.mojabochnia.pl\/wp-content\/uploads\/2017\/08\/logo-mb-opt.png","contentUrl":"https:\/\/www.mojabochnia.pl\/wp-content\/uploads\/2017\/08\/logo-mb-opt.png","width":250,"height":48,"caption":"mojabochnia.pl - portal informacyjny"},"image":{"@id":"https:\/\/www.mojabochnia.pl\/#\/schema\/logo\/image\/"},"sameAs":["https:\/\/www.facebook.com\/mojabochnia"]},{"@type":"Person","@id":"https:\/\/www.mojabochnia.pl\/#\/schema\/person\/ea042e4724a77627963f02166828ead4","name":"Pawe\u0142 Michalczyk","url":"https:\/\/www.mojabochnia.pl\/?author=4"}]}},"_links":{"self":[{"href":"https:\/\/www.mojabochnia.pl\/index.php?rest_route=\/wp\/v2\/posts\/179571","targetHints":{"allow":["GET"]}}],"collection":[{"href":"https:\/\/www.mojabochnia.pl\/index.php?rest_route=\/wp\/v2\/posts"}],"about":[{"href":"https:\/\/www.mojabochnia.pl\/index.php?rest_route=\/wp\/v2\/types\/post"}],"author":[{"embeddable":true,"href":"https:\/\/www.mojabochnia.pl\/index.php?rest_route=\/wp\/v2\/users\/4"}],"replies":[{"embeddable":true,"href":"https:\/\/www.mojabochnia.pl\/index.php?rest_route=%2Fwp%2Fv2%2Fcomments&post=179571"}],"version-history":[{"count":3,"href":"https:\/\/www.mojabochnia.pl\/index.php?rest_route=\/wp\/v2\/posts\/179571\/revisions"}],"predecessor-version":[{"id":179575,"href":"https:\/\/www.mojabochnia.pl\/index.php?rest_route=\/wp\/v2\/posts\/179571\/revisions\/179575"}],"wp:featuredmedia":[{"embeddable":true,"href":"https:\/\/www.mojabochnia.pl\/index.php?rest_route=\/wp\/v2\/media\/144114"}],"wp:attachment":[{"href":"https:\/\/www.mojabochnia.pl\/index.php?rest_route=%2Fwp%2Fv2%2Fmedia&parent=179571"}],"wp:term":[{"taxonomy":"category","embeddable":true,"href":"https:\/\/www.mojabochnia.pl\/index.php?rest_route=%2Fwp%2Fv2%2Fcategories&post=179571"},{"taxonomy":"post_tag","embeddable":true,"href":"https:\/\/www.mojabochnia.pl\/index.php?rest_route=%2Fwp%2Fv2%2Ftags&post=179571"}],"curies":[{"name":"wp","href":"https:\/\/api.w.org\/{rel}","templated":true}]}}