{"id":179559,"date":"2017-10-27T09:50:27","date_gmt":"2017-10-27T07:50:27","guid":{"rendered":"https:\/\/www.mojabochnia.pl\/?p=179559"},"modified":"2017-10-27T09:56:54","modified_gmt":"2017-10-27T07:56:54","slug":"tragiczny-pozar-w-tarnawie-zginela-staruszka","status":"publish","type":"post","link":"https:\/\/www.mojabochnia.pl\/?p=179559","title":{"rendered":"Tragiczny po\u017car w Tarnawie, zgin\u0119\u0142a 98-letnia kobieta"},"content":{"rendered":"<p><strong>Tragiczny po\u017car mia\u0142 miejsce w Tarnawie w gminie \u0141apan\u00f3w. Zgin\u0119\u0142a w nim samotnie mieszkaj\u0105ca staruszka. Kobieta znajdowa\u0142a si\u0119 w drewnianym domu, kt\u00f3ry \u0142\u0105czy\u0142 si\u0119 z cz\u0119\u015bci\u0105 gospodarcz\u0105. Ogie\u0144 wybuch\u0142 w czwartek ok. godz. 17.00.<\/strong><\/p>\n<p>Mimo, \u017ce po kilku minutach od zg\u0142oszenia na miejsce przybyli stra\u017cacy i wyci\u0105gn\u0119li kobiet\u0119, by\u0142a ju\u017c martwa. Cia\u0142o by\u0142o zw\u0119glone. Spaleniu uleg\u0142 r\u00f3wnie\u017c ca\u0142y budynek mieszkalny. Z cz\u0119\u015bci gospodarczej ewakuowano kury i kr\u00f3liki. Wst\u0119pna przyczyna po\u017caru to wed\u0142ug stra\u017cy \u201enieprawid\u0142owa instalacja elektryczna element\u00f3w grzewczych\u201d, a wed\u0142ug policji awaria grzejnika elektrycznego. <\/p>\n<p>Cia\u0142o staruszki zosta\u0142o zabezpieczone do sekcji. Spraw\u0119 bada prokuratura. Obecnie trwaj\u0105 czynno\u015bci z udzia\u0142em bieg\u0142ego s\u0105dowego z zakresu po\u017carnictwa. <\/p>\n<p>W akcji ratunkowej bra\u0142o udzia\u0142 7 zast\u0119p\u00f3w stra\u017cy po\u017carnej. <\/p>\n","protected":false},"excerpt":{"rendered":"<p>Tragiczny po\u017car mia\u0142 miejsce w Tarnawie w gminie \u0141apan\u00f3w. Zgin\u0119\u0142a w nim samotnie mieszkaj\u0105ca staruszka. Kobieta znajdowa\u0142a si\u0119 w drewnianym domu, kt\u00f3ry \u0142\u0105czy\u0142 si\u0119 z cz\u0119\u015bci\u0105 gospodarcz\u0105. Ogie\u0144 wybuch\u0142 w czwartek ok. godz. 17.00. Mimo, \u017ce po kilku minutach od zg\u0142oszenia na miejsce przybyli stra\u017cacy i wyci\u0105gn\u0119li kobiet\u0119, by\u0142a ju\u017c martwa. Cia\u0142o by\u0142o zw\u0119glone. Spaleniu<\/p>\n","protected":false},"author":4,"featured_media":174103,"comment_status":"open","ping_status":"closed","sticky":false,"template":"","format":"standard","meta":{"_acf_changed":false,"footnotes":""},"categories":[6251],"tags":[17140,17141,503,19720],"class_list":["post-179559","post","type-post","status-publish","format-standard","has-post-thumbnail","hentry","category-polityka-i-wydarzenia","tag-pozar","tag-straz-pozarna","tag-tarnawa","tag-top-temat","main_tag-pozar"],"acf":[],"yoast_head":"<!-- This site is optimized with the Yoast SEO plugin v26.9 - https:\/\/yoast.com\/product\/yoast-seo-wordpress\/ -->\n<title>Tragiczny po\u017car w Tarnawie, zgin\u0119\u0142a 98-letnia kobieta - mojabochnia.pl - portal informacyjny<\/title>\n<meta name=\"robots\" content=\"index, follow, max-snippet:-1, max-image-preview:large, max-video-preview:-1\" \/>\n<link rel=\"canonical\" href=\"https:\/\/www.mojabochnia.pl\/?p=179559\" \/>\n<meta property=\"og:locale\" content=\"pl_PL\" \/>\n<meta property=\"og:type\" content=\"article\" \/>\n<meta property=\"og:title\" content=\"Tragiczny po\u017car w Tarnawie, zgin\u0119\u0142a 98-letnia kobieta - mojabochnia.pl - portal informacyjny\" \/>\n<meta property=\"og:description\" content=\"Tragiczny po\u017car mia\u0142 miejsce w Tarnawie w gminie \u0141apan\u00f3w. Zgin\u0119\u0142a w nim samotnie mieszkaj\u0105ca staruszka. Kobieta znajdowa\u0142a si\u0119 w drewnianym domu, kt\u00f3ry \u0142\u0105czy\u0142 si\u0119 z cz\u0119\u015bci\u0105 gospodarcz\u0105. Ogie\u0144 wybuch\u0142 w czwartek ok. godz. 17.00. Mimo, \u017ce po kilku minutach od zg\u0142oszenia na miejsce przybyli stra\u017cacy i wyci\u0105gn\u0119li kobiet\u0119, by\u0142a ju\u017c martwa. Cia\u0142o by\u0142o zw\u0119glone. Spaleniu\" \/>\n<meta property=\"og:url\" content=\"https:\/\/www.mojabochnia.pl\/?p=179559\" \/>\n<meta property=\"og:site_name\" content=\"mojabochnia.pl - portal informacyjny\" \/>\n<meta property=\"article:publisher\" content=\"https:\/\/www.facebook.com\/mojabochnia\" \/>\n<meta property=\"article:published_time\" content=\"2017-10-27T07:50:27+00:00\" \/>\n<meta property=\"article:modified_time\" content=\"2017-10-27T07:56:54+00:00\" \/>\n<meta property=\"og:image\" content=\"https:\/\/www.mojabochnia.pl\/wp-content\/uploads\/2017\/06\/IMG_9820-001.jpg\" \/>\n\t<meta property=\"og:image:width\" content=\"800\" \/>\n\t<meta property=\"og:image:height\" content=\"534\" \/>\n\t<meta property=\"og:image:type\" content=\"image\/jpeg\" \/>\n<meta name=\"author\" content=\"Pawe\u0142 Michalczyk\" \/>\n<meta name=\"twitter:card\" content=\"summary_large_image\" \/>\n<meta name=\"twitter:label1\" content=\"Written by\" \/>\n\t<meta name=\"twitter:data1\" content=\"Pawe\u0142 Michalczyk\" \/>\n\t<meta name=\"twitter:label2\" content=\"Est. reading time\" \/>\n\t<meta name=\"twitter:data2\" content=\"1 minuta\" \/>\n<script type=\"application\/ld+json\" class=\"yoast-schema-graph\">{\"@context\":\"https:\/\/schema.org\",\"@graph\":[{\"@type\":\"Article\",\"@id\":\"https:\/\/www.mojabochnia.pl\/?p=179559#article\",\"isPartOf\":{\"@id\":\"https:\/\/www.mojabochnia.pl\/?p=179559\"},\"author\":{\"name\":\"Pawe\u0142 Michalczyk\",\"@id\":\"https:\/\/www.mojabochnia.pl\/#\/schema\/person\/ea042e4724a77627963f02166828ead4\"},\"headline\":\"Tragiczny po\u017car w Tarnawie, zgin\u0119\u0142a 98-letnia kobieta\",\"datePublished\":\"2017-10-27T07:50:27+00:00\",\"dateModified\":\"2017-10-27T07:56:54+00:00\",\"mainEntityOfPage\":{\"@id\":\"https:\/\/www.mojabochnia.pl\/?p=179559\"},\"wordCount\":157,\"commentCount\":0,\"publisher\":{\"@id\":\"https:\/\/www.mojabochnia.pl\/#organization\"},\"image\":{\"@id\":\"https:\/\/www.mojabochnia.pl\/?p=179559#primaryimage\"},\"thumbnailUrl\":\"https:\/\/www.mojabochnia.pl\/wp-content\/uploads\/2017\/06\/IMG_9820-001.jpg\",\"keywords\":[\"po\u017car\",\"stra\u017c po\u017carna\",\"tarnawa\",\"top temat\"],\"articleSection\":[\"polityka i wydarzenia\"],\"inLanguage\":\"pl-PL\",\"potentialAction\":[{\"@type\":\"CommentAction\",\"name\":\"Comment\",\"target\":[\"https:\/\/www.mojabochnia.pl\/?p=179559#respond\"]}]},{\"@type\":\"WebPage\",\"@id\":\"https:\/\/www.mojabochnia.pl\/?p=179559\",\"url\":\"https:\/\/www.mojabochnia.pl\/?p=179559\",\"name\":\"Tragiczny po\u017car w Tarnawie, zgin\u0119\u0142a 98-letnia kobieta - mojabochnia.pl - portal informacyjny\",\"isPartOf\":{\"@id\":\"https:\/\/www.mojabochnia.pl\/#website\"},\"primaryImageOfPage\":{\"@id\":\"https:\/\/www.mojabochnia.pl\/?p=179559#primaryimage\"},\"image\":{\"@id\":\"https:\/\/www.mojabochnia.pl\/?p=179559#primaryimage\"},\"thumbnailUrl\":\"https:\/\/www.mojabochnia.pl\/wp-content\/uploads\/2017\/06\/IMG_9820-001.jpg\",\"datePublished\":\"2017-10-27T07:50:27+00:00\",\"dateModified\":\"2017-10-27T07:56:54+00:00\",\"breadcrumb\":{\"@id\":\"https:\/\/www.mojabochnia.pl\/?p=179559#breadcrumb\"},\"inLanguage\":\"pl-PL\",\"potentialAction\":[{\"@type\":\"ReadAction\",\"target\":[\"https:\/\/www.mojabochnia.pl\/?p=179559\"]}]},{\"@type\":\"ImageObject\",\"inLanguage\":\"pl-PL\",\"@id\":\"https:\/\/www.mojabochnia.pl\/?p=179559#primaryimage\",\"url\":\"https:\/\/www.mojabochnia.pl\/wp-content\/uploads\/2017\/06\/IMG_9820-001.jpg\",\"contentUrl\":\"https:\/\/www.mojabochnia.pl\/wp-content\/uploads\/2017\/06\/IMG_9820-001.jpg\",\"width\":800,\"height\":534,\"caption\":\"Pawe\u0142 Michalczyk\"},{\"@type\":\"BreadcrumbList\",\"@id\":\"https:\/\/www.mojabochnia.pl\/?p=179559#breadcrumb\",\"itemListElement\":[{\"@type\":\"ListItem\",\"position\":1,\"name\":\"Home\",\"item\":\"https:\/\/www.mojabochnia.pl\/\"},{\"@type\":\"ListItem\",\"position\":2,\"name\":\"Tragiczny po\u017car w Tarnawie, zgin\u0119\u0142a 98-letnia kobieta\"}]},{\"@type\":\"WebSite\",\"@id\":\"https:\/\/www.mojabochnia.pl\/#website\",\"url\":\"https:\/\/www.mojabochnia.pl\/\",\"name\":\"mojabochnia.pl - portal informacyjny\",\"description\":\"mojaBochnia to portal informacyjny o Bochni. Codziennie o Bochni piszemy i pokazujemy najwa\u017cniejsze wydarzenia\",\"publisher\":{\"@id\":\"https:\/\/www.mojabochnia.pl\/#organization\"},\"potentialAction\":[{\"@type\":\"SearchAction\",\"target\":{\"@type\":\"EntryPoint\",\"urlTemplate\":\"https:\/\/www.mojabochnia.pl\/?s={search_term_string}\"},\"query-input\":{\"@type\":\"PropertyValueSpecification\",\"valueRequired\":true,\"valueName\":\"search_term_string\"}}],\"inLanguage\":\"pl-PL\"},{\"@type\":\"Organization\",\"@id\":\"https:\/\/www.mojabochnia.pl\/#organization\",\"name\":\"mojabochnia.pl - portal informacyjny\",\"url\":\"https:\/\/www.mojabochnia.pl\/\",\"logo\":{\"@type\":\"ImageObject\",\"inLanguage\":\"pl-PL\",\"@id\":\"https:\/\/www.mojabochnia.pl\/#\/schema\/logo\/image\/\",\"url\":\"https:\/\/www.mojabochnia.pl\/wp-content\/uploads\/2017\/08\/logo-mb-opt.png\",\"contentUrl\":\"https:\/\/www.mojabochnia.pl\/wp-content\/uploads\/2017\/08\/logo-mb-opt.png\",\"width\":250,\"height\":48,\"caption\":\"mojabochnia.pl - portal informacyjny\"},\"image\":{\"@id\":\"https:\/\/www.mojabochnia.pl\/#\/schema\/logo\/image\/\"},\"sameAs\":[\"https:\/\/www.facebook.com\/mojabochnia\"]},{\"@type\":\"Person\",\"@id\":\"https:\/\/www.mojabochnia.pl\/#\/schema\/person\/ea042e4724a77627963f02166828ead4\",\"name\":\"Pawe\u0142 Michalczyk\",\"url\":\"https:\/\/www.mojabochnia.pl\/?author=4\"}]}<\/script>\n<!-- \/ Yoast SEO plugin. -->","yoast_head_json":{"title":"Tragiczny po\u017car w Tarnawie, zgin\u0119\u0142a 98-letnia kobieta - mojabochnia.pl - portal informacyjny","robots":{"index":"index","follow":"follow","max-snippet":"max-snippet:-1","max-image-preview":"max-image-preview:large","max-video-preview":"max-video-preview:-1"},"canonical":"https:\/\/www.mojabochnia.pl\/?p=179559","og_locale":"pl_PL","og_type":"article","og_title":"Tragiczny po\u017car w Tarnawie, zgin\u0119\u0142a 98-letnia kobieta - mojabochnia.pl - portal informacyjny","og_description":"Tragiczny po\u017car mia\u0142 miejsce w Tarnawie w gminie \u0141apan\u00f3w. Zgin\u0119\u0142a w nim samotnie mieszkaj\u0105ca staruszka. Kobieta znajdowa\u0142a si\u0119 w drewnianym domu, kt\u00f3ry \u0142\u0105czy\u0142 si\u0119 z cz\u0119\u015bci\u0105 gospodarcz\u0105. Ogie\u0144 wybuch\u0142 w czwartek ok. godz. 17.00. Mimo, \u017ce po kilku minutach od zg\u0142oszenia na miejsce przybyli stra\u017cacy i wyci\u0105gn\u0119li kobiet\u0119, by\u0142a ju\u017c martwa. Cia\u0142o by\u0142o zw\u0119glone. Spaleniu","og_url":"https:\/\/www.mojabochnia.pl\/?p=179559","og_site_name":"mojabochnia.pl - portal informacyjny","article_publisher":"https:\/\/www.facebook.com\/mojabochnia","article_published_time":"2017-10-27T07:50:27+00:00","article_modified_time":"2017-10-27T07:56:54+00:00","og_image":[{"width":800,"height":534,"url":"https:\/\/www.mojabochnia.pl\/wp-content\/uploads\/2017\/06\/IMG_9820-001.jpg","type":"image\/jpeg"}],"author":"Pawe\u0142 Michalczyk","twitter_card":"summary_large_image","twitter_misc":{"Written by":"Pawe\u0142 Michalczyk","Est. reading time":"1 minuta"},"schema":{"@context":"https:\/\/schema.org","@graph":[{"@type":"Article","@id":"https:\/\/www.mojabochnia.pl\/?p=179559#article","isPartOf":{"@id":"https:\/\/www.mojabochnia.pl\/?p=179559"},"author":{"name":"Pawe\u0142 Michalczyk","@id":"https:\/\/www.mojabochnia.pl\/#\/schema\/person\/ea042e4724a77627963f02166828ead4"},"headline":"Tragiczny po\u017car w Tarnawie, zgin\u0119\u0142a 98-letnia kobieta","datePublished":"2017-10-27T07:50:27+00:00","dateModified":"2017-10-27T07:56:54+00:00","mainEntityOfPage":{"@id":"https:\/\/www.mojabochnia.pl\/?p=179559"},"wordCount":157,"commentCount":0,"publisher":{"@id":"https:\/\/www.mojabochnia.pl\/#organization"},"image":{"@id":"https:\/\/www.mojabochnia.pl\/?p=179559#primaryimage"},"thumbnailUrl":"https:\/\/www.mojabochnia.pl\/wp-content\/uploads\/2017\/06\/IMG_9820-001.jpg","keywords":["po\u017car","stra\u017c po\u017carna","tarnawa","top temat"],"articleSection":["polityka i wydarzenia"],"inLanguage":"pl-PL","potentialAction":[{"@type":"CommentAction","name":"Comment","target":["https:\/\/www.mojabochnia.pl\/?p=179559#respond"]}]},{"@type":"WebPage","@id":"https:\/\/www.mojabochnia.pl\/?p=179559","url":"https:\/\/www.mojabochnia.pl\/?p=179559","name":"Tragiczny po\u017car w Tarnawie, zgin\u0119\u0142a 98-letnia kobieta - mojabochnia.pl - portal informacyjny","isPartOf":{"@id":"https:\/\/www.mojabochnia.pl\/#website"},"primaryImageOfPage":{"@id":"https:\/\/www.mojabochnia.pl\/?p=179559#primaryimage"},"image":{"@id":"https:\/\/www.mojabochnia.pl\/?p=179559#primaryimage"},"thumbnailUrl":"https:\/\/www.mojabochnia.pl\/wp-content\/uploads\/2017\/06\/IMG_9820-001.jpg","datePublished":"2017-10-27T07:50:27+00:00","dateModified":"2017-10-27T07:56:54+00:00","breadcrumb":{"@id":"https:\/\/www.mojabochnia.pl\/?p=179559#breadcrumb"},"inLanguage":"pl-PL","potentialAction":[{"@type":"ReadAction","target":["https:\/\/www.mojabochnia.pl\/?p=179559"]}]},{"@type":"ImageObject","inLanguage":"pl-PL","@id":"https:\/\/www.mojabochnia.pl\/?p=179559#primaryimage","url":"https:\/\/www.mojabochnia.pl\/wp-content\/uploads\/2017\/06\/IMG_9820-001.jpg","contentUrl":"https:\/\/www.mojabochnia.pl\/wp-content\/uploads\/2017\/06\/IMG_9820-001.jpg","width":800,"height":534,"caption":"Pawe\u0142 Michalczyk"},{"@type":"BreadcrumbList","@id":"https:\/\/www.mojabochnia.pl\/?p=179559#breadcrumb","itemListElement":[{"@type":"ListItem","position":1,"name":"Home","item":"https:\/\/www.mojabochnia.pl\/"},{"@type":"ListItem","position":2,"name":"Tragiczny po\u017car w Tarnawie, zgin\u0119\u0142a 98-letnia kobieta"}]},{"@type":"WebSite","@id":"https:\/\/www.mojabochnia.pl\/#website","url":"https:\/\/www.mojabochnia.pl\/","name":"mojabochnia.pl - portal informacyjny","description":"mojaBochnia to portal informacyjny o Bochni. Codziennie o Bochni piszemy i pokazujemy najwa\u017cniejsze wydarzenia","publisher":{"@id":"https:\/\/www.mojabochnia.pl\/#organization"},"potentialAction":[{"@type":"SearchAction","target":{"@type":"EntryPoint","urlTemplate":"https:\/\/www.mojabochnia.pl\/?s={search_term_string}"},"query-input":{"@type":"PropertyValueSpecification","valueRequired":true,"valueName":"search_term_string"}}],"inLanguage":"pl-PL"},{"@type":"Organization","@id":"https:\/\/www.mojabochnia.pl\/#organization","name":"mojabochnia.pl - portal informacyjny","url":"https:\/\/www.mojabochnia.pl\/","logo":{"@type":"ImageObject","inLanguage":"pl-PL","@id":"https:\/\/www.mojabochnia.pl\/#\/schema\/logo\/image\/","url":"https:\/\/www.mojabochnia.pl\/wp-content\/uploads\/2017\/08\/logo-mb-opt.png","contentUrl":"https:\/\/www.mojabochnia.pl\/wp-content\/uploads\/2017\/08\/logo-mb-opt.png","width":250,"height":48,"caption":"mojabochnia.pl - portal informacyjny"},"image":{"@id":"https:\/\/www.mojabochnia.pl\/#\/schema\/logo\/image\/"},"sameAs":["https:\/\/www.facebook.com\/mojabochnia"]},{"@type":"Person","@id":"https:\/\/www.mojabochnia.pl\/#\/schema\/person\/ea042e4724a77627963f02166828ead4","name":"Pawe\u0142 Michalczyk","url":"https:\/\/www.mojabochnia.pl\/?author=4"}]}},"_links":{"self":[{"href":"https:\/\/www.mojabochnia.pl\/index.php?rest_route=\/wp\/v2\/posts\/179559","targetHints":{"allow":["GET"]}}],"collection":[{"href":"https:\/\/www.mojabochnia.pl\/index.php?rest_route=\/wp\/v2\/posts"}],"about":[{"href":"https:\/\/www.mojabochnia.pl\/index.php?rest_route=\/wp\/v2\/types\/post"}],"author":[{"embeddable":true,"href":"https:\/\/www.mojabochnia.pl\/index.php?rest_route=\/wp\/v2\/users\/4"}],"replies":[{"embeddable":true,"href":"https:\/\/www.mojabochnia.pl\/index.php?rest_route=%2Fwp%2Fv2%2Fcomments&post=179559"}],"version-history":[{"count":5,"href":"https:\/\/www.mojabochnia.pl\/index.php?rest_route=\/wp\/v2\/posts\/179559\/revisions"}],"predecessor-version":[{"id":179565,"href":"https:\/\/www.mojabochnia.pl\/index.php?rest_route=\/wp\/v2\/posts\/179559\/revisions\/179565"}],"wp:featuredmedia":[{"embeddable":true,"href":"https:\/\/www.mojabochnia.pl\/index.php?rest_route=\/wp\/v2\/media\/174103"}],"wp:attachment":[{"href":"https:\/\/www.mojabochnia.pl\/index.php?rest_route=%2Fwp%2Fv2%2Fmedia&parent=179559"}],"wp:term":[{"taxonomy":"category","embeddable":true,"href":"https:\/\/www.mojabochnia.pl\/index.php?rest_route=%2Fwp%2Fv2%2Fcategories&post=179559"},{"taxonomy":"post_tag","embeddable":true,"href":"https:\/\/www.mojabochnia.pl\/index.php?rest_route=%2Fwp%2Fv2%2Ftags&post=179559"}],"curies":[{"name":"wp","href":"https:\/\/api.w.org\/{rel}","templated":true}]}}