{"id":179552,"date":"2017-10-26T16:36:32","date_gmt":"2017-10-26T14:36:32","guid":{"rendered":"https:\/\/www.mojabochnia.pl\/?p=179552"},"modified":"2017-10-26T16:36:32","modified_gmt":"2017-10-26T14:36:32","slug":"burmistrz-do-radnego-krzywde-mi-pan-wyrzadza-bo-pan-insynuuje-rzecz-obrzydliwa","status":"publish","type":"post","link":"https:\/\/www.mojabochnia.pl\/?p=179552","title":{"rendered":"Burmistrz do radnego: <em>Krzywd\u0119 mi pan wyrz\u0105dza, bo pan insynuuje rzecz obrzydliw\u0105<\/em>"},"content":{"rendered":"<p><strong>Podczas czwartkowej sesji rady miasta sporo uwagi po\u015bwi\u0119cono naszej \u015brodowej publikacji pt. \u201e<a href=\"https:\/\/www.mojabochnia.pl\/?p=179516\"><strong>Starostwo i opozycja ostro o problemach z budow\u0105 KN2<\/strong><\/a>\u201d. Burmistrz poczu\u0142 si\u0119 dotkni\u0119ty s\u0142owami swojego poprzednika. Bogdan Kosturkiewicz wprawdzie przeprosi\u0142, ale ze swojej wypowiedzi na naszych \u0142amach si\u0119 nie wycofa\u0142. <\/strong><\/p>\n<p>Dyskusja na temat publikacji mia\u0142a miejsce w \u201ewolnych wnioskach\u201d. Jako pierwszy wyst\u0105pi burmistrz Stefan Kolawi\u0144ski:<\/p>\n<p><em>Przeczyta\u0142em wypowied\u017a pana radnego Bogdana Kosturkiewicza, kt\u00f3rej udzieli\u0142 Mojej Bochni i w zwi\u0105zku z tym bardzo si\u0119 ciesz\u0119, \u017ce pan wykazuje tak wielk\u0105 wra\u017cliwo\u015b\u0107 na krzywd\u0119 ludzk\u0105, bo pan mnie normalnie po ludzku krzywdzi. Prosz\u0119 pa\u0144stwa, przeczytam ten fragment za Moj\u0105 Bochni\u0105: <\/p>\n<p>\u201eBogdan Kosturkiewicz, kt\u00f3ry jako burmistrz w latach 2006-2010, doprowadzi\u0142 do powstania I etapu KN2, tak komentuje wypowied\u017a burmistrza: Ze zdumieniem czytam t\u0142umaczenia Pana Burmistrza. Ju\u017c w roku 2010 dysponowali\u015bmy projektem II-ego Etapu Trasy P\u00f3\u0142nocno-Zachodniej. Jego przebieg zosta\u0142 podwa\u017cony przez Pana Burmistrza Stefana Kolawi\u0144skiego, kt\u00f3ry deklarowa\u0142, \u017ce dysponuje lepsz\u0105 koncepcj\u0105 przebiegu tej trasy, przechodz\u0105c\u0105 w pobli\u017cu Jego nieruchomo\u015bci, na kt\u00f3rej zamierza\u0142 wybudowa\u0107 prywatn\u0105 myjni\u0119 samochodow\u0105. Zwraca\u0142em w\u00f3wczas uwag\u0119 na fakt, \u017ce proponowany Pana Burmistrza przebieg trasy zlokalizowany jest na  terenach osuwiskowych. Obecnie powr\u00f3cono do przebiegu trasy zaproponowanego w roku 2010, na kt\u00f3ry posiadali\u015bmy gotowy projekt\u201d<\/em>.<\/p>\n<p>Stefan Kolawi\u0144ski kontynuowa\u0142: <em>Sprawa dotycz\u0105ca przebiegu kaendw\u00f3jki by\u0142a ju\u017c omawiana wielokrotnie, niemniej jednak, gdy zachodzi taka potrzeba, ca\u0142\u0105 t\u0119 histori\u0119 opowiemy jeszcze raz, przeprowadzimy dok\u0142adn\u0105 analiz\u0119. Natomiast, chcia\u0142bym si\u0119 odnie\u015b\u0107 do tej krzywdy. Krzywd\u0119 mi pan wyrz\u0105dza, bo pan insynuuje rzecz obrzydliw\u0105. My\u015bla\u0142em, \u017ce gdzie\u015b s\u0105 granice obrzydliwo\u015bci, w przypadku pana tych granic nigdzie nie wida\u0107<\/em> \u2013 m\u00f3wi\u0142 burmistrz do radnego Bogdana Kosturkiewicza. <\/p>\n<p>I rozwin\u0105\u0142 swoj\u0105 my\u015bl. <em>Je\u017celi m\u00f3wi\u0142em o alternatywnej trasie przebiegu za MPEC-em, to jedynie w formie pomys\u0142u. Nigdy ona prawd\u0119 m\u00f3wi\u0105c nie znalaz\u0142a sfinalizowania w jakich\u015b opracowaniach, ani z\u0142ot\u00f3wka nie zosta\u0142a na to wydana. Do dzisiaj uwa\u017cam, \u017ce gdyby nas by\u0142o sta\u0107 poprowadzi\u0107 tamt\u0119dy drog\u0119, to by\u0142aby trasa najmniej kontrowersyjna, nie godz\u0105ca w niczyje interesy, natomiast za\u0142atwiaj\u0105ca interes wyprowadzenia ruchu z osiedla czy podzielenia tego ruchu, panuj\u0105cego na osiedlu. Insynuacja, \u017ce ze wzgl\u0119du na zamiar zrealizowania budowy myjni samochodowej, jest naprawd\u0119 perfidna i \u0142\u0105czenie tego uwa\u017ca za godz\u0105ce w moje dobre imi\u0119. Natomiast, prosz\u0119 pa\u0144stwa, potwierdzam, oczywi\u015bcie tak, kiedy\u015b 10-11 lat temu gdzie\u015b tam pojawi\u0142 si\u0119 zamys\u0142 co do budowy myjni samochodowej, ale bez zwi\u0105zku z przebiegiem trasy, ani tam gdzie teraz ma przebiega\u0107, ani w tej, kt\u00f3ra zaproponowa\u0142em jako lepsz\u0105 i godz\u0105c\u0105 wszystkie strony, w \u017cadnym wypadku w pobli\u017cu tego miejsca nie przebiega\u0142o. Wi\u0119c s\u0105dz\u0119, \u017ce teraz b\u0119d\u0105c tak wra\u017cliwym na krzywd\u0119 ludzk\u0105, po ludzku powinien mnie pan po prostu za to przeprosi\u0107 <\/em>\u2013 zako\u0144czy\u0142 woje wyst\u0105pienie burmistrz Bochni. <\/p>\n<p>Bogdan Kosturkiewicz odni\u00f3s\u0142 si\u0119 do s\u0142\u00f3w burmistrza: <em>Potwierdzam, \u017ce powiedzia\u0142em te s\u0142owa. Po drugie, potwierdzam, \u017ce z informacji, kt\u00f3re przekazywa\u0142 pan burmistrz w roku 2011 i p\u00f3\u017aniej, wynika\u0142o, \u017ce zamierza przeprowadzi\u0107 t\u0119 tras\u0119 w pobli\u017cu miejsca gdzie mieszka. Chodzi o to, \u017ceby wyt\u0142umaczy\u0107 dziennikarzowi, w kt\u00f3rym miejscu zamierza\u0142 zlokalizowa\u0107 drugi etap trasy p\u00f3\u0142nocno-zachodniej. W czerwcu 2010 r., potwierdzam, r\u00f3wnie\u017c dysponuj\u0119 planami, mog\u0105 pa\u0144stwo si\u0119 z nimi zapozna\u0107, ju\u017c wykonali\u015bmy projekt budowy drugiego etapu trasy p\u00f3\u0142nocno-zachodniej, kt\u00f3ra do chwili obecnej nie zosta\u0142a wykonana. Pan burmistrz krytykowa\u0142 moje dzia\u0142ania w tym zakresie, w zwi\u0105zku z tym uwa\u017ca\u0142em, \u017ce mia\u0142em prawo do obrony i w momencie, kiedy dzia\u0142ania pana burmistrza, zmierzaj\u0105ce do zmiany przebiegu drugiego etapu trasy p\u00f3\u0142nocno-zachodniej okaza\u0142y si\u0119 nieskuteczne, uzna\u0142em za zasadne przypomnie\u0107 [&#8230;] \u017ce burmistrz si\u0119 w tej chwili myli\u0142 i ponosimy konsekwencje jego pomy\u0142ki. Nie mia\u0142em zamiaru pana w jakikolwiek spos\u00f3b obra\u017ca\u0107, je\u017celi pan poczu\u0142 si\u0119 ura\u017cony, to pana serdecznie przepraszam, nie by\u0142o to moim celem. Moim celem by\u0142o gruntowne wyja\u015bnienie sprawy<\/em> &#8211; m\u00f3wi\u0142 Bogdan Kosturkiewicz. <\/p>\n<p><em>Drugiego etapu trasy p\u00f3\u0142nocno-zachodniej w dalszym ci\u0105gu nie ma i nie wycofuj\u0119 si\u0119 z ani jednego s\u0142owa, kt\u00f3re powiedzia\u0142em. Wszystko pa\u0144stwo mog\u0105 sprawdzi\u0107, pan burmistrz zreszt\u0105 przyzna\u0142, \u017ce mia\u0142 pewne plany, czego mu nie zazdroszcz\u0119. Ciesz\u0119 si\u0119, \u017ce wtedy je podj\u0105\u0142 i by\u0142bym zadowolony, gdyby w dalszym ci\u0105gu je realizowa\u0142 i gdyby zako\u0144czy\u0142y si\u0119 powodzeniem. Serdecznie tego panu \u017cycz\u0119, nigdy nikomu niczego nie zazdro\u015bci\u0142em, uwa\u017cam \u017ce w zwi\u0105zku  prowadzeniem jakiejkolwiek dzia\u0142alno\u015bci gospodarczej, ponosi si\u0119 ryzyko, a ju\u017c na terenie Bochni to ryzyko jest szczeg\u00f3lne. Wszystkiego najlepszego panu \u017cycz\u0119, je\u015bli m\u00f3g\u0142bym w jakikolwiek spos\u00f3b pom\u00f3c w realizacji pana przedsi\u0119wzi\u0119cia, jestem do dyspozycji ca\u0142\u0105 swoj\u0105 wiedz\u0105, kt\u00f3r\u0105 dysponuj\u0119. Ch\u0119tnie panu pomog\u0119 jako osobie, kt\u00f3ra zamierza zrealizowa\u0107 co\u015b na terenie Bochni, sercem jestem z panem <\/em>&#8211; kontynuowa\u0142 radny.<\/p>\n<p>Stefan Kolawi\u0144ski odpowiedzia\u0142 w trybie &#8222;ad vocem&#8221;: <em>Wystarczy, jak pan nie b\u0119dzie przeszkadza\u0142 i nie b\u0119dzie pan takich informacji publikowa\u0142, to wystarczy. Tych insynuacji, k\u0142amstw, pom\u00f3wie\u0144, naprawd\u0119 wystarczy. Natomiast prosz\u0119 pa\u0144stwa, ja si\u0119 z panem Kosturkiewiczem nie zgadza\u0142em w dw\u00f3ch kwestiach, mianowicie niedogadania sprawy dotycz\u0105cej po\u0142\u0105czenia obecnego etapu KN2 i zako\u0144czenia jej, czyli po\u0142\u0105czenia z obecnym odcinkiem, kt\u00f3ry nazywa si\u0119 ul. Armii Krajowej. W jednym i drugim miejscu nie by\u0142o dogadane z mieszka\u0144cami, kt\u00f3rzy to oprotestowali i tylko w tym zakresie si\u0119 nie zgadzali\u015bmy. Natomiast w tej chwili sprawa jest, powiedzia\u0142bym, dogadana w jednym i drugim miejscu i tylko wzgl\u0119dy formalne przeszkadzaj\u0105 w szybszym prowadzeniu ca\u0142ej inwestycji<\/em>. <\/p>\n<p>Do wypowiedzi burmistrza ponownie odni\u00f3s\u0142 si\u0119 radny: <em>Znamy odpowied\u017a starostwa odno\u015bnie tych wzgl\u0119d\u00f3w formalnych, mog\u0105 je pa\u0144stwo sobie przeczyta\u0107 w tym samym artykule Mojej Bochni. Pozwol\u0119 sobie tylko zauwa\u017cy\u0107, je\u015bli kto\u015b nie czyta\u0142em tego artyku\u0142u, \u017ce starostwo ca\u0142kowicie si\u0119 z panem burmistrzem nie zgadza. Uwa\u017cam, \u017ce przekroczy\u0142 pan w tej chwili pewne granice m\u00f3wi\u0105c o k\u0142amstwach. Ma pan prawo zarzuca\u0107 k\u0142amstwo, ka\u017cdy ma prawo, natomiast powinien pan udowodni\u0107, w kt\u00f3rym miejscu sk\u0142ama\u0142em, bo ja prosz\u0119 pana nie sk\u0142ama\u0142em i tutaj pan mnie skrzywdzi\u0142, twierdz\u0105c \u017ce k\u0142ama\u0142em w jakikolwiek spos\u00f3b. Wszystkie informacje, kt\u00f3re poda\u0142em, s\u0105 prawdziwe, je\u017celi kto\u015b ma co do tego w\u0105tpliwo\u015bci, s\u0142u\u017c\u0119 odpowiednimi dokumentami, porozmawiajmy na bazie dokument\u00f3w<\/em>. <\/p>\n<p>Bogdan Kosturkiewicz doda\u0142, \u017ce na posiedzeniu komisji rewizyjnej pr\u00f3bowano zajmowa\u0107 si\u0119 tematem projektowania II etapu KN2, ale radni nie dostali materia\u0142\u00f3w, ani nie mia\u0142 im kto udzieli\u0107 informacji. <em>W zwi\u0105zku  tym prze\u0142o\u017cyli\u015bmy om\u00f3wienie tego tematu na nast\u0119pny raz. Temat jest bardzo powa\u017cny, poniewa\u017c dotyczy inwestycji, kt\u00f3r\u0105 jest zainteresowane praktycznie ca\u0142e osiedle Niepodleg\u0142o\u015bci i wielu mieszka\u0144c\u00f3w pyta si\u0119, co tak naprawd\u0119 si\u0119 dzieje, \u017ce od czerwca 2010 roku, a w zasadzie od grudnia 2010 roku w tym zakresie nic nie zosta\u0142o zrobione<\/em>. <\/p>\n","protected":false},"excerpt":{"rendered":"<p>Podczas czwartkowej sesji rady miasta sporo uwagi po\u015bwi\u0119cono naszej \u015brodowej publikacji pt. \u201eStarostwo i opozycja ostro o problemach z budow\u0105 KN2\u201d. Burmistrz poczu\u0142 si\u0119 dotkni\u0119ty s\u0142owami swojego poprzednika. Bogdan Kosturkiewicz wprawdzie przeprosi\u0142, ale ze swojej wypowiedzi na naszych \u0142amach si\u0119 nie wycofa\u0142. Dyskusja na temat publikacji mia\u0142a miejsce w \u201ewolnych wnioskach\u201d. Jako pierwszy wyst\u0105pi burmistrz<\/p>\n","protected":false},"author":4,"featured_media":116261,"comment_status":"open","ping_status":"closed","sticky":false,"template":"","format":"standard","meta":{"_acf_changed":false,"footnotes":""},"categories":[6251],"tags":[17171,17519,7781,19720],"class_list":["post-179552","post","type-post","status-publish","format-standard","has-post-thumbnail","hentry","category-polityka-i-wydarzenia","tag-bogdan-kosturkiewicz","tag-sesja","tag-stefan-kolawinski","tag-top-temat","main_tag-sesja"],"acf":[],"yoast_head":"<!-- This site is optimized with the Yoast SEO plugin v26.9 - https:\/\/yoast.com\/product\/yoast-seo-wordpress\/ -->\n<title>Burmistrz do radnego: Krzywd\u0119 mi pan wyrz\u0105dza, bo pan insynuuje rzecz obrzydliw\u0105 - mojabochnia.pl - portal informacyjny<\/title>\n<meta name=\"robots\" content=\"index, follow, max-snippet:-1, max-image-preview:large, max-video-preview:-1\" \/>\n<link rel=\"canonical\" href=\"https:\/\/www.mojabochnia.pl\/?p=179552\" \/>\n<meta property=\"og:locale\" content=\"pl_PL\" \/>\n<meta property=\"og:type\" content=\"article\" \/>\n<meta property=\"og:title\" content=\"Burmistrz do radnego: Krzywd\u0119 mi pan wyrz\u0105dza, bo pan insynuuje rzecz obrzydliw\u0105 - mojabochnia.pl - portal informacyjny\" \/>\n<meta property=\"og:description\" content=\"Podczas czwartkowej sesji rady miasta sporo uwagi po\u015bwi\u0119cono naszej \u015brodowej publikacji pt. \u201eStarostwo i opozycja ostro o problemach z budow\u0105 KN2\u201d. Burmistrz poczu\u0142 si\u0119 dotkni\u0119ty s\u0142owami swojego poprzednika. Bogdan Kosturkiewicz wprawdzie przeprosi\u0142, ale ze swojej wypowiedzi na naszych \u0142amach si\u0119 nie wycofa\u0142. Dyskusja na temat publikacji mia\u0142a miejsce w \u201ewolnych wnioskach\u201d. Jako pierwszy wyst\u0105pi burmistrz\" \/>\n<meta property=\"og:url\" content=\"https:\/\/www.mojabochnia.pl\/?p=179552\" \/>\n<meta property=\"og:site_name\" content=\"mojabochnia.pl - portal informacyjny\" \/>\n<meta property=\"article:publisher\" content=\"https:\/\/www.facebook.com\/mojabochnia\" \/>\n<meta property=\"article:published_time\" content=\"2017-10-26T14:36:32+00:00\" \/>\n<meta property=\"og:image\" content=\"https:\/\/www.mojabochnia.pl\/wp-content\/uploads\/2014\/10\/IMG_6443.jpg\" \/>\n\t<meta property=\"og:image:width\" content=\"660\" \/>\n\t<meta property=\"og:image:height\" content=\"372\" \/>\n\t<meta property=\"og:image:type\" content=\"image\/jpeg\" \/>\n<meta name=\"author\" content=\"Pawe\u0142 Michalczyk\" \/>\n<meta name=\"twitter:card\" content=\"summary_large_image\" \/>\n<meta name=\"twitter:label1\" content=\"Written by\" \/>\n\t<meta name=\"twitter:data1\" content=\"Pawe\u0142 Michalczyk\" \/>\n\t<meta name=\"twitter:label2\" content=\"Est. reading time\" \/>\n\t<meta name=\"twitter:data2\" content=\"6 minut\" \/>\n<script type=\"application\/ld+json\" class=\"yoast-schema-graph\">{\"@context\":\"https:\/\/schema.org\",\"@graph\":[{\"@type\":\"Article\",\"@id\":\"https:\/\/www.mojabochnia.pl\/?p=179552#article\",\"isPartOf\":{\"@id\":\"https:\/\/www.mojabochnia.pl\/?p=179552\"},\"author\":{\"name\":\"Pawe\u0142 Michalczyk\",\"@id\":\"https:\/\/www.mojabochnia.pl\/#\/schema\/person\/ea042e4724a77627963f02166828ead4\"},\"headline\":\"Burmistrz do radnego: Krzywd\u0119 mi pan wyrz\u0105dza, bo pan insynuuje rzecz obrzydliw\u0105\",\"datePublished\":\"2017-10-26T14:36:32+00:00\",\"mainEntityOfPage\":{\"@id\":\"https:\/\/www.mojabochnia.pl\/?p=179552\"},\"wordCount\":1227,\"commentCount\":0,\"publisher\":{\"@id\":\"https:\/\/www.mojabochnia.pl\/#organization\"},\"image\":{\"@id\":\"https:\/\/www.mojabochnia.pl\/?p=179552#primaryimage\"},\"thumbnailUrl\":\"https:\/\/www.mojabochnia.pl\/wp-content\/uploads\/2014\/10\/IMG_6443.jpg\",\"keywords\":[\"bogdan kosturkiewicz\",\"sesja\",\"stefan kolawi\u0144ski\",\"top temat\"],\"articleSection\":[\"polityka i wydarzenia\"],\"inLanguage\":\"pl-PL\",\"potentialAction\":[{\"@type\":\"CommentAction\",\"name\":\"Comment\",\"target\":[\"https:\/\/www.mojabochnia.pl\/?p=179552#respond\"]}]},{\"@type\":\"WebPage\",\"@id\":\"https:\/\/www.mojabochnia.pl\/?p=179552\",\"url\":\"https:\/\/www.mojabochnia.pl\/?p=179552\",\"name\":\"Burmistrz do radnego: Krzywd\u0119 mi pan wyrz\u0105dza, bo pan insynuuje rzecz obrzydliw\u0105 - mojabochnia.pl - portal informacyjny\",\"isPartOf\":{\"@id\":\"https:\/\/www.mojabochnia.pl\/#website\"},\"primaryImageOfPage\":{\"@id\":\"https:\/\/www.mojabochnia.pl\/?p=179552#primaryimage\"},\"image\":{\"@id\":\"https:\/\/www.mojabochnia.pl\/?p=179552#primaryimage\"},\"thumbnailUrl\":\"https:\/\/www.mojabochnia.pl\/wp-content\/uploads\/2014\/10\/IMG_6443.jpg\",\"datePublished\":\"2017-10-26T14:36:32+00:00\",\"breadcrumb\":{\"@id\":\"https:\/\/www.mojabochnia.pl\/?p=179552#breadcrumb\"},\"inLanguage\":\"pl-PL\",\"potentialAction\":[{\"@type\":\"ReadAction\",\"target\":[\"https:\/\/www.mojabochnia.pl\/?p=179552\"]}]},{\"@type\":\"ImageObject\",\"inLanguage\":\"pl-PL\",\"@id\":\"https:\/\/www.mojabochnia.pl\/?p=179552#primaryimage\",\"url\":\"https:\/\/www.mojabochnia.pl\/wp-content\/uploads\/2014\/10\/IMG_6443.jpg\",\"contentUrl\":\"https:\/\/www.mojabochnia.pl\/wp-content\/uploads\/2014\/10\/IMG_6443.jpg\",\"width\":660,\"height\":372,\"caption\":\"Pawe\u0142 Michalczyk\"},{\"@type\":\"BreadcrumbList\",\"@id\":\"https:\/\/www.mojabochnia.pl\/?p=179552#breadcrumb\",\"itemListElement\":[{\"@type\":\"ListItem\",\"position\":1,\"name\":\"Home\",\"item\":\"https:\/\/www.mojabochnia.pl\/\"},{\"@type\":\"ListItem\",\"position\":2,\"name\":\"Burmistrz do radnego: Krzywd\u0119 mi pan wyrz\u0105dza, bo pan insynuuje rzecz obrzydliw\u0105\"}]},{\"@type\":\"WebSite\",\"@id\":\"https:\/\/www.mojabochnia.pl\/#website\",\"url\":\"https:\/\/www.mojabochnia.pl\/\",\"name\":\"mojabochnia.pl - portal informacyjny\",\"description\":\"mojaBochnia to portal informacyjny o Bochni. Codziennie o Bochni piszemy i pokazujemy najwa\u017cniejsze wydarzenia\",\"publisher\":{\"@id\":\"https:\/\/www.mojabochnia.pl\/#organization\"},\"potentialAction\":[{\"@type\":\"SearchAction\",\"target\":{\"@type\":\"EntryPoint\",\"urlTemplate\":\"https:\/\/www.mojabochnia.pl\/?s={search_term_string}\"},\"query-input\":{\"@type\":\"PropertyValueSpecification\",\"valueRequired\":true,\"valueName\":\"search_term_string\"}}],\"inLanguage\":\"pl-PL\"},{\"@type\":\"Organization\",\"@id\":\"https:\/\/www.mojabochnia.pl\/#organization\",\"name\":\"mojabochnia.pl - portal informacyjny\",\"url\":\"https:\/\/www.mojabochnia.pl\/\",\"logo\":{\"@type\":\"ImageObject\",\"inLanguage\":\"pl-PL\",\"@id\":\"https:\/\/www.mojabochnia.pl\/#\/schema\/logo\/image\/\",\"url\":\"https:\/\/www.mojabochnia.pl\/wp-content\/uploads\/2017\/08\/logo-mb-opt.png\",\"contentUrl\":\"https:\/\/www.mojabochnia.pl\/wp-content\/uploads\/2017\/08\/logo-mb-opt.png\",\"width\":250,\"height\":48,\"caption\":\"mojabochnia.pl - portal informacyjny\"},\"image\":{\"@id\":\"https:\/\/www.mojabochnia.pl\/#\/schema\/logo\/image\/\"},\"sameAs\":[\"https:\/\/www.facebook.com\/mojabochnia\"]},{\"@type\":\"Person\",\"@id\":\"https:\/\/www.mojabochnia.pl\/#\/schema\/person\/ea042e4724a77627963f02166828ead4\",\"name\":\"Pawe\u0142 Michalczyk\",\"url\":\"https:\/\/www.mojabochnia.pl\/?author=4\"}]}<\/script>\n<!-- \/ Yoast SEO plugin. -->","yoast_head_json":{"title":"Burmistrz do radnego: Krzywd\u0119 mi pan wyrz\u0105dza, bo pan insynuuje rzecz obrzydliw\u0105 - mojabochnia.pl - portal informacyjny","robots":{"index":"index","follow":"follow","max-snippet":"max-snippet:-1","max-image-preview":"max-image-preview:large","max-video-preview":"max-video-preview:-1"},"canonical":"https:\/\/www.mojabochnia.pl\/?p=179552","og_locale":"pl_PL","og_type":"article","og_title":"Burmistrz do radnego: Krzywd\u0119 mi pan wyrz\u0105dza, bo pan insynuuje rzecz obrzydliw\u0105 - mojabochnia.pl - portal informacyjny","og_description":"Podczas czwartkowej sesji rady miasta sporo uwagi po\u015bwi\u0119cono naszej \u015brodowej publikacji pt. \u201eStarostwo i opozycja ostro o problemach z budow\u0105 KN2\u201d. Burmistrz poczu\u0142 si\u0119 dotkni\u0119ty s\u0142owami swojego poprzednika. Bogdan Kosturkiewicz wprawdzie przeprosi\u0142, ale ze swojej wypowiedzi na naszych \u0142amach si\u0119 nie wycofa\u0142. Dyskusja na temat publikacji mia\u0142a miejsce w \u201ewolnych wnioskach\u201d. Jako pierwszy wyst\u0105pi burmistrz","og_url":"https:\/\/www.mojabochnia.pl\/?p=179552","og_site_name":"mojabochnia.pl - portal informacyjny","article_publisher":"https:\/\/www.facebook.com\/mojabochnia","article_published_time":"2017-10-26T14:36:32+00:00","og_image":[{"width":660,"height":372,"url":"https:\/\/www.mojabochnia.pl\/wp-content\/uploads\/2014\/10\/IMG_6443.jpg","type":"image\/jpeg"}],"author":"Pawe\u0142 Michalczyk","twitter_card":"summary_large_image","twitter_misc":{"Written by":"Pawe\u0142 Michalczyk","Est. reading time":"6 minut"},"schema":{"@context":"https:\/\/schema.org","@graph":[{"@type":"Article","@id":"https:\/\/www.mojabochnia.pl\/?p=179552#article","isPartOf":{"@id":"https:\/\/www.mojabochnia.pl\/?p=179552"},"author":{"name":"Pawe\u0142 Michalczyk","@id":"https:\/\/www.mojabochnia.pl\/#\/schema\/person\/ea042e4724a77627963f02166828ead4"},"headline":"Burmistrz do radnego: Krzywd\u0119 mi pan wyrz\u0105dza, bo pan insynuuje rzecz obrzydliw\u0105","datePublished":"2017-10-26T14:36:32+00:00","mainEntityOfPage":{"@id":"https:\/\/www.mojabochnia.pl\/?p=179552"},"wordCount":1227,"commentCount":0,"publisher":{"@id":"https:\/\/www.mojabochnia.pl\/#organization"},"image":{"@id":"https:\/\/www.mojabochnia.pl\/?p=179552#primaryimage"},"thumbnailUrl":"https:\/\/www.mojabochnia.pl\/wp-content\/uploads\/2014\/10\/IMG_6443.jpg","keywords":["bogdan kosturkiewicz","sesja","stefan kolawi\u0144ski","top temat"],"articleSection":["polityka i wydarzenia"],"inLanguage":"pl-PL","potentialAction":[{"@type":"CommentAction","name":"Comment","target":["https:\/\/www.mojabochnia.pl\/?p=179552#respond"]}]},{"@type":"WebPage","@id":"https:\/\/www.mojabochnia.pl\/?p=179552","url":"https:\/\/www.mojabochnia.pl\/?p=179552","name":"Burmistrz do radnego: Krzywd\u0119 mi pan wyrz\u0105dza, bo pan insynuuje rzecz obrzydliw\u0105 - mojabochnia.pl - portal informacyjny","isPartOf":{"@id":"https:\/\/www.mojabochnia.pl\/#website"},"primaryImageOfPage":{"@id":"https:\/\/www.mojabochnia.pl\/?p=179552#primaryimage"},"image":{"@id":"https:\/\/www.mojabochnia.pl\/?p=179552#primaryimage"},"thumbnailUrl":"https:\/\/www.mojabochnia.pl\/wp-content\/uploads\/2014\/10\/IMG_6443.jpg","datePublished":"2017-10-26T14:36:32+00:00","breadcrumb":{"@id":"https:\/\/www.mojabochnia.pl\/?p=179552#breadcrumb"},"inLanguage":"pl-PL","potentialAction":[{"@type":"ReadAction","target":["https:\/\/www.mojabochnia.pl\/?p=179552"]}]},{"@type":"ImageObject","inLanguage":"pl-PL","@id":"https:\/\/www.mojabochnia.pl\/?p=179552#primaryimage","url":"https:\/\/www.mojabochnia.pl\/wp-content\/uploads\/2014\/10\/IMG_6443.jpg","contentUrl":"https:\/\/www.mojabochnia.pl\/wp-content\/uploads\/2014\/10\/IMG_6443.jpg","width":660,"height":372,"caption":"Pawe\u0142 Michalczyk"},{"@type":"BreadcrumbList","@id":"https:\/\/www.mojabochnia.pl\/?p=179552#breadcrumb","itemListElement":[{"@type":"ListItem","position":1,"name":"Home","item":"https:\/\/www.mojabochnia.pl\/"},{"@type":"ListItem","position":2,"name":"Burmistrz do radnego: Krzywd\u0119 mi pan wyrz\u0105dza, bo pan insynuuje rzecz obrzydliw\u0105"}]},{"@type":"WebSite","@id":"https:\/\/www.mojabochnia.pl\/#website","url":"https:\/\/www.mojabochnia.pl\/","name":"mojabochnia.pl - portal informacyjny","description":"mojaBochnia to portal informacyjny o Bochni. Codziennie o Bochni piszemy i pokazujemy najwa\u017cniejsze wydarzenia","publisher":{"@id":"https:\/\/www.mojabochnia.pl\/#organization"},"potentialAction":[{"@type":"SearchAction","target":{"@type":"EntryPoint","urlTemplate":"https:\/\/www.mojabochnia.pl\/?s={search_term_string}"},"query-input":{"@type":"PropertyValueSpecification","valueRequired":true,"valueName":"search_term_string"}}],"inLanguage":"pl-PL"},{"@type":"Organization","@id":"https:\/\/www.mojabochnia.pl\/#organization","name":"mojabochnia.pl - portal informacyjny","url":"https:\/\/www.mojabochnia.pl\/","logo":{"@type":"ImageObject","inLanguage":"pl-PL","@id":"https:\/\/www.mojabochnia.pl\/#\/schema\/logo\/image\/","url":"https:\/\/www.mojabochnia.pl\/wp-content\/uploads\/2017\/08\/logo-mb-opt.png","contentUrl":"https:\/\/www.mojabochnia.pl\/wp-content\/uploads\/2017\/08\/logo-mb-opt.png","width":250,"height":48,"caption":"mojabochnia.pl - portal informacyjny"},"image":{"@id":"https:\/\/www.mojabochnia.pl\/#\/schema\/logo\/image\/"},"sameAs":["https:\/\/www.facebook.com\/mojabochnia"]},{"@type":"Person","@id":"https:\/\/www.mojabochnia.pl\/#\/schema\/person\/ea042e4724a77627963f02166828ead4","name":"Pawe\u0142 Michalczyk","url":"https:\/\/www.mojabochnia.pl\/?author=4"}]}},"_links":{"self":[{"href":"https:\/\/www.mojabochnia.pl\/index.php?rest_route=\/wp\/v2\/posts\/179552","targetHints":{"allow":["GET"]}}],"collection":[{"href":"https:\/\/www.mojabochnia.pl\/index.php?rest_route=\/wp\/v2\/posts"}],"about":[{"href":"https:\/\/www.mojabochnia.pl\/index.php?rest_route=\/wp\/v2\/types\/post"}],"author":[{"embeddable":true,"href":"https:\/\/www.mojabochnia.pl\/index.php?rest_route=\/wp\/v2\/users\/4"}],"replies":[{"embeddable":true,"href":"https:\/\/www.mojabochnia.pl\/index.php?rest_route=%2Fwp%2Fv2%2Fcomments&post=179552"}],"version-history":[{"count":4,"href":"https:\/\/www.mojabochnia.pl\/index.php?rest_route=\/wp\/v2\/posts\/179552\/revisions"}],"predecessor-version":[{"id":179557,"href":"https:\/\/www.mojabochnia.pl\/index.php?rest_route=\/wp\/v2\/posts\/179552\/revisions\/179557"}],"wp:featuredmedia":[{"embeddable":true,"href":"https:\/\/www.mojabochnia.pl\/index.php?rest_route=\/wp\/v2\/media\/116261"}],"wp:attachment":[{"href":"https:\/\/www.mojabochnia.pl\/index.php?rest_route=%2Fwp%2Fv2%2Fmedia&parent=179552"}],"wp:term":[{"taxonomy":"category","embeddable":true,"href":"https:\/\/www.mojabochnia.pl\/index.php?rest_route=%2Fwp%2Fv2%2Fcategories&post=179552"},{"taxonomy":"post_tag","embeddable":true,"href":"https:\/\/www.mojabochnia.pl\/index.php?rest_route=%2Fwp%2Fv2%2Ftags&post=179552"}],"curies":[{"name":"wp","href":"https:\/\/api.w.org\/{rel}","templated":true}]}}