{"id":179547,"date":"2017-10-26T13:31:10","date_gmt":"2017-10-26T11:31:10","guid":{"rendered":"https:\/\/www.mojabochnia.pl\/?p=179547"},"modified":"2017-10-26T13:35:10","modified_gmt":"2017-10-26T11:35:10","slug":"ruszyl-proces-przeciwko-asystentowi-burmistrza","status":"publish","type":"post","link":"https:\/\/www.mojabochnia.pl\/?p=179547","title":{"rendered":"Ruszy\u0142 proces przeciwko asystentowi burmistrza"},"content":{"rendered":"<p><strong>Ruszy\u0142 proces asystenta burmistrza Bochni. Zosta\u0142 on pozwany przez prywatn\u0105 firm\u0119 za wpisywanie komentarzy na jej temat na jednym z lokalnych portali. <\/strong><\/p>\n<p>Komentarze znajdowa\u0142y si\u0119 pod artyku\u0142ami na temat fiaska budowy parkingu wielopoziomowego Park and Ride oraz projektowania nowych Plant Salinarnych. Firma, kt\u00f3ra by\u0142a zaanga\u017cowa\u0142a w obie inwestycje, uzna\u0142a \u017ce ich autor naruszy\u0142 jej dobre imi\u0119. <\/p>\n<p>Pozwany jednak do winy si\u0119 nie poczuwa i na pierwsze posiedzenie w boche\u0144skim S\u0105dzie Rejonowym si\u0119 nie wybra\u0142. <em>Gdybym chcia\u0142 zak\u0142ada\u0107 pow\u00f3dztwa ka\u017cdemu, to w jaki\u015b spos\u00f3b m\u00f3wi tak, \u017ce to mi nie pasuje, to chyba bym nie wychodzi\u0142 z s\u0105du. Nie mam sobie w tej sprawie nic do zarzucenia, my\u015bl\u0119 \u017ce s\u0105d r\u00f3wnie\u017c w ten spos\u00f3b do tego podejdzie<\/em> \u2013 powiedzia\u0142 nam asystent burmistrza.<\/p>\n<p>S\u0105d Rejonowy w Bochni musi ustali\u0107, czy tre\u015bci zawarte w komentarzach by\u0142y zgodne z prawd\u0105. Od tego zale\u017cy bowiem, czy pozew firmy jest zasadny, czy nie. <\/p>\n","protected":false},"excerpt":{"rendered":"<p>Ruszy\u0142 proces asystenta burmistrza Bochni. Zosta\u0142 on pozwany przez prywatn\u0105 firm\u0119 za wpisywanie komentarzy na jej temat na jednym z lokalnych portali. Komentarze znajdowa\u0142y si\u0119 pod artyku\u0142ami na temat fiaska budowy parkingu wielopoziomowego Park and Ride oraz projektowania nowych Plant Salinarnych. Firma, kt\u00f3ra by\u0142a zaanga\u017cowa\u0142a w obie inwestycje, uzna\u0142a \u017ce ich autor naruszy\u0142 jej dobre<\/p>\n","protected":false},"author":4,"featured_media":164711,"comment_status":"open","ping_status":"closed","sticky":false,"template":"","format":"standard","meta":{"_acf_changed":false,"footnotes":""},"categories":[6251],"tags":[15256,17518,4699,10702,19720],"class_list":["post-179547","post","type-post","status-publish","format-standard","has-post-thumbnail","hentry","category-polityka-i-wydarzenia","tag-asystent","tag-proces","tag-rozprawa","tag-sad-rejonowy-w-bochni","tag-top-temat","main_tag-proces"],"acf":[],"yoast_head":"<!-- This site is optimized with the Yoast SEO plugin v26.9 - https:\/\/yoast.com\/product\/yoast-seo-wordpress\/ -->\n<title>Ruszy\u0142 proces przeciwko asystentowi burmistrza - mojabochnia.pl - portal informacyjny<\/title>\n<meta name=\"robots\" content=\"index, follow, max-snippet:-1, max-image-preview:large, max-video-preview:-1\" \/>\n<link rel=\"canonical\" href=\"https:\/\/www.mojabochnia.pl\/?p=179547\" \/>\n<meta property=\"og:locale\" content=\"pl_PL\" \/>\n<meta property=\"og:type\" content=\"article\" \/>\n<meta property=\"og:title\" content=\"Ruszy\u0142 proces przeciwko asystentowi burmistrza - mojabochnia.pl - portal informacyjny\" \/>\n<meta property=\"og:description\" content=\"Ruszy\u0142 proces asystenta burmistrza Bochni. Zosta\u0142 on pozwany przez prywatn\u0105 firm\u0119 za wpisywanie komentarzy na jej temat na jednym z lokalnych portali. Komentarze znajdowa\u0142y si\u0119 pod artyku\u0142ami na temat fiaska budowy parkingu wielopoziomowego Park and Ride oraz projektowania nowych Plant Salinarnych. Firma, kt\u00f3ra by\u0142a zaanga\u017cowa\u0142a w obie inwestycje, uzna\u0142a \u017ce ich autor naruszy\u0142 jej dobre\" \/>\n<meta property=\"og:url\" content=\"https:\/\/www.mojabochnia.pl\/?p=179547\" \/>\n<meta property=\"og:site_name\" content=\"mojabochnia.pl - portal informacyjny\" \/>\n<meta property=\"article:publisher\" content=\"https:\/\/www.facebook.com\/mojabochnia\" \/>\n<meta property=\"article:published_time\" content=\"2017-10-26T11:31:10+00:00\" \/>\n<meta property=\"article:modified_time\" content=\"2017-10-26T11:35:10+00:00\" \/>\n<meta property=\"og:image\" content=\"https:\/\/www.mojabochnia.pl\/wp-content\/uploads\/2017\/01\/IMG_5161-660x371.jpg\" \/>\n\t<meta property=\"og:image:width\" content=\"660\" \/>\n\t<meta property=\"og:image:height\" content=\"371\" \/>\n\t<meta property=\"og:image:type\" content=\"image\/jpeg\" \/>\n<meta name=\"author\" content=\"Pawe\u0142 Michalczyk\" \/>\n<meta name=\"twitter:card\" content=\"summary_large_image\" \/>\n<meta name=\"twitter:label1\" content=\"Written by\" \/>\n\t<meta name=\"twitter:data1\" content=\"Pawe\u0142 Michalczyk\" \/>\n\t<meta name=\"twitter:label2\" content=\"Est. reading time\" \/>\n\t<meta name=\"twitter:data2\" content=\"1 minuta\" \/>\n<script type=\"application\/ld+json\" class=\"yoast-schema-graph\">{\"@context\":\"https:\/\/schema.org\",\"@graph\":[{\"@type\":\"Article\",\"@id\":\"https:\/\/www.mojabochnia.pl\/?p=179547#article\",\"isPartOf\":{\"@id\":\"https:\/\/www.mojabochnia.pl\/?p=179547\"},\"author\":{\"name\":\"Pawe\u0142 Michalczyk\",\"@id\":\"https:\/\/www.mojabochnia.pl\/#\/schema\/person\/ea042e4724a77627963f02166828ead4\"},\"headline\":\"Ruszy\u0142 proces przeciwko asystentowi burmistrza\",\"datePublished\":\"2017-10-26T11:31:10+00:00\",\"dateModified\":\"2017-10-26T11:35:10+00:00\",\"mainEntityOfPage\":{\"@id\":\"https:\/\/www.mojabochnia.pl\/?p=179547\"},\"wordCount\":174,\"commentCount\":0,\"publisher\":{\"@id\":\"https:\/\/www.mojabochnia.pl\/#organization\"},\"image\":{\"@id\":\"https:\/\/www.mojabochnia.pl\/?p=179547#primaryimage\"},\"thumbnailUrl\":\"https:\/\/www.mojabochnia.pl\/wp-content\/uploads\/2017\/01\/IMG_5161-660x371.jpg\",\"keywords\":[\"asystent\",\"proces\",\"rozprawa\",\"s\u0105d rejonowy w bochni\",\"top temat\"],\"articleSection\":[\"polityka i wydarzenia\"],\"inLanguage\":\"pl-PL\",\"potentialAction\":[{\"@type\":\"CommentAction\",\"name\":\"Comment\",\"target\":[\"https:\/\/www.mojabochnia.pl\/?p=179547#respond\"]}]},{\"@type\":\"WebPage\",\"@id\":\"https:\/\/www.mojabochnia.pl\/?p=179547\",\"url\":\"https:\/\/www.mojabochnia.pl\/?p=179547\",\"name\":\"Ruszy\u0142 proces przeciwko asystentowi burmistrza - mojabochnia.pl - portal informacyjny\",\"isPartOf\":{\"@id\":\"https:\/\/www.mojabochnia.pl\/#website\"},\"primaryImageOfPage\":{\"@id\":\"https:\/\/www.mojabochnia.pl\/?p=179547#primaryimage\"},\"image\":{\"@id\":\"https:\/\/www.mojabochnia.pl\/?p=179547#primaryimage\"},\"thumbnailUrl\":\"https:\/\/www.mojabochnia.pl\/wp-content\/uploads\/2017\/01\/IMG_5161-660x371.jpg\",\"datePublished\":\"2017-10-26T11:31:10+00:00\",\"dateModified\":\"2017-10-26T11:35:10+00:00\",\"breadcrumb\":{\"@id\":\"https:\/\/www.mojabochnia.pl\/?p=179547#breadcrumb\"},\"inLanguage\":\"pl-PL\",\"potentialAction\":[{\"@type\":\"ReadAction\",\"target\":[\"https:\/\/www.mojabochnia.pl\/?p=179547\"]}]},{\"@type\":\"ImageObject\",\"inLanguage\":\"pl-PL\",\"@id\":\"https:\/\/www.mojabochnia.pl\/?p=179547#primaryimage\",\"url\":\"https:\/\/www.mojabochnia.pl\/wp-content\/uploads\/2017\/01\/IMG_5161-660x371.jpg\",\"contentUrl\":\"https:\/\/www.mojabochnia.pl\/wp-content\/uploads\/2017\/01\/IMG_5161-660x371.jpg\",\"width\":660,\"height\":371,\"caption\":\"Pawe\u0142 Michalczyk\"},{\"@type\":\"BreadcrumbList\",\"@id\":\"https:\/\/www.mojabochnia.pl\/?p=179547#breadcrumb\",\"itemListElement\":[{\"@type\":\"ListItem\",\"position\":1,\"name\":\"Home\",\"item\":\"https:\/\/www.mojabochnia.pl\/\"},{\"@type\":\"ListItem\",\"position\":2,\"name\":\"Ruszy\u0142 proces przeciwko asystentowi burmistrza\"}]},{\"@type\":\"WebSite\",\"@id\":\"https:\/\/www.mojabochnia.pl\/#website\",\"url\":\"https:\/\/www.mojabochnia.pl\/\",\"name\":\"mojabochnia.pl - portal informacyjny\",\"description\":\"mojaBochnia to portal informacyjny o Bochni. Codziennie o Bochni piszemy i pokazujemy najwa\u017cniejsze wydarzenia\",\"publisher\":{\"@id\":\"https:\/\/www.mojabochnia.pl\/#organization\"},\"potentialAction\":[{\"@type\":\"SearchAction\",\"target\":{\"@type\":\"EntryPoint\",\"urlTemplate\":\"https:\/\/www.mojabochnia.pl\/?s={search_term_string}\"},\"query-input\":{\"@type\":\"PropertyValueSpecification\",\"valueRequired\":true,\"valueName\":\"search_term_string\"}}],\"inLanguage\":\"pl-PL\"},{\"@type\":\"Organization\",\"@id\":\"https:\/\/www.mojabochnia.pl\/#organization\",\"name\":\"mojabochnia.pl - portal informacyjny\",\"url\":\"https:\/\/www.mojabochnia.pl\/\",\"logo\":{\"@type\":\"ImageObject\",\"inLanguage\":\"pl-PL\",\"@id\":\"https:\/\/www.mojabochnia.pl\/#\/schema\/logo\/image\/\",\"url\":\"https:\/\/www.mojabochnia.pl\/wp-content\/uploads\/2017\/08\/logo-mb-opt.png\",\"contentUrl\":\"https:\/\/www.mojabochnia.pl\/wp-content\/uploads\/2017\/08\/logo-mb-opt.png\",\"width\":250,\"height\":48,\"caption\":\"mojabochnia.pl - portal informacyjny\"},\"image\":{\"@id\":\"https:\/\/www.mojabochnia.pl\/#\/schema\/logo\/image\/\"},\"sameAs\":[\"https:\/\/www.facebook.com\/mojabochnia\"]},{\"@type\":\"Person\",\"@id\":\"https:\/\/www.mojabochnia.pl\/#\/schema\/person\/ea042e4724a77627963f02166828ead4\",\"name\":\"Pawe\u0142 Michalczyk\",\"url\":\"https:\/\/www.mojabochnia.pl\/?author=4\"}]}<\/script>\n<!-- \/ Yoast SEO plugin. -->","yoast_head_json":{"title":"Ruszy\u0142 proces przeciwko asystentowi burmistrza - mojabochnia.pl - portal informacyjny","robots":{"index":"index","follow":"follow","max-snippet":"max-snippet:-1","max-image-preview":"max-image-preview:large","max-video-preview":"max-video-preview:-1"},"canonical":"https:\/\/www.mojabochnia.pl\/?p=179547","og_locale":"pl_PL","og_type":"article","og_title":"Ruszy\u0142 proces przeciwko asystentowi burmistrza - mojabochnia.pl - portal informacyjny","og_description":"Ruszy\u0142 proces asystenta burmistrza Bochni. Zosta\u0142 on pozwany przez prywatn\u0105 firm\u0119 za wpisywanie komentarzy na jej temat na jednym z lokalnych portali. Komentarze znajdowa\u0142y si\u0119 pod artyku\u0142ami na temat fiaska budowy parkingu wielopoziomowego Park and Ride oraz projektowania nowych Plant Salinarnych. Firma, kt\u00f3ra by\u0142a zaanga\u017cowa\u0142a w obie inwestycje, uzna\u0142a \u017ce ich autor naruszy\u0142 jej dobre","og_url":"https:\/\/www.mojabochnia.pl\/?p=179547","og_site_name":"mojabochnia.pl - portal informacyjny","article_publisher":"https:\/\/www.facebook.com\/mojabochnia","article_published_time":"2017-10-26T11:31:10+00:00","article_modified_time":"2017-10-26T11:35:10+00:00","og_image":[{"width":660,"height":371,"url":"https:\/\/www.mojabochnia.pl\/wp-content\/uploads\/2017\/01\/IMG_5161-660x371.jpg","type":"image\/jpeg"}],"author":"Pawe\u0142 Michalczyk","twitter_card":"summary_large_image","twitter_misc":{"Written by":"Pawe\u0142 Michalczyk","Est. reading time":"1 minuta"},"schema":{"@context":"https:\/\/schema.org","@graph":[{"@type":"Article","@id":"https:\/\/www.mojabochnia.pl\/?p=179547#article","isPartOf":{"@id":"https:\/\/www.mojabochnia.pl\/?p=179547"},"author":{"name":"Pawe\u0142 Michalczyk","@id":"https:\/\/www.mojabochnia.pl\/#\/schema\/person\/ea042e4724a77627963f02166828ead4"},"headline":"Ruszy\u0142 proces przeciwko asystentowi burmistrza","datePublished":"2017-10-26T11:31:10+00:00","dateModified":"2017-10-26T11:35:10+00:00","mainEntityOfPage":{"@id":"https:\/\/www.mojabochnia.pl\/?p=179547"},"wordCount":174,"commentCount":0,"publisher":{"@id":"https:\/\/www.mojabochnia.pl\/#organization"},"image":{"@id":"https:\/\/www.mojabochnia.pl\/?p=179547#primaryimage"},"thumbnailUrl":"https:\/\/www.mojabochnia.pl\/wp-content\/uploads\/2017\/01\/IMG_5161-660x371.jpg","keywords":["asystent","proces","rozprawa","s\u0105d rejonowy w bochni","top temat"],"articleSection":["polityka i wydarzenia"],"inLanguage":"pl-PL","potentialAction":[{"@type":"CommentAction","name":"Comment","target":["https:\/\/www.mojabochnia.pl\/?p=179547#respond"]}]},{"@type":"WebPage","@id":"https:\/\/www.mojabochnia.pl\/?p=179547","url":"https:\/\/www.mojabochnia.pl\/?p=179547","name":"Ruszy\u0142 proces przeciwko asystentowi burmistrza - mojabochnia.pl - portal informacyjny","isPartOf":{"@id":"https:\/\/www.mojabochnia.pl\/#website"},"primaryImageOfPage":{"@id":"https:\/\/www.mojabochnia.pl\/?p=179547#primaryimage"},"image":{"@id":"https:\/\/www.mojabochnia.pl\/?p=179547#primaryimage"},"thumbnailUrl":"https:\/\/www.mojabochnia.pl\/wp-content\/uploads\/2017\/01\/IMG_5161-660x371.jpg","datePublished":"2017-10-26T11:31:10+00:00","dateModified":"2017-10-26T11:35:10+00:00","breadcrumb":{"@id":"https:\/\/www.mojabochnia.pl\/?p=179547#breadcrumb"},"inLanguage":"pl-PL","potentialAction":[{"@type":"ReadAction","target":["https:\/\/www.mojabochnia.pl\/?p=179547"]}]},{"@type":"ImageObject","inLanguage":"pl-PL","@id":"https:\/\/www.mojabochnia.pl\/?p=179547#primaryimage","url":"https:\/\/www.mojabochnia.pl\/wp-content\/uploads\/2017\/01\/IMG_5161-660x371.jpg","contentUrl":"https:\/\/www.mojabochnia.pl\/wp-content\/uploads\/2017\/01\/IMG_5161-660x371.jpg","width":660,"height":371,"caption":"Pawe\u0142 Michalczyk"},{"@type":"BreadcrumbList","@id":"https:\/\/www.mojabochnia.pl\/?p=179547#breadcrumb","itemListElement":[{"@type":"ListItem","position":1,"name":"Home","item":"https:\/\/www.mojabochnia.pl\/"},{"@type":"ListItem","position":2,"name":"Ruszy\u0142 proces przeciwko asystentowi burmistrza"}]},{"@type":"WebSite","@id":"https:\/\/www.mojabochnia.pl\/#website","url":"https:\/\/www.mojabochnia.pl\/","name":"mojabochnia.pl - portal informacyjny","description":"mojaBochnia to portal informacyjny o Bochni. Codziennie o Bochni piszemy i pokazujemy najwa\u017cniejsze wydarzenia","publisher":{"@id":"https:\/\/www.mojabochnia.pl\/#organization"},"potentialAction":[{"@type":"SearchAction","target":{"@type":"EntryPoint","urlTemplate":"https:\/\/www.mojabochnia.pl\/?s={search_term_string}"},"query-input":{"@type":"PropertyValueSpecification","valueRequired":true,"valueName":"search_term_string"}}],"inLanguage":"pl-PL"},{"@type":"Organization","@id":"https:\/\/www.mojabochnia.pl\/#organization","name":"mojabochnia.pl - portal informacyjny","url":"https:\/\/www.mojabochnia.pl\/","logo":{"@type":"ImageObject","inLanguage":"pl-PL","@id":"https:\/\/www.mojabochnia.pl\/#\/schema\/logo\/image\/","url":"https:\/\/www.mojabochnia.pl\/wp-content\/uploads\/2017\/08\/logo-mb-opt.png","contentUrl":"https:\/\/www.mojabochnia.pl\/wp-content\/uploads\/2017\/08\/logo-mb-opt.png","width":250,"height":48,"caption":"mojabochnia.pl - portal informacyjny"},"image":{"@id":"https:\/\/www.mojabochnia.pl\/#\/schema\/logo\/image\/"},"sameAs":["https:\/\/www.facebook.com\/mojabochnia"]},{"@type":"Person","@id":"https:\/\/www.mojabochnia.pl\/#\/schema\/person\/ea042e4724a77627963f02166828ead4","name":"Pawe\u0142 Michalczyk","url":"https:\/\/www.mojabochnia.pl\/?author=4"}]}},"_links":{"self":[{"href":"https:\/\/www.mojabochnia.pl\/index.php?rest_route=\/wp\/v2\/posts\/179547","targetHints":{"allow":["GET"]}}],"collection":[{"href":"https:\/\/www.mojabochnia.pl\/index.php?rest_route=\/wp\/v2\/posts"}],"about":[{"href":"https:\/\/www.mojabochnia.pl\/index.php?rest_route=\/wp\/v2\/types\/post"}],"author":[{"embeddable":true,"href":"https:\/\/www.mojabochnia.pl\/index.php?rest_route=\/wp\/v2\/users\/4"}],"replies":[{"embeddable":true,"href":"https:\/\/www.mojabochnia.pl\/index.php?rest_route=%2Fwp%2Fv2%2Fcomments&post=179547"}],"version-history":[{"count":3,"href":"https:\/\/www.mojabochnia.pl\/index.php?rest_route=\/wp\/v2\/posts\/179547\/revisions"}],"predecessor-version":[{"id":179551,"href":"https:\/\/www.mojabochnia.pl\/index.php?rest_route=\/wp\/v2\/posts\/179547\/revisions\/179551"}],"wp:featuredmedia":[{"embeddable":true,"href":"https:\/\/www.mojabochnia.pl\/index.php?rest_route=\/wp\/v2\/media\/164711"}],"wp:attachment":[{"href":"https:\/\/www.mojabochnia.pl\/index.php?rest_route=%2Fwp%2Fv2%2Fmedia&parent=179547"}],"wp:term":[{"taxonomy":"category","embeddable":true,"href":"https:\/\/www.mojabochnia.pl\/index.php?rest_route=%2Fwp%2Fv2%2Fcategories&post=179547"},{"taxonomy":"post_tag","embeddable":true,"href":"https:\/\/www.mojabochnia.pl\/index.php?rest_route=%2Fwp%2Fv2%2Ftags&post=179547"}],"curies":[{"name":"wp","href":"https:\/\/api.w.org\/{rel}","templated":true}]}}