{"id":179531,"date":"2017-10-26T09:48:28","date_gmt":"2017-10-26T07:48:28","guid":{"rendered":"https:\/\/www.mojabochnia.pl\/?p=179531"},"modified":"2017-10-26T09:48:28","modified_gmt":"2017-10-26T07:48:28","slug":"dzieci-z-mikluszowic-w-odblaskowym-dniu-bezpieczenstwa","status":"publish","type":"post","link":"https:\/\/www.mojabochnia.pl\/?p=179531","title":{"rendered":"Dzieci z Mikluszowic w Odblaskowym Dniu Bezpiecze\u0144stwa"},"content":{"rendered":"<p><strong>Szko\u0142a Podstawowa w Mikluszowicach co roku bierze udzia\u0142 w konkursie pn. &#8222;Odblaskowa Szko\u0142a&#8221; staraj\u0105c podejmowa\u0107 innowacyjne dzia\u0142ania zach\u0119caj\u0105ce do zwi\u0119kszenia bezpiecze\u0144stwa niechronionych uczestnik\u00f3w ruchu drogowego. Plac\u00f3wka znajduje si\u0119 przy ruchliwej drodze wojew\u00f3dzkiej, obok niej dzia\u0142a jedno z najnowocze\u015bniejszych miasteczek komunikacyjnych w Polsce. <\/strong><\/p>\n<p>Tam te\u017c odbywaj\u0105 si\u0119 fina\u0142y Og\u00f3lnopolskiego Turnieju Bezpiecze\u0144stwa w Ruchu Drogowym. Obok Miasteczka przebiega \u015bcie\u017cka rowerowa w ramach EUROVELO4 (Niepo\u0142omice &#8211; Tarn\u00f3w). Od kilku ju\u017c lat uczniowie szko\u0142y podejmuj\u0105 liczne dzia\u0142ania w\u015br\u00f3d lokalnej spo\u0142eczno\u015bci na rzecz bezpiecze\u0144stwa, r\u00f3wnie\u017c w zakresie u\u017cywania element\u00f3w odblaskowych zar\u00f3wno przez pieszych jak i rowerzyst\u00f3w.   <\/p>\n<p>Jednym z element\u00f3w zorganizowanego 19 pa\u017adziernika &#8222;Odblaskowego Dnia Bezpiecze\u0144stwa&#8221; by\u0142 Piknik na terenie Miasteczka Komunikacyjnego pn. &#8222;No\u015b odblaski, \u015bwie\u0107 przyk\u0142adem&#8221; oraz &#8222;Odblaskowy Marsz&#8221; ulicami Mikluszowic z transparentami zach\u0119caj\u0105cymi mieszka\u0144c\u00f3w do u\u017cywania element\u00f3w odblaskowych. W marszu wraz z uczniami i nauczycielami szli r\u00f3wnie\u017c dyrektor szko\u0142y Angelika \u015awierblewska, sekretarz gminy Drwinia Leszek Zabiega\u0142a, przewodnicz\u0105cy Rady Gminy Drwinia Roman Go\u0142\u0119biowski oraz pozostali zaproszeni go\u015bcie. Marsz odby\u0142 si\u0119 pod honorowym patronatem W\u00f3jta Gminy Drwinia Jana Paj\u0105ka. <\/p>\n<p>W\u015br\u00f3d atrakcji Pikniku<br \/>\n\u2022\tdzieci otrzyma\u0142y kamizelki odblaskowe ufundowane przez w\u0142a\u015bcicieli sklepu SPAR,<br \/>\n\u2022\t&#8222;\u015awiate\u0142ko odblaskowe&#8221; &#8211; ksi\u0105\u017ceczk\u0119 o bezpiecze\u0144stwie ufundowane przez Rad\u0119 Rodzic\u00f3w,<br \/>\n\u2022\t odblaskow\u0105 zawieszk\u0119 zakupion\u0105 przez Powszechny Zak\u0142ad Ubezpiecze\u0144,<br \/>\n\u2022\twszyscy uczniowie szko\u0142y podstawowej otrzymali odblaskowe zawieszki ufundowane przez Firm\u0119 GOMARSTAL &#8211;  wr\u0119czane przez policjant\u00f3w,<br \/>\n\u2022\tuczniowie \u015bwietlicy przedstawili  spektakl pt.&#8221;Jestem bezpieczny&#8221; oraz zaprezentowali &#8222;Odblaskowy taniec &#8222;,<br \/>\n\u2022\ts\u0119dzia g\u0142\u00f3wny Turnieju BRD Zbigniew Kogut przybli\u017cy\u0142 histori\u0119 Turnieju,<br \/>\n\u2022\t Wojciech i Mateusz Rzucid\u0142o opowiadali o kartingu oraz o zasadach bezpiecze\u0144stwa oraz zaprezentowali gokarta i specjalne ubrania sportowe,<br \/>\n\u2022\tst. sier\u017c. Micha\u0142 Bajda  z Komendy Powiatowej Policji w Bochni wyg\u0142osi\u0142 prelekcj\u0119 na temat bezpiecze\u0144stwa w ruchu drogowym i konieczno\u015bci u\u017cywania element\u00f3w odblaskowych.<br \/>\n\u2022\tna terenie miasteczka odbywa\u0142y si\u0119 zaj\u0119cia praktyczne z policjantami Wydzia\u0142\u00f3w Prewencji i Ruchu Drogowego oraz pokazy wyposa\u017cenia,<br \/>\n\u2022\tJacek S\u0142uszniak zaprezentowa\u0142 samoch\u00f3d zabytkowy Triumph Roadster (1948)<br \/>\n\u2022\tFilip Makuch (absolwent ZSP w Mikluszowicach) zaprezentowa\u0142 bolid wy\u015bcigowy skonstruowany w ramach w\u0142asnej pracy in\u017cynierskiej)<br \/>\n\u2022\tMicha\u0142 Jonak z O\u015brodka Szkolenia Kierowc\u00f3w &#8222;Auto &#8211; Mi\u015b&#8221; przeprowadzi\u0142 praktyczne zaj\u0119cia w miasteczku komunikacyjnym,<br \/>\n\u2022\twr\u0119czono nagrody dla zwyci\u0119zc\u00f3w w konkursie plastycznym &#8221; Odblaskowy transparent&#8221;<br \/>\n\u2022\tuczestnicy Pikniku mieli mo\u017cliwo\u015b\u0107 sprawdzi\u0107 jak alkohol upo\u015bledza zmys\u0142 r\u00f3wnowagi i postrzegania staraj\u0105c si\u0119 i\u015b\u0107 po linii prostej w za\u0142o\u017conych Alkogoglach,<br \/>\n\u2022\tRozegrano r\u00f3wnie\u017c mi\u0119dzyszkolne rozgrywki rowerowe z uczniami z ZSP w Gruszowie (pow. my\u015blecki).<\/p>\n<p>Ca\u0142o\u015b\u0107 opisanych dzia\u0142a\u0144 anga\u017cuje wszystkich uczni\u00f3w i nauczycieli w przygotowanie marszu i pikniku oraz cieszy si\u0119 rosn\u0105cym zainteresowaniem mieszka\u0144c\u00f3w Mikluszowic oraz coraz liczniejszym udzia\u0142em go\u015bci. Akcja zosta\u0142a zorganizowana z inicjatywy koordynator\u00f3w konkursu &#8221; Odblaskowa szko\u0142a&#8221;, a &#8222;Odblaskowy dzie\u0144 bezpiecze\u0144stwa&#8221; na d\u0142ugo powinien pozosta\u0107 w pami\u0119ci uczestnik\u00f3w i mieszka\u0144c\u00f3w Mikluszowic. <\/p>\n\t  \r\n\t\r\n\t    <div class=\"mb-gallery\">\r\n\t    <a href=\"https:\/\/www.mojabochnia.pl\/?attachment_id=179533\" class=\"\"><img loading=\"lazy\" decoding=\"async\" width=\"100\" height=\"100\" src=\"https:\/\/www.mojabochnia.pl\/wp-content\/uploads\/2017\/10\/1-2-100x100.jpg\" class=\"attachment-100x100 size-100x100\" alt=\"\" \/><\/a><a href=\"https:\/\/www.mojabochnia.pl\/?attachment_id=179534\" class=\"\"><img loading=\"lazy\" decoding=\"async\" width=\"100\" height=\"100\" src=\"https:\/\/www.mojabochnia.pl\/wp-content\/uploads\/2017\/10\/2-1-100x100.jpg\" class=\"attachment-100x100 size-100x100\" alt=\"\" \/><\/a><a href=\"https:\/\/www.mojabochnia.pl\/?attachment_id=179535\" class=\"\"><img loading=\"lazy\" decoding=\"async\" width=\"100\" height=\"100\" src=\"https:\/\/www.mojabochnia.pl\/wp-content\/uploads\/2017\/10\/3-1-100x100.jpg\" class=\"attachment-100x100 size-100x100\" alt=\"\" \/><\/a><a href=\"https:\/\/www.mojabochnia.pl\/?attachment_id=179536\" class=\"\"><img loading=\"lazy\" decoding=\"async\" width=\"100\" height=\"100\" src=\"https:\/\/www.mojabochnia.pl\/wp-content\/uploads\/2017\/10\/4-100x100.jpg\" class=\"attachment-100x100 size-100x100\" alt=\"\" \/><\/a><a href=\"https:\/\/www.mojabochnia.pl\/?attachment_id=179537\" class=\"\"><img loading=\"lazy\" decoding=\"async\" width=\"100\" height=\"100\" src=\"https:\/\/www.mojabochnia.pl\/wp-content\/uploads\/2017\/10\/5-100x100.jpg\" class=\"attachment-100x100 size-100x100\" alt=\"\" \/><\/a><a href=\"https:\/\/www.mojabochnia.pl\/?attachment_id=179538\" class=\"\"><img loading=\"lazy\" decoding=\"async\" width=\"100\" height=\"100\" src=\"https:\/\/www.mojabochnia.pl\/wp-content\/uploads\/2017\/10\/6-100x100.jpg\" class=\"attachment-100x100 size-100x100\" alt=\"\" \/><\/a><a href=\"https:\/\/www.mojabochnia.pl\/?attachment_id=179539\" class=\"\"><img loading=\"lazy\" decoding=\"async\" width=\"100\" height=\"100\" src=\"https:\/\/www.mojabochnia.pl\/wp-content\/uploads\/2017\/10\/7-100x100.jpg\" class=\"attachment-100x100 size-100x100\" alt=\"\" \/><\/a><a href=\"https:\/\/www.mojabochnia.pl\/?attachment_id=179540\" class=\"\"><img loading=\"lazy\" decoding=\"async\" width=\"100\" height=\"100\" src=\"https:\/\/www.mojabochnia.pl\/wp-content\/uploads\/2017\/10\/8-100x100.jpg\" class=\"attachment-100x100 size-100x100\" alt=\"\" \/><\/a><a href=\"https:\/\/www.mojabochnia.pl\/?attachment_id=179541\" class=\"\"><img loading=\"lazy\" decoding=\"async\" width=\"100\" height=\"100\" src=\"https:\/\/www.mojabochnia.pl\/wp-content\/uploads\/2017\/10\/9-100x100.jpg\" class=\"attachment-100x100 size-100x100\" alt=\"\" \/><\/a><a href=\"https:\/\/www.mojabochnia.pl\/?attachment_id=179542\" class=\"\"><img loading=\"lazy\" decoding=\"async\" width=\"100\" height=\"100\" src=\"https:\/\/www.mojabochnia.pl\/wp-content\/uploads\/2017\/10\/10-1-100x100.jpg\" class=\"attachment-100x100 size-100x100\" alt=\"\" \/><\/a><a href=\"https:\/\/www.mojabochnia.pl\/?attachment_id=179543\" class=\"\"><img loading=\"lazy\" decoding=\"async\" width=\"100\" height=\"100\" src=\"https:\/\/www.mojabochnia.pl\/wp-content\/uploads\/2017\/10\/11-100x100.jpg\" class=\"attachment-100x100 size-100x100\" alt=\"\" \/><\/a><a href=\"https:\/\/www.mojabochnia.pl\/?attachment_id=179544\" class=\"\"><img loading=\"lazy\" decoding=\"async\" width=\"100\" height=\"100\" src=\"https:\/\/www.mojabochnia.pl\/wp-content\/uploads\/2017\/10\/12-100x100.jpg\" class=\"attachment-100x100 size-100x100\" alt=\"\" \/><\/a><a href=\"https:\/\/www.mojabochnia.pl\/?attachment_id=179545\" class=\"\"><img loading=\"lazy\" decoding=\"async\" width=\"100\" height=\"100\" src=\"https:\/\/www.mojabochnia.pl\/wp-content\/uploads\/2017\/10\/13-100x100.jpg\" class=\"attachment-100x100 size-100x100\" alt=\"\" \/><\/a>\t    <\/div>\r\n\t    ","protected":false},"excerpt":{"rendered":"<p>Szko\u0142a Podstawowa w Mikluszowicach co roku bierze udzia\u0142 w konkursie pn. &#8222;Odblaskowa Szko\u0142a&#8221; staraj\u0105c podejmowa\u0107 innowacyjne dzia\u0142ania zach\u0119caj\u0105ce do zwi\u0119kszenia bezpiecze\u0144stwa niechronionych uczestnik\u00f3w ruchu drogowego. Plac\u00f3wka znajduje si\u0119 przy ruchliwej drodze wojew\u00f3dzkiej, obok niej dzia\u0142a jedno z najnowocze\u015bniejszych miasteczek komunikacyjnych w Polsce. Tam te\u017c odbywaj\u0105 si\u0119 fina\u0142y Og\u00f3lnopolskiego Turnieju Bezpiecze\u0144stwa w Ruchu Drogowym. Obok Miasteczka<\/p>\n","protected":false},"author":13,"featured_media":179535,"comment_status":"open","ping_status":"closed","sticky":false,"template":"","format":"standard","meta":{"_acf_changed":false,"footnotes":""},"categories":[6247,6246,6251],"tags":[19904,17422,7505,17249],"class_list":["post-179531","post","type-post","status-publish","format-standard","has-post-thumbnail","hentry","category-fotogaleria","category-medium","category-polityka-i-wydarzenia","tag-bezpieczensgtwo","tag-mikluszowice","tag-odblaski","tag-szkola","main_tag-szkola"],"acf":[],"yoast_head":"<!-- This site is optimized with the Yoast SEO plugin v26.9 - https:\/\/yoast.com\/product\/yoast-seo-wordpress\/ -->\n<title>Dzieci z Mikluszowic w Odblaskowym Dniu Bezpiecze\u0144stwa - mojabochnia.pl - portal informacyjny<\/title>\n<meta name=\"robots\" content=\"index, follow, max-snippet:-1, max-image-preview:large, max-video-preview:-1\" \/>\n<link rel=\"canonical\" href=\"https:\/\/www.mojabochnia.pl\/?p=179531\" \/>\n<meta property=\"og:locale\" content=\"pl_PL\" \/>\n<meta property=\"og:type\" content=\"article\" \/>\n<meta property=\"og:title\" content=\"Dzieci z Mikluszowic w Odblaskowym Dniu Bezpiecze\u0144stwa - mojabochnia.pl - portal informacyjny\" \/>\n<meta property=\"og:description\" content=\"Szko\u0142a Podstawowa w Mikluszowicach co roku bierze udzia\u0142 w konkursie pn. &#8222;Odblaskowa Szko\u0142a&#8221; staraj\u0105c podejmowa\u0107 innowacyjne dzia\u0142ania zach\u0119caj\u0105ce do zwi\u0119kszenia bezpiecze\u0144stwa niechronionych uczestnik\u00f3w ruchu drogowego. Plac\u00f3wka znajduje si\u0119 przy ruchliwej drodze wojew\u00f3dzkiej, obok niej dzia\u0142a jedno z najnowocze\u015bniejszych miasteczek komunikacyjnych w Polsce. Tam te\u017c odbywaj\u0105 si\u0119 fina\u0142y Og\u00f3lnopolskiego Turnieju Bezpiecze\u0144stwa w Ruchu Drogowym. Obok Miasteczka\" \/>\n<meta property=\"og:url\" content=\"https:\/\/www.mojabochnia.pl\/?p=179531\" \/>\n<meta property=\"og:site_name\" content=\"mojabochnia.pl - portal informacyjny\" \/>\n<meta property=\"article:publisher\" content=\"https:\/\/www.facebook.com\/mojabochnia\" \/>\n<meta property=\"article:published_time\" content=\"2017-10-26T07:48:28+00:00\" \/>\n<meta property=\"og:image\" content=\"https:\/\/www.mojabochnia.pl\/wp-content\/uploads\/2017\/10\/3-1.jpg\" \/>\n\t<meta property=\"og:image:width\" content=\"800\" \/>\n\t<meta property=\"og:image:height\" content=\"600\" \/>\n\t<meta property=\"og:image:type\" content=\"image\/jpeg\" \/>\n<meta name=\"author\" content=\"redakcja\" \/>\n<meta name=\"twitter:card\" content=\"summary_large_image\" \/>\n<meta name=\"twitter:label1\" content=\"Written by\" \/>\n\t<meta name=\"twitter:data1\" content=\"redakcja\" \/>\n\t<meta name=\"twitter:label2\" content=\"Est. reading time\" \/>\n\t<meta name=\"twitter:data2\" content=\"3 minuty\" \/>\n<script type=\"application\/ld+json\" class=\"yoast-schema-graph\">{\"@context\":\"https:\/\/schema.org\",\"@graph\":[{\"@type\":\"Article\",\"@id\":\"https:\/\/www.mojabochnia.pl\/?p=179531#article\",\"isPartOf\":{\"@id\":\"https:\/\/www.mojabochnia.pl\/?p=179531\"},\"author\":{\"name\":\"redakcja\",\"@id\":\"https:\/\/www.mojabochnia.pl\/#\/schema\/person\/7e2f20ead9902216a3384f13606c0ab7\"},\"headline\":\"Dzieci z Mikluszowic w Odblaskowym Dniu Bezpiecze\u0144stwa\",\"datePublished\":\"2017-10-26T07:48:28+00:00\",\"mainEntityOfPage\":{\"@id\":\"https:\/\/www.mojabochnia.pl\/?p=179531\"},\"wordCount\":534,\"commentCount\":0,\"publisher\":{\"@id\":\"https:\/\/www.mojabochnia.pl\/#organization\"},\"image\":{\"@id\":\"https:\/\/www.mojabochnia.pl\/?p=179531#primaryimage\"},\"thumbnailUrl\":\"https:\/\/www.mojabochnia.pl\/wp-content\/uploads\/2017\/10\/3-1.jpg\",\"keywords\":[\"bezpiecze\u0144sgtwo\",\"mikluszowice\",\"odblaski\",\"szko\u0142a\"],\"articleSection\":[\"fotogaleria\",\"Medium\",\"polityka i wydarzenia\"],\"inLanguage\":\"pl-PL\",\"potentialAction\":[{\"@type\":\"CommentAction\",\"name\":\"Comment\",\"target\":[\"https:\/\/www.mojabochnia.pl\/?p=179531#respond\"]}]},{\"@type\":\"WebPage\",\"@id\":\"https:\/\/www.mojabochnia.pl\/?p=179531\",\"url\":\"https:\/\/www.mojabochnia.pl\/?p=179531\",\"name\":\"Dzieci z Mikluszowic w Odblaskowym Dniu Bezpiecze\u0144stwa - mojabochnia.pl - portal informacyjny\",\"isPartOf\":{\"@id\":\"https:\/\/www.mojabochnia.pl\/#website\"},\"primaryImageOfPage\":{\"@id\":\"https:\/\/www.mojabochnia.pl\/?p=179531#primaryimage\"},\"image\":{\"@id\":\"https:\/\/www.mojabochnia.pl\/?p=179531#primaryimage\"},\"thumbnailUrl\":\"https:\/\/www.mojabochnia.pl\/wp-content\/uploads\/2017\/10\/3-1.jpg\",\"datePublished\":\"2017-10-26T07:48:28+00:00\",\"breadcrumb\":{\"@id\":\"https:\/\/www.mojabochnia.pl\/?p=179531#breadcrumb\"},\"inLanguage\":\"pl-PL\",\"potentialAction\":[{\"@type\":\"ReadAction\",\"target\":[\"https:\/\/www.mojabochnia.pl\/?p=179531\"]}]},{\"@type\":\"ImageObject\",\"inLanguage\":\"pl-PL\",\"@id\":\"https:\/\/www.mojabochnia.pl\/?p=179531#primaryimage\",\"url\":\"https:\/\/www.mojabochnia.pl\/wp-content\/uploads\/2017\/10\/3-1.jpg\",\"contentUrl\":\"https:\/\/www.mojabochnia.pl\/wp-content\/uploads\/2017\/10\/3-1.jpg\",\"width\":800,\"height\":600},{\"@type\":\"BreadcrumbList\",\"@id\":\"https:\/\/www.mojabochnia.pl\/?p=179531#breadcrumb\",\"itemListElement\":[{\"@type\":\"ListItem\",\"position\":1,\"name\":\"Home\",\"item\":\"https:\/\/www.mojabochnia.pl\/\"},{\"@type\":\"ListItem\",\"position\":2,\"name\":\"Dzieci z Mikluszowic w Odblaskowym Dniu Bezpiecze\u0144stwa\"}]},{\"@type\":\"WebSite\",\"@id\":\"https:\/\/www.mojabochnia.pl\/#website\",\"url\":\"https:\/\/www.mojabochnia.pl\/\",\"name\":\"mojabochnia.pl - portal informacyjny\",\"description\":\"mojaBochnia to portal informacyjny o Bochni. Codziennie o Bochni piszemy i pokazujemy najwa\u017cniejsze wydarzenia\",\"publisher\":{\"@id\":\"https:\/\/www.mojabochnia.pl\/#organization\"},\"potentialAction\":[{\"@type\":\"SearchAction\",\"target\":{\"@type\":\"EntryPoint\",\"urlTemplate\":\"https:\/\/www.mojabochnia.pl\/?s={search_term_string}\"},\"query-input\":{\"@type\":\"PropertyValueSpecification\",\"valueRequired\":true,\"valueName\":\"search_term_string\"}}],\"inLanguage\":\"pl-PL\"},{\"@type\":\"Organization\",\"@id\":\"https:\/\/www.mojabochnia.pl\/#organization\",\"name\":\"mojabochnia.pl - portal informacyjny\",\"url\":\"https:\/\/www.mojabochnia.pl\/\",\"logo\":{\"@type\":\"ImageObject\",\"inLanguage\":\"pl-PL\",\"@id\":\"https:\/\/www.mojabochnia.pl\/#\/schema\/logo\/image\/\",\"url\":\"https:\/\/www.mojabochnia.pl\/wp-content\/uploads\/2017\/08\/logo-mb-opt.png\",\"contentUrl\":\"https:\/\/www.mojabochnia.pl\/wp-content\/uploads\/2017\/08\/logo-mb-opt.png\",\"width\":250,\"height\":48,\"caption\":\"mojabochnia.pl - portal informacyjny\"},\"image\":{\"@id\":\"https:\/\/www.mojabochnia.pl\/#\/schema\/logo\/image\/\"},\"sameAs\":[\"https:\/\/www.facebook.com\/mojabochnia\"]},{\"@type\":\"Person\",\"@id\":\"https:\/\/www.mojabochnia.pl\/#\/schema\/person\/7e2f20ead9902216a3384f13606c0ab7\",\"name\":\"redakcja\",\"sameAs\":[\"http:\/\/\"],\"url\":\"https:\/\/www.mojabochnia.pl\/?author=13\"}]}<\/script>\n<!-- \/ Yoast SEO plugin. -->","yoast_head_json":{"title":"Dzieci z Mikluszowic w Odblaskowym Dniu Bezpiecze\u0144stwa - mojabochnia.pl - portal informacyjny","robots":{"index":"index","follow":"follow","max-snippet":"max-snippet:-1","max-image-preview":"max-image-preview:large","max-video-preview":"max-video-preview:-1"},"canonical":"https:\/\/www.mojabochnia.pl\/?p=179531","og_locale":"pl_PL","og_type":"article","og_title":"Dzieci z Mikluszowic w Odblaskowym Dniu Bezpiecze\u0144stwa - mojabochnia.pl - portal informacyjny","og_description":"Szko\u0142a Podstawowa w Mikluszowicach co roku bierze udzia\u0142 w konkursie pn. &#8222;Odblaskowa Szko\u0142a&#8221; staraj\u0105c podejmowa\u0107 innowacyjne dzia\u0142ania zach\u0119caj\u0105ce do zwi\u0119kszenia bezpiecze\u0144stwa niechronionych uczestnik\u00f3w ruchu drogowego. Plac\u00f3wka znajduje si\u0119 przy ruchliwej drodze wojew\u00f3dzkiej, obok niej dzia\u0142a jedno z najnowocze\u015bniejszych miasteczek komunikacyjnych w Polsce. Tam te\u017c odbywaj\u0105 si\u0119 fina\u0142y Og\u00f3lnopolskiego Turnieju Bezpiecze\u0144stwa w Ruchu Drogowym. Obok Miasteczka","og_url":"https:\/\/www.mojabochnia.pl\/?p=179531","og_site_name":"mojabochnia.pl - portal informacyjny","article_publisher":"https:\/\/www.facebook.com\/mojabochnia","article_published_time":"2017-10-26T07:48:28+00:00","og_image":[{"width":800,"height":600,"url":"https:\/\/www.mojabochnia.pl\/wp-content\/uploads\/2017\/10\/3-1.jpg","type":"image\/jpeg"}],"author":"redakcja","twitter_card":"summary_large_image","twitter_misc":{"Written by":"redakcja","Est. reading time":"3 minuty"},"schema":{"@context":"https:\/\/schema.org","@graph":[{"@type":"Article","@id":"https:\/\/www.mojabochnia.pl\/?p=179531#article","isPartOf":{"@id":"https:\/\/www.mojabochnia.pl\/?p=179531"},"author":{"name":"redakcja","@id":"https:\/\/www.mojabochnia.pl\/#\/schema\/person\/7e2f20ead9902216a3384f13606c0ab7"},"headline":"Dzieci z Mikluszowic w Odblaskowym Dniu Bezpiecze\u0144stwa","datePublished":"2017-10-26T07:48:28+00:00","mainEntityOfPage":{"@id":"https:\/\/www.mojabochnia.pl\/?p=179531"},"wordCount":534,"commentCount":0,"publisher":{"@id":"https:\/\/www.mojabochnia.pl\/#organization"},"image":{"@id":"https:\/\/www.mojabochnia.pl\/?p=179531#primaryimage"},"thumbnailUrl":"https:\/\/www.mojabochnia.pl\/wp-content\/uploads\/2017\/10\/3-1.jpg","keywords":["bezpiecze\u0144sgtwo","mikluszowice","odblaski","szko\u0142a"],"articleSection":["fotogaleria","Medium","polityka i wydarzenia"],"inLanguage":"pl-PL","potentialAction":[{"@type":"CommentAction","name":"Comment","target":["https:\/\/www.mojabochnia.pl\/?p=179531#respond"]}]},{"@type":"WebPage","@id":"https:\/\/www.mojabochnia.pl\/?p=179531","url":"https:\/\/www.mojabochnia.pl\/?p=179531","name":"Dzieci z Mikluszowic w Odblaskowym Dniu Bezpiecze\u0144stwa - mojabochnia.pl - portal informacyjny","isPartOf":{"@id":"https:\/\/www.mojabochnia.pl\/#website"},"primaryImageOfPage":{"@id":"https:\/\/www.mojabochnia.pl\/?p=179531#primaryimage"},"image":{"@id":"https:\/\/www.mojabochnia.pl\/?p=179531#primaryimage"},"thumbnailUrl":"https:\/\/www.mojabochnia.pl\/wp-content\/uploads\/2017\/10\/3-1.jpg","datePublished":"2017-10-26T07:48:28+00:00","breadcrumb":{"@id":"https:\/\/www.mojabochnia.pl\/?p=179531#breadcrumb"},"inLanguage":"pl-PL","potentialAction":[{"@type":"ReadAction","target":["https:\/\/www.mojabochnia.pl\/?p=179531"]}]},{"@type":"ImageObject","inLanguage":"pl-PL","@id":"https:\/\/www.mojabochnia.pl\/?p=179531#primaryimage","url":"https:\/\/www.mojabochnia.pl\/wp-content\/uploads\/2017\/10\/3-1.jpg","contentUrl":"https:\/\/www.mojabochnia.pl\/wp-content\/uploads\/2017\/10\/3-1.jpg","width":800,"height":600},{"@type":"BreadcrumbList","@id":"https:\/\/www.mojabochnia.pl\/?p=179531#breadcrumb","itemListElement":[{"@type":"ListItem","position":1,"name":"Home","item":"https:\/\/www.mojabochnia.pl\/"},{"@type":"ListItem","position":2,"name":"Dzieci z Mikluszowic w Odblaskowym Dniu Bezpiecze\u0144stwa"}]},{"@type":"WebSite","@id":"https:\/\/www.mojabochnia.pl\/#website","url":"https:\/\/www.mojabochnia.pl\/","name":"mojabochnia.pl - portal informacyjny","description":"mojaBochnia to portal informacyjny o Bochni. Codziennie o Bochni piszemy i pokazujemy najwa\u017cniejsze wydarzenia","publisher":{"@id":"https:\/\/www.mojabochnia.pl\/#organization"},"potentialAction":[{"@type":"SearchAction","target":{"@type":"EntryPoint","urlTemplate":"https:\/\/www.mojabochnia.pl\/?s={search_term_string}"},"query-input":{"@type":"PropertyValueSpecification","valueRequired":true,"valueName":"search_term_string"}}],"inLanguage":"pl-PL"},{"@type":"Organization","@id":"https:\/\/www.mojabochnia.pl\/#organization","name":"mojabochnia.pl - portal informacyjny","url":"https:\/\/www.mojabochnia.pl\/","logo":{"@type":"ImageObject","inLanguage":"pl-PL","@id":"https:\/\/www.mojabochnia.pl\/#\/schema\/logo\/image\/","url":"https:\/\/www.mojabochnia.pl\/wp-content\/uploads\/2017\/08\/logo-mb-opt.png","contentUrl":"https:\/\/www.mojabochnia.pl\/wp-content\/uploads\/2017\/08\/logo-mb-opt.png","width":250,"height":48,"caption":"mojabochnia.pl - portal informacyjny"},"image":{"@id":"https:\/\/www.mojabochnia.pl\/#\/schema\/logo\/image\/"},"sameAs":["https:\/\/www.facebook.com\/mojabochnia"]},{"@type":"Person","@id":"https:\/\/www.mojabochnia.pl\/#\/schema\/person\/7e2f20ead9902216a3384f13606c0ab7","name":"redakcja","sameAs":["http:\/\/"],"url":"https:\/\/www.mojabochnia.pl\/?author=13"}]}},"_links":{"self":[{"href":"https:\/\/www.mojabochnia.pl\/index.php?rest_route=\/wp\/v2\/posts\/179531","targetHints":{"allow":["GET"]}}],"collection":[{"href":"https:\/\/www.mojabochnia.pl\/index.php?rest_route=\/wp\/v2\/posts"}],"about":[{"href":"https:\/\/www.mojabochnia.pl\/index.php?rest_route=\/wp\/v2\/types\/post"}],"author":[{"embeddable":true,"href":"https:\/\/www.mojabochnia.pl\/index.php?rest_route=\/wp\/v2\/users\/13"}],"replies":[{"embeddable":true,"href":"https:\/\/www.mojabochnia.pl\/index.php?rest_route=%2Fwp%2Fv2%2Fcomments&post=179531"}],"version-history":[{"count":1,"href":"https:\/\/www.mojabochnia.pl\/index.php?rest_route=\/wp\/v2\/posts\/179531\/revisions"}],"predecessor-version":[{"id":179546,"href":"https:\/\/www.mojabochnia.pl\/index.php?rest_route=\/wp\/v2\/posts\/179531\/revisions\/179546"}],"wp:featuredmedia":[{"embeddable":true,"href":"https:\/\/www.mojabochnia.pl\/index.php?rest_route=\/wp\/v2\/media\/179535"}],"wp:attachment":[{"href":"https:\/\/www.mojabochnia.pl\/index.php?rest_route=%2Fwp%2Fv2%2Fmedia&parent=179531"}],"wp:term":[{"taxonomy":"category","embeddable":true,"href":"https:\/\/www.mojabochnia.pl\/index.php?rest_route=%2Fwp%2Fv2%2Fcategories&post=179531"},{"taxonomy":"post_tag","embeddable":true,"href":"https:\/\/www.mojabochnia.pl\/index.php?rest_route=%2Fwp%2Fv2%2Ftags&post=179531"}],"curies":[{"name":"wp","href":"https:\/\/api.w.org\/{rel}","templated":true}]}}