{"id":179526,"date":"2017-10-25T17:13:25","date_gmt":"2017-10-25T15:13:25","guid":{"rendered":"https:\/\/www.mojabochnia.pl\/?p=179526"},"modified":"2017-10-25T17:13:25","modified_gmt":"2017-10-25T15:13:25","slug":"8-listopada-spektakl-skazany-na-bluesa-w-gdowie","status":"publish","type":"post","link":"https:\/\/www.mojabochnia.pl\/?p=179526","title":{"rendered":"8 listopada spektakl &#8222;Skazany na bluesa&#8221; w Gdowie"},"content":{"rendered":"<p><strong>8 listopada w Gdowie zostanie wystawiony spektakl o Ryszardzie Riedlu, legendarnym wokali\u015bcie grupy D\u017cem. &#8222;Skazany na bluesa&#8221; to &#8211; jak informuj\u0105 organizatorzy &#8211; &#8222;opowie\u015b\u0107 o cz\u0142owieku, kt\u00f3remu los da\u0142 talent i charyzm\u0119, za co pokocha\u0142y go setki fan\u00f3w, a jednocze\u015bnie obdarzy\u0142 wra\u017cliwo\u015bci\u0105 autsajdera, kt\u00f3ra pchn\u0119\u0142a go w przegran\u0105 walk\u0119 z na\u0142ogiem, jest jedn\u0105 z tych opowie\u015bci, o kt\u00f3rych m\u00f3wi si\u0119, \u017ce s\u0105 gotowymi scenariuszami na film\u2026&#8221;. <\/p>\n<p>Jako pierwszy po histori\u0119 \u017cycia Ry\u015bka Riedla si\u0119gn\u0105\u0142 Jan Kidawa B\u0142o\u0144ski si\u0119gn\u0105\u0142. Dziesi\u0119\u0107 lat po tragicznej \u015bmierci artysty powsta\u0142 \u201eSkazany na bluesa\u201d &#8211; film, kt\u00f3ry mierzy\u0142 si\u0119 z legend\u0105 Riedla. Re\u017cyserowi i genialnemu odtw\u00f3rcy g\u0142\u00f3wnej roli \u2013 Tomaszowi Kotowi uda\u0142o si\u0119 pokaza\u0107 tragiczn\u0105 histori\u0119 legendarnego wokalisty, jego fenomen i jego s\u0142abo\u015bci ze wszystkim blaskami i cieniami, kt\u00f3re mu towarzyszy\u0142y.<\/strong><\/p>\n<p><iframe loading=\"lazy\" src=\"https:\/\/www.facebook.com\/plugins\/video.php?href=https%3A%2F%2Fwww.facebook.com%2Fcentrumkultury.gdow%2Fvideos%2F893683914143376%2F&#038;show_text=0&#038;width=560\" width=\"560\" height=\"315\" style=\"border:none;overflow:hidden\" scrolling=\"no\" frameborder=\"0\" allowTransparency=\"true\" allowFullScreen=\"true\"><\/iframe><\/p>\n<p>Dziewi\u0119\u0107 lat p\u00f3\u017aniej niezwyk\u0142\u0105 histori\u0119 \u017cycia legendy polskiego bluesa przeni\u00f3s\u0142 na deski Teatru \u015al\u0105skiego Arkadiusz Jakubik. Re\u017cyser opar\u0142 swoj\u0105 inscenizacj\u0119 na scenariuszu filmowym Przemys\u0142awa Angermana i Jana Kidawy-B\u0142o\u0144skiego, dzi\u0119ki czemu widzowie mog\u0105 odnale\u017a\u0107 w spektaklu sceny tak dobrze znane z filmowego ekranu. Ale teatr daje co\u015b wi\u0119cej, jego fenomen wsp\u00f3\u0142uczestniczenia aktora i widza sprawia, \u017ce emocje i relacje przenikaj\u0105 si\u0119 wzajemnie. To dzi\u0119ki temu na takim spektaklu jak \u201eSkazany na bluesa\u201d widz mo\u017ce przenie\u015b\u0107 si\u0119 do szko\u0142y, w kt\u00f3rej Rysiek Riedel po raz pierwszy wy\u015bpiewa\u0142 \u201eCzerwonego jak ceg\u0142a\u201d i mo\u017ce z odtw\u00f3rc\u0105 g\u0142\u00f3wnej roli za\u015bpiewa\u0107.<\/p>\n<p><em>W takim spektaklu, w kt\u00f3rym elementem spajaj\u0105cym ca\u0142o\u015b\u0107 jest grana na \u017cywo muzyka to wra\u017cenie wsp\u00f3\u0142uczestniczenia jest wyj\u0105tkowo odczuwalne. Je\u015bli do\u0142o\u017cymy do tego scenografi\u0119, w kt\u00f3rej kluczem jest sztuka \u015bl\u0105skich malarzy prymitywist\u00f3w, w tym Grupy Janowskiej, dostaniemy zachwycaj\u0105cy wizualnie obraz przepleciony magi\u0105 i najbardziej znanymi utworami D\u017cemu<\/em> &#8211; zapewniaj\u0105 organizatorzy.<\/p>\n<p>\u201eSkazany na bluesa\u201d Teatru \u015al\u0105skiego jest spektaklem brawurowym. <em>Kilkudziesi\u0119ciu aktor\u00f3w, graj\u0105ca na \u017cywo kapela, nie\u015bmiertelne piosenki D\u017cemu uk\u0142adaj\u0105 si\u0119 w poruszaj\u0105c\u0105 histori\u0119 o przyja\u017ani, wolno\u015bci i mi\u0142o\u015bci, lecz przede wszystkim o nie zawsze wygranej walce z samym sob\u0105. Ten spektakl trzeba po prostu zobaczy\u0107. 8 listopada b\u0119dzie ku temu wspania\u0142a okazja w\u0142a\u015bnie w Gdowie<\/em>.<\/p>\n<p><em>Dlaczego warto? Poniewa\u017c jest to wielkie wydarzenie artystyczne, poniewa\u017c spektakl grany jest tylko jeden, jedyny raz w naszej okolicy, i aby go powt\u00f3rnie zobaczy\u0107, trzeba si\u0119 wybra\u0107 na \u015al\u0105sk, poniewa\u017c na scenie zobaczymy gdowiank\u0119 Alin\u0119 Chechelsk\u0105\u2026 Czy trzeba dodawa\u0107 co\u015b wi\u0119cej?<\/em> &#8211; czytamy w komunikacie prasowym.<\/p>\n<p><em>Teatralna adaptacja jest brawurowa. Jestem pod ogromnym wra\u017ceniem. Dzi\u0119ki oryginalnemu wykorzystaniu \u015bl\u0105skich symboli powsta\u0142 magiczny sen o Ry\u015bku. Tak, dzi\u015b w teatrze przy\u015bni\u0142 mi si\u0119 Rysiek&#8230;<\/em> &#8211; przyznaje Beno Otr\u0119ba, basista D\u017cemu. <em>Ry\u015bka Riedla raczej ka\u017cdy kinoman uto\u017csamia z ekranow\u0105 kreacj\u0105 Tomasza Kota. Tymczasem Maciej Lipina stara\u0142 si\u0119 interpretowa\u0107 t\u0119 posta\u0107 nieco inaczej. I to w\u0142a\u015bnie on jako odtw\u00f3rca g\u0142\u00f3wnej roli sta\u0142 si\u0119 bez w\u0105tpienia najmocniejsz\u0105 stron\u0105 spektaklu<\/em>.<\/p>\n<p>Bilety w cenie od 80 do 110 z\u0142 s\u0105 do nabycia w Centrum Kultury w Gdowie w godz. 8-16 oraz w Gminnej Hali Sportowej w godz. 16 &#8211; 20. Mo\u017cna te\u017c zarezerwowa\u0107 bilet dokonuj\u0105c wp\u0142aty na konto bankowe Centrum Kultury w Gdowie nr 81 8591 0007 0070 0117 5939 0002 w tre\u015bci wpisuj\u0105c imi\u0119 i nazwisko rezerwuj\u0105cego, ilo\u015b\u0107 i rodzaj bilet\u00f3w. Po dokonaniu p\u0142atno\u015bci nale\u017cy przes\u0142a\u0107 potwierdzenie przelewu na adres: biuro@ckgdow.pl w temacie maila prosz\u0119 wpisa\u0107 REZERWACJA SKAZANY NA BLUESA. Zarezerwowane bilety b\u0119d\u0105 dost\u0119pne przed spektaklem w miejscu odbioru op\u0142aconych rezerwacji. Odbi\u00f3r bilet\u00f3w za okazaniem dowodu osobistego rezerwuj\u0105cego.<\/p>\n","protected":false},"excerpt":{"rendered":"<p>8 listopada w Gdowie zostanie wystawiony spektakl o Ryszardzie Riedlu, legendarnym wokali\u015bcie grupy D\u017cem. &#8222;Skazany na bluesa&#8221; to &#8211; jak informuj\u0105 organizatorzy &#8211; &#8222;opowie\u015b\u0107 o cz\u0142owieku, kt\u00f3remu los da\u0142 talent i charyzm\u0119, za co pokocha\u0142y go setki fan\u00f3w, a jednocze\u015bnie obdarzy\u0142 wra\u017cliwo\u015bci\u0105 autsajdera, kt\u00f3ra pchn\u0119\u0142a go w przegran\u0105 walk\u0119 z na\u0142ogiem, jest jedn\u0105 z tych<\/p>\n","protected":false},"author":13,"featured_media":179529,"comment_status":"open","ping_status":"closed","sticky":false,"template":"","format":"standard","meta":{"_acf_changed":false,"footnotes":""},"categories":[92],"tags":[1409,5630,17206,17108,15596,19903,17439],"class_list":["post-179526","post","type-post","status-publish","format-standard","has-post-thumbnail","hentry","category-kultura","tag-blues","tag-dzem","tag-gdow","tag-koncert","tag-ryszard-riedel","tag-skazany-na-bluesa","tag-spektakl","main_tag-spektakl"],"acf":[],"yoast_head":"<!-- This site is optimized with the Yoast SEO plugin v26.9 - https:\/\/yoast.com\/product\/yoast-seo-wordpress\/ -->\n<title>8 listopada spektakl &quot;Skazany na bluesa&quot; w Gdowie - mojabochnia.pl - portal informacyjny<\/title>\n<meta name=\"robots\" content=\"index, follow, max-snippet:-1, max-image-preview:large, max-video-preview:-1\" \/>\n<link rel=\"canonical\" href=\"https:\/\/www.mojabochnia.pl\/?p=179526\" \/>\n<meta property=\"og:locale\" content=\"pl_PL\" \/>\n<meta property=\"og:type\" content=\"article\" \/>\n<meta property=\"og:title\" content=\"8 listopada spektakl &quot;Skazany na bluesa&quot; w Gdowie - mojabochnia.pl - portal informacyjny\" \/>\n<meta property=\"og:description\" content=\"8 listopada w Gdowie zostanie wystawiony spektakl o Ryszardzie Riedlu, legendarnym wokali\u015bcie grupy D\u017cem. &#8222;Skazany na bluesa&#8221; to &#8211; jak informuj\u0105 organizatorzy &#8211; &#8222;opowie\u015b\u0107 o cz\u0142owieku, kt\u00f3remu los da\u0142 talent i charyzm\u0119, za co pokocha\u0142y go setki fan\u00f3w, a jednocze\u015bnie obdarzy\u0142 wra\u017cliwo\u015bci\u0105 autsajdera, kt\u00f3ra pchn\u0119\u0142a go w przegran\u0105 walk\u0119 z na\u0142ogiem, jest jedn\u0105 z tych\" \/>\n<meta property=\"og:url\" content=\"https:\/\/www.mojabochnia.pl\/?p=179526\" \/>\n<meta property=\"og:site_name\" content=\"mojabochnia.pl - portal informacyjny\" \/>\n<meta property=\"article:publisher\" content=\"https:\/\/www.facebook.com\/mojabochnia\" \/>\n<meta property=\"article:published_time\" content=\"2017-10-25T15:13:25+00:00\" \/>\n<meta property=\"og:image\" content=\"https:\/\/www.mojabochnia.pl\/wp-content\/uploads\/2017\/10\/baner-skazany-nowy.jpg\" \/>\n\t<meta property=\"og:image:width\" content=\"1000\" \/>\n\t<meta property=\"og:image:height\" content=\"471\" \/>\n\t<meta property=\"og:image:type\" content=\"image\/jpeg\" \/>\n<meta name=\"author\" content=\"redakcja\" \/>\n<meta name=\"twitter:card\" content=\"summary_large_image\" \/>\n<meta name=\"twitter:label1\" content=\"Written by\" \/>\n\t<meta name=\"twitter:data1\" content=\"redakcja\" \/>\n\t<meta name=\"twitter:label2\" content=\"Est. reading time\" \/>\n\t<meta name=\"twitter:data2\" content=\"3 minuty\" \/>\n<script type=\"application\/ld+json\" class=\"yoast-schema-graph\">{\"@context\":\"https:\/\/schema.org\",\"@graph\":[{\"@type\":\"Article\",\"@id\":\"https:\/\/www.mojabochnia.pl\/?p=179526#article\",\"isPartOf\":{\"@id\":\"https:\/\/www.mojabochnia.pl\/?p=179526\"},\"author\":{\"name\":\"redakcja\",\"@id\":\"https:\/\/www.mojabochnia.pl\/#\/schema\/person\/7e2f20ead9902216a3384f13606c0ab7\"},\"headline\":\"8 listopada spektakl &#8222;Skazany na bluesa&#8221; w Gdowie\",\"datePublished\":\"2017-10-25T15:13:25+00:00\",\"mainEntityOfPage\":{\"@id\":\"https:\/\/www.mojabochnia.pl\/?p=179526\"},\"wordCount\":645,\"commentCount\":0,\"publisher\":{\"@id\":\"https:\/\/www.mojabochnia.pl\/#organization\"},\"image\":{\"@id\":\"https:\/\/www.mojabochnia.pl\/?p=179526#primaryimage\"},\"thumbnailUrl\":\"https:\/\/www.mojabochnia.pl\/wp-content\/uploads\/2017\/10\/baner-skazany-nowy.jpg\",\"keywords\":[\"blues\",\"d\u017cem\",\"gd\u00f3w\",\"koncert\",\"ryszard riedel\",\"skazany na bluesa\",\"spektakl\"],\"articleSection\":[\"kultura\"],\"inLanguage\":\"pl-PL\",\"potentialAction\":[{\"@type\":\"CommentAction\",\"name\":\"Comment\",\"target\":[\"https:\/\/www.mojabochnia.pl\/?p=179526#respond\"]}]},{\"@type\":\"WebPage\",\"@id\":\"https:\/\/www.mojabochnia.pl\/?p=179526\",\"url\":\"https:\/\/www.mojabochnia.pl\/?p=179526\",\"name\":\"8 listopada spektakl \\\"Skazany na bluesa\\\" w Gdowie - mojabochnia.pl - portal informacyjny\",\"isPartOf\":{\"@id\":\"https:\/\/www.mojabochnia.pl\/#website\"},\"primaryImageOfPage\":{\"@id\":\"https:\/\/www.mojabochnia.pl\/?p=179526#primaryimage\"},\"image\":{\"@id\":\"https:\/\/www.mojabochnia.pl\/?p=179526#primaryimage\"},\"thumbnailUrl\":\"https:\/\/www.mojabochnia.pl\/wp-content\/uploads\/2017\/10\/baner-skazany-nowy.jpg\",\"datePublished\":\"2017-10-25T15:13:25+00:00\",\"breadcrumb\":{\"@id\":\"https:\/\/www.mojabochnia.pl\/?p=179526#breadcrumb\"},\"inLanguage\":\"pl-PL\",\"potentialAction\":[{\"@type\":\"ReadAction\",\"target\":[\"https:\/\/www.mojabochnia.pl\/?p=179526\"]}]},{\"@type\":\"ImageObject\",\"inLanguage\":\"pl-PL\",\"@id\":\"https:\/\/www.mojabochnia.pl\/?p=179526#primaryimage\",\"url\":\"https:\/\/www.mojabochnia.pl\/wp-content\/uploads\/2017\/10\/baner-skazany-nowy.jpg\",\"contentUrl\":\"https:\/\/www.mojabochnia.pl\/wp-content\/uploads\/2017\/10\/baner-skazany-nowy.jpg\",\"width\":1000,\"height\":471},{\"@type\":\"BreadcrumbList\",\"@id\":\"https:\/\/www.mojabochnia.pl\/?p=179526#breadcrumb\",\"itemListElement\":[{\"@type\":\"ListItem\",\"position\":1,\"name\":\"Home\",\"item\":\"https:\/\/www.mojabochnia.pl\/\"},{\"@type\":\"ListItem\",\"position\":2,\"name\":\"8 listopada spektakl &#8222;Skazany na bluesa&#8221; w Gdowie\"}]},{\"@type\":\"WebSite\",\"@id\":\"https:\/\/www.mojabochnia.pl\/#website\",\"url\":\"https:\/\/www.mojabochnia.pl\/\",\"name\":\"mojabochnia.pl - portal informacyjny\",\"description\":\"mojaBochnia to portal informacyjny o Bochni. Codziennie o Bochni piszemy i pokazujemy najwa\u017cniejsze wydarzenia\",\"publisher\":{\"@id\":\"https:\/\/www.mojabochnia.pl\/#organization\"},\"potentialAction\":[{\"@type\":\"SearchAction\",\"target\":{\"@type\":\"EntryPoint\",\"urlTemplate\":\"https:\/\/www.mojabochnia.pl\/?s={search_term_string}\"},\"query-input\":{\"@type\":\"PropertyValueSpecification\",\"valueRequired\":true,\"valueName\":\"search_term_string\"}}],\"inLanguage\":\"pl-PL\"},{\"@type\":\"Organization\",\"@id\":\"https:\/\/www.mojabochnia.pl\/#organization\",\"name\":\"mojabochnia.pl - portal informacyjny\",\"url\":\"https:\/\/www.mojabochnia.pl\/\",\"logo\":{\"@type\":\"ImageObject\",\"inLanguage\":\"pl-PL\",\"@id\":\"https:\/\/www.mojabochnia.pl\/#\/schema\/logo\/image\/\",\"url\":\"https:\/\/www.mojabochnia.pl\/wp-content\/uploads\/2017\/08\/logo-mb-opt.png\",\"contentUrl\":\"https:\/\/www.mojabochnia.pl\/wp-content\/uploads\/2017\/08\/logo-mb-opt.png\",\"width\":250,\"height\":48,\"caption\":\"mojabochnia.pl - portal informacyjny\"},\"image\":{\"@id\":\"https:\/\/www.mojabochnia.pl\/#\/schema\/logo\/image\/\"},\"sameAs\":[\"https:\/\/www.facebook.com\/mojabochnia\"]},{\"@type\":\"Person\",\"@id\":\"https:\/\/www.mojabochnia.pl\/#\/schema\/person\/7e2f20ead9902216a3384f13606c0ab7\",\"name\":\"redakcja\",\"sameAs\":[\"http:\/\/\"],\"url\":\"https:\/\/www.mojabochnia.pl\/?author=13\"}]}<\/script>\n<!-- \/ Yoast SEO plugin. -->","yoast_head_json":{"title":"8 listopada spektakl \"Skazany na bluesa\" w Gdowie - mojabochnia.pl - portal informacyjny","robots":{"index":"index","follow":"follow","max-snippet":"max-snippet:-1","max-image-preview":"max-image-preview:large","max-video-preview":"max-video-preview:-1"},"canonical":"https:\/\/www.mojabochnia.pl\/?p=179526","og_locale":"pl_PL","og_type":"article","og_title":"8 listopada spektakl \"Skazany na bluesa\" w Gdowie - mojabochnia.pl - portal informacyjny","og_description":"8 listopada w Gdowie zostanie wystawiony spektakl o Ryszardzie Riedlu, legendarnym wokali\u015bcie grupy D\u017cem. &#8222;Skazany na bluesa&#8221; to &#8211; jak informuj\u0105 organizatorzy &#8211; &#8222;opowie\u015b\u0107 o cz\u0142owieku, kt\u00f3remu los da\u0142 talent i charyzm\u0119, za co pokocha\u0142y go setki fan\u00f3w, a jednocze\u015bnie obdarzy\u0142 wra\u017cliwo\u015bci\u0105 autsajdera, kt\u00f3ra pchn\u0119\u0142a go w przegran\u0105 walk\u0119 z na\u0142ogiem, jest jedn\u0105 z tych","og_url":"https:\/\/www.mojabochnia.pl\/?p=179526","og_site_name":"mojabochnia.pl - portal informacyjny","article_publisher":"https:\/\/www.facebook.com\/mojabochnia","article_published_time":"2017-10-25T15:13:25+00:00","og_image":[{"width":1000,"height":471,"url":"https:\/\/www.mojabochnia.pl\/wp-content\/uploads\/2017\/10\/baner-skazany-nowy.jpg","type":"image\/jpeg"}],"author":"redakcja","twitter_card":"summary_large_image","twitter_misc":{"Written by":"redakcja","Est. reading time":"3 minuty"},"schema":{"@context":"https:\/\/schema.org","@graph":[{"@type":"Article","@id":"https:\/\/www.mojabochnia.pl\/?p=179526#article","isPartOf":{"@id":"https:\/\/www.mojabochnia.pl\/?p=179526"},"author":{"name":"redakcja","@id":"https:\/\/www.mojabochnia.pl\/#\/schema\/person\/7e2f20ead9902216a3384f13606c0ab7"},"headline":"8 listopada spektakl &#8222;Skazany na bluesa&#8221; w Gdowie","datePublished":"2017-10-25T15:13:25+00:00","mainEntityOfPage":{"@id":"https:\/\/www.mojabochnia.pl\/?p=179526"},"wordCount":645,"commentCount":0,"publisher":{"@id":"https:\/\/www.mojabochnia.pl\/#organization"},"image":{"@id":"https:\/\/www.mojabochnia.pl\/?p=179526#primaryimage"},"thumbnailUrl":"https:\/\/www.mojabochnia.pl\/wp-content\/uploads\/2017\/10\/baner-skazany-nowy.jpg","keywords":["blues","d\u017cem","gd\u00f3w","koncert","ryszard riedel","skazany na bluesa","spektakl"],"articleSection":["kultura"],"inLanguage":"pl-PL","potentialAction":[{"@type":"CommentAction","name":"Comment","target":["https:\/\/www.mojabochnia.pl\/?p=179526#respond"]}]},{"@type":"WebPage","@id":"https:\/\/www.mojabochnia.pl\/?p=179526","url":"https:\/\/www.mojabochnia.pl\/?p=179526","name":"8 listopada spektakl \"Skazany na bluesa\" w Gdowie - mojabochnia.pl - portal informacyjny","isPartOf":{"@id":"https:\/\/www.mojabochnia.pl\/#website"},"primaryImageOfPage":{"@id":"https:\/\/www.mojabochnia.pl\/?p=179526#primaryimage"},"image":{"@id":"https:\/\/www.mojabochnia.pl\/?p=179526#primaryimage"},"thumbnailUrl":"https:\/\/www.mojabochnia.pl\/wp-content\/uploads\/2017\/10\/baner-skazany-nowy.jpg","datePublished":"2017-10-25T15:13:25+00:00","breadcrumb":{"@id":"https:\/\/www.mojabochnia.pl\/?p=179526#breadcrumb"},"inLanguage":"pl-PL","potentialAction":[{"@type":"ReadAction","target":["https:\/\/www.mojabochnia.pl\/?p=179526"]}]},{"@type":"ImageObject","inLanguage":"pl-PL","@id":"https:\/\/www.mojabochnia.pl\/?p=179526#primaryimage","url":"https:\/\/www.mojabochnia.pl\/wp-content\/uploads\/2017\/10\/baner-skazany-nowy.jpg","contentUrl":"https:\/\/www.mojabochnia.pl\/wp-content\/uploads\/2017\/10\/baner-skazany-nowy.jpg","width":1000,"height":471},{"@type":"BreadcrumbList","@id":"https:\/\/www.mojabochnia.pl\/?p=179526#breadcrumb","itemListElement":[{"@type":"ListItem","position":1,"name":"Home","item":"https:\/\/www.mojabochnia.pl\/"},{"@type":"ListItem","position":2,"name":"8 listopada spektakl &#8222;Skazany na bluesa&#8221; w Gdowie"}]},{"@type":"WebSite","@id":"https:\/\/www.mojabochnia.pl\/#website","url":"https:\/\/www.mojabochnia.pl\/","name":"mojabochnia.pl - portal informacyjny","description":"mojaBochnia to portal informacyjny o Bochni. Codziennie o Bochni piszemy i pokazujemy najwa\u017cniejsze wydarzenia","publisher":{"@id":"https:\/\/www.mojabochnia.pl\/#organization"},"potentialAction":[{"@type":"SearchAction","target":{"@type":"EntryPoint","urlTemplate":"https:\/\/www.mojabochnia.pl\/?s={search_term_string}"},"query-input":{"@type":"PropertyValueSpecification","valueRequired":true,"valueName":"search_term_string"}}],"inLanguage":"pl-PL"},{"@type":"Organization","@id":"https:\/\/www.mojabochnia.pl\/#organization","name":"mojabochnia.pl - portal informacyjny","url":"https:\/\/www.mojabochnia.pl\/","logo":{"@type":"ImageObject","inLanguage":"pl-PL","@id":"https:\/\/www.mojabochnia.pl\/#\/schema\/logo\/image\/","url":"https:\/\/www.mojabochnia.pl\/wp-content\/uploads\/2017\/08\/logo-mb-opt.png","contentUrl":"https:\/\/www.mojabochnia.pl\/wp-content\/uploads\/2017\/08\/logo-mb-opt.png","width":250,"height":48,"caption":"mojabochnia.pl - portal informacyjny"},"image":{"@id":"https:\/\/www.mojabochnia.pl\/#\/schema\/logo\/image\/"},"sameAs":["https:\/\/www.facebook.com\/mojabochnia"]},{"@type":"Person","@id":"https:\/\/www.mojabochnia.pl\/#\/schema\/person\/7e2f20ead9902216a3384f13606c0ab7","name":"redakcja","sameAs":["http:\/\/"],"url":"https:\/\/www.mojabochnia.pl\/?author=13"}]}},"_links":{"self":[{"href":"https:\/\/www.mojabochnia.pl\/index.php?rest_route=\/wp\/v2\/posts\/179526","targetHints":{"allow":["GET"]}}],"collection":[{"href":"https:\/\/www.mojabochnia.pl\/index.php?rest_route=\/wp\/v2\/posts"}],"about":[{"href":"https:\/\/www.mojabochnia.pl\/index.php?rest_route=\/wp\/v2\/types\/post"}],"author":[{"embeddable":true,"href":"https:\/\/www.mojabochnia.pl\/index.php?rest_route=\/wp\/v2\/users\/13"}],"replies":[{"embeddable":true,"href":"https:\/\/www.mojabochnia.pl\/index.php?rest_route=%2Fwp%2Fv2%2Fcomments&post=179526"}],"version-history":[{"count":2,"href":"https:\/\/www.mojabochnia.pl\/index.php?rest_route=\/wp\/v2\/posts\/179526\/revisions"}],"predecessor-version":[{"id":179530,"href":"https:\/\/www.mojabochnia.pl\/index.php?rest_route=\/wp\/v2\/posts\/179526\/revisions\/179530"}],"wp:featuredmedia":[{"embeddable":true,"href":"https:\/\/www.mojabochnia.pl\/index.php?rest_route=\/wp\/v2\/media\/179529"}],"wp:attachment":[{"href":"https:\/\/www.mojabochnia.pl\/index.php?rest_route=%2Fwp%2Fv2%2Fmedia&parent=179526"}],"wp:term":[{"taxonomy":"category","embeddable":true,"href":"https:\/\/www.mojabochnia.pl\/index.php?rest_route=%2Fwp%2Fv2%2Fcategories&post=179526"},{"taxonomy":"post_tag","embeddable":true,"href":"https:\/\/www.mojabochnia.pl\/index.php?rest_route=%2Fwp%2Fv2%2Ftags&post=179526"}],"curies":[{"name":"wp","href":"https:\/\/api.w.org\/{rel}","templated":true}]}}