{"id":179516,"date":"2017-10-25T16:46:07","date_gmt":"2017-10-25T14:46:07","guid":{"rendered":"https:\/\/www.mojabochnia.pl\/?p=179516"},"modified":"2017-10-25T16:54:43","modified_gmt":"2017-10-25T14:54:43","slug":"starostwo-i-opozycja-ostro-o-problemach-z-budowa-kn2","status":"publish","type":"post","link":"https:\/\/www.mojabochnia.pl\/?p=179516","title":{"rendered":"Starostwo i opozycja ostro o problemach z budow\u0105 KN2"},"content":{"rendered":"<p><strong>Wyczekiwana od 2010 r. kontynuacja drogi KN2 odsuwa si\u0119 w czasie o kolejny rok. Pierwszy jej etap o d\u0142ugo\u015bci 270 metr\u00f3w mia\u0142 by\u0107 gotowy w listopadzie, ale projektant nadal nie ma pozwolenia na budow\u0119. Burmistrz t\u0142umaczy \u017ar\u00f3d\u0142o problemu m.in. tym, \u017ce &#8222;starostwo nie posiada odpowiedniej skali map w wersji elektronicznej&#8221;. Pierwotnie zapowiadano, \u017ce droga powstanie do 2019 r., teraz ju\u017c m\u00f3wi si\u0119 o perspektywie roku 2020. <\/strong><\/p>\n<p>Pierwszy etap KN2 o d\u0142ugo\u015bci 1,5 km poprzedni burmistrz wybudowa\u0142 w trzy lata. To jednak nie rozwi\u0105za\u0142o problemu, bo strumie\u0144 samochod\u00f3w wje\u017cd\u017ca w najwi\u0119ksze osiedle mieszkaniowe w Bochni. Mieszka\u0144cy trac\u0105 cierpliwo\u015b\u0107, bo na ul. Legion\u00f3w Polskich mo\u017cna zobaczy\u0107 nie tylko samochody osobowe, ale nawet TIR-y. <em>To ju\u017c jest dziesi\u0105ty rok, kiedy trwaj\u0105 przygotowania i dziesi\u0105ty rok, gdy co roku uchwalane s\u0105 bud\u017cety na drugi etap KN2. Nie wiem, czy jakie\u015b fatum usiad\u0142o nad t\u0105 cz\u0119\u015bci\u0105? <\/em>\u2013 zastanawia si\u0119 radny Eugeniusz Konieczny.<\/p>\n<p>Burmistrz Stefan Kolawi\u0144ski wyja\u015bnia, \u017ce przyczyny maj\u0105 charakter obiektywny. <em>Jak si\u0119 czego\u015b dotknie, dopiero si\u0119 okazuje, ile problem\u00f3w trzeba po drodze pokona\u0107. Tutaj s\u0105 g\u0142\u00f3wne trzy przyczyny, dla kt\u00f3rych wyst\u0105pi\u0142y op\u00f3\u017anienia. Pierwsz\u0105, chyba najbardziej dotkliw\u0105 jest to, \u017ce starostwo nie posiada odpowiedniej skali map w wersji elektronicznej. Map\u0119 trzeba przeskalowa\u0107 najpierw z 1:2000 na 1:1000, nast\u0119pnie 1:500 i tutaj s\u0105 utrudnienia polegaj\u0105ce na tym, \u017ce czekamy d\u0142ugo na map\u0119 do cel\u00f3w projektowych, nawet do p\u00f3\u0142 roku. Jest to istotny problem<\/em> &#8211; t\u0142umaczy w\u0142odarz miasta.<\/p>\n<p>I podaje kolejne problemy. <em>Inne zagadnienie to natrafienie na niezinwentaryzowane sieci, r\u00f3\u017cne sieci podziemne. W zwi\u0105zku z tym projektant musia\u0142 wszczyna\u0107 post\u0119powanie z gestorami tych sieci, w zakresie uzgodnie\u0144 dotycz\u0105cych przebiegu drogi, przeniesienia czynnych lub likwidacji sieci nieczynnych. Innym niezwykle trudnym zagadnieniem s\u0105 rozmowy z w\u0142a\u015bcicielami dzia\u0142ek, przez kt\u00f3re b\u0119dzie przebiega\u0142a KN2. R\u00f3wnie\u017c to spowodowa\u0142o po\u015blizg i niemo\u017cno\u015b\u0107 wykonania inwestycji w takim terminie, jaki zosta\u0142 okre\u015blony w zam\u00f3wieniu<\/em>.<\/p>\n<p>Budow\u0119 drugiej nitki tzw. drogi KN2 podzielono na trzy etapy, po jednym na rok. Umo\u017cliwia to staranie si\u0119 o rz\u0105dow\u0105 dotacj\u0119 na budow\u0119 dr\u00f3g gminnych. Na nasze pytanie, czy zw\u0142oka w wystartowaniu z budow\u0105 nie utrudni dofinansowania inwestycji w roku 2018, Stefan Kolawi\u0144ski odpowiada. <em>Nie zak\u0142adam, \u017ceby op\u00f3\u017anienie inwestycji wp\u0142yn\u0119\u0142o na mo\u017cliwo\u015b\u0107 starania si\u0119 o dofinansowanie inwestycji w 2018 roku. Te op\u00f3\u017anienia nie b\u0119d\u0105 na tyle istotne, \u017ceby nie m\u00f3c ubiega\u0107 si\u0119 o dofinansowanie<\/em>.<\/p>\n<p>R\u00f3wnie\u017c Andrzej Koprowski, asystent burmistrza Bochni, t\u0142umaczy zw\u0142ok\u0119 w wystartowaniu z budow\u0105 KN2 wzgl\u0119dami obiektywnymi. <em>Op\u00f3\u017anienia w projektowaniu wynikaj\u0105 z trudno\u015bci zwi\u0105zanych z uzyskaniem mapy zasadniczej. Po prostu nie ma wersji elektronicznych map w okre\u015blonej skali, na kt\u00f3rych zgodnie z obowi\u0105zuj\u0105cymi uregulowaniami mo\u017cna by si\u0119 by\u0142o wzorowa\u0107 &#8211; jest to poza kompetencjami miasta. Mapa do cel\u00f3w projektowych jest opracowaniem powsta\u0142ym na bazie mapy zasadniczej. Jest to dokumentacja geodezyjno-kartograficzna, niezb\u0119dna do rozpocz\u0119cia jakiejkolwiek inwestycji, wymagaj\u0105cej pozwolenia na budow\u0119<\/em> &#8211; t\u0142umaczy\u0142.<\/p>\n<p>Bogdan Kosturkiewicz, kt\u00f3ry jako burmistrz w latach 2006-2010, doprowadzi\u0142 do powstania I etapu KN2, tak komentuje wypowied\u017a burmistrza: <em>Ze zdumieniem czytam t\u0142umaczenia Pana Burmistrza. Ju\u017c w roku 2010 dysponowali\u015bmy projektem II-ego Etapu Trasy P\u00f3\u0142nocno-Zachodniej. Jego przebieg zosta\u0142 podwa\u017cony przez Pana Burmistrza Stefana Kolawi\u0144skiego, kt\u00f3ry deklarowa\u0142, \u017ce dysponuje lepsz\u0105 koncepcj\u0105 przebiegu tej trasy, przechodz\u0105c\u0105 w pobli\u017cu Jego nieruchomo\u015bci, na kt\u00f3rej zamierza\u0142 wybudowa\u0107 prywatn\u0105 myjni\u0119 samochodow\u0105. Zwraca\u0142em w\u00f3wczas uwag\u0119 na fakt, \u017ce proponowany Pana Burmistrza przebieg trasy zlokalizowany jest na  terenach osuwiskowych. Obecnie powr\u00f3cono do przebiegu trasy zaproponowanego w roku 2010, na kt\u00f3ry posiadali\u015bmy gotowy projekt<\/em> &#8211; zwraca uwag\u0119 szef komisji rewizyjnej (pisownia oryginalna &#8211; przyp. red.).<\/p>\n<p>O komentarz do argumentacji magistratu w sprawie dost\u0119pu do map w wersji elektronicznej, poprosili\u015bmy boche\u0144skie starostwo. Dzisiaj (\u015broda) do naszej redakcji wp\u0142yn\u0119\u0142a informacja, przygotowana przez Dyrektora Wydzia\u0142u Geodezji i Kartografii W\u0142adys\u0142awa Migda\u0142a. Oto jej tre\u015b\u0107:<\/p>\n<p><em>Odnosz\u0105c si\u0119 do wypowiedzi asystenta burmistrza miasta Bochnia, zamieszczonej w mediach, wskazuj\u0105cej po raz kolejny wydzia\u0142 Geodezji i Kartografii Starostwa Powiatowego w Bochni, jako bezpo\u015bredni\u0105 przyczyn\u0119 braku realizacji przedmiotowej inwestycji, maj\u0105c\u0105 na celu ukrycie nieporadno\u015bci w realizacji inwestycji przez Urz\u0105d Miasta i zrzucenie winy na inny podmiot, wyja\u015bniam.<\/p>\n<p>Mapy do cel\u00f3w projektowych powstaj\u0105 w wyniku prac geodezyjnych i kartograficznych wykonywanych przez firmy geodezyjne (dzia\u0142aj\u0105ce poprzez geodet\u00f3w uprawnionych) na zlecenie inwestor\u00f3w. Wykonawca prac geodezyjnych ma obowi\u0105zek zg\u0142osi\u0107 tak\u0105 prac\u0119 w miejscowym Powiatowym O\u015brodku Dokumentacji Geodezyjnej i Kartograficznej a po jej rejestracji oraz zam\u00f3wieniu materia\u0142\u00f3w potrzebnych w ocenie geodety do jej wykonania, wniesieniu i otrzymaniu licencji mo\u017ce przyst\u0105pi\u0107 do realizacji.<\/p>\n<p>Tak wi\u0119c przygotowanie mapy do cel\u00f3w projektowych jest procesem z\u0142o\u017conym, wymagaj\u0105cym pozyskania materia\u0142\u00f3w, dokonania ich analizy, doprowadzenia do zgodno\u015bci ze stanem faktycznym i ko\u0144cowym sporz\u0105dzeniem dokumentu. <\/p>\n<p>Wykonanie jest zale\u017cne od sprawno\u015bci wykonawcy prac geodezyjnych, przypominaj\u0105c jednocze\u015bnie o zakresie opracowania, kt\u00f3ry w przypadku inwestycji drogowych jest niestandardowy, wymaga wi\u0119cej potrzebnego czasu od geodety. Nie ma w tym przypadku du\u017cego znaczenia jakimi materia\u0142ami dysponuje starostwo powiatowe gdy\u017c mapa do cel\u00f3w projektowych jest map\u0105 sporz\u0105dzon\u0105 jednostkowo z wykorzystaniem m.in. baz danych prowadzonych przez nas, danych wynikaj\u0105cych z miejscowych plan\u00f3w, danych bran\u017cowych oraz innych element\u00f3w wskazanych przez zamawiaj\u0105cego. <\/p>\n<p>Problemem urz\u0119du miejskiego w Bochni jest podejmowanie dzia\u0142a\u0144 inwestycyjnych w nierealnych od samego pocz\u0105tku terminach wykonania, nie uwzgl\u0119dniaj\u0105cych realnego okresu czasu na wykonanie map do cel\u00f3w projektowych, czy te\u017c wykonanie uzgodnie\u0144 bran\u017cowych w zakresie inwestycji jak i uzyskania odpowiednich pozwole\u0144 np. wynikaj\u0105cych z Ustawy Prawo Wodne.<\/p>\n<p>Co do dokumentacji zwi\u0105zanej z przedmiotow\u0105 map\u0105 do cel\u00f3w projektowych, zg\u0142oszenie pracy nast\u0105pi\u0142o 21.03.2017 r. W dniu 06.04.2017 r. wykonawca odebra\u0142 materia\u0142y pozwalaj\u0105ce na uruchomienie procedury opracowania mapy. Zawiadomienie od wykonawcy o zako\u0144czeniu pracy wp\u0142yn\u0119\u0142o 25.04.2017 r. Weryfikacji poprawno\u015bci wykonania dokumentacji geodezyjnej dokonano 26.06.2017 r., stwierdzono usterki, z czego zosta\u0142 sporz\u0105dzony negatywny protok\u00f3\u0142. Po usuni\u0119ciu przez wykonawc\u0119 nieprawid\u0142owo\u015bci wykazanych w protokole w dniu 30.06.2017 r. nast\u0105pi\u0142o przyj\u0119cie materia\u0142\u00f3w do zasobu.<\/p>\n<p>Czas weryfikacji przekazanej dokumentacji wynosz\u0105cy ok. 2 miesi\u0105ce jest spowodowany niedoborem kadrowym  w Wydziale Geodezji trwaj\u0105cym co najmniej od dw\u00f3ch lat jak r\u00f3wnie\u017c zwi\u0119kszaj\u0105c\u0105 si\u0119 ilo\u015bci\u0105 dokumentacji geodezyjnej wynikaj\u0105cej z rosn\u0105cej liczby inwestycji na obszarze powiatu. Ponadto dokumentacje do regulacji stanu prawnego (wykazy synchronizacyjne) jak i mapy nie wymagaj\u0105ce modyfikacji baz danych Powiatowego Zasobu Geodezyjnego i Kartograficznego s\u0105 weryfikowane do 14 dni. Warto te\u017c przypomnie\u0107, \u017ce zgodnie z art. 6a Ustawy Prawo Geodezyjne i Kartograficzne Starosta realizuje zadania z zakresu administracji rz\u0105dowej, na realizacj\u0119 kt\u00f3rych wojewoda przekazuje subwencje pozwalaj\u0105ce zapewni\u0107 zaledwie dwa etaty<\/em>.<\/p>\n","protected":false},"excerpt":{"rendered":"<p>Wyczekiwana od 2010 r. kontynuacja drogi KN2 odsuwa si\u0119 w czasie o kolejny rok. Pierwszy jej etap o d\u0142ugo\u015bci 270 metr\u00f3w mia\u0142 by\u0107 gotowy w listopadzie, ale projektant nadal nie ma pozwolenia na budow\u0119. Burmistrz t\u0142umaczy \u017ar\u00f3d\u0142o problemu m.in. tym, \u017ce &#8222;starostwo nie posiada odpowiedniej skali map w wersji elektronicznej&#8221;. Pierwotnie zapowiadano, \u017ce droga powstanie<\/p>\n","protected":false},"author":4,"featured_media":161125,"comment_status":"open","ping_status":"closed","sticky":false,"template":"","format":"standard","meta":{"_acf_changed":false,"footnotes":""},"categories":[6251],"tags":[722,19035,839,17398,834,17821,19720],"class_list":["post-179516","post","type-post","status-publish","format-standard","has-post-thumbnail","hentry","category-polityka-i-wydarzenia","tag-kn2","tag-mapy","tag-obwodnica-polnocno-zachodnia","tag-powiat","tag-pozwolenie-na-budowe","tag-starostwo","tag-top-temat","main_tag-kn2-2"],"acf":[],"yoast_head":"<!-- This site is optimized with the Yoast SEO plugin v26.9 - https:\/\/yoast.com\/product\/yoast-seo-wordpress\/ -->\n<title>Starostwo i opozycja ostro o problemach z budow\u0105 KN2 - mojabochnia.pl - portal informacyjny<\/title>\n<meta name=\"robots\" content=\"index, follow, max-snippet:-1, max-image-preview:large, max-video-preview:-1\" \/>\n<link rel=\"canonical\" href=\"https:\/\/www.mojabochnia.pl\/?p=179516\" \/>\n<meta property=\"og:locale\" content=\"pl_PL\" \/>\n<meta property=\"og:type\" content=\"article\" \/>\n<meta property=\"og:title\" content=\"Starostwo i opozycja ostro o problemach z budow\u0105 KN2 - mojabochnia.pl - portal informacyjny\" \/>\n<meta property=\"og:description\" content=\"Wyczekiwana od 2010 r. kontynuacja drogi KN2 odsuwa si\u0119 w czasie o kolejny rok. Pierwszy jej etap o d\u0142ugo\u015bci 270 metr\u00f3w mia\u0142 by\u0107 gotowy w listopadzie, ale projektant nadal nie ma pozwolenia na budow\u0119. Burmistrz t\u0142umaczy \u017ar\u00f3d\u0142o problemu m.in. tym, \u017ce &#8222;starostwo nie posiada odpowiedniej skali map w wersji elektronicznej&#8221;. Pierwotnie zapowiadano, \u017ce droga powstanie\" \/>\n<meta property=\"og:url\" content=\"https:\/\/www.mojabochnia.pl\/?p=179516\" \/>\n<meta property=\"og:site_name\" content=\"mojabochnia.pl - portal informacyjny\" \/>\n<meta property=\"article:publisher\" content=\"https:\/\/www.facebook.com\/mojabochnia\" \/>\n<meta property=\"article:published_time\" content=\"2017-10-25T14:46:07+00:00\" \/>\n<meta property=\"article:modified_time\" content=\"2017-10-25T14:54:43+00:00\" \/>\n<meta property=\"og:image\" content=\"https:\/\/www.mojabochnia.pl\/wp-content\/uploads\/2016\/10\/KN2.jpg\" \/>\n\t<meta property=\"og:image:width\" content=\"800\" \/>\n\t<meta property=\"og:image:height\" content=\"450\" \/>\n\t<meta property=\"og:image:type\" content=\"image\/jpeg\" \/>\n<meta name=\"author\" content=\"Pawe\u0142 Michalczyk\" \/>\n<meta name=\"twitter:card\" content=\"summary_large_image\" \/>\n<meta name=\"twitter:label1\" content=\"Written by\" \/>\n\t<meta name=\"twitter:data1\" content=\"Pawe\u0142 Michalczyk\" \/>\n\t<meta name=\"twitter:label2\" content=\"Est. reading time\" \/>\n\t<meta name=\"twitter:data2\" content=\"6 minut\" \/>\n<script type=\"application\/ld+json\" class=\"yoast-schema-graph\">{\"@context\":\"https:\/\/schema.org\",\"@graph\":[{\"@type\":\"Article\",\"@id\":\"https:\/\/www.mojabochnia.pl\/?p=179516#article\",\"isPartOf\":{\"@id\":\"https:\/\/www.mojabochnia.pl\/?p=179516\"},\"author\":{\"name\":\"Pawe\u0142 Michalczyk\",\"@id\":\"https:\/\/www.mojabochnia.pl\/#\/schema\/person\/ea042e4724a77627963f02166828ead4\"},\"headline\":\"Starostwo i opozycja ostro o problemach z budow\u0105 KN2\",\"datePublished\":\"2017-10-25T14:46:07+00:00\",\"dateModified\":\"2017-10-25T14:54:43+00:00\",\"mainEntityOfPage\":{\"@id\":\"https:\/\/www.mojabochnia.pl\/?p=179516\"},\"wordCount\":1188,\"commentCount\":0,\"publisher\":{\"@id\":\"https:\/\/www.mojabochnia.pl\/#organization\"},\"image\":{\"@id\":\"https:\/\/www.mojabochnia.pl\/?p=179516#primaryimage\"},\"thumbnailUrl\":\"https:\/\/www.mojabochnia.pl\/wp-content\/uploads\/2016\/10\/KN2.jpg\",\"keywords\":[\"KN2\",\"mapy\",\"obwodnica p\u00f3\u0142nocno-zachodnia\",\"powiat\",\"pozwolenie na budow\u0119\",\"starostwo\",\"top temat\"],\"articleSection\":[\"polityka i wydarzenia\"],\"inLanguage\":\"pl-PL\",\"potentialAction\":[{\"@type\":\"CommentAction\",\"name\":\"Comment\",\"target\":[\"https:\/\/www.mojabochnia.pl\/?p=179516#respond\"]}]},{\"@type\":\"WebPage\",\"@id\":\"https:\/\/www.mojabochnia.pl\/?p=179516\",\"url\":\"https:\/\/www.mojabochnia.pl\/?p=179516\",\"name\":\"Starostwo i opozycja ostro o problemach z budow\u0105 KN2 - mojabochnia.pl - portal informacyjny\",\"isPartOf\":{\"@id\":\"https:\/\/www.mojabochnia.pl\/#website\"},\"primaryImageOfPage\":{\"@id\":\"https:\/\/www.mojabochnia.pl\/?p=179516#primaryimage\"},\"image\":{\"@id\":\"https:\/\/www.mojabochnia.pl\/?p=179516#primaryimage\"},\"thumbnailUrl\":\"https:\/\/www.mojabochnia.pl\/wp-content\/uploads\/2016\/10\/KN2.jpg\",\"datePublished\":\"2017-10-25T14:46:07+00:00\",\"dateModified\":\"2017-10-25T14:54:43+00:00\",\"breadcrumb\":{\"@id\":\"https:\/\/www.mojabochnia.pl\/?p=179516#breadcrumb\"},\"inLanguage\":\"pl-PL\",\"potentialAction\":[{\"@type\":\"ReadAction\",\"target\":[\"https:\/\/www.mojabochnia.pl\/?p=179516\"]}]},{\"@type\":\"ImageObject\",\"inLanguage\":\"pl-PL\",\"@id\":\"https:\/\/www.mojabochnia.pl\/?p=179516#primaryimage\",\"url\":\"https:\/\/www.mojabochnia.pl\/wp-content\/uploads\/2016\/10\/KN2.jpg\",\"contentUrl\":\"https:\/\/www.mojabochnia.pl\/wp-content\/uploads\/2016\/10\/KN2.jpg\",\"width\":800,\"height\":450,\"caption\":\"dokumenty przetargowe zawarte w Biuletynie Informacji Publicznej\"},{\"@type\":\"BreadcrumbList\",\"@id\":\"https:\/\/www.mojabochnia.pl\/?p=179516#breadcrumb\",\"itemListElement\":[{\"@type\":\"ListItem\",\"position\":1,\"name\":\"Home\",\"item\":\"https:\/\/www.mojabochnia.pl\/\"},{\"@type\":\"ListItem\",\"position\":2,\"name\":\"Starostwo i opozycja ostro o problemach z budow\u0105 KN2\"}]},{\"@type\":\"WebSite\",\"@id\":\"https:\/\/www.mojabochnia.pl\/#website\",\"url\":\"https:\/\/www.mojabochnia.pl\/\",\"name\":\"mojabochnia.pl - portal informacyjny\",\"description\":\"mojaBochnia to portal informacyjny o Bochni. Codziennie o Bochni piszemy i pokazujemy najwa\u017cniejsze wydarzenia\",\"publisher\":{\"@id\":\"https:\/\/www.mojabochnia.pl\/#organization\"},\"potentialAction\":[{\"@type\":\"SearchAction\",\"target\":{\"@type\":\"EntryPoint\",\"urlTemplate\":\"https:\/\/www.mojabochnia.pl\/?s={search_term_string}\"},\"query-input\":{\"@type\":\"PropertyValueSpecification\",\"valueRequired\":true,\"valueName\":\"search_term_string\"}}],\"inLanguage\":\"pl-PL\"},{\"@type\":\"Organization\",\"@id\":\"https:\/\/www.mojabochnia.pl\/#organization\",\"name\":\"mojabochnia.pl - portal informacyjny\",\"url\":\"https:\/\/www.mojabochnia.pl\/\",\"logo\":{\"@type\":\"ImageObject\",\"inLanguage\":\"pl-PL\",\"@id\":\"https:\/\/www.mojabochnia.pl\/#\/schema\/logo\/image\/\",\"url\":\"https:\/\/www.mojabochnia.pl\/wp-content\/uploads\/2017\/08\/logo-mb-opt.png\",\"contentUrl\":\"https:\/\/www.mojabochnia.pl\/wp-content\/uploads\/2017\/08\/logo-mb-opt.png\",\"width\":250,\"height\":48,\"caption\":\"mojabochnia.pl - portal informacyjny\"},\"image\":{\"@id\":\"https:\/\/www.mojabochnia.pl\/#\/schema\/logo\/image\/\"},\"sameAs\":[\"https:\/\/www.facebook.com\/mojabochnia\"]},{\"@type\":\"Person\",\"@id\":\"https:\/\/www.mojabochnia.pl\/#\/schema\/person\/ea042e4724a77627963f02166828ead4\",\"name\":\"Pawe\u0142 Michalczyk\",\"url\":\"https:\/\/www.mojabochnia.pl\/?author=4\"}]}<\/script>\n<!-- \/ Yoast SEO plugin. -->","yoast_head_json":{"title":"Starostwo i opozycja ostro o problemach z budow\u0105 KN2 - mojabochnia.pl - portal informacyjny","robots":{"index":"index","follow":"follow","max-snippet":"max-snippet:-1","max-image-preview":"max-image-preview:large","max-video-preview":"max-video-preview:-1"},"canonical":"https:\/\/www.mojabochnia.pl\/?p=179516","og_locale":"pl_PL","og_type":"article","og_title":"Starostwo i opozycja ostro o problemach z budow\u0105 KN2 - mojabochnia.pl - portal informacyjny","og_description":"Wyczekiwana od 2010 r. kontynuacja drogi KN2 odsuwa si\u0119 w czasie o kolejny rok. Pierwszy jej etap o d\u0142ugo\u015bci 270 metr\u00f3w mia\u0142 by\u0107 gotowy w listopadzie, ale projektant nadal nie ma pozwolenia na budow\u0119. Burmistrz t\u0142umaczy \u017ar\u00f3d\u0142o problemu m.in. tym, \u017ce &#8222;starostwo nie posiada odpowiedniej skali map w wersji elektronicznej&#8221;. Pierwotnie zapowiadano, \u017ce droga powstanie","og_url":"https:\/\/www.mojabochnia.pl\/?p=179516","og_site_name":"mojabochnia.pl - portal informacyjny","article_publisher":"https:\/\/www.facebook.com\/mojabochnia","article_published_time":"2017-10-25T14:46:07+00:00","article_modified_time":"2017-10-25T14:54:43+00:00","og_image":[{"width":800,"height":450,"url":"https:\/\/www.mojabochnia.pl\/wp-content\/uploads\/2016\/10\/KN2.jpg","type":"image\/jpeg"}],"author":"Pawe\u0142 Michalczyk","twitter_card":"summary_large_image","twitter_misc":{"Written by":"Pawe\u0142 Michalczyk","Est. reading time":"6 minut"},"schema":{"@context":"https:\/\/schema.org","@graph":[{"@type":"Article","@id":"https:\/\/www.mojabochnia.pl\/?p=179516#article","isPartOf":{"@id":"https:\/\/www.mojabochnia.pl\/?p=179516"},"author":{"name":"Pawe\u0142 Michalczyk","@id":"https:\/\/www.mojabochnia.pl\/#\/schema\/person\/ea042e4724a77627963f02166828ead4"},"headline":"Starostwo i opozycja ostro o problemach z budow\u0105 KN2","datePublished":"2017-10-25T14:46:07+00:00","dateModified":"2017-10-25T14:54:43+00:00","mainEntityOfPage":{"@id":"https:\/\/www.mojabochnia.pl\/?p=179516"},"wordCount":1188,"commentCount":0,"publisher":{"@id":"https:\/\/www.mojabochnia.pl\/#organization"},"image":{"@id":"https:\/\/www.mojabochnia.pl\/?p=179516#primaryimage"},"thumbnailUrl":"https:\/\/www.mojabochnia.pl\/wp-content\/uploads\/2016\/10\/KN2.jpg","keywords":["KN2","mapy","obwodnica p\u00f3\u0142nocno-zachodnia","powiat","pozwolenie na budow\u0119","starostwo","top temat"],"articleSection":["polityka i wydarzenia"],"inLanguage":"pl-PL","potentialAction":[{"@type":"CommentAction","name":"Comment","target":["https:\/\/www.mojabochnia.pl\/?p=179516#respond"]}]},{"@type":"WebPage","@id":"https:\/\/www.mojabochnia.pl\/?p=179516","url":"https:\/\/www.mojabochnia.pl\/?p=179516","name":"Starostwo i opozycja ostro o problemach z budow\u0105 KN2 - mojabochnia.pl - portal informacyjny","isPartOf":{"@id":"https:\/\/www.mojabochnia.pl\/#website"},"primaryImageOfPage":{"@id":"https:\/\/www.mojabochnia.pl\/?p=179516#primaryimage"},"image":{"@id":"https:\/\/www.mojabochnia.pl\/?p=179516#primaryimage"},"thumbnailUrl":"https:\/\/www.mojabochnia.pl\/wp-content\/uploads\/2016\/10\/KN2.jpg","datePublished":"2017-10-25T14:46:07+00:00","dateModified":"2017-10-25T14:54:43+00:00","breadcrumb":{"@id":"https:\/\/www.mojabochnia.pl\/?p=179516#breadcrumb"},"inLanguage":"pl-PL","potentialAction":[{"@type":"ReadAction","target":["https:\/\/www.mojabochnia.pl\/?p=179516"]}]},{"@type":"ImageObject","inLanguage":"pl-PL","@id":"https:\/\/www.mojabochnia.pl\/?p=179516#primaryimage","url":"https:\/\/www.mojabochnia.pl\/wp-content\/uploads\/2016\/10\/KN2.jpg","contentUrl":"https:\/\/www.mojabochnia.pl\/wp-content\/uploads\/2016\/10\/KN2.jpg","width":800,"height":450,"caption":"dokumenty przetargowe zawarte w Biuletynie Informacji Publicznej"},{"@type":"BreadcrumbList","@id":"https:\/\/www.mojabochnia.pl\/?p=179516#breadcrumb","itemListElement":[{"@type":"ListItem","position":1,"name":"Home","item":"https:\/\/www.mojabochnia.pl\/"},{"@type":"ListItem","position":2,"name":"Starostwo i opozycja ostro o problemach z budow\u0105 KN2"}]},{"@type":"WebSite","@id":"https:\/\/www.mojabochnia.pl\/#website","url":"https:\/\/www.mojabochnia.pl\/","name":"mojabochnia.pl - portal informacyjny","description":"mojaBochnia to portal informacyjny o Bochni. Codziennie o Bochni piszemy i pokazujemy najwa\u017cniejsze wydarzenia","publisher":{"@id":"https:\/\/www.mojabochnia.pl\/#organization"},"potentialAction":[{"@type":"SearchAction","target":{"@type":"EntryPoint","urlTemplate":"https:\/\/www.mojabochnia.pl\/?s={search_term_string}"},"query-input":{"@type":"PropertyValueSpecification","valueRequired":true,"valueName":"search_term_string"}}],"inLanguage":"pl-PL"},{"@type":"Organization","@id":"https:\/\/www.mojabochnia.pl\/#organization","name":"mojabochnia.pl - portal informacyjny","url":"https:\/\/www.mojabochnia.pl\/","logo":{"@type":"ImageObject","inLanguage":"pl-PL","@id":"https:\/\/www.mojabochnia.pl\/#\/schema\/logo\/image\/","url":"https:\/\/www.mojabochnia.pl\/wp-content\/uploads\/2017\/08\/logo-mb-opt.png","contentUrl":"https:\/\/www.mojabochnia.pl\/wp-content\/uploads\/2017\/08\/logo-mb-opt.png","width":250,"height":48,"caption":"mojabochnia.pl - portal informacyjny"},"image":{"@id":"https:\/\/www.mojabochnia.pl\/#\/schema\/logo\/image\/"},"sameAs":["https:\/\/www.facebook.com\/mojabochnia"]},{"@type":"Person","@id":"https:\/\/www.mojabochnia.pl\/#\/schema\/person\/ea042e4724a77627963f02166828ead4","name":"Pawe\u0142 Michalczyk","url":"https:\/\/www.mojabochnia.pl\/?author=4"}]}},"_links":{"self":[{"href":"https:\/\/www.mojabochnia.pl\/index.php?rest_route=\/wp\/v2\/posts\/179516","targetHints":{"allow":["GET"]}}],"collection":[{"href":"https:\/\/www.mojabochnia.pl\/index.php?rest_route=\/wp\/v2\/posts"}],"about":[{"href":"https:\/\/www.mojabochnia.pl\/index.php?rest_route=\/wp\/v2\/types\/post"}],"author":[{"embeddable":true,"href":"https:\/\/www.mojabochnia.pl\/index.php?rest_route=\/wp\/v2\/users\/4"}],"replies":[{"embeddable":true,"href":"https:\/\/www.mojabochnia.pl\/index.php?rest_route=%2Fwp%2Fv2%2Fcomments&post=179516"}],"version-history":[{"count":8,"href":"https:\/\/www.mojabochnia.pl\/index.php?rest_route=\/wp\/v2\/posts\/179516\/revisions"}],"predecessor-version":[{"id":179525,"href":"https:\/\/www.mojabochnia.pl\/index.php?rest_route=\/wp\/v2\/posts\/179516\/revisions\/179525"}],"wp:featuredmedia":[{"embeddable":true,"href":"https:\/\/www.mojabochnia.pl\/index.php?rest_route=\/wp\/v2\/media\/161125"}],"wp:attachment":[{"href":"https:\/\/www.mojabochnia.pl\/index.php?rest_route=%2Fwp%2Fv2%2Fmedia&parent=179516"}],"wp:term":[{"taxonomy":"category","embeddable":true,"href":"https:\/\/www.mojabochnia.pl\/index.php?rest_route=%2Fwp%2Fv2%2Fcategories&post=179516"},{"taxonomy":"post_tag","embeddable":true,"href":"https:\/\/www.mojabochnia.pl\/index.php?rest_route=%2Fwp%2Fv2%2Ftags&post=179516"}],"curies":[{"name":"wp","href":"https:\/\/api.w.org\/{rel}","templated":true}]}}