{"id":179508,"date":"2017-10-25T11:06:48","date_gmt":"2017-10-25T09:06:48","guid":{"rendered":"https:\/\/www.mojabochnia.pl\/?p=179508"},"modified":"2017-12-12T17:18:10","modified_gmt":"2017-12-12T16:18:10","slug":"protest-w-szpitalu-przelozono-zabiegi-i-wizyty-w-poradniach","status":"publish","type":"post","link":"https:\/\/www.mojabochnia.pl\/?p=179508","title":{"rendered":"Protest w szpitalu: prze\u0142o\u017cono zabiegi i wizyty w poradniach"},"content":{"rendered":"<p><strong>W Ma\u0142opolsce trwa protest \u015brodowiska lekarskiego. Solidaryzuj\u0105 si\u0119 oni z g\u0142oduj\u0105cymi od kilku tygodni lekarzami rezydentami. Do akcji przyst\u0105pi\u0142a te\u017c grupa medyk\u00f3w ze szpitala w Bochni. Niestety, ich nieobecno\u015b\u0107 oznacza utrudnienia dla pacjent\u00f3w.<\/strong><\/p>\n<p>Jak poinformowa\u0142 nas Jaros\u0142aw Kycia, dyrektor szpitala w Bochni, urlop na \u017c\u0105danie wzi\u0119\u0142o dzisiaj sze\u015bciu lekarzy, w tym dw\u00f3ch rezydent\u00f3w. Z oddzia\u0142u chirurgicznego do pracy nie przysz\u0142y trzy osoby, z oddzia\u0142u ginekologicznego \u2013 jedna, a z oddzia\u0142u pediatrycznego \u2013 dwie. W sumie w szpitalu pracuje 10 rezydent\u00f3w, kt\u00f3rzy w ci\u0105gu 5 lat przygotowuj\u0105 si\u0119 do zdobycia specjalizacji.<\/p>\n<p>Dyrekcja szpitala powiadomi\u0142a o prote\u015bcie wojewod\u0119 ma\u0142opolskiego. <em>Zabezpieczenie co do obs\u0142ugi i przyj\u0119cia pacjent\u00f3w jest zapewnione. Jak przekaza\u0142 mi personel, protest nie ma zagra\u017ca\u0107 zdrowiu i bezpiecze\u0144stwu pacjent\u00f3w, tylko o pokazanie solidaryzmu z protestuj\u0105cymi lekarzami rezydentami. Odwo\u0142ano zabiegi planowe i przesuni\u0119to je na jutro, wi\u0119c pacjenci b\u0119d\u0105 mieli je wykonane w dniu jutrzejszym, natomiast bie\u017c\u0105ca obs\u0142uga pacjent\u00f3w jest prowadzona na bie\u017c\u0105co. Osoby, kt\u00f3re trafi\u0105 do szpitala, b\u0119d\u0105 zabezpieczone<\/em> \u2013 zapewnia Jaros\u0142aw Kycia.<\/p>\n<p>Protestem obj\u0119te s\u0105 r\u00f3wnie\u017c dwie poradnie: chirurgiczna i ortopedyczna. <em>Zg\u0142oszono w nich nieobecno\u015b\u0107 lekarzy, pacjenci zostali wcze\u015bniej powiadomieni i ich wizyty prze\u0142o\u017cono na inny termin <\/em>\u2013 dodaje dyrektor. <\/p>\n<p>W poradni miejskiej przy ul. Floris urlop na \u017c\u0105danie wzi\u0105\u0142 tylko jeden z lekarzy. Zasadniczo personel tej plac\u00f3wki podj\u0105\u0142 decyzj\u0119, \u017ce do protestu nie przyst\u0119puje. <em>Lekarze uznali, \u017ce czuj\u0105 si\u0119 w obowi\u0105zku przyjmowa\u0107 pacjent\u00f3w um\u00f3wionych na wizyt\u0119, dlatego podj\u0119li decyzj\u0119, \u017ce nie uczestnicz\u0105 w prote\u015bcie <\/em>&#8211; m\u00f3wi Agnieszka Kubas, kierownik SPM ZOZ przy ul. Floris.<\/p>\n<p>W przychodni Medikarte lekarze pracuj\u0105 dzi\u015b bez zmian.<\/p>\n","protected":false},"excerpt":{"rendered":"<p>W Ma\u0142opolsce trwa protest \u015brodowiska lekarskiego. Solidaryzuj\u0105 si\u0119 oni z g\u0142oduj\u0105cymi od kilku tygodni lekarzami rezydentami. Do akcji przyst\u0105pi\u0142a te\u017c grupa medyk\u00f3w ze szpitala w Bochni. Niestety, ich nieobecno\u015b\u0107 oznacza utrudnienia dla pacjent\u00f3w. Jak poinformowa\u0142 nas Jaros\u0142aw Kycia, dyrektor szpitala w Bochni, urlop na \u017c\u0105danie wzi\u0119\u0142o dzisiaj sze\u015bciu lekarzy, w tym dw\u00f3ch rezydent\u00f3w. Z oddzia\u0142u<\/p>\n","protected":false},"author":4,"featured_media":179163,"comment_status":"open","ping_status":"closed","sticky":false,"template":"","format":"standard","meta":{"_acf_changed":false,"footnotes":""},"categories":[6251],"tags":[11676,2383,19902,17763,836,17324,19720],"class_list":["post-179508","post","type-post","status-publish","format-standard","has-post-thumbnail","hentry","category-polityka-i-wydarzenia","tag-jaroslaw-kycia","tag-lekarz","tag-lekarz-rezydent","tag-poradnia","tag-protest","tag-szpital","tag-top-temat","main_tag-szpital"],"acf":[],"yoast_head":"<!-- This site is optimized with the Yoast SEO plugin v26.9 - https:\/\/yoast.com\/product\/yoast-seo-wordpress\/ -->\n<title>Protest w szpitalu: prze\u0142o\u017cono zabiegi i wizyty w poradniach - mojabochnia.pl - portal informacyjny<\/title>\n<meta name=\"robots\" content=\"index, follow, max-snippet:-1, max-image-preview:large, max-video-preview:-1\" \/>\n<link rel=\"canonical\" href=\"https:\/\/www.mojabochnia.pl\/?p=179508\" \/>\n<meta property=\"og:locale\" content=\"pl_PL\" \/>\n<meta property=\"og:type\" content=\"article\" \/>\n<meta property=\"og:title\" content=\"Protest w szpitalu: prze\u0142o\u017cono zabiegi i wizyty w poradniach - mojabochnia.pl - portal informacyjny\" \/>\n<meta property=\"og:description\" content=\"W Ma\u0142opolsce trwa protest \u015brodowiska lekarskiego. Solidaryzuj\u0105 si\u0119 oni z g\u0142oduj\u0105cymi od kilku tygodni lekarzami rezydentami. Do akcji przyst\u0105pi\u0142a te\u017c grupa medyk\u00f3w ze szpitala w Bochni. Niestety, ich nieobecno\u015b\u0107 oznacza utrudnienia dla pacjent\u00f3w. Jak poinformowa\u0142 nas Jaros\u0142aw Kycia, dyrektor szpitala w Bochni, urlop na \u017c\u0105danie wzi\u0119\u0142o dzisiaj sze\u015bciu lekarzy, w tym dw\u00f3ch rezydent\u00f3w. Z oddzia\u0142u\" \/>\n<meta property=\"og:url\" content=\"https:\/\/www.mojabochnia.pl\/?p=179508\" \/>\n<meta property=\"og:site_name\" content=\"mojabochnia.pl - portal informacyjny\" \/>\n<meta property=\"article:publisher\" content=\"https:\/\/www.facebook.com\/mojabochnia\" \/>\n<meta property=\"article:published_time\" content=\"2017-10-25T09:06:48+00:00\" \/>\n<meta property=\"article:modified_time\" content=\"2017-12-12T16:18:10+00:00\" \/>\n<meta property=\"og:image\" content=\"https:\/\/www.mojabochnia.pl\/wp-content\/uploads\/2017\/10\/IMG_20171018_082246.jpg\" \/>\n\t<meta property=\"og:image:width\" content=\"1000\" \/>\n\t<meta property=\"og:image:height\" content=\"563\" \/>\n\t<meta property=\"og:image:type\" content=\"image\/jpeg\" \/>\n<meta name=\"author\" content=\"Pawe\u0142 Michalczyk\" \/>\n<meta name=\"twitter:card\" content=\"summary_large_image\" \/>\n<meta name=\"twitter:label1\" content=\"Written by\" \/>\n\t<meta name=\"twitter:data1\" content=\"Pawe\u0142 Michalczyk\" \/>\n\t<meta name=\"twitter:label2\" content=\"Est. reading time\" \/>\n\t<meta name=\"twitter:data2\" content=\"2 minuty\" \/>\n<script type=\"application\/ld+json\" class=\"yoast-schema-graph\">{\"@context\":\"https:\/\/schema.org\",\"@graph\":[{\"@type\":\"Article\",\"@id\":\"https:\/\/www.mojabochnia.pl\/?p=179508#article\",\"isPartOf\":{\"@id\":\"https:\/\/www.mojabochnia.pl\/?p=179508\"},\"author\":{\"name\":\"Pawe\u0142 Michalczyk\",\"@id\":\"https:\/\/www.mojabochnia.pl\/#\/schema\/person\/ea042e4724a77627963f02166828ead4\"},\"headline\":\"Protest w szpitalu: prze\u0142o\u017cono zabiegi i wizyty w poradniach\",\"datePublished\":\"2017-10-25T09:06:48+00:00\",\"dateModified\":\"2017-12-12T16:18:10+00:00\",\"mainEntityOfPage\":{\"@id\":\"https:\/\/www.mojabochnia.pl\/?p=179508\"},\"wordCount\":312,\"commentCount\":0,\"publisher\":{\"@id\":\"https:\/\/www.mojabochnia.pl\/#organization\"},\"image\":{\"@id\":\"https:\/\/www.mojabochnia.pl\/?p=179508#primaryimage\"},\"thumbnailUrl\":\"https:\/\/www.mojabochnia.pl\/wp-content\/uploads\/2017\/10\/IMG_20171018_082246.jpg\",\"keywords\":[\"jaros\u0142aw kycia\",\"lekarz\",\"lekarz rezydent\",\"poradnia\",\"protest\",\"szpital\",\"top temat\"],\"articleSection\":[\"polityka i wydarzenia\"],\"inLanguage\":\"pl-PL\",\"potentialAction\":[{\"@type\":\"CommentAction\",\"name\":\"Comment\",\"target\":[\"https:\/\/www.mojabochnia.pl\/?p=179508#respond\"]}]},{\"@type\":\"WebPage\",\"@id\":\"https:\/\/www.mojabochnia.pl\/?p=179508\",\"url\":\"https:\/\/www.mojabochnia.pl\/?p=179508\",\"name\":\"Protest w szpitalu: prze\u0142o\u017cono zabiegi i wizyty w poradniach - mojabochnia.pl - portal informacyjny\",\"isPartOf\":{\"@id\":\"https:\/\/www.mojabochnia.pl\/#website\"},\"primaryImageOfPage\":{\"@id\":\"https:\/\/www.mojabochnia.pl\/?p=179508#primaryimage\"},\"image\":{\"@id\":\"https:\/\/www.mojabochnia.pl\/?p=179508#primaryimage\"},\"thumbnailUrl\":\"https:\/\/www.mojabochnia.pl\/wp-content\/uploads\/2017\/10\/IMG_20171018_082246.jpg\",\"datePublished\":\"2017-10-25T09:06:48+00:00\",\"dateModified\":\"2017-12-12T16:18:10+00:00\",\"breadcrumb\":{\"@id\":\"https:\/\/www.mojabochnia.pl\/?p=179508#breadcrumb\"},\"inLanguage\":\"pl-PL\",\"potentialAction\":[{\"@type\":\"ReadAction\",\"target\":[\"https:\/\/www.mojabochnia.pl\/?p=179508\"]}]},{\"@type\":\"ImageObject\",\"inLanguage\":\"pl-PL\",\"@id\":\"https:\/\/www.mojabochnia.pl\/?p=179508#primaryimage\",\"url\":\"https:\/\/www.mojabochnia.pl\/wp-content\/uploads\/2017\/10\/IMG_20171018_082246.jpg\",\"contentUrl\":\"https:\/\/www.mojabochnia.pl\/wp-content\/uploads\/2017\/10\/IMG_20171018_082246.jpg\",\"width\":1000,\"height\":563,\"caption\":\"Pawe\u0142 Michalczyk\"},{\"@type\":\"BreadcrumbList\",\"@id\":\"https:\/\/www.mojabochnia.pl\/?p=179508#breadcrumb\",\"itemListElement\":[{\"@type\":\"ListItem\",\"position\":1,\"name\":\"Home\",\"item\":\"https:\/\/www.mojabochnia.pl\/\"},{\"@type\":\"ListItem\",\"position\":2,\"name\":\"Protest w szpitalu: prze\u0142o\u017cono zabiegi i wizyty w poradniach\"}]},{\"@type\":\"WebSite\",\"@id\":\"https:\/\/www.mojabochnia.pl\/#website\",\"url\":\"https:\/\/www.mojabochnia.pl\/\",\"name\":\"mojabochnia.pl - portal informacyjny\",\"description\":\"mojaBochnia to portal informacyjny o Bochni. Codziennie o Bochni piszemy i pokazujemy najwa\u017cniejsze wydarzenia\",\"publisher\":{\"@id\":\"https:\/\/www.mojabochnia.pl\/#organization\"},\"potentialAction\":[{\"@type\":\"SearchAction\",\"target\":{\"@type\":\"EntryPoint\",\"urlTemplate\":\"https:\/\/www.mojabochnia.pl\/?s={search_term_string}\"},\"query-input\":{\"@type\":\"PropertyValueSpecification\",\"valueRequired\":true,\"valueName\":\"search_term_string\"}}],\"inLanguage\":\"pl-PL\"},{\"@type\":\"Organization\",\"@id\":\"https:\/\/www.mojabochnia.pl\/#organization\",\"name\":\"mojabochnia.pl - portal informacyjny\",\"url\":\"https:\/\/www.mojabochnia.pl\/\",\"logo\":{\"@type\":\"ImageObject\",\"inLanguage\":\"pl-PL\",\"@id\":\"https:\/\/www.mojabochnia.pl\/#\/schema\/logo\/image\/\",\"url\":\"https:\/\/www.mojabochnia.pl\/wp-content\/uploads\/2017\/08\/logo-mb-opt.png\",\"contentUrl\":\"https:\/\/www.mojabochnia.pl\/wp-content\/uploads\/2017\/08\/logo-mb-opt.png\",\"width\":250,\"height\":48,\"caption\":\"mojabochnia.pl - portal informacyjny\"},\"image\":{\"@id\":\"https:\/\/www.mojabochnia.pl\/#\/schema\/logo\/image\/\"},\"sameAs\":[\"https:\/\/www.facebook.com\/mojabochnia\"]},{\"@type\":\"Person\",\"@id\":\"https:\/\/www.mojabochnia.pl\/#\/schema\/person\/ea042e4724a77627963f02166828ead4\",\"name\":\"Pawe\u0142 Michalczyk\",\"url\":\"https:\/\/www.mojabochnia.pl\/?author=4\"}]}<\/script>\n<!-- \/ Yoast SEO plugin. -->","yoast_head_json":{"title":"Protest w szpitalu: prze\u0142o\u017cono zabiegi i wizyty w poradniach - mojabochnia.pl - portal informacyjny","robots":{"index":"index","follow":"follow","max-snippet":"max-snippet:-1","max-image-preview":"max-image-preview:large","max-video-preview":"max-video-preview:-1"},"canonical":"https:\/\/www.mojabochnia.pl\/?p=179508","og_locale":"pl_PL","og_type":"article","og_title":"Protest w szpitalu: prze\u0142o\u017cono zabiegi i wizyty w poradniach - mojabochnia.pl - portal informacyjny","og_description":"W Ma\u0142opolsce trwa protest \u015brodowiska lekarskiego. Solidaryzuj\u0105 si\u0119 oni z g\u0142oduj\u0105cymi od kilku tygodni lekarzami rezydentami. Do akcji przyst\u0105pi\u0142a te\u017c grupa medyk\u00f3w ze szpitala w Bochni. Niestety, ich nieobecno\u015b\u0107 oznacza utrudnienia dla pacjent\u00f3w. Jak poinformowa\u0142 nas Jaros\u0142aw Kycia, dyrektor szpitala w Bochni, urlop na \u017c\u0105danie wzi\u0119\u0142o dzisiaj sze\u015bciu lekarzy, w tym dw\u00f3ch rezydent\u00f3w. Z oddzia\u0142u","og_url":"https:\/\/www.mojabochnia.pl\/?p=179508","og_site_name":"mojabochnia.pl - portal informacyjny","article_publisher":"https:\/\/www.facebook.com\/mojabochnia","article_published_time":"2017-10-25T09:06:48+00:00","article_modified_time":"2017-12-12T16:18:10+00:00","og_image":[{"width":1000,"height":563,"url":"https:\/\/www.mojabochnia.pl\/wp-content\/uploads\/2017\/10\/IMG_20171018_082246.jpg","type":"image\/jpeg"}],"author":"Pawe\u0142 Michalczyk","twitter_card":"summary_large_image","twitter_misc":{"Written by":"Pawe\u0142 Michalczyk","Est. reading time":"2 minuty"},"schema":{"@context":"https:\/\/schema.org","@graph":[{"@type":"Article","@id":"https:\/\/www.mojabochnia.pl\/?p=179508#article","isPartOf":{"@id":"https:\/\/www.mojabochnia.pl\/?p=179508"},"author":{"name":"Pawe\u0142 Michalczyk","@id":"https:\/\/www.mojabochnia.pl\/#\/schema\/person\/ea042e4724a77627963f02166828ead4"},"headline":"Protest w szpitalu: prze\u0142o\u017cono zabiegi i wizyty w poradniach","datePublished":"2017-10-25T09:06:48+00:00","dateModified":"2017-12-12T16:18:10+00:00","mainEntityOfPage":{"@id":"https:\/\/www.mojabochnia.pl\/?p=179508"},"wordCount":312,"commentCount":0,"publisher":{"@id":"https:\/\/www.mojabochnia.pl\/#organization"},"image":{"@id":"https:\/\/www.mojabochnia.pl\/?p=179508#primaryimage"},"thumbnailUrl":"https:\/\/www.mojabochnia.pl\/wp-content\/uploads\/2017\/10\/IMG_20171018_082246.jpg","keywords":["jaros\u0142aw kycia","lekarz","lekarz rezydent","poradnia","protest","szpital","top temat"],"articleSection":["polityka i wydarzenia"],"inLanguage":"pl-PL","potentialAction":[{"@type":"CommentAction","name":"Comment","target":["https:\/\/www.mojabochnia.pl\/?p=179508#respond"]}]},{"@type":"WebPage","@id":"https:\/\/www.mojabochnia.pl\/?p=179508","url":"https:\/\/www.mojabochnia.pl\/?p=179508","name":"Protest w szpitalu: prze\u0142o\u017cono zabiegi i wizyty w poradniach - mojabochnia.pl - portal informacyjny","isPartOf":{"@id":"https:\/\/www.mojabochnia.pl\/#website"},"primaryImageOfPage":{"@id":"https:\/\/www.mojabochnia.pl\/?p=179508#primaryimage"},"image":{"@id":"https:\/\/www.mojabochnia.pl\/?p=179508#primaryimage"},"thumbnailUrl":"https:\/\/www.mojabochnia.pl\/wp-content\/uploads\/2017\/10\/IMG_20171018_082246.jpg","datePublished":"2017-10-25T09:06:48+00:00","dateModified":"2017-12-12T16:18:10+00:00","breadcrumb":{"@id":"https:\/\/www.mojabochnia.pl\/?p=179508#breadcrumb"},"inLanguage":"pl-PL","potentialAction":[{"@type":"ReadAction","target":["https:\/\/www.mojabochnia.pl\/?p=179508"]}]},{"@type":"ImageObject","inLanguage":"pl-PL","@id":"https:\/\/www.mojabochnia.pl\/?p=179508#primaryimage","url":"https:\/\/www.mojabochnia.pl\/wp-content\/uploads\/2017\/10\/IMG_20171018_082246.jpg","contentUrl":"https:\/\/www.mojabochnia.pl\/wp-content\/uploads\/2017\/10\/IMG_20171018_082246.jpg","width":1000,"height":563,"caption":"Pawe\u0142 Michalczyk"},{"@type":"BreadcrumbList","@id":"https:\/\/www.mojabochnia.pl\/?p=179508#breadcrumb","itemListElement":[{"@type":"ListItem","position":1,"name":"Home","item":"https:\/\/www.mojabochnia.pl\/"},{"@type":"ListItem","position":2,"name":"Protest w szpitalu: prze\u0142o\u017cono zabiegi i wizyty w poradniach"}]},{"@type":"WebSite","@id":"https:\/\/www.mojabochnia.pl\/#website","url":"https:\/\/www.mojabochnia.pl\/","name":"mojabochnia.pl - portal informacyjny","description":"mojaBochnia to portal informacyjny o Bochni. Codziennie o Bochni piszemy i pokazujemy najwa\u017cniejsze wydarzenia","publisher":{"@id":"https:\/\/www.mojabochnia.pl\/#organization"},"potentialAction":[{"@type":"SearchAction","target":{"@type":"EntryPoint","urlTemplate":"https:\/\/www.mojabochnia.pl\/?s={search_term_string}"},"query-input":{"@type":"PropertyValueSpecification","valueRequired":true,"valueName":"search_term_string"}}],"inLanguage":"pl-PL"},{"@type":"Organization","@id":"https:\/\/www.mojabochnia.pl\/#organization","name":"mojabochnia.pl - portal informacyjny","url":"https:\/\/www.mojabochnia.pl\/","logo":{"@type":"ImageObject","inLanguage":"pl-PL","@id":"https:\/\/www.mojabochnia.pl\/#\/schema\/logo\/image\/","url":"https:\/\/www.mojabochnia.pl\/wp-content\/uploads\/2017\/08\/logo-mb-opt.png","contentUrl":"https:\/\/www.mojabochnia.pl\/wp-content\/uploads\/2017\/08\/logo-mb-opt.png","width":250,"height":48,"caption":"mojabochnia.pl - portal informacyjny"},"image":{"@id":"https:\/\/www.mojabochnia.pl\/#\/schema\/logo\/image\/"},"sameAs":["https:\/\/www.facebook.com\/mojabochnia"]},{"@type":"Person","@id":"https:\/\/www.mojabochnia.pl\/#\/schema\/person\/ea042e4724a77627963f02166828ead4","name":"Pawe\u0142 Michalczyk","url":"https:\/\/www.mojabochnia.pl\/?author=4"}]}},"_links":{"self":[{"href":"https:\/\/www.mojabochnia.pl\/index.php?rest_route=\/wp\/v2\/posts\/179508","targetHints":{"allow":["GET"]}}],"collection":[{"href":"https:\/\/www.mojabochnia.pl\/index.php?rest_route=\/wp\/v2\/posts"}],"about":[{"href":"https:\/\/www.mojabochnia.pl\/index.php?rest_route=\/wp\/v2\/types\/post"}],"author":[{"embeddable":true,"href":"https:\/\/www.mojabochnia.pl\/index.php?rest_route=\/wp\/v2\/users\/4"}],"replies":[{"embeddable":true,"href":"https:\/\/www.mojabochnia.pl\/index.php?rest_route=%2Fwp%2Fv2%2Fcomments&post=179508"}],"version-history":[{"count":4,"href":"https:\/\/www.mojabochnia.pl\/index.php?rest_route=\/wp\/v2\/posts\/179508\/revisions"}],"predecessor-version":[{"id":180992,"href":"https:\/\/www.mojabochnia.pl\/index.php?rest_route=\/wp\/v2\/posts\/179508\/revisions\/180992"}],"wp:featuredmedia":[{"embeddable":true,"href":"https:\/\/www.mojabochnia.pl\/index.php?rest_route=\/wp\/v2\/media\/179163"}],"wp:attachment":[{"href":"https:\/\/www.mojabochnia.pl\/index.php?rest_route=%2Fwp%2Fv2%2Fmedia&parent=179508"}],"wp:term":[{"taxonomy":"category","embeddable":true,"href":"https:\/\/www.mojabochnia.pl\/index.php?rest_route=%2Fwp%2Fv2%2Fcategories&post=179508"},{"taxonomy":"post_tag","embeddable":true,"href":"https:\/\/www.mojabochnia.pl\/index.php?rest_route=%2Fwp%2Fv2%2Ftags&post=179508"}],"curies":[{"name":"wp","href":"https:\/\/api.w.org\/{rel}","templated":true}]}}