{"id":179431,"date":"2017-10-24T07:36:53","date_gmt":"2017-10-24T05:36:53","guid":{"rendered":"https:\/\/www.mojabochnia.pl\/?p=179431"},"modified":"2017-10-24T15:23:16","modified_gmt":"2017-10-24T13:23:16","slug":"szpital-planuje-rozbudowe-sor-beda-krotsze-kolejki","status":"publish","type":"post","link":"https:\/\/www.mojabochnia.pl\/?p=179431","title":{"rendered":"Szpital planuje rozbudow\u0119 SOR. B\u0119d\u0105 kr\u00f3tsze kolejki?"},"content":{"rendered":"<p><strong>Szpital w Bochni planuje rozbudow\u0119 oddzia\u0142u ratunkowego. Mia\u0142by on zosta\u0107 poszerzony w kierunku ogrodu. Plac\u00f3wka z\u0142o\u017cy\u0142a wniosek o dofinansowanie do ministerstwa zdrowia, na razie nie ma jeszcze decyzji w tej sprawie. <\/strong><\/p>\n<p>Inwestycja oznacza\u0142aby dla pacjent\u00f3w szybsza ni\u017c kiedykolwiek obs\u0142ug\u0119. <em>Zainwestowaliby\u015bmy przede wszystkim w rozbudow\u0119 miejsc obserwacyjnych. By\u0142oby kilkana\u015bcie \u0142\u00f3\u017cek obserwacyjnych, co z ca\u0142\u0105 pewno\u015bci\u0105 roz\u0142adowa\u0142oby t\u0142ok, czyli kwestie kolejki i oczekiwania. Dodatkowo w ramach inwestycji powsta\u0142aby du\u017ca sala reanimacyjna z dwoma stanowiskami i zupe\u0142nie nowa cz\u0119\u015b\u0107 zabiegowa<\/em> \u2013 m\u00f3wi Jaros\u0142aw Gucwa, wicedyrektor szpitala w Bochni. <\/p>\n<p>Niewykluczone, \u017ce wraz z rozbudow\u0105 SOR-u, wzros\u0142aby r\u00f3wnie\u017c liczba personelu. <em>Wszystko zale\u017cy tu jednak od finansowania ze strony NFZ. Uda\u0142o nam si\u0119 zwi\u0119kszy\u0107 obsad\u0119 zar\u00f3wno lekarsk\u0105, jak i piel\u0119gniarsk\u0105 i je\u017celi utrzyma\u0142by si\u0119 model finansowania uzale\u017cniony od ilo\u015bci \u015bwiadczonych us\u0142ug, w momencie przebudowy mogliby\u015bmy powi\u0119kszy\u0107 personel piel\u0119gniarski co najmniej o jeszcze jedn\u0105 osob\u0119<\/em> &#8211; dodaje wicedyrektor. <\/p>\n<p>Obecnie w godzinach szczytu na oddziale ratunkowym w Bochni pracuje trzech lekarzy, w pozosta\u0142ych godzinach dw\u00f3ch lekarzy dy\u017curuje na miejscu, a trzeci jest dost\u0119pny w nag\u0142ych przypadkach. Oddzia\u0142 obs\u0142uguj\u0105 cztery osoby z personelu piel\u0119gniarskiego lub ratowniczego. <\/p>\n","protected":false},"excerpt":{"rendered":"<p>Szpital w Bochni planuje rozbudow\u0119 oddzia\u0142u ratunkowego. Mia\u0142by on zosta\u0107 poszerzony w kierunku ogrodu. Plac\u00f3wka z\u0142o\u017cy\u0142a wniosek o dofinansowanie do ministerstwa zdrowia, na razie nie ma jeszcze decyzji w tej sprawie. Inwestycja oznacza\u0142aby dla pacjent\u00f3w szybsza ni\u017c kiedykolwiek obs\u0142ug\u0119. Zainwestowaliby\u015bmy przede wszystkim w rozbudow\u0119 miejsc obserwacyjnych. By\u0142oby kilkana\u015bcie \u0142\u00f3\u017cek obserwacyjnych, co z ca\u0142\u0105 pewno\u015bci\u0105 roz\u0142adowa\u0142oby<\/p>\n","protected":false},"author":4,"featured_media":179434,"comment_status":"open","ping_status":"closed","sticky":false,"template":"","format":"standard","meta":{"_acf_changed":false,"footnotes":""},"categories":[6251],"tags":[8204,2383,6479,8546,2046,17324,19720],"class_list":["post-179431","post","type-post","status-publish","format-standard","has-post-thumbnail","hentry","category-polityka-i-wydarzenia","tag-jaroslaw-gucwa","tag-lekarz","tag-oddzial-ratunkowy","tag-pielegniarka","tag-rozbudowa","tag-szpital","tag-top-temat","main_tag-szpital"],"acf":[],"yoast_head":"<!-- This site is optimized with the Yoast SEO plugin v26.9 - https:\/\/yoast.com\/product\/yoast-seo-wordpress\/ -->\n<title>Szpital planuje rozbudow\u0119 SOR. B\u0119d\u0105 kr\u00f3tsze kolejki? - mojabochnia.pl - portal informacyjny<\/title>\n<meta name=\"robots\" content=\"index, follow, max-snippet:-1, max-image-preview:large, max-video-preview:-1\" \/>\n<link rel=\"canonical\" href=\"https:\/\/www.mojabochnia.pl\/?p=179431\" \/>\n<meta property=\"og:locale\" content=\"pl_PL\" \/>\n<meta property=\"og:type\" content=\"article\" \/>\n<meta property=\"og:title\" content=\"Szpital planuje rozbudow\u0119 SOR. B\u0119d\u0105 kr\u00f3tsze kolejki? - mojabochnia.pl - portal informacyjny\" \/>\n<meta property=\"og:description\" content=\"Szpital w Bochni planuje rozbudow\u0119 oddzia\u0142u ratunkowego. Mia\u0142by on zosta\u0107 poszerzony w kierunku ogrodu. Plac\u00f3wka z\u0142o\u017cy\u0142a wniosek o dofinansowanie do ministerstwa zdrowia, na razie nie ma jeszcze decyzji w tej sprawie. Inwestycja oznacza\u0142aby dla pacjent\u00f3w szybsza ni\u017c kiedykolwiek obs\u0142ug\u0119. Zainwestowaliby\u015bmy przede wszystkim w rozbudow\u0119 miejsc obserwacyjnych. By\u0142oby kilkana\u015bcie \u0142\u00f3\u017cek obserwacyjnych, co z ca\u0142\u0105 pewno\u015bci\u0105 roz\u0142adowa\u0142oby\" \/>\n<meta property=\"og:url\" content=\"https:\/\/www.mojabochnia.pl\/?p=179431\" \/>\n<meta property=\"og:site_name\" content=\"mojabochnia.pl - portal informacyjny\" \/>\n<meta property=\"article:publisher\" content=\"https:\/\/www.facebook.com\/mojabochnia\" \/>\n<meta property=\"article:published_time\" content=\"2017-10-24T05:36:53+00:00\" \/>\n<meta property=\"article:modified_time\" content=\"2017-10-24T13:23:16+00:00\" \/>\n<meta property=\"og:image\" content=\"https:\/\/www.mojabochnia.pl\/wp-content\/uploads\/2017\/10\/IMG_20171018_081358-1.jpg\" \/>\n\t<meta property=\"og:image:width\" content=\"1000\" \/>\n\t<meta property=\"og:image:height\" content=\"563\" \/>\n\t<meta property=\"og:image:type\" content=\"image\/jpeg\" \/>\n<meta name=\"author\" content=\"Pawe\u0142 Michalczyk\" \/>\n<meta name=\"twitter:card\" content=\"summary_large_image\" \/>\n<meta name=\"twitter:label1\" content=\"Written by\" \/>\n\t<meta name=\"twitter:data1\" content=\"Pawe\u0142 Michalczyk\" \/>\n\t<meta name=\"twitter:label2\" content=\"Est. reading time\" \/>\n\t<meta name=\"twitter:data2\" content=\"1 minuta\" \/>\n<script type=\"application\/ld+json\" class=\"yoast-schema-graph\">{\"@context\":\"https:\/\/schema.org\",\"@graph\":[{\"@type\":\"Article\",\"@id\":\"https:\/\/www.mojabochnia.pl\/?p=179431#article\",\"isPartOf\":{\"@id\":\"https:\/\/www.mojabochnia.pl\/?p=179431\"},\"author\":{\"name\":\"Pawe\u0142 Michalczyk\",\"@id\":\"https:\/\/www.mojabochnia.pl\/#\/schema\/person\/ea042e4724a77627963f02166828ead4\"},\"headline\":\"Szpital planuje rozbudow\u0119 SOR. B\u0119d\u0105 kr\u00f3tsze kolejki?\",\"datePublished\":\"2017-10-24T05:36:53+00:00\",\"dateModified\":\"2017-10-24T13:23:16+00:00\",\"mainEntityOfPage\":{\"@id\":\"https:\/\/www.mojabochnia.pl\/?p=179431\"},\"wordCount\":228,\"commentCount\":0,\"publisher\":{\"@id\":\"https:\/\/www.mojabochnia.pl\/#organization\"},\"image\":{\"@id\":\"https:\/\/www.mojabochnia.pl\/?p=179431#primaryimage\"},\"thumbnailUrl\":\"https:\/\/www.mojabochnia.pl\/wp-content\/uploads\/2017\/10\/IMG_20171018_081358-1.jpg\",\"keywords\":[\"jaros\u0142aw gucwa\",\"lekarz\",\"oddzia\u0142 ratunkowy\",\"piel\u0119gniarka\",\"rozbudowa\",\"szpital\",\"top temat\"],\"articleSection\":[\"polityka i wydarzenia\"],\"inLanguage\":\"pl-PL\",\"potentialAction\":[{\"@type\":\"CommentAction\",\"name\":\"Comment\",\"target\":[\"https:\/\/www.mojabochnia.pl\/?p=179431#respond\"]}]},{\"@type\":\"WebPage\",\"@id\":\"https:\/\/www.mojabochnia.pl\/?p=179431\",\"url\":\"https:\/\/www.mojabochnia.pl\/?p=179431\",\"name\":\"Szpital planuje rozbudow\u0119 SOR. B\u0119d\u0105 kr\u00f3tsze kolejki? - mojabochnia.pl - portal informacyjny\",\"isPartOf\":{\"@id\":\"https:\/\/www.mojabochnia.pl\/#website\"},\"primaryImageOfPage\":{\"@id\":\"https:\/\/www.mojabochnia.pl\/?p=179431#primaryimage\"},\"image\":{\"@id\":\"https:\/\/www.mojabochnia.pl\/?p=179431#primaryimage\"},\"thumbnailUrl\":\"https:\/\/www.mojabochnia.pl\/wp-content\/uploads\/2017\/10\/IMG_20171018_081358-1.jpg\",\"datePublished\":\"2017-10-24T05:36:53+00:00\",\"dateModified\":\"2017-10-24T13:23:16+00:00\",\"breadcrumb\":{\"@id\":\"https:\/\/www.mojabochnia.pl\/?p=179431#breadcrumb\"},\"inLanguage\":\"pl-PL\",\"potentialAction\":[{\"@type\":\"ReadAction\",\"target\":[\"https:\/\/www.mojabochnia.pl\/?p=179431\"]}]},{\"@type\":\"ImageObject\",\"inLanguage\":\"pl-PL\",\"@id\":\"https:\/\/www.mojabochnia.pl\/?p=179431#primaryimage\",\"url\":\"https:\/\/www.mojabochnia.pl\/wp-content\/uploads\/2017\/10\/IMG_20171018_081358-1.jpg\",\"contentUrl\":\"https:\/\/www.mojabochnia.pl\/wp-content\/uploads\/2017\/10\/IMG_20171018_081358-1.jpg\",\"width\":1000,\"height\":563,\"caption\":\"Pawe\u0142 Michalczyk\"},{\"@type\":\"BreadcrumbList\",\"@id\":\"https:\/\/www.mojabochnia.pl\/?p=179431#breadcrumb\",\"itemListElement\":[{\"@type\":\"ListItem\",\"position\":1,\"name\":\"Home\",\"item\":\"https:\/\/www.mojabochnia.pl\/\"},{\"@type\":\"ListItem\",\"position\":2,\"name\":\"Szpital planuje rozbudow\u0119 SOR. B\u0119d\u0105 kr\u00f3tsze kolejki?\"}]},{\"@type\":\"WebSite\",\"@id\":\"https:\/\/www.mojabochnia.pl\/#website\",\"url\":\"https:\/\/www.mojabochnia.pl\/\",\"name\":\"mojabochnia.pl - portal informacyjny\",\"description\":\"mojaBochnia to portal informacyjny o Bochni. Codziennie o Bochni piszemy i pokazujemy najwa\u017cniejsze wydarzenia\",\"publisher\":{\"@id\":\"https:\/\/www.mojabochnia.pl\/#organization\"},\"potentialAction\":[{\"@type\":\"SearchAction\",\"target\":{\"@type\":\"EntryPoint\",\"urlTemplate\":\"https:\/\/www.mojabochnia.pl\/?s={search_term_string}\"},\"query-input\":{\"@type\":\"PropertyValueSpecification\",\"valueRequired\":true,\"valueName\":\"search_term_string\"}}],\"inLanguage\":\"pl-PL\"},{\"@type\":\"Organization\",\"@id\":\"https:\/\/www.mojabochnia.pl\/#organization\",\"name\":\"mojabochnia.pl - portal informacyjny\",\"url\":\"https:\/\/www.mojabochnia.pl\/\",\"logo\":{\"@type\":\"ImageObject\",\"inLanguage\":\"pl-PL\",\"@id\":\"https:\/\/www.mojabochnia.pl\/#\/schema\/logo\/image\/\",\"url\":\"https:\/\/www.mojabochnia.pl\/wp-content\/uploads\/2017\/08\/logo-mb-opt.png\",\"contentUrl\":\"https:\/\/www.mojabochnia.pl\/wp-content\/uploads\/2017\/08\/logo-mb-opt.png\",\"width\":250,\"height\":48,\"caption\":\"mojabochnia.pl - portal informacyjny\"},\"image\":{\"@id\":\"https:\/\/www.mojabochnia.pl\/#\/schema\/logo\/image\/\"},\"sameAs\":[\"https:\/\/www.facebook.com\/mojabochnia\"]},{\"@type\":\"Person\",\"@id\":\"https:\/\/www.mojabochnia.pl\/#\/schema\/person\/ea042e4724a77627963f02166828ead4\",\"name\":\"Pawe\u0142 Michalczyk\",\"url\":\"https:\/\/www.mojabochnia.pl\/?author=4\"}]}<\/script>\n<!-- \/ Yoast SEO plugin. -->","yoast_head_json":{"title":"Szpital planuje rozbudow\u0119 SOR. B\u0119d\u0105 kr\u00f3tsze kolejki? - mojabochnia.pl - portal informacyjny","robots":{"index":"index","follow":"follow","max-snippet":"max-snippet:-1","max-image-preview":"max-image-preview:large","max-video-preview":"max-video-preview:-1"},"canonical":"https:\/\/www.mojabochnia.pl\/?p=179431","og_locale":"pl_PL","og_type":"article","og_title":"Szpital planuje rozbudow\u0119 SOR. B\u0119d\u0105 kr\u00f3tsze kolejki? - mojabochnia.pl - portal informacyjny","og_description":"Szpital w Bochni planuje rozbudow\u0119 oddzia\u0142u ratunkowego. Mia\u0142by on zosta\u0107 poszerzony w kierunku ogrodu. Plac\u00f3wka z\u0142o\u017cy\u0142a wniosek o dofinansowanie do ministerstwa zdrowia, na razie nie ma jeszcze decyzji w tej sprawie. Inwestycja oznacza\u0142aby dla pacjent\u00f3w szybsza ni\u017c kiedykolwiek obs\u0142ug\u0119. Zainwestowaliby\u015bmy przede wszystkim w rozbudow\u0119 miejsc obserwacyjnych. By\u0142oby kilkana\u015bcie \u0142\u00f3\u017cek obserwacyjnych, co z ca\u0142\u0105 pewno\u015bci\u0105 roz\u0142adowa\u0142oby","og_url":"https:\/\/www.mojabochnia.pl\/?p=179431","og_site_name":"mojabochnia.pl - portal informacyjny","article_publisher":"https:\/\/www.facebook.com\/mojabochnia","article_published_time":"2017-10-24T05:36:53+00:00","article_modified_time":"2017-10-24T13:23:16+00:00","og_image":[{"width":1000,"height":563,"url":"https:\/\/www.mojabochnia.pl\/wp-content\/uploads\/2017\/10\/IMG_20171018_081358-1.jpg","type":"image\/jpeg"}],"author":"Pawe\u0142 Michalczyk","twitter_card":"summary_large_image","twitter_misc":{"Written by":"Pawe\u0142 Michalczyk","Est. reading time":"1 minuta"},"schema":{"@context":"https:\/\/schema.org","@graph":[{"@type":"Article","@id":"https:\/\/www.mojabochnia.pl\/?p=179431#article","isPartOf":{"@id":"https:\/\/www.mojabochnia.pl\/?p=179431"},"author":{"name":"Pawe\u0142 Michalczyk","@id":"https:\/\/www.mojabochnia.pl\/#\/schema\/person\/ea042e4724a77627963f02166828ead4"},"headline":"Szpital planuje rozbudow\u0119 SOR. B\u0119d\u0105 kr\u00f3tsze kolejki?","datePublished":"2017-10-24T05:36:53+00:00","dateModified":"2017-10-24T13:23:16+00:00","mainEntityOfPage":{"@id":"https:\/\/www.mojabochnia.pl\/?p=179431"},"wordCount":228,"commentCount":0,"publisher":{"@id":"https:\/\/www.mojabochnia.pl\/#organization"},"image":{"@id":"https:\/\/www.mojabochnia.pl\/?p=179431#primaryimage"},"thumbnailUrl":"https:\/\/www.mojabochnia.pl\/wp-content\/uploads\/2017\/10\/IMG_20171018_081358-1.jpg","keywords":["jaros\u0142aw gucwa","lekarz","oddzia\u0142 ratunkowy","piel\u0119gniarka","rozbudowa","szpital","top temat"],"articleSection":["polityka i wydarzenia"],"inLanguage":"pl-PL","potentialAction":[{"@type":"CommentAction","name":"Comment","target":["https:\/\/www.mojabochnia.pl\/?p=179431#respond"]}]},{"@type":"WebPage","@id":"https:\/\/www.mojabochnia.pl\/?p=179431","url":"https:\/\/www.mojabochnia.pl\/?p=179431","name":"Szpital planuje rozbudow\u0119 SOR. B\u0119d\u0105 kr\u00f3tsze kolejki? - mojabochnia.pl - portal informacyjny","isPartOf":{"@id":"https:\/\/www.mojabochnia.pl\/#website"},"primaryImageOfPage":{"@id":"https:\/\/www.mojabochnia.pl\/?p=179431#primaryimage"},"image":{"@id":"https:\/\/www.mojabochnia.pl\/?p=179431#primaryimage"},"thumbnailUrl":"https:\/\/www.mojabochnia.pl\/wp-content\/uploads\/2017\/10\/IMG_20171018_081358-1.jpg","datePublished":"2017-10-24T05:36:53+00:00","dateModified":"2017-10-24T13:23:16+00:00","breadcrumb":{"@id":"https:\/\/www.mojabochnia.pl\/?p=179431#breadcrumb"},"inLanguage":"pl-PL","potentialAction":[{"@type":"ReadAction","target":["https:\/\/www.mojabochnia.pl\/?p=179431"]}]},{"@type":"ImageObject","inLanguage":"pl-PL","@id":"https:\/\/www.mojabochnia.pl\/?p=179431#primaryimage","url":"https:\/\/www.mojabochnia.pl\/wp-content\/uploads\/2017\/10\/IMG_20171018_081358-1.jpg","contentUrl":"https:\/\/www.mojabochnia.pl\/wp-content\/uploads\/2017\/10\/IMG_20171018_081358-1.jpg","width":1000,"height":563,"caption":"Pawe\u0142 Michalczyk"},{"@type":"BreadcrumbList","@id":"https:\/\/www.mojabochnia.pl\/?p=179431#breadcrumb","itemListElement":[{"@type":"ListItem","position":1,"name":"Home","item":"https:\/\/www.mojabochnia.pl\/"},{"@type":"ListItem","position":2,"name":"Szpital planuje rozbudow\u0119 SOR. B\u0119d\u0105 kr\u00f3tsze kolejki?"}]},{"@type":"WebSite","@id":"https:\/\/www.mojabochnia.pl\/#website","url":"https:\/\/www.mojabochnia.pl\/","name":"mojabochnia.pl - portal informacyjny","description":"mojaBochnia to portal informacyjny o Bochni. Codziennie o Bochni piszemy i pokazujemy najwa\u017cniejsze wydarzenia","publisher":{"@id":"https:\/\/www.mojabochnia.pl\/#organization"},"potentialAction":[{"@type":"SearchAction","target":{"@type":"EntryPoint","urlTemplate":"https:\/\/www.mojabochnia.pl\/?s={search_term_string}"},"query-input":{"@type":"PropertyValueSpecification","valueRequired":true,"valueName":"search_term_string"}}],"inLanguage":"pl-PL"},{"@type":"Organization","@id":"https:\/\/www.mojabochnia.pl\/#organization","name":"mojabochnia.pl - portal informacyjny","url":"https:\/\/www.mojabochnia.pl\/","logo":{"@type":"ImageObject","inLanguage":"pl-PL","@id":"https:\/\/www.mojabochnia.pl\/#\/schema\/logo\/image\/","url":"https:\/\/www.mojabochnia.pl\/wp-content\/uploads\/2017\/08\/logo-mb-opt.png","contentUrl":"https:\/\/www.mojabochnia.pl\/wp-content\/uploads\/2017\/08\/logo-mb-opt.png","width":250,"height":48,"caption":"mojabochnia.pl - portal informacyjny"},"image":{"@id":"https:\/\/www.mojabochnia.pl\/#\/schema\/logo\/image\/"},"sameAs":["https:\/\/www.facebook.com\/mojabochnia"]},{"@type":"Person","@id":"https:\/\/www.mojabochnia.pl\/#\/schema\/person\/ea042e4724a77627963f02166828ead4","name":"Pawe\u0142 Michalczyk","url":"https:\/\/www.mojabochnia.pl\/?author=4"}]}},"_links":{"self":[{"href":"https:\/\/www.mojabochnia.pl\/index.php?rest_route=\/wp\/v2\/posts\/179431","targetHints":{"allow":["GET"]}}],"collection":[{"href":"https:\/\/www.mojabochnia.pl\/index.php?rest_route=\/wp\/v2\/posts"}],"about":[{"href":"https:\/\/www.mojabochnia.pl\/index.php?rest_route=\/wp\/v2\/types\/post"}],"author":[{"embeddable":true,"href":"https:\/\/www.mojabochnia.pl\/index.php?rest_route=\/wp\/v2\/users\/4"}],"replies":[{"embeddable":true,"href":"https:\/\/www.mojabochnia.pl\/index.php?rest_route=%2Fwp%2Fv2%2Fcomments&post=179431"}],"version-history":[{"count":4,"href":"https:\/\/www.mojabochnia.pl\/index.php?rest_route=\/wp\/v2\/posts\/179431\/revisions"}],"predecessor-version":[{"id":179446,"href":"https:\/\/www.mojabochnia.pl\/index.php?rest_route=\/wp\/v2\/posts\/179431\/revisions\/179446"}],"wp:featuredmedia":[{"embeddable":true,"href":"https:\/\/www.mojabochnia.pl\/index.php?rest_route=\/wp\/v2\/media\/179434"}],"wp:attachment":[{"href":"https:\/\/www.mojabochnia.pl\/index.php?rest_route=%2Fwp%2Fv2%2Fmedia&parent=179431"}],"wp:term":[{"taxonomy":"category","embeddable":true,"href":"https:\/\/www.mojabochnia.pl\/index.php?rest_route=%2Fwp%2Fv2%2Fcategories&post=179431"},{"taxonomy":"post_tag","embeddable":true,"href":"https:\/\/www.mojabochnia.pl\/index.php?rest_route=%2Fwp%2Fv2%2Ftags&post=179431"}],"curies":[{"name":"wp","href":"https:\/\/api.w.org\/{rel}","templated":true}]}}