{"id":179418,"date":"2017-10-23T11:33:54","date_gmt":"2017-10-23T09:33:54","guid":{"rendered":"https:\/\/www.mojabochnia.pl\/?p=179418"},"modified":"2017-10-23T11:35:17","modified_gmt":"2017-10-23T09:35:17","slug":"zabetonowali-drzewa-na-cmentarzu-przy-orackiej","status":"publish","type":"post","link":"https:\/\/www.mojabochnia.pl\/?p=179418","title":{"rendered":"Zabetonowali drzewa na cmentarzu przy Orackiej"},"content":{"rendered":"<p><strong>Drzewa rosn\u0105ce przy jednej z alejek na cmentarzu przy ul. Orackiej, zosta\u0142y&#8230; zabetonowane. Internauci z grupy 32-700 Projekt Bochnia 2030 nie kryj\u0105 oburzenia. Domagaj\u0105 si\u0119 informacji, kto wpad\u0142 na tak absurdalny pomys\u0142.<\/strong><\/p>\n<p>Oto niekt\u00f3re z komentarzy internaut\u00f3w:<\/p>\n<p><em>Widz\u0119 \u017ce betonowanie w Bochni to zaj\u0119cie hobby dla jakiego\u015b szefa budowlanego<\/em>.<\/p>\n<p><em>My\u015blicie \u017ce ci zab\u00f3jcy zieleni miejskiej wiedz\u0105 co to rabatka i naturalna wilgotno\u015b\u0107?? Kto\u015b wreszcie powinien im zabroni\u0107 dotyka\u0107 wszystkiego co zielone&#8230;<\/em><\/p>\n<p><em>Administratorem cmentarza komunalnego jest BZUK&#8230;.R\u0119ce mi opadaj\u0105 za taki brak wyobra\u017ani. Mogli chocia\u017c zostawi\u0107 &#8222;kr\u0119gi&#8221; bez betonu wok\u00f3\u0142 drzew, aby zapewni\u0107 warunki na naturaln\u0105 wegetacj\u0119 (wilgotno\u015b\u0107 gleby etc.)<\/em><\/p>\n<p><em>Zastanawia mnie tylko jedno &#8211; czy &#8222;prezes&#8221; lub inny prze\u0142o\u017cony o tym wie i odebra\u0142 t\u0105 prac\u0119, czy to w\u0142asna inicjatywa pracownik\u00f3w?<\/em><\/p>\n<p>Prezes BZUK, S\u0142awomir Ko\u0142odziej, sprawy nie chce komentowa\u0107. Zapowiada jednak, \u017ce <strong>beton spomi\u0119dzy drzew zostanie usuni\u0119ty<\/strong>. <\/p>\n<p>fot. Facebook \/ grupa 32-700 Projekt Bochnia 2030<\/p>\n\t  \r\n\t\r\n\t    <div class=\"mb-gallery\">\r\n\t    <a href=\"https:\/\/www.mojabochnia.pl\/?attachment_id=179420\" class=\"\"><img loading=\"lazy\" decoding=\"async\" width=\"100\" height=\"100\" src=\"https:\/\/www.mojabochnia.pl\/wp-content\/uploads\/2017\/10\/drzew-100x100.jpg\" class=\"attachment-100x100 size-100x100\" alt=\"\" \/><\/a><a href=\"https:\/\/www.mojabochnia.pl\/?attachment_id=179421\" class=\"\"><img loading=\"lazy\" decoding=\"async\" width=\"100\" height=\"100\" src=\"https:\/\/www.mojabochnia.pl\/wp-content\/uploads\/2017\/10\/drzewa-100x100.jpg\" class=\"attachment-100x100 size-100x100\" alt=\"\" srcset=\"https:\/\/www.mojabochnia.pl\/wp-content\/uploads\/2017\/10\/drzewa-100x100.jpg 100w, https:\/\/www.mojabochnia.pl\/wp-content\/uploads\/2017\/10\/drzewa-120x120.jpg 120w, https:\/\/www.mojabochnia.pl\/wp-content\/uploads\/2017\/10\/drzewa-468x468.jpg 468w, https:\/\/www.mojabochnia.pl\/wp-content\/uploads\/2017\/10\/drzewa-768x768.jpg 768w, https:\/\/www.mojabochnia.pl\/wp-content\/uploads\/2017\/10\/drzewa-660x660.jpg 660w, https:\/\/www.mojabochnia.pl\/wp-content\/uploads\/2017\/10\/drzewa.jpg 960w\" sizes=\"auto, (max-width: 100px) 100vw, 100px\" \/><\/a>\t    <\/div>\r\n\t    ","protected":false},"excerpt":{"rendered":"<p>Drzewa rosn\u0105ce przy jednej z alejek na cmentarzu przy ul. Orackiej, zosta\u0142y&#8230; zabetonowane. Internauci z grupy 32-700 Projekt Bochnia 2030 nie kryj\u0105 oburzenia. Domagaj\u0105 si\u0119 informacji, kto wpad\u0142 na tak absurdalny pomys\u0142. Oto niekt\u00f3re z komentarzy internaut\u00f3w: Widz\u0119 \u017ce betonowanie w Bochni to zaj\u0119cie hobby dla jakiego\u015b szefa budowlanego. My\u015blicie \u017ce ci zab\u00f3jcy zieleni miejskiej<\/p>\n","protected":false},"author":13,"featured_media":179421,"comment_status":"open","ping_status":"closed","sticky":false,"template":"","format":"standard","meta":{"_acf_changed":false,"footnotes":""},"categories":[6251],"tags":[19895,17360,4733,17544,19720],"class_list":["post-179418","post","type-post","status-publish","format-standard","has-post-thumbnail","hentry","category-polityka-i-wydarzenia","tag-beton","tag-cmentarz","tag-cmentarz-przy-ul-orackiej","tag-drzewa","tag-top-temat","main_tag-cmentarz"],"acf":[],"yoast_head":"<!-- This site is optimized with the Yoast SEO plugin v26.9 - https:\/\/yoast.com\/product\/yoast-seo-wordpress\/ -->\n<title>Zabetonowali drzewa na cmentarzu przy Orackiej - mojabochnia.pl - portal informacyjny<\/title>\n<meta name=\"robots\" content=\"index, follow, max-snippet:-1, max-image-preview:large, max-video-preview:-1\" \/>\n<link rel=\"canonical\" href=\"https:\/\/www.mojabochnia.pl\/?p=179418\" \/>\n<meta property=\"og:locale\" content=\"pl_PL\" \/>\n<meta property=\"og:type\" content=\"article\" \/>\n<meta property=\"og:title\" content=\"Zabetonowali drzewa na cmentarzu przy Orackiej - mojabochnia.pl - portal informacyjny\" \/>\n<meta property=\"og:description\" content=\"Drzewa rosn\u0105ce przy jednej z alejek na cmentarzu przy ul. Orackiej, zosta\u0142y&#8230; zabetonowane. Internauci z grupy 32-700 Projekt Bochnia 2030 nie kryj\u0105 oburzenia. Domagaj\u0105 si\u0119 informacji, kto wpad\u0142 na tak absurdalny pomys\u0142. Oto niekt\u00f3re z komentarzy internaut\u00f3w: Widz\u0119 \u017ce betonowanie w Bochni to zaj\u0119cie hobby dla jakiego\u015b szefa budowlanego. My\u015blicie \u017ce ci zab\u00f3jcy zieleni miejskiej\" \/>\n<meta property=\"og:url\" content=\"https:\/\/www.mojabochnia.pl\/?p=179418\" \/>\n<meta property=\"og:site_name\" content=\"mojabochnia.pl - portal informacyjny\" \/>\n<meta property=\"article:publisher\" content=\"https:\/\/www.facebook.com\/mojabochnia\" \/>\n<meta property=\"article:published_time\" content=\"2017-10-23T09:33:54+00:00\" \/>\n<meta property=\"article:modified_time\" content=\"2017-10-23T09:35:17+00:00\" \/>\n<meta property=\"og:image\" content=\"https:\/\/www.mojabochnia.pl\/wp-content\/uploads\/2017\/10\/drzewa.jpg\" \/>\n\t<meta property=\"og:image:width\" content=\"960\" \/>\n\t<meta property=\"og:image:height\" content=\"960\" \/>\n\t<meta property=\"og:image:type\" content=\"image\/jpeg\" \/>\n<meta name=\"author\" content=\"redakcja\" \/>\n<meta name=\"twitter:card\" content=\"summary_large_image\" \/>\n<meta name=\"twitter:label1\" content=\"Written by\" \/>\n\t<meta name=\"twitter:data1\" content=\"redakcja\" \/>\n\t<meta name=\"twitter:label2\" content=\"Est. reading time\" \/>\n\t<meta name=\"twitter:data2\" content=\"1 minuta\" \/>\n<script type=\"application\/ld+json\" class=\"yoast-schema-graph\">{\"@context\":\"https:\/\/schema.org\",\"@graph\":[{\"@type\":\"Article\",\"@id\":\"https:\/\/www.mojabochnia.pl\/?p=179418#article\",\"isPartOf\":{\"@id\":\"https:\/\/www.mojabochnia.pl\/?p=179418\"},\"author\":{\"name\":\"redakcja\",\"@id\":\"https:\/\/www.mojabochnia.pl\/#\/schema\/person\/7e2f20ead9902216a3384f13606c0ab7\"},\"headline\":\"Zabetonowali drzewa na cmentarzu przy Orackiej\",\"datePublished\":\"2017-10-23T09:33:54+00:00\",\"dateModified\":\"2017-10-23T09:35:17+00:00\",\"mainEntityOfPage\":{\"@id\":\"https:\/\/www.mojabochnia.pl\/?p=179418\"},\"wordCount\":167,\"commentCount\":0,\"publisher\":{\"@id\":\"https:\/\/www.mojabochnia.pl\/#organization\"},\"image\":{\"@id\":\"https:\/\/www.mojabochnia.pl\/?p=179418#primaryimage\"},\"thumbnailUrl\":\"https:\/\/www.mojabochnia.pl\/wp-content\/uploads\/2017\/10\/drzewa.jpg\",\"keywords\":[\"beton\",\"cmentarz\",\"cmentarz przy ul. orackiej\",\"drzewa\",\"top temat\"],\"articleSection\":[\"polityka i wydarzenia\"],\"inLanguage\":\"pl-PL\",\"potentialAction\":[{\"@type\":\"CommentAction\",\"name\":\"Comment\",\"target\":[\"https:\/\/www.mojabochnia.pl\/?p=179418#respond\"]}]},{\"@type\":\"WebPage\",\"@id\":\"https:\/\/www.mojabochnia.pl\/?p=179418\",\"url\":\"https:\/\/www.mojabochnia.pl\/?p=179418\",\"name\":\"Zabetonowali drzewa na cmentarzu przy Orackiej - mojabochnia.pl - portal informacyjny\",\"isPartOf\":{\"@id\":\"https:\/\/www.mojabochnia.pl\/#website\"},\"primaryImageOfPage\":{\"@id\":\"https:\/\/www.mojabochnia.pl\/?p=179418#primaryimage\"},\"image\":{\"@id\":\"https:\/\/www.mojabochnia.pl\/?p=179418#primaryimage\"},\"thumbnailUrl\":\"https:\/\/www.mojabochnia.pl\/wp-content\/uploads\/2017\/10\/drzewa.jpg\",\"datePublished\":\"2017-10-23T09:33:54+00:00\",\"dateModified\":\"2017-10-23T09:35:17+00:00\",\"breadcrumb\":{\"@id\":\"https:\/\/www.mojabochnia.pl\/?p=179418#breadcrumb\"},\"inLanguage\":\"pl-PL\",\"potentialAction\":[{\"@type\":\"ReadAction\",\"target\":[\"https:\/\/www.mojabochnia.pl\/?p=179418\"]}]},{\"@type\":\"ImageObject\",\"inLanguage\":\"pl-PL\",\"@id\":\"https:\/\/www.mojabochnia.pl\/?p=179418#primaryimage\",\"url\":\"https:\/\/www.mojabochnia.pl\/wp-content\/uploads\/2017\/10\/drzewa.jpg\",\"contentUrl\":\"https:\/\/www.mojabochnia.pl\/wp-content\/uploads\/2017\/10\/drzewa.jpg\",\"width\":960,\"height\":960},{\"@type\":\"BreadcrumbList\",\"@id\":\"https:\/\/www.mojabochnia.pl\/?p=179418#breadcrumb\",\"itemListElement\":[{\"@type\":\"ListItem\",\"position\":1,\"name\":\"Home\",\"item\":\"https:\/\/www.mojabochnia.pl\/\"},{\"@type\":\"ListItem\",\"position\":2,\"name\":\"Zabetonowali drzewa na cmentarzu przy Orackiej\"}]},{\"@type\":\"WebSite\",\"@id\":\"https:\/\/www.mojabochnia.pl\/#website\",\"url\":\"https:\/\/www.mojabochnia.pl\/\",\"name\":\"mojabochnia.pl - portal informacyjny\",\"description\":\"mojaBochnia to portal informacyjny o Bochni. Codziennie o Bochni piszemy i pokazujemy najwa\u017cniejsze wydarzenia\",\"publisher\":{\"@id\":\"https:\/\/www.mojabochnia.pl\/#organization\"},\"potentialAction\":[{\"@type\":\"SearchAction\",\"target\":{\"@type\":\"EntryPoint\",\"urlTemplate\":\"https:\/\/www.mojabochnia.pl\/?s={search_term_string}\"},\"query-input\":{\"@type\":\"PropertyValueSpecification\",\"valueRequired\":true,\"valueName\":\"search_term_string\"}}],\"inLanguage\":\"pl-PL\"},{\"@type\":\"Organization\",\"@id\":\"https:\/\/www.mojabochnia.pl\/#organization\",\"name\":\"mojabochnia.pl - portal informacyjny\",\"url\":\"https:\/\/www.mojabochnia.pl\/\",\"logo\":{\"@type\":\"ImageObject\",\"inLanguage\":\"pl-PL\",\"@id\":\"https:\/\/www.mojabochnia.pl\/#\/schema\/logo\/image\/\",\"url\":\"https:\/\/www.mojabochnia.pl\/wp-content\/uploads\/2017\/08\/logo-mb-opt.png\",\"contentUrl\":\"https:\/\/www.mojabochnia.pl\/wp-content\/uploads\/2017\/08\/logo-mb-opt.png\",\"width\":250,\"height\":48,\"caption\":\"mojabochnia.pl - portal informacyjny\"},\"image\":{\"@id\":\"https:\/\/www.mojabochnia.pl\/#\/schema\/logo\/image\/\"},\"sameAs\":[\"https:\/\/www.facebook.com\/mojabochnia\"]},{\"@type\":\"Person\",\"@id\":\"https:\/\/www.mojabochnia.pl\/#\/schema\/person\/7e2f20ead9902216a3384f13606c0ab7\",\"name\":\"redakcja\",\"sameAs\":[\"http:\/\/\"],\"url\":\"https:\/\/www.mojabochnia.pl\/?author=13\"}]}<\/script>\n<!-- \/ Yoast SEO plugin. -->","yoast_head_json":{"title":"Zabetonowali drzewa na cmentarzu przy Orackiej - mojabochnia.pl - portal informacyjny","robots":{"index":"index","follow":"follow","max-snippet":"max-snippet:-1","max-image-preview":"max-image-preview:large","max-video-preview":"max-video-preview:-1"},"canonical":"https:\/\/www.mojabochnia.pl\/?p=179418","og_locale":"pl_PL","og_type":"article","og_title":"Zabetonowali drzewa na cmentarzu przy Orackiej - mojabochnia.pl - portal informacyjny","og_description":"Drzewa rosn\u0105ce przy jednej z alejek na cmentarzu przy ul. Orackiej, zosta\u0142y&#8230; zabetonowane. Internauci z grupy 32-700 Projekt Bochnia 2030 nie kryj\u0105 oburzenia. Domagaj\u0105 si\u0119 informacji, kto wpad\u0142 na tak absurdalny pomys\u0142. Oto niekt\u00f3re z komentarzy internaut\u00f3w: Widz\u0119 \u017ce betonowanie w Bochni to zaj\u0119cie hobby dla jakiego\u015b szefa budowlanego. My\u015blicie \u017ce ci zab\u00f3jcy zieleni miejskiej","og_url":"https:\/\/www.mojabochnia.pl\/?p=179418","og_site_name":"mojabochnia.pl - portal informacyjny","article_publisher":"https:\/\/www.facebook.com\/mojabochnia","article_published_time":"2017-10-23T09:33:54+00:00","article_modified_time":"2017-10-23T09:35:17+00:00","og_image":[{"width":960,"height":960,"url":"https:\/\/www.mojabochnia.pl\/wp-content\/uploads\/2017\/10\/drzewa.jpg","type":"image\/jpeg"}],"author":"redakcja","twitter_card":"summary_large_image","twitter_misc":{"Written by":"redakcja","Est. reading time":"1 minuta"},"schema":{"@context":"https:\/\/schema.org","@graph":[{"@type":"Article","@id":"https:\/\/www.mojabochnia.pl\/?p=179418#article","isPartOf":{"@id":"https:\/\/www.mojabochnia.pl\/?p=179418"},"author":{"name":"redakcja","@id":"https:\/\/www.mojabochnia.pl\/#\/schema\/person\/7e2f20ead9902216a3384f13606c0ab7"},"headline":"Zabetonowali drzewa na cmentarzu przy Orackiej","datePublished":"2017-10-23T09:33:54+00:00","dateModified":"2017-10-23T09:35:17+00:00","mainEntityOfPage":{"@id":"https:\/\/www.mojabochnia.pl\/?p=179418"},"wordCount":167,"commentCount":0,"publisher":{"@id":"https:\/\/www.mojabochnia.pl\/#organization"},"image":{"@id":"https:\/\/www.mojabochnia.pl\/?p=179418#primaryimage"},"thumbnailUrl":"https:\/\/www.mojabochnia.pl\/wp-content\/uploads\/2017\/10\/drzewa.jpg","keywords":["beton","cmentarz","cmentarz przy ul. orackiej","drzewa","top temat"],"articleSection":["polityka i wydarzenia"],"inLanguage":"pl-PL","potentialAction":[{"@type":"CommentAction","name":"Comment","target":["https:\/\/www.mojabochnia.pl\/?p=179418#respond"]}]},{"@type":"WebPage","@id":"https:\/\/www.mojabochnia.pl\/?p=179418","url":"https:\/\/www.mojabochnia.pl\/?p=179418","name":"Zabetonowali drzewa na cmentarzu przy Orackiej - mojabochnia.pl - portal informacyjny","isPartOf":{"@id":"https:\/\/www.mojabochnia.pl\/#website"},"primaryImageOfPage":{"@id":"https:\/\/www.mojabochnia.pl\/?p=179418#primaryimage"},"image":{"@id":"https:\/\/www.mojabochnia.pl\/?p=179418#primaryimage"},"thumbnailUrl":"https:\/\/www.mojabochnia.pl\/wp-content\/uploads\/2017\/10\/drzewa.jpg","datePublished":"2017-10-23T09:33:54+00:00","dateModified":"2017-10-23T09:35:17+00:00","breadcrumb":{"@id":"https:\/\/www.mojabochnia.pl\/?p=179418#breadcrumb"},"inLanguage":"pl-PL","potentialAction":[{"@type":"ReadAction","target":["https:\/\/www.mojabochnia.pl\/?p=179418"]}]},{"@type":"ImageObject","inLanguage":"pl-PL","@id":"https:\/\/www.mojabochnia.pl\/?p=179418#primaryimage","url":"https:\/\/www.mojabochnia.pl\/wp-content\/uploads\/2017\/10\/drzewa.jpg","contentUrl":"https:\/\/www.mojabochnia.pl\/wp-content\/uploads\/2017\/10\/drzewa.jpg","width":960,"height":960},{"@type":"BreadcrumbList","@id":"https:\/\/www.mojabochnia.pl\/?p=179418#breadcrumb","itemListElement":[{"@type":"ListItem","position":1,"name":"Home","item":"https:\/\/www.mojabochnia.pl\/"},{"@type":"ListItem","position":2,"name":"Zabetonowali drzewa na cmentarzu przy Orackiej"}]},{"@type":"WebSite","@id":"https:\/\/www.mojabochnia.pl\/#website","url":"https:\/\/www.mojabochnia.pl\/","name":"mojabochnia.pl - portal informacyjny","description":"mojaBochnia to portal informacyjny o Bochni. Codziennie o Bochni piszemy i pokazujemy najwa\u017cniejsze wydarzenia","publisher":{"@id":"https:\/\/www.mojabochnia.pl\/#organization"},"potentialAction":[{"@type":"SearchAction","target":{"@type":"EntryPoint","urlTemplate":"https:\/\/www.mojabochnia.pl\/?s={search_term_string}"},"query-input":{"@type":"PropertyValueSpecification","valueRequired":true,"valueName":"search_term_string"}}],"inLanguage":"pl-PL"},{"@type":"Organization","@id":"https:\/\/www.mojabochnia.pl\/#organization","name":"mojabochnia.pl - portal informacyjny","url":"https:\/\/www.mojabochnia.pl\/","logo":{"@type":"ImageObject","inLanguage":"pl-PL","@id":"https:\/\/www.mojabochnia.pl\/#\/schema\/logo\/image\/","url":"https:\/\/www.mojabochnia.pl\/wp-content\/uploads\/2017\/08\/logo-mb-opt.png","contentUrl":"https:\/\/www.mojabochnia.pl\/wp-content\/uploads\/2017\/08\/logo-mb-opt.png","width":250,"height":48,"caption":"mojabochnia.pl - portal informacyjny"},"image":{"@id":"https:\/\/www.mojabochnia.pl\/#\/schema\/logo\/image\/"},"sameAs":["https:\/\/www.facebook.com\/mojabochnia"]},{"@type":"Person","@id":"https:\/\/www.mojabochnia.pl\/#\/schema\/person\/7e2f20ead9902216a3384f13606c0ab7","name":"redakcja","sameAs":["http:\/\/"],"url":"https:\/\/www.mojabochnia.pl\/?author=13"}]}},"_links":{"self":[{"href":"https:\/\/www.mojabochnia.pl\/index.php?rest_route=\/wp\/v2\/posts\/179418","targetHints":{"allow":["GET"]}}],"collection":[{"href":"https:\/\/www.mojabochnia.pl\/index.php?rest_route=\/wp\/v2\/posts"}],"about":[{"href":"https:\/\/www.mojabochnia.pl\/index.php?rest_route=\/wp\/v2\/types\/post"}],"author":[{"embeddable":true,"href":"https:\/\/www.mojabochnia.pl\/index.php?rest_route=\/wp\/v2\/users\/13"}],"replies":[{"embeddable":true,"href":"https:\/\/www.mojabochnia.pl\/index.php?rest_route=%2Fwp%2Fv2%2Fcomments&post=179418"}],"version-history":[{"count":4,"href":"https:\/\/www.mojabochnia.pl\/index.php?rest_route=\/wp\/v2\/posts\/179418\/revisions"}],"predecessor-version":[{"id":179425,"href":"https:\/\/www.mojabochnia.pl\/index.php?rest_route=\/wp\/v2\/posts\/179418\/revisions\/179425"}],"wp:featuredmedia":[{"embeddable":true,"href":"https:\/\/www.mojabochnia.pl\/index.php?rest_route=\/wp\/v2\/media\/179421"}],"wp:attachment":[{"href":"https:\/\/www.mojabochnia.pl\/index.php?rest_route=%2Fwp%2Fv2%2Fmedia&parent=179418"}],"wp:term":[{"taxonomy":"category","embeddable":true,"href":"https:\/\/www.mojabochnia.pl\/index.php?rest_route=%2Fwp%2Fv2%2Fcategories&post=179418"},{"taxonomy":"post_tag","embeddable":true,"href":"https:\/\/www.mojabochnia.pl\/index.php?rest_route=%2Fwp%2Fv2%2Ftags&post=179418"}],"curies":[{"name":"wp","href":"https:\/\/api.w.org\/{rel}","templated":true}]}}