{"id":179368,"date":"2017-10-20T10:45:28","date_gmt":"2017-10-20T08:45:28","guid":{"rendered":"https:\/\/www.mojabochnia.pl\/?p=179368"},"modified":"2017-10-20T10:45:28","modified_gmt":"2017-10-20T08:45:28","slug":"sukces-druzyny-nieslyszacych-z-krakowa-ich-trenerem-jest-mieszkaniec-bochni","status":"publish","type":"post","link":"https:\/\/www.mojabochnia.pl\/?p=179368","title":{"rendered":"Sukces dru\u017cyny nies\u0142ysz\u0105cych z Krakowa. Ich trenerem jest mieszkaniec Bochni"},"content":{"rendered":"<p><strong>W dniach 4-8 pa\u017adziernika dru\u017cyna UKS Bagry Krak\u00f3w przebywa\u0142a w Mediolanie, gdzie wzi\u0119\u0142a udzia\u0142 w I edycji Ligi Mistrz\u00f3w Nies\u0142ysz\u0105cych w Futsalu U21. Trenerem dru\u017cyny jest Andrzej Lewandowski z Bochni. <\/strong><\/p>\n<p>Andrzej Lewandowski (na zdj\u0119ciu od lewej) pracuje w szkole dla m\u0142odzie\u017cy nies\u0142ysz\u0105cej w Krakowie jako trener pi\u0142ki no\u017cnej i nauczyciel wychowania fizycznego. Od wojewody otrzyma\u0142 puchar i dyplom za zdobycie 2 miejsca w Lidze Mistrz\u00f3w we W\u0142oszech.<\/p>\n<p>W turnieju Ligi Mistrz\u00f3w Nies\u0142ysz\u0105cych w Futsalu U21 udzia\u0142 wzi\u0119\u0142o najlepszych 16 dru\u017cyn europejskich.<\/p>\n<p>W fazie grupowej krakowianie zmierzyli si\u0119:<\/p>\n<p>UKS Bagry &#8211; POK Ateny (Grecja) 12:2<br \/>\nS.S.S. Milano (W\u0142ochy) &#8211; UKS Bagry 3:6<br \/>\nUKS Bagry &#8211; Monoson Young (Izrael) 10:1<\/p>\n<p><strong>\u0106wier\u0107fina\u0142:<\/strong><\/p>\n<p>UKS Bagry &#8211; Doncaster DFC (Anglia) 3:3 karne 4:3<\/p>\n<p><strong>P\u00f3\u0142fina\u0142:<\/strong><\/p>\n<p>UKS Bagry &#8211; GSV Hamburg (Niemcy) 3:1<\/p>\n<p><strong>Fina\u0142:<br \/>\n <\/strong><br \/>\nIK Hephkata Goteborg (Szwecja) &#8211; UKS Bagry 6:3<\/p>\n<p>Drugie miejsce, srebro &#8211; wspania\u0142y sukces m\u0142odych pi\u0142karzy z UKS Bagry na co dzie\u0144 trenuj\u0105cych w Specjalnym O\u015brodku Szkolno-Wychowawczym przy ul. Grochowej w Krakowie.<\/p>\n<p>Damian Kama\u0144czyk zosta\u0142 wybrany najlepszym bramkarzem turnieju a Filip Ga\u0142\u0105zka z 12 trafieniami zaj\u0105\u0142 4 miejsce w tabeli najlepszych strzelc\u00f3w.<\/p>\n<p>Sk\u0142ad dru\u017cyny UKS Bagry Krak\u00f3w:<br \/>\n1. Damian Kama\u0144czyk<br \/>\n2. Damian Semla<br \/>\n3. Adam Wojewoda<br \/>\n4. Oskar Damrat<br \/>\n5. Daniel Do\u0142gowski<br \/>\n6. Pawe\u0142 Szewczyk<br \/>\n7. Kamil Cendry<br \/>\n8. Filip Ga\u0142\u0105zka<br \/>\n9. Andrzej Lewandowski &#8211; trener<br \/>\n10. Adam Stromid\u0142o &#8211; asystent trenera<\/p>\n\t  \r\n\t\r\n\t    <div class=\"mb-gallery\">\r\n\t    <a href=\"https:\/\/www.mojabochnia.pl\/?attachment_id=179370\" class=\"\"><img loading=\"lazy\" decoding=\"async\" width=\"100\" height=\"100\" src=\"https:\/\/www.mojabochnia.pl\/wp-content\/uploads\/2017\/10\/druzyna-100x100.jpg\" class=\"attachment-100x100 size-100x100\" alt=\"\" \/><\/a><a href=\"https:\/\/www.mojabochnia.pl\/?attachment_id=179371\" class=\"\"><img loading=\"lazy\" decoding=\"async\" width=\"100\" height=\"100\" src=\"https:\/\/www.mojabochnia.pl\/wp-content\/uploads\/2017\/10\/part-2-100x100.jpg\" class=\"attachment-100x100 size-100x100\" alt=\"\" \/><\/a><a href=\"https:\/\/www.mojabochnia.pl\/?attachment_id=179372\" class=\"\"><img loading=\"lazy\" decoding=\"async\" width=\"100\" height=\"100\" src=\"https:\/\/www.mojabochnia.pl\/wp-content\/uploads\/2017\/10\/part-3-100x100.jpg\" class=\"attachment-100x100 size-100x100\" alt=\"\" \/><\/a><a href=\"https:\/\/www.mojabochnia.pl\/?attachment_id=179373\" class=\"\"><img loading=\"lazy\" decoding=\"async\" width=\"100\" height=\"100\" src=\"https:\/\/www.mojabochnia.pl\/wp-content\/uploads\/2017\/10\/part-100x100.jpg\" class=\"attachment-100x100 size-100x100\" alt=\"\" \/><\/a><a href=\"https:\/\/www.mojabochnia.pl\/?attachment_id=179374\" class=\"\"><img loading=\"lazy\" decoding=\"async\" width=\"100\" height=\"100\" src=\"https:\/\/www.mojabochnia.pl\/wp-content\/uploads\/2017\/10\/Part_2.2-100x100.jpg\" class=\"attachment-100x100 size-100x100\" alt=\"\" \/><\/a>\t    <\/div>\r\n\t    ","protected":false},"excerpt":{"rendered":"<p>W dniach 4-8 pa\u017adziernika dru\u017cyna UKS Bagry Krak\u00f3w przebywa\u0142a w Mediolanie, gdzie wzi\u0119\u0142a udzia\u0142 w I edycji Ligi Mistrz\u00f3w Nies\u0142ysz\u0105cych w Futsalu U21. Trenerem dru\u017cyny jest Andrzej Lewandowski z Bochni. Andrzej Lewandowski (na zdj\u0119ciu od lewej) pracuje w szkole dla m\u0142odzie\u017cy nies\u0142ysz\u0105cej w Krakowie jako trener pi\u0142ki no\u017cnej i nauczyciel wychowania fizycznego. Od wojewody otrzyma\u0142<\/p>\n","protected":false},"author":4,"featured_media":179370,"comment_status":"open","ping_status":"closed","sticky":false,"template":"","format":"standard","meta":{"_acf_changed":false,"footnotes":""},"categories":[6251],"tags":[19891,17221,19890,2347,17130],"class_list":["post-179368","post","type-post","status-publish","format-standard","has-post-thumbnail","hentry","category-polityka-i-wydarzenia","tag-andrzej-lewandowski","tag-niepelnosprawni","tag-nieslyszacy","tag-trener","tag-turniej","main_tag-niepelnosprawni"],"acf":[],"yoast_head":"<!-- This site is optimized with the Yoast SEO plugin v26.9 - https:\/\/yoast.com\/product\/yoast-seo-wordpress\/ -->\n<title>Sukces dru\u017cyny nies\u0142ysz\u0105cych z Krakowa. Ich trenerem jest mieszkaniec Bochni - mojabochnia.pl - portal informacyjny<\/title>\n<meta name=\"robots\" content=\"index, follow, max-snippet:-1, max-image-preview:large, max-video-preview:-1\" \/>\n<link rel=\"canonical\" href=\"https:\/\/www.mojabochnia.pl\/?p=179368\" \/>\n<meta property=\"og:locale\" content=\"pl_PL\" \/>\n<meta property=\"og:type\" content=\"article\" \/>\n<meta property=\"og:title\" content=\"Sukces dru\u017cyny nies\u0142ysz\u0105cych z Krakowa. Ich trenerem jest mieszkaniec Bochni - mojabochnia.pl - portal informacyjny\" \/>\n<meta property=\"og:description\" content=\"W dniach 4-8 pa\u017adziernika dru\u017cyna UKS Bagry Krak\u00f3w przebywa\u0142a w Mediolanie, gdzie wzi\u0119\u0142a udzia\u0142 w I edycji Ligi Mistrz\u00f3w Nies\u0142ysz\u0105cych w Futsalu U21. Trenerem dru\u017cyny jest Andrzej Lewandowski z Bochni. Andrzej Lewandowski (na zdj\u0119ciu od lewej) pracuje w szkole dla m\u0142odzie\u017cy nies\u0142ysz\u0105cej w Krakowie jako trener pi\u0142ki no\u017cnej i nauczyciel wychowania fizycznego. Od wojewody otrzyma\u0142\" \/>\n<meta property=\"og:url\" content=\"https:\/\/www.mojabochnia.pl\/?p=179368\" \/>\n<meta property=\"og:site_name\" content=\"mojabochnia.pl - portal informacyjny\" \/>\n<meta property=\"article:publisher\" content=\"https:\/\/www.facebook.com\/mojabochnia\" \/>\n<meta property=\"article:published_time\" content=\"2017-10-20T08:45:28+00:00\" \/>\n<meta property=\"og:image\" content=\"https:\/\/www.mojabochnia.pl\/wp-content\/uploads\/2017\/10\/druzyna.jpg\" \/>\n\t<meta property=\"og:image:width\" content=\"643\" \/>\n\t<meta property=\"og:image:height\" content=\"481\" \/>\n\t<meta property=\"og:image:type\" content=\"image\/jpeg\" \/>\n<meta name=\"author\" content=\"Pawe\u0142 Michalczyk\" \/>\n<meta name=\"twitter:card\" content=\"summary_large_image\" \/>\n<meta name=\"twitter:label1\" content=\"Written by\" \/>\n\t<meta name=\"twitter:data1\" content=\"Pawe\u0142 Michalczyk\" \/>\n\t<meta name=\"twitter:label2\" content=\"Est. reading time\" \/>\n\t<meta name=\"twitter:data2\" content=\"1 minuta\" \/>\n<script type=\"application\/ld+json\" class=\"yoast-schema-graph\">{\"@context\":\"https:\/\/schema.org\",\"@graph\":[{\"@type\":\"Article\",\"@id\":\"https:\/\/www.mojabochnia.pl\/?p=179368#article\",\"isPartOf\":{\"@id\":\"https:\/\/www.mojabochnia.pl\/?p=179368\"},\"author\":{\"name\":\"Pawe\u0142 Michalczyk\",\"@id\":\"https:\/\/www.mojabochnia.pl\/#\/schema\/person\/ea042e4724a77627963f02166828ead4\"},\"headline\":\"Sukces dru\u017cyny nies\u0142ysz\u0105cych z Krakowa. Ich trenerem jest mieszkaniec Bochni\",\"datePublished\":\"2017-10-20T08:45:28+00:00\",\"mainEntityOfPage\":{\"@id\":\"https:\/\/www.mojabochnia.pl\/?p=179368\"},\"wordCount\":254,\"commentCount\":0,\"publisher\":{\"@id\":\"https:\/\/www.mojabochnia.pl\/#organization\"},\"image\":{\"@id\":\"https:\/\/www.mojabochnia.pl\/?p=179368#primaryimage\"},\"thumbnailUrl\":\"https:\/\/www.mojabochnia.pl\/wp-content\/uploads\/2017\/10\/druzyna.jpg\",\"keywords\":[\"Andrzej Lewandowski\",\"niepe\u0142nosprawni\",\"nies\u0142ysz\u0105cy\",\"trener\",\"turniej\"],\"articleSection\":[\"polityka i wydarzenia\"],\"inLanguage\":\"pl-PL\",\"potentialAction\":[{\"@type\":\"CommentAction\",\"name\":\"Comment\",\"target\":[\"https:\/\/www.mojabochnia.pl\/?p=179368#respond\"]}]},{\"@type\":\"WebPage\",\"@id\":\"https:\/\/www.mojabochnia.pl\/?p=179368\",\"url\":\"https:\/\/www.mojabochnia.pl\/?p=179368\",\"name\":\"Sukces dru\u017cyny nies\u0142ysz\u0105cych z Krakowa. Ich trenerem jest mieszkaniec Bochni - mojabochnia.pl - portal informacyjny\",\"isPartOf\":{\"@id\":\"https:\/\/www.mojabochnia.pl\/#website\"},\"primaryImageOfPage\":{\"@id\":\"https:\/\/www.mojabochnia.pl\/?p=179368#primaryimage\"},\"image\":{\"@id\":\"https:\/\/www.mojabochnia.pl\/?p=179368#primaryimage\"},\"thumbnailUrl\":\"https:\/\/www.mojabochnia.pl\/wp-content\/uploads\/2017\/10\/druzyna.jpg\",\"datePublished\":\"2017-10-20T08:45:28+00:00\",\"breadcrumb\":{\"@id\":\"https:\/\/www.mojabochnia.pl\/?p=179368#breadcrumb\"},\"inLanguage\":\"pl-PL\",\"potentialAction\":[{\"@type\":\"ReadAction\",\"target\":[\"https:\/\/www.mojabochnia.pl\/?p=179368\"]}]},{\"@type\":\"ImageObject\",\"inLanguage\":\"pl-PL\",\"@id\":\"https:\/\/www.mojabochnia.pl\/?p=179368#primaryimage\",\"url\":\"https:\/\/www.mojabochnia.pl\/wp-content\/uploads\/2017\/10\/druzyna.jpg\",\"contentUrl\":\"https:\/\/www.mojabochnia.pl\/wp-content\/uploads\/2017\/10\/druzyna.jpg\",\"width\":643,\"height\":481,\"caption\":\"materia\u0142y prasowe\"},{\"@type\":\"BreadcrumbList\",\"@id\":\"https:\/\/www.mojabochnia.pl\/?p=179368#breadcrumb\",\"itemListElement\":[{\"@type\":\"ListItem\",\"position\":1,\"name\":\"Home\",\"item\":\"https:\/\/www.mojabochnia.pl\/\"},{\"@type\":\"ListItem\",\"position\":2,\"name\":\"Sukces dru\u017cyny nies\u0142ysz\u0105cych z Krakowa. Ich trenerem jest mieszkaniec Bochni\"}]},{\"@type\":\"WebSite\",\"@id\":\"https:\/\/www.mojabochnia.pl\/#website\",\"url\":\"https:\/\/www.mojabochnia.pl\/\",\"name\":\"mojabochnia.pl - portal informacyjny\",\"description\":\"mojaBochnia to portal informacyjny o Bochni. Codziennie o Bochni piszemy i pokazujemy najwa\u017cniejsze wydarzenia\",\"publisher\":{\"@id\":\"https:\/\/www.mojabochnia.pl\/#organization\"},\"potentialAction\":[{\"@type\":\"SearchAction\",\"target\":{\"@type\":\"EntryPoint\",\"urlTemplate\":\"https:\/\/www.mojabochnia.pl\/?s={search_term_string}\"},\"query-input\":{\"@type\":\"PropertyValueSpecification\",\"valueRequired\":true,\"valueName\":\"search_term_string\"}}],\"inLanguage\":\"pl-PL\"},{\"@type\":\"Organization\",\"@id\":\"https:\/\/www.mojabochnia.pl\/#organization\",\"name\":\"mojabochnia.pl - portal informacyjny\",\"url\":\"https:\/\/www.mojabochnia.pl\/\",\"logo\":{\"@type\":\"ImageObject\",\"inLanguage\":\"pl-PL\",\"@id\":\"https:\/\/www.mojabochnia.pl\/#\/schema\/logo\/image\/\",\"url\":\"https:\/\/www.mojabochnia.pl\/wp-content\/uploads\/2017\/08\/logo-mb-opt.png\",\"contentUrl\":\"https:\/\/www.mojabochnia.pl\/wp-content\/uploads\/2017\/08\/logo-mb-opt.png\",\"width\":250,\"height\":48,\"caption\":\"mojabochnia.pl - portal informacyjny\"},\"image\":{\"@id\":\"https:\/\/www.mojabochnia.pl\/#\/schema\/logo\/image\/\"},\"sameAs\":[\"https:\/\/www.facebook.com\/mojabochnia\"]},{\"@type\":\"Person\",\"@id\":\"https:\/\/www.mojabochnia.pl\/#\/schema\/person\/ea042e4724a77627963f02166828ead4\",\"name\":\"Pawe\u0142 Michalczyk\",\"url\":\"https:\/\/www.mojabochnia.pl\/?author=4\"}]}<\/script>\n<!-- \/ Yoast SEO plugin. -->","yoast_head_json":{"title":"Sukces dru\u017cyny nies\u0142ysz\u0105cych z Krakowa. Ich trenerem jest mieszkaniec Bochni - mojabochnia.pl - portal informacyjny","robots":{"index":"index","follow":"follow","max-snippet":"max-snippet:-1","max-image-preview":"max-image-preview:large","max-video-preview":"max-video-preview:-1"},"canonical":"https:\/\/www.mojabochnia.pl\/?p=179368","og_locale":"pl_PL","og_type":"article","og_title":"Sukces dru\u017cyny nies\u0142ysz\u0105cych z Krakowa. Ich trenerem jest mieszkaniec Bochni - mojabochnia.pl - portal informacyjny","og_description":"W dniach 4-8 pa\u017adziernika dru\u017cyna UKS Bagry Krak\u00f3w przebywa\u0142a w Mediolanie, gdzie wzi\u0119\u0142a udzia\u0142 w I edycji Ligi Mistrz\u00f3w Nies\u0142ysz\u0105cych w Futsalu U21. Trenerem dru\u017cyny jest Andrzej Lewandowski z Bochni. Andrzej Lewandowski (na zdj\u0119ciu od lewej) pracuje w szkole dla m\u0142odzie\u017cy nies\u0142ysz\u0105cej w Krakowie jako trener pi\u0142ki no\u017cnej i nauczyciel wychowania fizycznego. Od wojewody otrzyma\u0142","og_url":"https:\/\/www.mojabochnia.pl\/?p=179368","og_site_name":"mojabochnia.pl - portal informacyjny","article_publisher":"https:\/\/www.facebook.com\/mojabochnia","article_published_time":"2017-10-20T08:45:28+00:00","og_image":[{"width":643,"height":481,"url":"https:\/\/www.mojabochnia.pl\/wp-content\/uploads\/2017\/10\/druzyna.jpg","type":"image\/jpeg"}],"author":"Pawe\u0142 Michalczyk","twitter_card":"summary_large_image","twitter_misc":{"Written by":"Pawe\u0142 Michalczyk","Est. reading time":"1 minuta"},"schema":{"@context":"https:\/\/schema.org","@graph":[{"@type":"Article","@id":"https:\/\/www.mojabochnia.pl\/?p=179368#article","isPartOf":{"@id":"https:\/\/www.mojabochnia.pl\/?p=179368"},"author":{"name":"Pawe\u0142 Michalczyk","@id":"https:\/\/www.mojabochnia.pl\/#\/schema\/person\/ea042e4724a77627963f02166828ead4"},"headline":"Sukces dru\u017cyny nies\u0142ysz\u0105cych z Krakowa. Ich trenerem jest mieszkaniec Bochni","datePublished":"2017-10-20T08:45:28+00:00","mainEntityOfPage":{"@id":"https:\/\/www.mojabochnia.pl\/?p=179368"},"wordCount":254,"commentCount":0,"publisher":{"@id":"https:\/\/www.mojabochnia.pl\/#organization"},"image":{"@id":"https:\/\/www.mojabochnia.pl\/?p=179368#primaryimage"},"thumbnailUrl":"https:\/\/www.mojabochnia.pl\/wp-content\/uploads\/2017\/10\/druzyna.jpg","keywords":["Andrzej Lewandowski","niepe\u0142nosprawni","nies\u0142ysz\u0105cy","trener","turniej"],"articleSection":["polityka i wydarzenia"],"inLanguage":"pl-PL","potentialAction":[{"@type":"CommentAction","name":"Comment","target":["https:\/\/www.mojabochnia.pl\/?p=179368#respond"]}]},{"@type":"WebPage","@id":"https:\/\/www.mojabochnia.pl\/?p=179368","url":"https:\/\/www.mojabochnia.pl\/?p=179368","name":"Sukces dru\u017cyny nies\u0142ysz\u0105cych z Krakowa. Ich trenerem jest mieszkaniec Bochni - mojabochnia.pl - portal informacyjny","isPartOf":{"@id":"https:\/\/www.mojabochnia.pl\/#website"},"primaryImageOfPage":{"@id":"https:\/\/www.mojabochnia.pl\/?p=179368#primaryimage"},"image":{"@id":"https:\/\/www.mojabochnia.pl\/?p=179368#primaryimage"},"thumbnailUrl":"https:\/\/www.mojabochnia.pl\/wp-content\/uploads\/2017\/10\/druzyna.jpg","datePublished":"2017-10-20T08:45:28+00:00","breadcrumb":{"@id":"https:\/\/www.mojabochnia.pl\/?p=179368#breadcrumb"},"inLanguage":"pl-PL","potentialAction":[{"@type":"ReadAction","target":["https:\/\/www.mojabochnia.pl\/?p=179368"]}]},{"@type":"ImageObject","inLanguage":"pl-PL","@id":"https:\/\/www.mojabochnia.pl\/?p=179368#primaryimage","url":"https:\/\/www.mojabochnia.pl\/wp-content\/uploads\/2017\/10\/druzyna.jpg","contentUrl":"https:\/\/www.mojabochnia.pl\/wp-content\/uploads\/2017\/10\/druzyna.jpg","width":643,"height":481,"caption":"materia\u0142y prasowe"},{"@type":"BreadcrumbList","@id":"https:\/\/www.mojabochnia.pl\/?p=179368#breadcrumb","itemListElement":[{"@type":"ListItem","position":1,"name":"Home","item":"https:\/\/www.mojabochnia.pl\/"},{"@type":"ListItem","position":2,"name":"Sukces dru\u017cyny nies\u0142ysz\u0105cych z Krakowa. Ich trenerem jest mieszkaniec Bochni"}]},{"@type":"WebSite","@id":"https:\/\/www.mojabochnia.pl\/#website","url":"https:\/\/www.mojabochnia.pl\/","name":"mojabochnia.pl - portal informacyjny","description":"mojaBochnia to portal informacyjny o Bochni. Codziennie o Bochni piszemy i pokazujemy najwa\u017cniejsze wydarzenia","publisher":{"@id":"https:\/\/www.mojabochnia.pl\/#organization"},"potentialAction":[{"@type":"SearchAction","target":{"@type":"EntryPoint","urlTemplate":"https:\/\/www.mojabochnia.pl\/?s={search_term_string}"},"query-input":{"@type":"PropertyValueSpecification","valueRequired":true,"valueName":"search_term_string"}}],"inLanguage":"pl-PL"},{"@type":"Organization","@id":"https:\/\/www.mojabochnia.pl\/#organization","name":"mojabochnia.pl - portal informacyjny","url":"https:\/\/www.mojabochnia.pl\/","logo":{"@type":"ImageObject","inLanguage":"pl-PL","@id":"https:\/\/www.mojabochnia.pl\/#\/schema\/logo\/image\/","url":"https:\/\/www.mojabochnia.pl\/wp-content\/uploads\/2017\/08\/logo-mb-opt.png","contentUrl":"https:\/\/www.mojabochnia.pl\/wp-content\/uploads\/2017\/08\/logo-mb-opt.png","width":250,"height":48,"caption":"mojabochnia.pl - portal informacyjny"},"image":{"@id":"https:\/\/www.mojabochnia.pl\/#\/schema\/logo\/image\/"},"sameAs":["https:\/\/www.facebook.com\/mojabochnia"]},{"@type":"Person","@id":"https:\/\/www.mojabochnia.pl\/#\/schema\/person\/ea042e4724a77627963f02166828ead4","name":"Pawe\u0142 Michalczyk","url":"https:\/\/www.mojabochnia.pl\/?author=4"}]}},"_links":{"self":[{"href":"https:\/\/www.mojabochnia.pl\/index.php?rest_route=\/wp\/v2\/posts\/179368","targetHints":{"allow":["GET"]}}],"collection":[{"href":"https:\/\/www.mojabochnia.pl\/index.php?rest_route=\/wp\/v2\/posts"}],"about":[{"href":"https:\/\/www.mojabochnia.pl\/index.php?rest_route=\/wp\/v2\/types\/post"}],"author":[{"embeddable":true,"href":"https:\/\/www.mojabochnia.pl\/index.php?rest_route=\/wp\/v2\/users\/4"}],"replies":[{"embeddable":true,"href":"https:\/\/www.mojabochnia.pl\/index.php?rest_route=%2Fwp%2Fv2%2Fcomments&post=179368"}],"version-history":[{"count":2,"href":"https:\/\/www.mojabochnia.pl\/index.php?rest_route=\/wp\/v2\/posts\/179368\/revisions"}],"predecessor-version":[{"id":179376,"href":"https:\/\/www.mojabochnia.pl\/index.php?rest_route=\/wp\/v2\/posts\/179368\/revisions\/179376"}],"wp:featuredmedia":[{"embeddable":true,"href":"https:\/\/www.mojabochnia.pl\/index.php?rest_route=\/wp\/v2\/media\/179370"}],"wp:attachment":[{"href":"https:\/\/www.mojabochnia.pl\/index.php?rest_route=%2Fwp%2Fv2%2Fmedia&parent=179368"}],"wp:term":[{"taxonomy":"category","embeddable":true,"href":"https:\/\/www.mojabochnia.pl\/index.php?rest_route=%2Fwp%2Fv2%2Fcategories&post=179368"},{"taxonomy":"post_tag","embeddable":true,"href":"https:\/\/www.mojabochnia.pl\/index.php?rest_route=%2Fwp%2Fv2%2Ftags&post=179368"}],"curies":[{"name":"wp","href":"https:\/\/api.w.org\/{rel}","templated":true}]}}