{"id":179133,"date":"2017-10-18T09:39:16","date_gmt":"2017-10-18T07:39:16","guid":{"rendered":"https:\/\/www.mojabochnia.pl\/?p=179133"},"modified":"2017-10-20T13:07:55","modified_gmt":"2017-10-20T11:07:55","slug":"utrudnienia-na-drodze-kopaliny-wisnicz-nie-ma-dojazdu-do-posesji","status":"publish","type":"post","link":"https:\/\/www.mojabochnia.pl\/?p=179133","title":{"rendered":"Utrudnienia na drodze Kopaliny-Wi\u015bnicz: nie ma dojazdu do posesji"},"content":{"rendered":"<p><strong>Zgodnie z zatwierdzonym projektem czasowej organizacji ruchu na odcinku Kopaliny \u2013 Nowy Wi\u015bnicz wprowadzony zosta\u0142 ruch wahad\u0142owy sterowany r\u0119cznie oraz sygnalizacj\u0105 \u015bwietln\u0105. Technologia wykonania rob\u00f3t wymaga czasowego ca\u0142kowitego zamkni\u0119cia dojazdu do posesji przyleg\u0142ych do drogi wojew\u00f3dzkiej. <\/strong><\/p>\n<p>Przewidziany zakres prac wymaga g\u0142\u0119bokiego wzmocnienia konstrukcji drogi, co powoduje konieczno\u015b\u0107 zastosowania technologii wymagaj\u0105cej czasowych wy\u0142\u0105cze\u0144 po\u0142owy jezdni z u\u017cytkowania na czas wi\u0105zania spoiwa hydraulicznego.<\/p>\n<p><em>Aby utrudnienia trwa\u0142y jak najkr\u00f3cej, prace b\u0119d\u0105 wykonywane na kilku odcinkach jednocze\u015bnie <\/em>\u2013 informuje Rafa\u0142 Nosek, Kierownik Budowy, Skanska. <em>Kierowc\u00f3w prosimy o wybieranie alternatywnych tras w relacji Much\u00f3wka \u2013 Nowy Wi\u015bnicz &#8211; Bochnia z racji mog\u0105cych si\u0119 pojawi\u0107 du\u017cych utrudnie\u0144 w ruchu na tym odcinku \u2013<\/em> dodaje.<\/p>\n<p>Zako\u0144czenie prac wymagaj\u0105cych czasowych zamkni\u0119\u0107 po\u0142owy jezdni na odcinkach o znacznej d\u0142ugo\u015bci planowane jest na po\u0142ow\u0119 grudnia br. W najbli\u017cszym czasie planowane jest tak\u017ce rozpocz\u0119cie prac na kolejnym odcinku: Bochnia \u2013 Kopaliny.<\/p>\n<p>Modernizacja DW 965 na odcinku Zielona \u2013 Limanowa obejmie m.in. wzmocnienie konstrukcji jezdni, poszerzenie jezdni, przebudow\u0119 kolizyjnych skrzy\u017cowa\u0144 i korekt\u0119 promieni \u0142uk\u00f3w drogowych. Nowa nawierzchnia podniesie komfort jazdy, a w miejscach zabudowanych dodatkowo ograniczy ha\u0142as, jaki obecnie generuj\u0105 przeje\u017cd\u017caj\u0105ce pojazdy. B\u0119dzie te\u017c bezpieczniej. Piesi zyskaj\u0105 chodniki i zatoki autobusowe. Trasa zostanie wyposa\u017cona w urz\u0105dzenia bezpiecze\u0144stwa ruchu \u2013 bariery oddzielaj\u0105ce ruch pieszych i pojazd\u00f3w, a w nawierzchni jezdni zostan\u0105 zamontowane punktowe elementy odblaskowe. Przej\u015bcia dla pieszych i doj\u015bcia do przystank\u00f3w komunikacji zbiorowej zostan\u0105 o\u015bwietlone. Dodatkowo, w chodnikach w okolicy przej\u015b\u0107 dla pieszych pojawi\u0105 si\u0119 p\u0142ytki wyczuwalne dla os\u00f3b niedowidz\u0105cych.<\/p>\n<p>Prace w ramach inwestycji obejmuj\u0105 rozbudow\u0119 drogi oraz jej skrzy\u017cowa\u0144 z drogami bocznymi na \u0142\u0105cznej d\u0142ugo\u015bci ok. 17,7 km. Na skrzy\u017cowaniu DW 964 z DW 965 powstanie rondo z zatokami autobusowymi i chodnikami. Rozbudowane zostan\u0105 skrzy\u017cowania w miejscowo\u015bci Prosz\u00f3wki, Laskowej G\u00f3rnej i \u017begocina, gdzie powstanie pas do lewoskr\u0119tu i do wyprzedzania, a tak\u017ce skrzy\u017cowanie DW 965 z ul. Witosa i ul. Rydla w Bochni. Przebudowane zostan\u0105 tak\u017ce trzy mosty (jeden nad rowem melioracyjnym, drugi nad potokiem Drwinka oraz trzeci nad Sank\u0105), przepusty drogowe, zjazdy indywidualne i publiczne oraz wykonane odwodnienie drogi. Trasa zyska nowe chodniki, pobocza, \u015bcie\u017ck\u0119 rowerow\u0105, zatoki autobusowe i perony przystankowe; ponadto energooszcz\u0119dne o\u015bwietlenie i infrastruktur\u0119 techniczn\u0105. Prace, realizowane w formule \u201eZaprojektuj i wybuduj\u201d, zako\u0144cz\u0105 si\u0119 za rok.<\/p>\n","protected":false},"excerpt":{"rendered":"<p>Zgodnie z zatwierdzonym projektem czasowej organizacji ruchu na odcinku Kopaliny \u2013 Nowy Wi\u015bnicz wprowadzony zosta\u0142 ruch wahad\u0142owy sterowany r\u0119cznie oraz sygnalizacj\u0105 \u015bwietln\u0105. Technologia wykonania rob\u00f3t wymaga czasowego ca\u0142kowitego zamkni\u0119cia dojazdu do posesji przyleg\u0142ych do drogi wojew\u00f3dzkiej. Przewidziany zakres prac wymaga g\u0142\u0119bokiego wzmocnienia konstrukcji drogi, co powoduje konieczno\u015b\u0107 zastosowania technologii wymagaj\u0105cej czasowych wy\u0142\u0105cze\u0144 po\u0142owy jezdni z<\/p>\n","protected":false},"author":13,"featured_media":179390,"comment_status":"open","ping_status":"closed","sticky":false,"template":"","format":"standard","meta":{"_acf_changed":false,"footnotes":""},"categories":[5,6251,6250],"tags":[15923,17300,17446],"class_list":["post-179133","post","type-post","status-publish","format-standard","has-post-thumbnail","hentry","category-biezace-wydarzenia","category-polityka-i-wydarzenia","category-tematyka","tag-droga-wojewodzka-nr-965","tag-remont","tag-utrudnienia","main_tag-utrudnienia"],"acf":[],"yoast_head":"<!-- This site is optimized with the Yoast SEO plugin v26.9 - https:\/\/yoast.com\/product\/yoast-seo-wordpress\/ -->\n<title>Utrudnienia na drodze Kopaliny-Wi\u015bnicz: nie ma dojazdu do posesji - mojabochnia.pl - portal informacyjny<\/title>\n<meta name=\"robots\" content=\"index, follow, max-snippet:-1, max-image-preview:large, max-video-preview:-1\" \/>\n<link rel=\"canonical\" href=\"https:\/\/www.mojabochnia.pl\/?p=179133\" \/>\n<meta property=\"og:locale\" content=\"pl_PL\" \/>\n<meta property=\"og:type\" content=\"article\" \/>\n<meta property=\"og:title\" content=\"Utrudnienia na drodze Kopaliny-Wi\u015bnicz: nie ma dojazdu do posesji - mojabochnia.pl - portal informacyjny\" \/>\n<meta property=\"og:description\" content=\"Zgodnie z zatwierdzonym projektem czasowej organizacji ruchu na odcinku Kopaliny \u2013 Nowy Wi\u015bnicz wprowadzony zosta\u0142 ruch wahad\u0142owy sterowany r\u0119cznie oraz sygnalizacj\u0105 \u015bwietln\u0105. Technologia wykonania rob\u00f3t wymaga czasowego ca\u0142kowitego zamkni\u0119cia dojazdu do posesji przyleg\u0142ych do drogi wojew\u00f3dzkiej. Przewidziany zakres prac wymaga g\u0142\u0119bokiego wzmocnienia konstrukcji drogi, co powoduje konieczno\u015b\u0107 zastosowania technologii wymagaj\u0105cej czasowych wy\u0142\u0105cze\u0144 po\u0142owy jezdni z\" \/>\n<meta property=\"og:url\" content=\"https:\/\/www.mojabochnia.pl\/?p=179133\" \/>\n<meta property=\"og:site_name\" content=\"mojabochnia.pl - portal informacyjny\" \/>\n<meta property=\"article:publisher\" content=\"https:\/\/www.facebook.com\/mojabochnia\" \/>\n<meta property=\"article:published_time\" content=\"2017-10-18T07:39:16+00:00\" \/>\n<meta property=\"article:modified_time\" content=\"2017-10-20T11:07:55+00:00\" \/>\n<meta property=\"og:image\" content=\"https:\/\/www.mojabochnia.pl\/wp-content\/uploads\/2017\/10\/IMG_20171018_152950.jpg\" \/>\n\t<meta property=\"og:image:width\" content=\"1000\" \/>\n\t<meta property=\"og:image:height\" content=\"563\" \/>\n\t<meta property=\"og:image:type\" content=\"image\/jpeg\" \/>\n<meta name=\"author\" content=\"redakcja\" \/>\n<meta name=\"twitter:card\" content=\"summary_large_image\" \/>\n<meta name=\"twitter:label1\" content=\"Written by\" \/>\n\t<meta name=\"twitter:data1\" content=\"redakcja\" \/>\n\t<meta name=\"twitter:label2\" content=\"Est. reading time\" \/>\n\t<meta name=\"twitter:data2\" content=\"2 minuty\" \/>\n<script type=\"application\/ld+json\" class=\"yoast-schema-graph\">{\"@context\":\"https:\/\/schema.org\",\"@graph\":[{\"@type\":\"Article\",\"@id\":\"https:\/\/www.mojabochnia.pl\/?p=179133#article\",\"isPartOf\":{\"@id\":\"https:\/\/www.mojabochnia.pl\/?p=179133\"},\"author\":{\"name\":\"redakcja\",\"@id\":\"https:\/\/www.mojabochnia.pl\/#\/schema\/person\/7e2f20ead9902216a3384f13606c0ab7\"},\"headline\":\"Utrudnienia na drodze Kopaliny-Wi\u015bnicz: nie ma dojazdu do posesji\",\"datePublished\":\"2017-10-18T07:39:16+00:00\",\"dateModified\":\"2017-10-20T11:07:55+00:00\",\"mainEntityOfPage\":{\"@id\":\"https:\/\/www.mojabochnia.pl\/?p=179133\"},\"wordCount\":424,\"commentCount\":0,\"publisher\":{\"@id\":\"https:\/\/www.mojabochnia.pl\/#organization\"},\"image\":{\"@id\":\"https:\/\/www.mojabochnia.pl\/?p=179133#primaryimage\"},\"thumbnailUrl\":\"https:\/\/www.mojabochnia.pl\/wp-content\/uploads\/2017\/10\/IMG_20171018_152950.jpg\",\"keywords\":[\"droga wojew\u00f3dzka nr 965\",\"remont\",\"utrudnienia\"],\"articleSection\":[\"2_ostatnie\",\"polityka i wydarzenia\",\"tematyka\"],\"inLanguage\":\"pl-PL\",\"potentialAction\":[{\"@type\":\"CommentAction\",\"name\":\"Comment\",\"target\":[\"https:\/\/www.mojabochnia.pl\/?p=179133#respond\"]}]},{\"@type\":\"WebPage\",\"@id\":\"https:\/\/www.mojabochnia.pl\/?p=179133\",\"url\":\"https:\/\/www.mojabochnia.pl\/?p=179133\",\"name\":\"Utrudnienia na drodze Kopaliny-Wi\u015bnicz: nie ma dojazdu do posesji - mojabochnia.pl - portal informacyjny\",\"isPartOf\":{\"@id\":\"https:\/\/www.mojabochnia.pl\/#website\"},\"primaryImageOfPage\":{\"@id\":\"https:\/\/www.mojabochnia.pl\/?p=179133#primaryimage\"},\"image\":{\"@id\":\"https:\/\/www.mojabochnia.pl\/?p=179133#primaryimage\"},\"thumbnailUrl\":\"https:\/\/www.mojabochnia.pl\/wp-content\/uploads\/2017\/10\/IMG_20171018_152950.jpg\",\"datePublished\":\"2017-10-18T07:39:16+00:00\",\"dateModified\":\"2017-10-20T11:07:55+00:00\",\"breadcrumb\":{\"@id\":\"https:\/\/www.mojabochnia.pl\/?p=179133#breadcrumb\"},\"inLanguage\":\"pl-PL\",\"potentialAction\":[{\"@type\":\"ReadAction\",\"target\":[\"https:\/\/www.mojabochnia.pl\/?p=179133\"]}]},{\"@type\":\"ImageObject\",\"inLanguage\":\"pl-PL\",\"@id\":\"https:\/\/www.mojabochnia.pl\/?p=179133#primaryimage\",\"url\":\"https:\/\/www.mojabochnia.pl\/wp-content\/uploads\/2017\/10\/IMG_20171018_152950.jpg\",\"contentUrl\":\"https:\/\/www.mojabochnia.pl\/wp-content\/uploads\/2017\/10\/IMG_20171018_152950.jpg\",\"width\":1000,\"height\":563,\"caption\":\"Pawe\u0142 Michalczyk\"},{\"@type\":\"BreadcrumbList\",\"@id\":\"https:\/\/www.mojabochnia.pl\/?p=179133#breadcrumb\",\"itemListElement\":[{\"@type\":\"ListItem\",\"position\":1,\"name\":\"Home\",\"item\":\"https:\/\/www.mojabochnia.pl\/\"},{\"@type\":\"ListItem\",\"position\":2,\"name\":\"Utrudnienia na drodze Kopaliny-Wi\u015bnicz: nie ma dojazdu do posesji\"}]},{\"@type\":\"WebSite\",\"@id\":\"https:\/\/www.mojabochnia.pl\/#website\",\"url\":\"https:\/\/www.mojabochnia.pl\/\",\"name\":\"mojabochnia.pl - portal informacyjny\",\"description\":\"mojaBochnia to portal informacyjny o Bochni. Codziennie o Bochni piszemy i pokazujemy najwa\u017cniejsze wydarzenia\",\"publisher\":{\"@id\":\"https:\/\/www.mojabochnia.pl\/#organization\"},\"potentialAction\":[{\"@type\":\"SearchAction\",\"target\":{\"@type\":\"EntryPoint\",\"urlTemplate\":\"https:\/\/www.mojabochnia.pl\/?s={search_term_string}\"},\"query-input\":{\"@type\":\"PropertyValueSpecification\",\"valueRequired\":true,\"valueName\":\"search_term_string\"}}],\"inLanguage\":\"pl-PL\"},{\"@type\":\"Organization\",\"@id\":\"https:\/\/www.mojabochnia.pl\/#organization\",\"name\":\"mojabochnia.pl - portal informacyjny\",\"url\":\"https:\/\/www.mojabochnia.pl\/\",\"logo\":{\"@type\":\"ImageObject\",\"inLanguage\":\"pl-PL\",\"@id\":\"https:\/\/www.mojabochnia.pl\/#\/schema\/logo\/image\/\",\"url\":\"https:\/\/www.mojabochnia.pl\/wp-content\/uploads\/2017\/08\/logo-mb-opt.png\",\"contentUrl\":\"https:\/\/www.mojabochnia.pl\/wp-content\/uploads\/2017\/08\/logo-mb-opt.png\",\"width\":250,\"height\":48,\"caption\":\"mojabochnia.pl - portal informacyjny\"},\"image\":{\"@id\":\"https:\/\/www.mojabochnia.pl\/#\/schema\/logo\/image\/\"},\"sameAs\":[\"https:\/\/www.facebook.com\/mojabochnia\"]},{\"@type\":\"Person\",\"@id\":\"https:\/\/www.mojabochnia.pl\/#\/schema\/person\/7e2f20ead9902216a3384f13606c0ab7\",\"name\":\"redakcja\",\"sameAs\":[\"http:\/\/\"],\"url\":\"https:\/\/www.mojabochnia.pl\/?author=13\"}]}<\/script>\n<!-- \/ Yoast SEO plugin. -->","yoast_head_json":{"title":"Utrudnienia na drodze Kopaliny-Wi\u015bnicz: nie ma dojazdu do posesji - mojabochnia.pl - portal informacyjny","robots":{"index":"index","follow":"follow","max-snippet":"max-snippet:-1","max-image-preview":"max-image-preview:large","max-video-preview":"max-video-preview:-1"},"canonical":"https:\/\/www.mojabochnia.pl\/?p=179133","og_locale":"pl_PL","og_type":"article","og_title":"Utrudnienia na drodze Kopaliny-Wi\u015bnicz: nie ma dojazdu do posesji - mojabochnia.pl - portal informacyjny","og_description":"Zgodnie z zatwierdzonym projektem czasowej organizacji ruchu na odcinku Kopaliny \u2013 Nowy Wi\u015bnicz wprowadzony zosta\u0142 ruch wahad\u0142owy sterowany r\u0119cznie oraz sygnalizacj\u0105 \u015bwietln\u0105. Technologia wykonania rob\u00f3t wymaga czasowego ca\u0142kowitego zamkni\u0119cia dojazdu do posesji przyleg\u0142ych do drogi wojew\u00f3dzkiej. Przewidziany zakres prac wymaga g\u0142\u0119bokiego wzmocnienia konstrukcji drogi, co powoduje konieczno\u015b\u0107 zastosowania technologii wymagaj\u0105cej czasowych wy\u0142\u0105cze\u0144 po\u0142owy jezdni z","og_url":"https:\/\/www.mojabochnia.pl\/?p=179133","og_site_name":"mojabochnia.pl - portal informacyjny","article_publisher":"https:\/\/www.facebook.com\/mojabochnia","article_published_time":"2017-10-18T07:39:16+00:00","article_modified_time":"2017-10-20T11:07:55+00:00","og_image":[{"width":1000,"height":563,"url":"https:\/\/www.mojabochnia.pl\/wp-content\/uploads\/2017\/10\/IMG_20171018_152950.jpg","type":"image\/jpeg"}],"author":"redakcja","twitter_card":"summary_large_image","twitter_misc":{"Written by":"redakcja","Est. reading time":"2 minuty"},"schema":{"@context":"https:\/\/schema.org","@graph":[{"@type":"Article","@id":"https:\/\/www.mojabochnia.pl\/?p=179133#article","isPartOf":{"@id":"https:\/\/www.mojabochnia.pl\/?p=179133"},"author":{"name":"redakcja","@id":"https:\/\/www.mojabochnia.pl\/#\/schema\/person\/7e2f20ead9902216a3384f13606c0ab7"},"headline":"Utrudnienia na drodze Kopaliny-Wi\u015bnicz: nie ma dojazdu do posesji","datePublished":"2017-10-18T07:39:16+00:00","dateModified":"2017-10-20T11:07:55+00:00","mainEntityOfPage":{"@id":"https:\/\/www.mojabochnia.pl\/?p=179133"},"wordCount":424,"commentCount":0,"publisher":{"@id":"https:\/\/www.mojabochnia.pl\/#organization"},"image":{"@id":"https:\/\/www.mojabochnia.pl\/?p=179133#primaryimage"},"thumbnailUrl":"https:\/\/www.mojabochnia.pl\/wp-content\/uploads\/2017\/10\/IMG_20171018_152950.jpg","keywords":["droga wojew\u00f3dzka nr 965","remont","utrudnienia"],"articleSection":["2_ostatnie","polityka i wydarzenia","tematyka"],"inLanguage":"pl-PL","potentialAction":[{"@type":"CommentAction","name":"Comment","target":["https:\/\/www.mojabochnia.pl\/?p=179133#respond"]}]},{"@type":"WebPage","@id":"https:\/\/www.mojabochnia.pl\/?p=179133","url":"https:\/\/www.mojabochnia.pl\/?p=179133","name":"Utrudnienia na drodze Kopaliny-Wi\u015bnicz: nie ma dojazdu do posesji - mojabochnia.pl - portal informacyjny","isPartOf":{"@id":"https:\/\/www.mojabochnia.pl\/#website"},"primaryImageOfPage":{"@id":"https:\/\/www.mojabochnia.pl\/?p=179133#primaryimage"},"image":{"@id":"https:\/\/www.mojabochnia.pl\/?p=179133#primaryimage"},"thumbnailUrl":"https:\/\/www.mojabochnia.pl\/wp-content\/uploads\/2017\/10\/IMG_20171018_152950.jpg","datePublished":"2017-10-18T07:39:16+00:00","dateModified":"2017-10-20T11:07:55+00:00","breadcrumb":{"@id":"https:\/\/www.mojabochnia.pl\/?p=179133#breadcrumb"},"inLanguage":"pl-PL","potentialAction":[{"@type":"ReadAction","target":["https:\/\/www.mojabochnia.pl\/?p=179133"]}]},{"@type":"ImageObject","inLanguage":"pl-PL","@id":"https:\/\/www.mojabochnia.pl\/?p=179133#primaryimage","url":"https:\/\/www.mojabochnia.pl\/wp-content\/uploads\/2017\/10\/IMG_20171018_152950.jpg","contentUrl":"https:\/\/www.mojabochnia.pl\/wp-content\/uploads\/2017\/10\/IMG_20171018_152950.jpg","width":1000,"height":563,"caption":"Pawe\u0142 Michalczyk"},{"@type":"BreadcrumbList","@id":"https:\/\/www.mojabochnia.pl\/?p=179133#breadcrumb","itemListElement":[{"@type":"ListItem","position":1,"name":"Home","item":"https:\/\/www.mojabochnia.pl\/"},{"@type":"ListItem","position":2,"name":"Utrudnienia na drodze Kopaliny-Wi\u015bnicz: nie ma dojazdu do posesji"}]},{"@type":"WebSite","@id":"https:\/\/www.mojabochnia.pl\/#website","url":"https:\/\/www.mojabochnia.pl\/","name":"mojabochnia.pl - portal informacyjny","description":"mojaBochnia to portal informacyjny o Bochni. Codziennie o Bochni piszemy i pokazujemy najwa\u017cniejsze wydarzenia","publisher":{"@id":"https:\/\/www.mojabochnia.pl\/#organization"},"potentialAction":[{"@type":"SearchAction","target":{"@type":"EntryPoint","urlTemplate":"https:\/\/www.mojabochnia.pl\/?s={search_term_string}"},"query-input":{"@type":"PropertyValueSpecification","valueRequired":true,"valueName":"search_term_string"}}],"inLanguage":"pl-PL"},{"@type":"Organization","@id":"https:\/\/www.mojabochnia.pl\/#organization","name":"mojabochnia.pl - portal informacyjny","url":"https:\/\/www.mojabochnia.pl\/","logo":{"@type":"ImageObject","inLanguage":"pl-PL","@id":"https:\/\/www.mojabochnia.pl\/#\/schema\/logo\/image\/","url":"https:\/\/www.mojabochnia.pl\/wp-content\/uploads\/2017\/08\/logo-mb-opt.png","contentUrl":"https:\/\/www.mojabochnia.pl\/wp-content\/uploads\/2017\/08\/logo-mb-opt.png","width":250,"height":48,"caption":"mojabochnia.pl - portal informacyjny"},"image":{"@id":"https:\/\/www.mojabochnia.pl\/#\/schema\/logo\/image\/"},"sameAs":["https:\/\/www.facebook.com\/mojabochnia"]},{"@type":"Person","@id":"https:\/\/www.mojabochnia.pl\/#\/schema\/person\/7e2f20ead9902216a3384f13606c0ab7","name":"redakcja","sameAs":["http:\/\/"],"url":"https:\/\/www.mojabochnia.pl\/?author=13"}]}},"_links":{"self":[{"href":"https:\/\/www.mojabochnia.pl\/index.php?rest_route=\/wp\/v2\/posts\/179133","targetHints":{"allow":["GET"]}}],"collection":[{"href":"https:\/\/www.mojabochnia.pl\/index.php?rest_route=\/wp\/v2\/posts"}],"about":[{"href":"https:\/\/www.mojabochnia.pl\/index.php?rest_route=\/wp\/v2\/types\/post"}],"author":[{"embeddable":true,"href":"https:\/\/www.mojabochnia.pl\/index.php?rest_route=\/wp\/v2\/users\/13"}],"replies":[{"embeddable":true,"href":"https:\/\/www.mojabochnia.pl\/index.php?rest_route=%2Fwp%2Fv2%2Fcomments&post=179133"}],"version-history":[{"count":2,"href":"https:\/\/www.mojabochnia.pl\/index.php?rest_route=\/wp\/v2\/posts\/179133\/revisions"}],"predecessor-version":[{"id":179136,"href":"https:\/\/www.mojabochnia.pl\/index.php?rest_route=\/wp\/v2\/posts\/179133\/revisions\/179136"}],"wp:featuredmedia":[{"embeddable":true,"href":"https:\/\/www.mojabochnia.pl\/index.php?rest_route=\/wp\/v2\/media\/179390"}],"wp:attachment":[{"href":"https:\/\/www.mojabochnia.pl\/index.php?rest_route=%2Fwp%2Fv2%2Fmedia&parent=179133"}],"wp:term":[{"taxonomy":"category","embeddable":true,"href":"https:\/\/www.mojabochnia.pl\/index.php?rest_route=%2Fwp%2Fv2%2Fcategories&post=179133"},{"taxonomy":"post_tag","embeddable":true,"href":"https:\/\/www.mojabochnia.pl\/index.php?rest_route=%2Fwp%2Fv2%2Ftags&post=179133"}],"curies":[{"name":"wp","href":"https:\/\/api.w.org\/{rel}","templated":true}]}}