{"id":178886,"date":"2017-10-12T08:32:18","date_gmt":"2017-10-12T06:32:18","guid":{"rendered":"https:\/\/www.mojabochnia.pl\/?p=178886"},"modified":"2017-10-12T08:32:18","modified_gmt":"2017-10-12T06:32:18","slug":"w-sobote-ostatnia-w-tym-roku-zbiorka-makulatury-dla-afryki","status":"publish","type":"post","link":"https:\/\/www.mojabochnia.pl\/?p=178886","title":{"rendered":"W sobot\u0119 ostatnia w tym roku zbi\u00f3rka makulatury dla Afryki"},"content":{"rendered":"<p><strong>Stowarzyszenie Rodzin Katolickich, Oddzia\u0142  Bochnia  zaprasza wszystkich ludzi dobrej woli do udzia\u0142u w ostatniej w tym roku zbi\u00f3rce makulatury, kt\u00f3ra odb\u0119dzie si\u0119 w sobot\u0119 14 pa\u017adziernika przy ko\u015bciele \u015bw. Paw\u0142a Aposto\u0142a w Bochni, w godz. 7.00 do 16.00.<\/strong><\/p>\n<p>Doch\u00f3d, podobnie jak z poprzednich tegorocznych zbi\u00f3rek, zostanie przeznaczony na budow\u0119 4 zbiornik\u00f3w rozprowadzaj\u0105cych wod\u0119 z nowo wybudowanej na pocz\u0105tku kwietnia br. studni g\u0142\u0119binowej w bardzo biednej cz\u0119\u015bci stolicy Kamerunu, Yaonde. Studnia zosta\u0142a wybudowana ze znacz\u0105cym udzia\u0142em mieszka\u0144c\u00f3w Bochni i ziemi boche\u0144skiej. Poprawi\u0142a ona standard \u017cycia tych bardzo biednych ludzi i przybli\u017cy\u0142a budow\u0119 Centrum Dziecka.<\/p>\n<p>W Centrum Dziecka b\u0119dzie ochronka dla dzieci, przedszkole, szko\u0142y, \u015bwietlica z do\u017cywianiem dzieci i szpital. Zesp\u00f3\u0142 ten jest budowany przez Zgromadzenie Si\u00f3str M\u0119ki Pana Naszego Jezusa Chrystusa zwanych Pasjonistkami.<\/p>\n<p>W przypadku problem\u00f3w z magazynowaniem makulatury, mo\u017cna wcze\u015bniej dostarczy\u0107 j\u0105 do bazy firmy recyklingowej Ekom-Bud, znajduj\u0105cej si\u0119 przy ul. Partyzant\u00f3w 7 \u2013 wjazd od ul. Gazowej.<\/p>\n<p>Po\u015bwiadczenie przekazania makulatury mo\u017cna odda\u0107 organizatorom w dniu zbi\u00f3rki.<\/p>\n<p>Na zdj\u0119ciu: po\u015bwi\u0119cenie placu pod Centrum Dziecka <\/p>\n","protected":false},"excerpt":{"rendered":"<p>Stowarzyszenie Rodzin Katolickich, Oddzia\u0142 Bochnia zaprasza wszystkich ludzi dobrej woli do udzia\u0142u w ostatniej w tym roku zbi\u00f3rce makulatury, kt\u00f3ra odb\u0119dzie si\u0119 w sobot\u0119 14 pa\u017adziernika przy ko\u015bciele \u015bw. Paw\u0142a Aposto\u0142a w Bochni, w godz. 7.00 do 16.00. Doch\u00f3d, podobnie jak z poprzednich tegorocznych zbi\u00f3rek, zostanie przeznaczony na budow\u0119 4 zbiornik\u00f3w rozprowadzaj\u0105cych wod\u0119 z nowo<\/p>\n","protected":false},"author":13,"featured_media":178888,"comment_status":"open","ping_status":"closed","sticky":false,"template":"","format":"standard","meta":{"_acf_changed":false,"footnotes":""},"categories":[6251],"tags":[800,18402,17436,6929],"class_list":["post-178886","post","type-post","status-publish","format-standard","has-post-thumbnail","hentry","category-polityka-i-wydarzenia","tag-afryka","tag-makulatura","tag-pomoc","tag-studnia","main_tag-makulatura"],"acf":[],"yoast_head":"<!-- This site is optimized with the Yoast SEO plugin v26.9 - https:\/\/yoast.com\/product\/yoast-seo-wordpress\/ -->\n<title>W sobot\u0119 ostatnia w tym roku zbi\u00f3rka makulatury dla Afryki - mojabochnia.pl - portal informacyjny<\/title>\n<meta name=\"robots\" content=\"index, follow, max-snippet:-1, max-image-preview:large, max-video-preview:-1\" \/>\n<link rel=\"canonical\" href=\"https:\/\/www.mojabochnia.pl\/?p=178886\" \/>\n<meta property=\"og:locale\" content=\"pl_PL\" \/>\n<meta property=\"og:type\" content=\"article\" \/>\n<meta property=\"og:title\" content=\"W sobot\u0119 ostatnia w tym roku zbi\u00f3rka makulatury dla Afryki - mojabochnia.pl - portal informacyjny\" \/>\n<meta property=\"og:description\" content=\"Stowarzyszenie Rodzin Katolickich, Oddzia\u0142 Bochnia zaprasza wszystkich ludzi dobrej woli do udzia\u0142u w ostatniej w tym roku zbi\u00f3rce makulatury, kt\u00f3ra odb\u0119dzie si\u0119 w sobot\u0119 14 pa\u017adziernika przy ko\u015bciele \u015bw. Paw\u0142a Aposto\u0142a w Bochni, w godz. 7.00 do 16.00. Doch\u00f3d, podobnie jak z poprzednich tegorocznych zbi\u00f3rek, zostanie przeznaczony na budow\u0119 4 zbiornik\u00f3w rozprowadzaj\u0105cych wod\u0119 z nowo\" \/>\n<meta property=\"og:url\" content=\"https:\/\/www.mojabochnia.pl\/?p=178886\" \/>\n<meta property=\"og:site_name\" content=\"mojabochnia.pl - portal informacyjny\" \/>\n<meta property=\"article:publisher\" content=\"https:\/\/www.facebook.com\/mojabochnia\" \/>\n<meta property=\"article:published_time\" content=\"2017-10-12T06:32:18+00:00\" \/>\n<meta property=\"og:image\" content=\"https:\/\/www.mojabochnia.pl\/wp-content\/uploads\/2017\/10\/po\u015bwi\u0119cenie-placu-pod-Centrum-Dziecka-1.jpeg\" \/>\n\t<meta property=\"og:image:width\" content=\"720\" \/>\n\t<meta property=\"og:image:height\" content=\"960\" \/>\n\t<meta property=\"og:image:type\" content=\"image\/jpeg\" \/>\n<meta name=\"author\" content=\"redakcja\" \/>\n<meta name=\"twitter:card\" content=\"summary_large_image\" \/>\n<meta name=\"twitter:label1\" content=\"Written by\" \/>\n\t<meta name=\"twitter:data1\" content=\"redakcja\" \/>\n\t<meta name=\"twitter:label2\" content=\"Est. reading time\" \/>\n\t<meta name=\"twitter:data2\" content=\"1 minuta\" \/>\n<script type=\"application\/ld+json\" class=\"yoast-schema-graph\">{\"@context\":\"https:\/\/schema.org\",\"@graph\":[{\"@type\":\"Article\",\"@id\":\"https:\/\/www.mojabochnia.pl\/?p=178886#article\",\"isPartOf\":{\"@id\":\"https:\/\/www.mojabochnia.pl\/?p=178886\"},\"author\":{\"name\":\"redakcja\",\"@id\":\"https:\/\/www.mojabochnia.pl\/#\/schema\/person\/7e2f20ead9902216a3384f13606c0ab7\"},\"headline\":\"W sobot\u0119 ostatnia w tym roku zbi\u00f3rka makulatury dla Afryki\",\"datePublished\":\"2017-10-12T06:32:18+00:00\",\"mainEntityOfPage\":{\"@id\":\"https:\/\/www.mojabochnia.pl\/?p=178886\"},\"wordCount\":209,\"commentCount\":0,\"publisher\":{\"@id\":\"https:\/\/www.mojabochnia.pl\/#organization\"},\"image\":{\"@id\":\"https:\/\/www.mojabochnia.pl\/?p=178886#primaryimage\"},\"thumbnailUrl\":\"https:\/\/www.mojabochnia.pl\/wp-content\/uploads\/2017\/10\/po\u015bwi\u0119cenie-placu-pod-Centrum-Dziecka-1.jpeg\",\"keywords\":[\"afryka\",\"makulatura\",\"pomoc\",\"studnia\"],\"articleSection\":[\"polityka i wydarzenia\"],\"inLanguage\":\"pl-PL\",\"potentialAction\":[{\"@type\":\"CommentAction\",\"name\":\"Comment\",\"target\":[\"https:\/\/www.mojabochnia.pl\/?p=178886#respond\"]}]},{\"@type\":\"WebPage\",\"@id\":\"https:\/\/www.mojabochnia.pl\/?p=178886\",\"url\":\"https:\/\/www.mojabochnia.pl\/?p=178886\",\"name\":\"W sobot\u0119 ostatnia w tym roku zbi\u00f3rka makulatury dla Afryki - mojabochnia.pl - portal informacyjny\",\"isPartOf\":{\"@id\":\"https:\/\/www.mojabochnia.pl\/#website\"},\"primaryImageOfPage\":{\"@id\":\"https:\/\/www.mojabochnia.pl\/?p=178886#primaryimage\"},\"image\":{\"@id\":\"https:\/\/www.mojabochnia.pl\/?p=178886#primaryimage\"},\"thumbnailUrl\":\"https:\/\/www.mojabochnia.pl\/wp-content\/uploads\/2017\/10\/po\u015bwi\u0119cenie-placu-pod-Centrum-Dziecka-1.jpeg\",\"datePublished\":\"2017-10-12T06:32:18+00:00\",\"breadcrumb\":{\"@id\":\"https:\/\/www.mojabochnia.pl\/?p=178886#breadcrumb\"},\"inLanguage\":\"pl-PL\",\"potentialAction\":[{\"@type\":\"ReadAction\",\"target\":[\"https:\/\/www.mojabochnia.pl\/?p=178886\"]}]},{\"@type\":\"ImageObject\",\"inLanguage\":\"pl-PL\",\"@id\":\"https:\/\/www.mojabochnia.pl\/?p=178886#primaryimage\",\"url\":\"https:\/\/www.mojabochnia.pl\/wp-content\/uploads\/2017\/10\/po\u015bwi\u0119cenie-placu-pod-Centrum-Dziecka-1.jpeg\",\"contentUrl\":\"https:\/\/www.mojabochnia.pl\/wp-content\/uploads\/2017\/10\/po\u015bwi\u0119cenie-placu-pod-Centrum-Dziecka-1.jpeg\",\"width\":720,\"height\":960},{\"@type\":\"BreadcrumbList\",\"@id\":\"https:\/\/www.mojabochnia.pl\/?p=178886#breadcrumb\",\"itemListElement\":[{\"@type\":\"ListItem\",\"position\":1,\"name\":\"Home\",\"item\":\"https:\/\/www.mojabochnia.pl\/\"},{\"@type\":\"ListItem\",\"position\":2,\"name\":\"W sobot\u0119 ostatnia w tym roku zbi\u00f3rka makulatury dla Afryki\"}]},{\"@type\":\"WebSite\",\"@id\":\"https:\/\/www.mojabochnia.pl\/#website\",\"url\":\"https:\/\/www.mojabochnia.pl\/\",\"name\":\"mojabochnia.pl - portal informacyjny\",\"description\":\"mojaBochnia to portal informacyjny o Bochni. Codziennie o Bochni piszemy i pokazujemy najwa\u017cniejsze wydarzenia\",\"publisher\":{\"@id\":\"https:\/\/www.mojabochnia.pl\/#organization\"},\"potentialAction\":[{\"@type\":\"SearchAction\",\"target\":{\"@type\":\"EntryPoint\",\"urlTemplate\":\"https:\/\/www.mojabochnia.pl\/?s={search_term_string}\"},\"query-input\":{\"@type\":\"PropertyValueSpecification\",\"valueRequired\":true,\"valueName\":\"search_term_string\"}}],\"inLanguage\":\"pl-PL\"},{\"@type\":\"Organization\",\"@id\":\"https:\/\/www.mojabochnia.pl\/#organization\",\"name\":\"mojabochnia.pl - portal informacyjny\",\"url\":\"https:\/\/www.mojabochnia.pl\/\",\"logo\":{\"@type\":\"ImageObject\",\"inLanguage\":\"pl-PL\",\"@id\":\"https:\/\/www.mojabochnia.pl\/#\/schema\/logo\/image\/\",\"url\":\"https:\/\/www.mojabochnia.pl\/wp-content\/uploads\/2017\/08\/logo-mb-opt.png\",\"contentUrl\":\"https:\/\/www.mojabochnia.pl\/wp-content\/uploads\/2017\/08\/logo-mb-opt.png\",\"width\":250,\"height\":48,\"caption\":\"mojabochnia.pl - portal informacyjny\"},\"image\":{\"@id\":\"https:\/\/www.mojabochnia.pl\/#\/schema\/logo\/image\/\"},\"sameAs\":[\"https:\/\/www.facebook.com\/mojabochnia\"]},{\"@type\":\"Person\",\"@id\":\"https:\/\/www.mojabochnia.pl\/#\/schema\/person\/7e2f20ead9902216a3384f13606c0ab7\",\"name\":\"redakcja\",\"sameAs\":[\"http:\/\/\"],\"url\":\"https:\/\/www.mojabochnia.pl\/?author=13\"}]}<\/script>\n<!-- \/ Yoast SEO plugin. -->","yoast_head_json":{"title":"W sobot\u0119 ostatnia w tym roku zbi\u00f3rka makulatury dla Afryki - mojabochnia.pl - portal informacyjny","robots":{"index":"index","follow":"follow","max-snippet":"max-snippet:-1","max-image-preview":"max-image-preview:large","max-video-preview":"max-video-preview:-1"},"canonical":"https:\/\/www.mojabochnia.pl\/?p=178886","og_locale":"pl_PL","og_type":"article","og_title":"W sobot\u0119 ostatnia w tym roku zbi\u00f3rka makulatury dla Afryki - mojabochnia.pl - portal informacyjny","og_description":"Stowarzyszenie Rodzin Katolickich, Oddzia\u0142 Bochnia zaprasza wszystkich ludzi dobrej woli do udzia\u0142u w ostatniej w tym roku zbi\u00f3rce makulatury, kt\u00f3ra odb\u0119dzie si\u0119 w sobot\u0119 14 pa\u017adziernika przy ko\u015bciele \u015bw. Paw\u0142a Aposto\u0142a w Bochni, w godz. 7.00 do 16.00. Doch\u00f3d, podobnie jak z poprzednich tegorocznych zbi\u00f3rek, zostanie przeznaczony na budow\u0119 4 zbiornik\u00f3w rozprowadzaj\u0105cych wod\u0119 z nowo","og_url":"https:\/\/www.mojabochnia.pl\/?p=178886","og_site_name":"mojabochnia.pl - portal informacyjny","article_publisher":"https:\/\/www.facebook.com\/mojabochnia","article_published_time":"2017-10-12T06:32:18+00:00","og_image":[{"width":720,"height":960,"url":"https:\/\/www.mojabochnia.pl\/wp-content\/uploads\/2017\/10\/po\u015bwi\u0119cenie-placu-pod-Centrum-Dziecka-1.jpeg","type":"image\/jpeg"}],"author":"redakcja","twitter_card":"summary_large_image","twitter_misc":{"Written by":"redakcja","Est. reading time":"1 minuta"},"schema":{"@context":"https:\/\/schema.org","@graph":[{"@type":"Article","@id":"https:\/\/www.mojabochnia.pl\/?p=178886#article","isPartOf":{"@id":"https:\/\/www.mojabochnia.pl\/?p=178886"},"author":{"name":"redakcja","@id":"https:\/\/www.mojabochnia.pl\/#\/schema\/person\/7e2f20ead9902216a3384f13606c0ab7"},"headline":"W sobot\u0119 ostatnia w tym roku zbi\u00f3rka makulatury dla Afryki","datePublished":"2017-10-12T06:32:18+00:00","mainEntityOfPage":{"@id":"https:\/\/www.mojabochnia.pl\/?p=178886"},"wordCount":209,"commentCount":0,"publisher":{"@id":"https:\/\/www.mojabochnia.pl\/#organization"},"image":{"@id":"https:\/\/www.mojabochnia.pl\/?p=178886#primaryimage"},"thumbnailUrl":"https:\/\/www.mojabochnia.pl\/wp-content\/uploads\/2017\/10\/po\u015bwi\u0119cenie-placu-pod-Centrum-Dziecka-1.jpeg","keywords":["afryka","makulatura","pomoc","studnia"],"articleSection":["polityka i wydarzenia"],"inLanguage":"pl-PL","potentialAction":[{"@type":"CommentAction","name":"Comment","target":["https:\/\/www.mojabochnia.pl\/?p=178886#respond"]}]},{"@type":"WebPage","@id":"https:\/\/www.mojabochnia.pl\/?p=178886","url":"https:\/\/www.mojabochnia.pl\/?p=178886","name":"W sobot\u0119 ostatnia w tym roku zbi\u00f3rka makulatury dla Afryki - mojabochnia.pl - portal informacyjny","isPartOf":{"@id":"https:\/\/www.mojabochnia.pl\/#website"},"primaryImageOfPage":{"@id":"https:\/\/www.mojabochnia.pl\/?p=178886#primaryimage"},"image":{"@id":"https:\/\/www.mojabochnia.pl\/?p=178886#primaryimage"},"thumbnailUrl":"https:\/\/www.mojabochnia.pl\/wp-content\/uploads\/2017\/10\/po\u015bwi\u0119cenie-placu-pod-Centrum-Dziecka-1.jpeg","datePublished":"2017-10-12T06:32:18+00:00","breadcrumb":{"@id":"https:\/\/www.mojabochnia.pl\/?p=178886#breadcrumb"},"inLanguage":"pl-PL","potentialAction":[{"@type":"ReadAction","target":["https:\/\/www.mojabochnia.pl\/?p=178886"]}]},{"@type":"ImageObject","inLanguage":"pl-PL","@id":"https:\/\/www.mojabochnia.pl\/?p=178886#primaryimage","url":"https:\/\/www.mojabochnia.pl\/wp-content\/uploads\/2017\/10\/po\u015bwi\u0119cenie-placu-pod-Centrum-Dziecka-1.jpeg","contentUrl":"https:\/\/www.mojabochnia.pl\/wp-content\/uploads\/2017\/10\/po\u015bwi\u0119cenie-placu-pod-Centrum-Dziecka-1.jpeg","width":720,"height":960},{"@type":"BreadcrumbList","@id":"https:\/\/www.mojabochnia.pl\/?p=178886#breadcrumb","itemListElement":[{"@type":"ListItem","position":1,"name":"Home","item":"https:\/\/www.mojabochnia.pl\/"},{"@type":"ListItem","position":2,"name":"W sobot\u0119 ostatnia w tym roku zbi\u00f3rka makulatury dla Afryki"}]},{"@type":"WebSite","@id":"https:\/\/www.mojabochnia.pl\/#website","url":"https:\/\/www.mojabochnia.pl\/","name":"mojabochnia.pl - portal informacyjny","description":"mojaBochnia to portal informacyjny o Bochni. Codziennie o Bochni piszemy i pokazujemy najwa\u017cniejsze wydarzenia","publisher":{"@id":"https:\/\/www.mojabochnia.pl\/#organization"},"potentialAction":[{"@type":"SearchAction","target":{"@type":"EntryPoint","urlTemplate":"https:\/\/www.mojabochnia.pl\/?s={search_term_string}"},"query-input":{"@type":"PropertyValueSpecification","valueRequired":true,"valueName":"search_term_string"}}],"inLanguage":"pl-PL"},{"@type":"Organization","@id":"https:\/\/www.mojabochnia.pl\/#organization","name":"mojabochnia.pl - portal informacyjny","url":"https:\/\/www.mojabochnia.pl\/","logo":{"@type":"ImageObject","inLanguage":"pl-PL","@id":"https:\/\/www.mojabochnia.pl\/#\/schema\/logo\/image\/","url":"https:\/\/www.mojabochnia.pl\/wp-content\/uploads\/2017\/08\/logo-mb-opt.png","contentUrl":"https:\/\/www.mojabochnia.pl\/wp-content\/uploads\/2017\/08\/logo-mb-opt.png","width":250,"height":48,"caption":"mojabochnia.pl - portal informacyjny"},"image":{"@id":"https:\/\/www.mojabochnia.pl\/#\/schema\/logo\/image\/"},"sameAs":["https:\/\/www.facebook.com\/mojabochnia"]},{"@type":"Person","@id":"https:\/\/www.mojabochnia.pl\/#\/schema\/person\/7e2f20ead9902216a3384f13606c0ab7","name":"redakcja","sameAs":["http:\/\/"],"url":"https:\/\/www.mojabochnia.pl\/?author=13"}]}},"_links":{"self":[{"href":"https:\/\/www.mojabochnia.pl\/index.php?rest_route=\/wp\/v2\/posts\/178886","targetHints":{"allow":["GET"]}}],"collection":[{"href":"https:\/\/www.mojabochnia.pl\/index.php?rest_route=\/wp\/v2\/posts"}],"about":[{"href":"https:\/\/www.mojabochnia.pl\/index.php?rest_route=\/wp\/v2\/types\/post"}],"author":[{"embeddable":true,"href":"https:\/\/www.mojabochnia.pl\/index.php?rest_route=\/wp\/v2\/users\/13"}],"replies":[{"embeddable":true,"href":"https:\/\/www.mojabochnia.pl\/index.php?rest_route=%2Fwp%2Fv2%2Fcomments&post=178886"}],"version-history":[{"count":1,"href":"https:\/\/www.mojabochnia.pl\/index.php?rest_route=\/wp\/v2\/posts\/178886\/revisions"}],"predecessor-version":[{"id":178889,"href":"https:\/\/www.mojabochnia.pl\/index.php?rest_route=\/wp\/v2\/posts\/178886\/revisions\/178889"}],"wp:featuredmedia":[{"embeddable":true,"href":"https:\/\/www.mojabochnia.pl\/index.php?rest_route=\/wp\/v2\/media\/178888"}],"wp:attachment":[{"href":"https:\/\/www.mojabochnia.pl\/index.php?rest_route=%2Fwp%2Fv2%2Fmedia&parent=178886"}],"wp:term":[{"taxonomy":"category","embeddable":true,"href":"https:\/\/www.mojabochnia.pl\/index.php?rest_route=%2Fwp%2Fv2%2Fcategories&post=178886"},{"taxonomy":"post_tag","embeddable":true,"href":"https:\/\/www.mojabochnia.pl\/index.php?rest_route=%2Fwp%2Fv2%2Ftags&post=178886"}],"curies":[{"name":"wp","href":"https:\/\/api.w.org\/{rel}","templated":true}]}}