{"id":178177,"date":"2017-09-21T07:31:32","date_gmt":"2017-09-21T05:31:32","guid":{"rendered":"https:\/\/www.mojabochnia.pl\/?p=178177"},"modified":"2017-09-20T10:34:23","modified_gmt":"2017-09-20T08:34:23","slug":"niedziela-jesien-w-borze-z-jubileuszem-675-lecia-borownej","status":"publish","type":"post","link":"https:\/\/www.mojabochnia.pl\/?p=178177","title":{"rendered":"Niedziela: \u201eJesie\u0144 w Borze\u201d z jubileuszem 675-lecia Bor\u00f3wnej"},"content":{"rendered":"<p><strong>W\u00f3jt Gminy Lipnica Murowana oraz Gminny Dom Kultury w Lipnicy Murowanej zapraszaj\u0105 na po\u0142\u0105czon\u0105 z jubileuszem 675-lecia lokacji Bor\u00f3wnej &#8211; \u201eJesie\u0144 w Borze\u201d. Wydarzenie odb\u0119dzie si\u0119 w niedziel\u0119 24 wrze\u015bnia na placu przy O\u015brodku Edukacji Ekologicznej. <\/strong><\/p>\n<p>Na ten dzie\u0144 przygotowano bogaty program, pe\u0142en muzyki, \u015bpiewu i okazji do wsp\u00f3lnej zabawy. <em>Na placu przed O\u015brodkiem Edukacji Ekologicznej wiele b\u0119dzie si\u0119 dzia\u0142o. Do udzia\u0142u w wyj\u0105tkowym, jubileuszowym bloku rozrywkowym ju\u017c dzi\u015b zach\u0119camy zar\u00f3wno m\u0142odszych jak i starszych. \u015apiewem polskich piosenek umil\u0105 nam czas uczestnicy II Festiwalu \u201eKoral Song\u201d, po wyst\u0119pach kt\u00f3rych nast\u0105pi powitanie go\u015bci oraz przedstawienie rysu historycznego Bor\u00f3wnej<\/em> &#8211; czytamy w komunikacie prasowym. <\/p>\n<p>Na scenie zaprezentuj\u0105 si\u0119 tak\u017ce: Orkiestra D\u0119ta z Lipnicy Dolnej oraz zesp\u00f3\u0142 \u201eM-cztery\u201d. Festyn pod gwiazdami poprowadzi DJ Robertus. Za\u015b w przerwie zabawy na niebie rozb\u0142y\u015bnie ca\u0142a plejada barwnych, sztucznych ogni.<\/p>\n","protected":false},"excerpt":{"rendered":"<p>W\u00f3jt Gminy Lipnica Murowana oraz Gminny Dom Kultury w Lipnicy Murowanej zapraszaj\u0105 na po\u0142\u0105czon\u0105 z jubileuszem 675-lecia lokacji Bor\u00f3wnej &#8211; \u201eJesie\u0144 w Borze\u201d. Wydarzenie odb\u0119dzie si\u0119 w niedziel\u0119 24 wrze\u015bnia na placu przy O\u015brodku Edukacji Ekologicznej. Na ten dzie\u0144 przygotowano bogaty program, pe\u0142en muzyki, \u015bpiewu i okazji do wsp\u00f3lnej zabawy. Na placu przed O\u015brodkiem Edukacji<\/p>\n","protected":false},"author":13,"featured_media":178179,"comment_status":"open","ping_status":"closed","sticky":false,"template":"","format":"standard","meta":{"_acf_changed":false,"footnotes":""},"categories":[5,6251,6250],"tags":[17466,12908,3701],"class_list":["post-178177","post","type-post","status-publish","format-standard","has-post-thumbnail","hentry","category-biezace-wydarzenia","category-polityka-i-wydarzenia","category-tematyka","tag-borowna","tag-jesien-w-borze","tag-lipnica5","main_tag-lipnica-2"],"acf":[],"yoast_head":"<!-- This site is optimized with the Yoast SEO plugin v26.9 - https:\/\/yoast.com\/product\/yoast-seo-wordpress\/ -->\n<title>Niedziela: \u201eJesie\u0144 w Borze\u201d z jubileuszem 675-lecia Bor\u00f3wnej - mojabochnia.pl - portal informacyjny<\/title>\n<meta name=\"robots\" content=\"index, follow, max-snippet:-1, max-image-preview:large, max-video-preview:-1\" \/>\n<link rel=\"canonical\" href=\"https:\/\/www.mojabochnia.pl\/?p=178177\" \/>\n<meta property=\"og:locale\" content=\"pl_PL\" \/>\n<meta property=\"og:type\" content=\"article\" \/>\n<meta property=\"og:title\" content=\"Niedziela: \u201eJesie\u0144 w Borze\u201d z jubileuszem 675-lecia Bor\u00f3wnej - mojabochnia.pl - portal informacyjny\" \/>\n<meta property=\"og:description\" content=\"W\u00f3jt Gminy Lipnica Murowana oraz Gminny Dom Kultury w Lipnicy Murowanej zapraszaj\u0105 na po\u0142\u0105czon\u0105 z jubileuszem 675-lecia lokacji Bor\u00f3wnej &#8211; \u201eJesie\u0144 w Borze\u201d. Wydarzenie odb\u0119dzie si\u0119 w niedziel\u0119 24 wrze\u015bnia na placu przy O\u015brodku Edukacji Ekologicznej. Na ten dzie\u0144 przygotowano bogaty program, pe\u0142en muzyki, \u015bpiewu i okazji do wsp\u00f3lnej zabawy. Na placu przed O\u015brodkiem Edukacji\" \/>\n<meta property=\"og:url\" content=\"https:\/\/www.mojabochnia.pl\/?p=178177\" \/>\n<meta property=\"og:site_name\" content=\"mojabochnia.pl - portal informacyjny\" \/>\n<meta property=\"article:publisher\" content=\"https:\/\/www.facebook.com\/mojabochnia\" \/>\n<meta property=\"article:published_time\" content=\"2017-09-21T05:31:32+00:00\" \/>\n<meta property=\"og:image\" content=\"https:\/\/www.mojabochnia.pl\/wp-content\/uploads\/2017\/09\/Przechwytywanie-w-trybie-pe\u0142noekranowym-2017-09-20-103537.jpg\" \/>\n\t<meta property=\"og:image:width\" content=\"768\" \/>\n\t<meta property=\"og:image:height\" content=\"1076\" \/>\n\t<meta property=\"og:image:type\" content=\"image\/jpeg\" \/>\n<meta name=\"author\" content=\"redakcja\" \/>\n<meta name=\"twitter:card\" content=\"summary_large_image\" \/>\n<meta name=\"twitter:label1\" content=\"Written by\" \/>\n\t<meta name=\"twitter:data1\" content=\"redakcja\" \/>\n\t<meta name=\"twitter:label2\" content=\"Est. reading time\" \/>\n\t<meta name=\"twitter:data2\" content=\"1 minuta\" \/>\n<script type=\"application\/ld+json\" class=\"yoast-schema-graph\">{\"@context\":\"https:\/\/schema.org\",\"@graph\":[{\"@type\":\"Article\",\"@id\":\"https:\/\/www.mojabochnia.pl\/?p=178177#article\",\"isPartOf\":{\"@id\":\"https:\/\/www.mojabochnia.pl\/?p=178177\"},\"author\":{\"name\":\"redakcja\",\"@id\":\"https:\/\/www.mojabochnia.pl\/#\/schema\/person\/7e2f20ead9902216a3384f13606c0ab7\"},\"headline\":\"Niedziela: \u201eJesie\u0144 w Borze\u201d z jubileuszem 675-lecia Bor\u00f3wnej\",\"datePublished\":\"2017-09-21T05:31:32+00:00\",\"mainEntityOfPage\":{\"@id\":\"https:\/\/www.mojabochnia.pl\/?p=178177\"},\"wordCount\":167,\"commentCount\":0,\"publisher\":{\"@id\":\"https:\/\/www.mojabochnia.pl\/#organization\"},\"image\":{\"@id\":\"https:\/\/www.mojabochnia.pl\/?p=178177#primaryimage\"},\"thumbnailUrl\":\"https:\/\/www.mojabochnia.pl\/wp-content\/uploads\/2017\/09\/Przechwytywanie-w-trybie-pe\u0142noekranowym-2017-09-20-103537.jpg\",\"keywords\":[\"bor\u00f3wna\",\"jesie\u0144 w borze\",\"lipnica\"],\"articleSection\":[\"2_ostatnie\",\"polityka i wydarzenia\",\"tematyka\"],\"inLanguage\":\"pl-PL\",\"potentialAction\":[{\"@type\":\"CommentAction\",\"name\":\"Comment\",\"target\":[\"https:\/\/www.mojabochnia.pl\/?p=178177#respond\"]}]},{\"@type\":\"WebPage\",\"@id\":\"https:\/\/www.mojabochnia.pl\/?p=178177\",\"url\":\"https:\/\/www.mojabochnia.pl\/?p=178177\",\"name\":\"Niedziela: \u201eJesie\u0144 w Borze\u201d z jubileuszem 675-lecia Bor\u00f3wnej - mojabochnia.pl - portal informacyjny\",\"isPartOf\":{\"@id\":\"https:\/\/www.mojabochnia.pl\/#website\"},\"primaryImageOfPage\":{\"@id\":\"https:\/\/www.mojabochnia.pl\/?p=178177#primaryimage\"},\"image\":{\"@id\":\"https:\/\/www.mojabochnia.pl\/?p=178177#primaryimage\"},\"thumbnailUrl\":\"https:\/\/www.mojabochnia.pl\/wp-content\/uploads\/2017\/09\/Przechwytywanie-w-trybie-pe\u0142noekranowym-2017-09-20-103537.jpg\",\"datePublished\":\"2017-09-21T05:31:32+00:00\",\"breadcrumb\":{\"@id\":\"https:\/\/www.mojabochnia.pl\/?p=178177#breadcrumb\"},\"inLanguage\":\"pl-PL\",\"potentialAction\":[{\"@type\":\"ReadAction\",\"target\":[\"https:\/\/www.mojabochnia.pl\/?p=178177\"]}]},{\"@type\":\"ImageObject\",\"inLanguage\":\"pl-PL\",\"@id\":\"https:\/\/www.mojabochnia.pl\/?p=178177#primaryimage\",\"url\":\"https:\/\/www.mojabochnia.pl\/wp-content\/uploads\/2017\/09\/Przechwytywanie-w-trybie-pe\u0142noekranowym-2017-09-20-103537.jpg\",\"contentUrl\":\"https:\/\/www.mojabochnia.pl\/wp-content\/uploads\/2017\/09\/Przechwytywanie-w-trybie-pe\u0142noekranowym-2017-09-20-103537.jpg\",\"width\":768,\"height\":1076},{\"@type\":\"BreadcrumbList\",\"@id\":\"https:\/\/www.mojabochnia.pl\/?p=178177#breadcrumb\",\"itemListElement\":[{\"@type\":\"ListItem\",\"position\":1,\"name\":\"Home\",\"item\":\"https:\/\/www.mojabochnia.pl\/\"},{\"@type\":\"ListItem\",\"position\":2,\"name\":\"Niedziela: \u201eJesie\u0144 w Borze\u201d z jubileuszem 675-lecia Bor\u00f3wnej\"}]},{\"@type\":\"WebSite\",\"@id\":\"https:\/\/www.mojabochnia.pl\/#website\",\"url\":\"https:\/\/www.mojabochnia.pl\/\",\"name\":\"mojabochnia.pl - portal informacyjny\",\"description\":\"mojaBochnia to portal informacyjny o Bochni. Codziennie o Bochni piszemy i pokazujemy najwa\u017cniejsze wydarzenia\",\"publisher\":{\"@id\":\"https:\/\/www.mojabochnia.pl\/#organization\"},\"potentialAction\":[{\"@type\":\"SearchAction\",\"target\":{\"@type\":\"EntryPoint\",\"urlTemplate\":\"https:\/\/www.mojabochnia.pl\/?s={search_term_string}\"},\"query-input\":{\"@type\":\"PropertyValueSpecification\",\"valueRequired\":true,\"valueName\":\"search_term_string\"}}],\"inLanguage\":\"pl-PL\"},{\"@type\":\"Organization\",\"@id\":\"https:\/\/www.mojabochnia.pl\/#organization\",\"name\":\"mojabochnia.pl - portal informacyjny\",\"url\":\"https:\/\/www.mojabochnia.pl\/\",\"logo\":{\"@type\":\"ImageObject\",\"inLanguage\":\"pl-PL\",\"@id\":\"https:\/\/www.mojabochnia.pl\/#\/schema\/logo\/image\/\",\"url\":\"https:\/\/www.mojabochnia.pl\/wp-content\/uploads\/2017\/08\/logo-mb-opt.png\",\"contentUrl\":\"https:\/\/www.mojabochnia.pl\/wp-content\/uploads\/2017\/08\/logo-mb-opt.png\",\"width\":250,\"height\":48,\"caption\":\"mojabochnia.pl - portal informacyjny\"},\"image\":{\"@id\":\"https:\/\/www.mojabochnia.pl\/#\/schema\/logo\/image\/\"},\"sameAs\":[\"https:\/\/www.facebook.com\/mojabochnia\"]},{\"@type\":\"Person\",\"@id\":\"https:\/\/www.mojabochnia.pl\/#\/schema\/person\/7e2f20ead9902216a3384f13606c0ab7\",\"name\":\"redakcja\",\"sameAs\":[\"http:\/\/\"],\"url\":\"https:\/\/www.mojabochnia.pl\/?author=13\"}]}<\/script>\n<!-- \/ Yoast SEO plugin. -->","yoast_head_json":{"title":"Niedziela: \u201eJesie\u0144 w Borze\u201d z jubileuszem 675-lecia Bor\u00f3wnej - mojabochnia.pl - portal informacyjny","robots":{"index":"index","follow":"follow","max-snippet":"max-snippet:-1","max-image-preview":"max-image-preview:large","max-video-preview":"max-video-preview:-1"},"canonical":"https:\/\/www.mojabochnia.pl\/?p=178177","og_locale":"pl_PL","og_type":"article","og_title":"Niedziela: \u201eJesie\u0144 w Borze\u201d z jubileuszem 675-lecia Bor\u00f3wnej - mojabochnia.pl - portal informacyjny","og_description":"W\u00f3jt Gminy Lipnica Murowana oraz Gminny Dom Kultury w Lipnicy Murowanej zapraszaj\u0105 na po\u0142\u0105czon\u0105 z jubileuszem 675-lecia lokacji Bor\u00f3wnej &#8211; \u201eJesie\u0144 w Borze\u201d. Wydarzenie odb\u0119dzie si\u0119 w niedziel\u0119 24 wrze\u015bnia na placu przy O\u015brodku Edukacji Ekologicznej. Na ten dzie\u0144 przygotowano bogaty program, pe\u0142en muzyki, \u015bpiewu i okazji do wsp\u00f3lnej zabawy. Na placu przed O\u015brodkiem Edukacji","og_url":"https:\/\/www.mojabochnia.pl\/?p=178177","og_site_name":"mojabochnia.pl - portal informacyjny","article_publisher":"https:\/\/www.facebook.com\/mojabochnia","article_published_time":"2017-09-21T05:31:32+00:00","og_image":[{"width":768,"height":1076,"url":"https:\/\/www.mojabochnia.pl\/wp-content\/uploads\/2017\/09\/Przechwytywanie-w-trybie-pe\u0142noekranowym-2017-09-20-103537.jpg","type":"image\/jpeg"}],"author":"redakcja","twitter_card":"summary_large_image","twitter_misc":{"Written by":"redakcja","Est. reading time":"1 minuta"},"schema":{"@context":"https:\/\/schema.org","@graph":[{"@type":"Article","@id":"https:\/\/www.mojabochnia.pl\/?p=178177#article","isPartOf":{"@id":"https:\/\/www.mojabochnia.pl\/?p=178177"},"author":{"name":"redakcja","@id":"https:\/\/www.mojabochnia.pl\/#\/schema\/person\/7e2f20ead9902216a3384f13606c0ab7"},"headline":"Niedziela: \u201eJesie\u0144 w Borze\u201d z jubileuszem 675-lecia Bor\u00f3wnej","datePublished":"2017-09-21T05:31:32+00:00","mainEntityOfPage":{"@id":"https:\/\/www.mojabochnia.pl\/?p=178177"},"wordCount":167,"commentCount":0,"publisher":{"@id":"https:\/\/www.mojabochnia.pl\/#organization"},"image":{"@id":"https:\/\/www.mojabochnia.pl\/?p=178177#primaryimage"},"thumbnailUrl":"https:\/\/www.mojabochnia.pl\/wp-content\/uploads\/2017\/09\/Przechwytywanie-w-trybie-pe\u0142noekranowym-2017-09-20-103537.jpg","keywords":["bor\u00f3wna","jesie\u0144 w borze","lipnica"],"articleSection":["2_ostatnie","polityka i wydarzenia","tematyka"],"inLanguage":"pl-PL","potentialAction":[{"@type":"CommentAction","name":"Comment","target":["https:\/\/www.mojabochnia.pl\/?p=178177#respond"]}]},{"@type":"WebPage","@id":"https:\/\/www.mojabochnia.pl\/?p=178177","url":"https:\/\/www.mojabochnia.pl\/?p=178177","name":"Niedziela: \u201eJesie\u0144 w Borze\u201d z jubileuszem 675-lecia Bor\u00f3wnej - mojabochnia.pl - portal informacyjny","isPartOf":{"@id":"https:\/\/www.mojabochnia.pl\/#website"},"primaryImageOfPage":{"@id":"https:\/\/www.mojabochnia.pl\/?p=178177#primaryimage"},"image":{"@id":"https:\/\/www.mojabochnia.pl\/?p=178177#primaryimage"},"thumbnailUrl":"https:\/\/www.mojabochnia.pl\/wp-content\/uploads\/2017\/09\/Przechwytywanie-w-trybie-pe\u0142noekranowym-2017-09-20-103537.jpg","datePublished":"2017-09-21T05:31:32+00:00","breadcrumb":{"@id":"https:\/\/www.mojabochnia.pl\/?p=178177#breadcrumb"},"inLanguage":"pl-PL","potentialAction":[{"@type":"ReadAction","target":["https:\/\/www.mojabochnia.pl\/?p=178177"]}]},{"@type":"ImageObject","inLanguage":"pl-PL","@id":"https:\/\/www.mojabochnia.pl\/?p=178177#primaryimage","url":"https:\/\/www.mojabochnia.pl\/wp-content\/uploads\/2017\/09\/Przechwytywanie-w-trybie-pe\u0142noekranowym-2017-09-20-103537.jpg","contentUrl":"https:\/\/www.mojabochnia.pl\/wp-content\/uploads\/2017\/09\/Przechwytywanie-w-trybie-pe\u0142noekranowym-2017-09-20-103537.jpg","width":768,"height":1076},{"@type":"BreadcrumbList","@id":"https:\/\/www.mojabochnia.pl\/?p=178177#breadcrumb","itemListElement":[{"@type":"ListItem","position":1,"name":"Home","item":"https:\/\/www.mojabochnia.pl\/"},{"@type":"ListItem","position":2,"name":"Niedziela: \u201eJesie\u0144 w Borze\u201d z jubileuszem 675-lecia Bor\u00f3wnej"}]},{"@type":"WebSite","@id":"https:\/\/www.mojabochnia.pl\/#website","url":"https:\/\/www.mojabochnia.pl\/","name":"mojabochnia.pl - portal informacyjny","description":"mojaBochnia to portal informacyjny o Bochni. Codziennie o Bochni piszemy i pokazujemy najwa\u017cniejsze wydarzenia","publisher":{"@id":"https:\/\/www.mojabochnia.pl\/#organization"},"potentialAction":[{"@type":"SearchAction","target":{"@type":"EntryPoint","urlTemplate":"https:\/\/www.mojabochnia.pl\/?s={search_term_string}"},"query-input":{"@type":"PropertyValueSpecification","valueRequired":true,"valueName":"search_term_string"}}],"inLanguage":"pl-PL"},{"@type":"Organization","@id":"https:\/\/www.mojabochnia.pl\/#organization","name":"mojabochnia.pl - portal informacyjny","url":"https:\/\/www.mojabochnia.pl\/","logo":{"@type":"ImageObject","inLanguage":"pl-PL","@id":"https:\/\/www.mojabochnia.pl\/#\/schema\/logo\/image\/","url":"https:\/\/www.mojabochnia.pl\/wp-content\/uploads\/2017\/08\/logo-mb-opt.png","contentUrl":"https:\/\/www.mojabochnia.pl\/wp-content\/uploads\/2017\/08\/logo-mb-opt.png","width":250,"height":48,"caption":"mojabochnia.pl - portal informacyjny"},"image":{"@id":"https:\/\/www.mojabochnia.pl\/#\/schema\/logo\/image\/"},"sameAs":["https:\/\/www.facebook.com\/mojabochnia"]},{"@type":"Person","@id":"https:\/\/www.mojabochnia.pl\/#\/schema\/person\/7e2f20ead9902216a3384f13606c0ab7","name":"redakcja","sameAs":["http:\/\/"],"url":"https:\/\/www.mojabochnia.pl\/?author=13"}]}},"_links":{"self":[{"href":"https:\/\/www.mojabochnia.pl\/index.php?rest_route=\/wp\/v2\/posts\/178177","targetHints":{"allow":["GET"]}}],"collection":[{"href":"https:\/\/www.mojabochnia.pl\/index.php?rest_route=\/wp\/v2\/posts"}],"about":[{"href":"https:\/\/www.mojabochnia.pl\/index.php?rest_route=\/wp\/v2\/types\/post"}],"author":[{"embeddable":true,"href":"https:\/\/www.mojabochnia.pl\/index.php?rest_route=\/wp\/v2\/users\/13"}],"replies":[{"embeddable":true,"href":"https:\/\/www.mojabochnia.pl\/index.php?rest_route=%2Fwp%2Fv2%2Fcomments&post=178177"}],"version-history":[{"count":1,"href":"https:\/\/www.mojabochnia.pl\/index.php?rest_route=\/wp\/v2\/posts\/178177\/revisions"}],"predecessor-version":[{"id":178180,"href":"https:\/\/www.mojabochnia.pl\/index.php?rest_route=\/wp\/v2\/posts\/178177\/revisions\/178180"}],"wp:featuredmedia":[{"embeddable":true,"href":"https:\/\/www.mojabochnia.pl\/index.php?rest_route=\/wp\/v2\/media\/178179"}],"wp:attachment":[{"href":"https:\/\/www.mojabochnia.pl\/index.php?rest_route=%2Fwp%2Fv2%2Fmedia&parent=178177"}],"wp:term":[{"taxonomy":"category","embeddable":true,"href":"https:\/\/www.mojabochnia.pl\/index.php?rest_route=%2Fwp%2Fv2%2Fcategories&post=178177"},{"taxonomy":"post_tag","embeddable":true,"href":"https:\/\/www.mojabochnia.pl\/index.php?rest_route=%2Fwp%2Fv2%2Ftags&post=178177"}],"curies":[{"name":"wp","href":"https:\/\/api.w.org\/{rel}","templated":true}]}}