{"id":178055,"date":"2017-09-18T16:41:26","date_gmt":"2017-09-18T14:41:26","guid":{"rendered":"https:\/\/www.mojabochnia.pl\/?p=178055"},"modified":"2017-09-18T16:41:26","modified_gmt":"2017-09-18T14:41:26","slug":"rozpoczynaja-sie-zebrania-osiedlowe-w-bochni-hamonogram","status":"publish","type":"post","link":"https:\/\/www.mojabochnia.pl\/?p=178055","title":{"rendered":"Rozpoczynaj\u0105 si\u0119 zebrania osiedlowe w Bochni &#8211; hamonogram"},"content":{"rendered":"<p><strong>Rozpoczyna si\u0119 cykl 14 spotka\u0144 burmistrza Bochni z mieszka\u0144cami. Stefan Kolawi\u0144ski odwiedzi ka\u017cde z osiedli, przedstawiaj\u0105c swoje zamierzenia oraz wys\u0142uchuj\u0105c wniosk\u00f3w mieszka\u0144c\u00f3w.<\/strong><\/p>\n<p><strong>Harmonogram:<\/strong><\/p>\n<p>1. <strong>Os. Niepodleg\u0142o\u015bci<\/strong> &#8211; 18 wrze\u015bnia, godz. 17:00 &#8211; PSP nr 7 (Gimnazjum nr 2)<br \/>\n2. <strong>Os. Windakiewicza<\/strong> &#8211; 18 wrze\u015bnia, godz. 18:30 &#8211; PSP nr 7 (Gimnazjum nr 2)<br \/>\n3. <strong>Os. \u015ar\u00f3dmie\u015bcie<\/strong> &#8211; Campi &#8211; 19 wrze\u015bnia, godz. 17:00 &#8211; PSP nr 2<br \/>\n4. <strong>Os. Uzbornia<\/strong> &#8211; 19 wrze\u015bnia, godz. 18:30 &#8211; Urz\u0105d Miasta<br \/>\n5. <strong>Os. \u015aw. Jana &#8211; Murowianka <\/strong>&#8211; 21 wrze\u015bnia, godz. 17:00 &#8211; PSP nr 4<br \/>\n6. <strong>Os. Krz\u0119czk\u00f3w &#8211; \u0141ych\u00f3w<\/strong> &#8211; 21 wrze\u015bnia, godz. 18:30 &#8211; PSP nr 4<br \/>\n7. <strong>Os. Do\u0142uszyce<\/strong> &#8211; 25 wrze\u015bnia, godz. 17:00 &#8211; \u015bwietlica osiedlowa<br \/>\n8. <strong>Os. Kur\u00f3w <\/strong>&#8211; 25 wrze\u015bnia, godz. 18:30 &#8211; \u015bwietlica osiedlowa<br \/>\n9. <strong>Os. Proszowskie<\/strong> &#8211; 26 wrze\u015bnia, godz. 17:00 &#8211; baza BZUK<br \/>\n10. <strong>Os. Smyk\u00f3w<\/strong> &#8211; 26 wrze\u015bnia, godz. 18:30 &#8211; \u015bwietlica osiedlowa<br \/>\n11. <strong>Os. S\u0142oneczne<\/strong> &#8211; 27 wrze\u015bnia, godz. 17:00 &#8211; \u015bwietlica sp\u00f3\u0142dzielni mieszkaniowej<br \/>\n12. <strong>Os. Kolan\u00f3w<\/strong> &#8211; 27 wrze\u015bnia, godz. 18:30 &#8211; \u015bwietlica osiedlowa<br \/>\n13. <strong>Os. Karolina<\/strong> &#8211; 28 wrze\u015bnia, godz. 17:00 &#8211; DPS<br \/>\n14. <strong>Os. Chodenice<\/strong> &#8211; 28 wrze\u015bnia, godz. 18:30 &#8211; \u015bwietlica osiedlowa<\/p>\n","protected":false},"excerpt":{"rendered":"<p>Rozpoczyna si\u0119 cykl 14 spotka\u0144 burmistrza Bochni z mieszka\u0144cami. Stefan Kolawi\u0144ski odwiedzi ka\u017cde z osiedli, przedstawiaj\u0105c swoje zamierzenia oraz wys\u0142uchuj\u0105c wniosk\u00f3w mieszka\u0144c\u00f3w. Harmonogram: 1. Os. Niepodleg\u0142o\u015bci &#8211; 18 wrze\u015bnia, godz. 17:00 &#8211; PSP nr 7 (Gimnazjum nr 2) 2. Os. Windakiewicza &#8211; 18 wrze\u015bnia, godz. 18:30 &#8211; PSP nr 7 (Gimnazjum nr 2) 3. Os.<\/p>\n","protected":false},"author":13,"featured_media":96806,"comment_status":"open","ping_status":"closed","sticky":false,"template":"","format":"standard","meta":{"_acf_changed":false,"footnotes":""},"categories":[5,6251,6250],"tags":[17421,17704,17346,9083],"class_list":["post-178055","post","type-post","status-publish","format-standard","has-post-thumbnail","hentry","category-biezace-wydarzenia","category-polityka-i-wydarzenia","category-tematyka","tag-burmistrz","tag-osiedle","tag-spotkanie","tag-zebranie-osiedlowe","main_tag-zebranie"],"acf":[],"yoast_head":"<!-- This site is optimized with the Yoast SEO plugin v26.9 - https:\/\/yoast.com\/product\/yoast-seo-wordpress\/ -->\n<title>Rozpoczynaj\u0105 si\u0119 zebrania osiedlowe w Bochni - hamonogram - mojabochnia.pl - portal informacyjny<\/title>\n<meta name=\"robots\" content=\"index, follow, max-snippet:-1, max-image-preview:large, max-video-preview:-1\" \/>\n<link rel=\"canonical\" href=\"https:\/\/www.mojabochnia.pl\/?p=178055\" \/>\n<meta property=\"og:locale\" content=\"pl_PL\" \/>\n<meta property=\"og:type\" content=\"article\" \/>\n<meta property=\"og:title\" content=\"Rozpoczynaj\u0105 si\u0119 zebrania osiedlowe w Bochni - hamonogram - mojabochnia.pl - portal informacyjny\" \/>\n<meta property=\"og:description\" content=\"Rozpoczyna si\u0119 cykl 14 spotka\u0144 burmistrza Bochni z mieszka\u0144cami. Stefan Kolawi\u0144ski odwiedzi ka\u017cde z osiedli, przedstawiaj\u0105c swoje zamierzenia oraz wys\u0142uchuj\u0105c wniosk\u00f3w mieszka\u0144c\u00f3w. Harmonogram: 1. Os. Niepodleg\u0142o\u015bci &#8211; 18 wrze\u015bnia, godz. 17:00 &#8211; PSP nr 7 (Gimnazjum nr 2) 2. Os. Windakiewicza &#8211; 18 wrze\u015bnia, godz. 18:30 &#8211; PSP nr 7 (Gimnazjum nr 2) 3. Os.\" \/>\n<meta property=\"og:url\" content=\"https:\/\/www.mojabochnia.pl\/?p=178055\" \/>\n<meta property=\"og:site_name\" content=\"mojabochnia.pl - portal informacyjny\" \/>\n<meta property=\"article:publisher\" content=\"https:\/\/www.facebook.com\/mojabochnia\" \/>\n<meta property=\"article:published_time\" content=\"2017-09-18T14:41:26+00:00\" \/>\n<meta property=\"og:image\" content=\"https:\/\/www.mojabochnia.pl\/wp-content\/uploads\/2013\/09\/IMG_8433.jpg\" \/>\n\t<meta property=\"og:image:width\" content=\"800\" \/>\n\t<meta property=\"og:image:height\" content=\"450\" \/>\n\t<meta property=\"og:image:type\" content=\"image\/jpeg\" \/>\n<meta name=\"author\" content=\"redakcja\" \/>\n<meta name=\"twitter:card\" content=\"summary_large_image\" \/>\n<meta name=\"twitter:label1\" content=\"Written by\" \/>\n\t<meta name=\"twitter:data1\" content=\"redakcja\" \/>\n\t<meta name=\"twitter:label2\" content=\"Est. reading time\" \/>\n\t<meta name=\"twitter:data2\" content=\"1 minuta\" \/>\n<script type=\"application\/ld+json\" class=\"yoast-schema-graph\">{\"@context\":\"https:\/\/schema.org\",\"@graph\":[{\"@type\":\"Article\",\"@id\":\"https:\/\/www.mojabochnia.pl\/?p=178055#article\",\"isPartOf\":{\"@id\":\"https:\/\/www.mojabochnia.pl\/?p=178055\"},\"author\":{\"name\":\"redakcja\",\"@id\":\"https:\/\/www.mojabochnia.pl\/#\/schema\/person\/7e2f20ead9902216a3384f13606c0ab7\"},\"headline\":\"Rozpoczynaj\u0105 si\u0119 zebrania osiedlowe w Bochni &#8211; hamonogram\",\"datePublished\":\"2017-09-18T14:41:26+00:00\",\"mainEntityOfPage\":{\"@id\":\"https:\/\/www.mojabochnia.pl\/?p=178055\"},\"wordCount\":190,\"commentCount\":0,\"publisher\":{\"@id\":\"https:\/\/www.mojabochnia.pl\/#organization\"},\"image\":{\"@id\":\"https:\/\/www.mojabochnia.pl\/?p=178055#primaryimage\"},\"thumbnailUrl\":\"https:\/\/www.mojabochnia.pl\/wp-content\/uploads\/2013\/09\/IMG_8433.jpg\",\"keywords\":[\"burmistrz\",\"osiedle\",\"spotkanie\",\"zebranie osiedlowe\"],\"articleSection\":[\"2_ostatnie\",\"polityka i wydarzenia\",\"tematyka\"],\"inLanguage\":\"pl-PL\",\"potentialAction\":[{\"@type\":\"CommentAction\",\"name\":\"Comment\",\"target\":[\"https:\/\/www.mojabochnia.pl\/?p=178055#respond\"]}]},{\"@type\":\"WebPage\",\"@id\":\"https:\/\/www.mojabochnia.pl\/?p=178055\",\"url\":\"https:\/\/www.mojabochnia.pl\/?p=178055\",\"name\":\"Rozpoczynaj\u0105 si\u0119 zebrania osiedlowe w Bochni - hamonogram - mojabochnia.pl - portal informacyjny\",\"isPartOf\":{\"@id\":\"https:\/\/www.mojabochnia.pl\/#website\"},\"primaryImageOfPage\":{\"@id\":\"https:\/\/www.mojabochnia.pl\/?p=178055#primaryimage\"},\"image\":{\"@id\":\"https:\/\/www.mojabochnia.pl\/?p=178055#primaryimage\"},\"thumbnailUrl\":\"https:\/\/www.mojabochnia.pl\/wp-content\/uploads\/2013\/09\/IMG_8433.jpg\",\"datePublished\":\"2017-09-18T14:41:26+00:00\",\"breadcrumb\":{\"@id\":\"https:\/\/www.mojabochnia.pl\/?p=178055#breadcrumb\"},\"inLanguage\":\"pl-PL\",\"potentialAction\":[{\"@type\":\"ReadAction\",\"target\":[\"https:\/\/www.mojabochnia.pl\/?p=178055\"]}]},{\"@type\":\"ImageObject\",\"inLanguage\":\"pl-PL\",\"@id\":\"https:\/\/www.mojabochnia.pl\/?p=178055#primaryimage\",\"url\":\"https:\/\/www.mojabochnia.pl\/wp-content\/uploads\/2013\/09\/IMG_8433.jpg\",\"contentUrl\":\"https:\/\/www.mojabochnia.pl\/wp-content\/uploads\/2013\/09\/IMG_8433.jpg\",\"width\":800,\"height\":450,\"caption\":\"P. Michalczyk\"},{\"@type\":\"BreadcrumbList\",\"@id\":\"https:\/\/www.mojabochnia.pl\/?p=178055#breadcrumb\",\"itemListElement\":[{\"@type\":\"ListItem\",\"position\":1,\"name\":\"Home\",\"item\":\"https:\/\/www.mojabochnia.pl\/\"},{\"@type\":\"ListItem\",\"position\":2,\"name\":\"Rozpoczynaj\u0105 si\u0119 zebrania osiedlowe w Bochni &#8211; hamonogram\"}]},{\"@type\":\"WebSite\",\"@id\":\"https:\/\/www.mojabochnia.pl\/#website\",\"url\":\"https:\/\/www.mojabochnia.pl\/\",\"name\":\"mojabochnia.pl - portal informacyjny\",\"description\":\"mojaBochnia to portal informacyjny o Bochni. Codziennie o Bochni piszemy i pokazujemy najwa\u017cniejsze wydarzenia\",\"publisher\":{\"@id\":\"https:\/\/www.mojabochnia.pl\/#organization\"},\"potentialAction\":[{\"@type\":\"SearchAction\",\"target\":{\"@type\":\"EntryPoint\",\"urlTemplate\":\"https:\/\/www.mojabochnia.pl\/?s={search_term_string}\"},\"query-input\":{\"@type\":\"PropertyValueSpecification\",\"valueRequired\":true,\"valueName\":\"search_term_string\"}}],\"inLanguage\":\"pl-PL\"},{\"@type\":\"Organization\",\"@id\":\"https:\/\/www.mojabochnia.pl\/#organization\",\"name\":\"mojabochnia.pl - portal informacyjny\",\"url\":\"https:\/\/www.mojabochnia.pl\/\",\"logo\":{\"@type\":\"ImageObject\",\"inLanguage\":\"pl-PL\",\"@id\":\"https:\/\/www.mojabochnia.pl\/#\/schema\/logo\/image\/\",\"url\":\"https:\/\/www.mojabochnia.pl\/wp-content\/uploads\/2017\/08\/logo-mb-opt.png\",\"contentUrl\":\"https:\/\/www.mojabochnia.pl\/wp-content\/uploads\/2017\/08\/logo-mb-opt.png\",\"width\":250,\"height\":48,\"caption\":\"mojabochnia.pl - portal informacyjny\"},\"image\":{\"@id\":\"https:\/\/www.mojabochnia.pl\/#\/schema\/logo\/image\/\"},\"sameAs\":[\"https:\/\/www.facebook.com\/mojabochnia\"]},{\"@type\":\"Person\",\"@id\":\"https:\/\/www.mojabochnia.pl\/#\/schema\/person\/7e2f20ead9902216a3384f13606c0ab7\",\"name\":\"redakcja\",\"sameAs\":[\"http:\/\/\"],\"url\":\"https:\/\/www.mojabochnia.pl\/?author=13\"}]}<\/script>\n<!-- \/ Yoast SEO plugin. -->","yoast_head_json":{"title":"Rozpoczynaj\u0105 si\u0119 zebrania osiedlowe w Bochni - hamonogram - mojabochnia.pl - portal informacyjny","robots":{"index":"index","follow":"follow","max-snippet":"max-snippet:-1","max-image-preview":"max-image-preview:large","max-video-preview":"max-video-preview:-1"},"canonical":"https:\/\/www.mojabochnia.pl\/?p=178055","og_locale":"pl_PL","og_type":"article","og_title":"Rozpoczynaj\u0105 si\u0119 zebrania osiedlowe w Bochni - hamonogram - mojabochnia.pl - portal informacyjny","og_description":"Rozpoczyna si\u0119 cykl 14 spotka\u0144 burmistrza Bochni z mieszka\u0144cami. Stefan Kolawi\u0144ski odwiedzi ka\u017cde z osiedli, przedstawiaj\u0105c swoje zamierzenia oraz wys\u0142uchuj\u0105c wniosk\u00f3w mieszka\u0144c\u00f3w. Harmonogram: 1. Os. Niepodleg\u0142o\u015bci &#8211; 18 wrze\u015bnia, godz. 17:00 &#8211; PSP nr 7 (Gimnazjum nr 2) 2. Os. Windakiewicza &#8211; 18 wrze\u015bnia, godz. 18:30 &#8211; PSP nr 7 (Gimnazjum nr 2) 3. Os.","og_url":"https:\/\/www.mojabochnia.pl\/?p=178055","og_site_name":"mojabochnia.pl - portal informacyjny","article_publisher":"https:\/\/www.facebook.com\/mojabochnia","article_published_time":"2017-09-18T14:41:26+00:00","og_image":[{"width":800,"height":450,"url":"https:\/\/www.mojabochnia.pl\/wp-content\/uploads\/2013\/09\/IMG_8433.jpg","type":"image\/jpeg"}],"author":"redakcja","twitter_card":"summary_large_image","twitter_misc":{"Written by":"redakcja","Est. reading time":"1 minuta"},"schema":{"@context":"https:\/\/schema.org","@graph":[{"@type":"Article","@id":"https:\/\/www.mojabochnia.pl\/?p=178055#article","isPartOf":{"@id":"https:\/\/www.mojabochnia.pl\/?p=178055"},"author":{"name":"redakcja","@id":"https:\/\/www.mojabochnia.pl\/#\/schema\/person\/7e2f20ead9902216a3384f13606c0ab7"},"headline":"Rozpoczynaj\u0105 si\u0119 zebrania osiedlowe w Bochni &#8211; hamonogram","datePublished":"2017-09-18T14:41:26+00:00","mainEntityOfPage":{"@id":"https:\/\/www.mojabochnia.pl\/?p=178055"},"wordCount":190,"commentCount":0,"publisher":{"@id":"https:\/\/www.mojabochnia.pl\/#organization"},"image":{"@id":"https:\/\/www.mojabochnia.pl\/?p=178055#primaryimage"},"thumbnailUrl":"https:\/\/www.mojabochnia.pl\/wp-content\/uploads\/2013\/09\/IMG_8433.jpg","keywords":["burmistrz","osiedle","spotkanie","zebranie osiedlowe"],"articleSection":["2_ostatnie","polityka i wydarzenia","tematyka"],"inLanguage":"pl-PL","potentialAction":[{"@type":"CommentAction","name":"Comment","target":["https:\/\/www.mojabochnia.pl\/?p=178055#respond"]}]},{"@type":"WebPage","@id":"https:\/\/www.mojabochnia.pl\/?p=178055","url":"https:\/\/www.mojabochnia.pl\/?p=178055","name":"Rozpoczynaj\u0105 si\u0119 zebrania osiedlowe w Bochni - hamonogram - mojabochnia.pl - portal informacyjny","isPartOf":{"@id":"https:\/\/www.mojabochnia.pl\/#website"},"primaryImageOfPage":{"@id":"https:\/\/www.mojabochnia.pl\/?p=178055#primaryimage"},"image":{"@id":"https:\/\/www.mojabochnia.pl\/?p=178055#primaryimage"},"thumbnailUrl":"https:\/\/www.mojabochnia.pl\/wp-content\/uploads\/2013\/09\/IMG_8433.jpg","datePublished":"2017-09-18T14:41:26+00:00","breadcrumb":{"@id":"https:\/\/www.mojabochnia.pl\/?p=178055#breadcrumb"},"inLanguage":"pl-PL","potentialAction":[{"@type":"ReadAction","target":["https:\/\/www.mojabochnia.pl\/?p=178055"]}]},{"@type":"ImageObject","inLanguage":"pl-PL","@id":"https:\/\/www.mojabochnia.pl\/?p=178055#primaryimage","url":"https:\/\/www.mojabochnia.pl\/wp-content\/uploads\/2013\/09\/IMG_8433.jpg","contentUrl":"https:\/\/www.mojabochnia.pl\/wp-content\/uploads\/2013\/09\/IMG_8433.jpg","width":800,"height":450,"caption":"P. Michalczyk"},{"@type":"BreadcrumbList","@id":"https:\/\/www.mojabochnia.pl\/?p=178055#breadcrumb","itemListElement":[{"@type":"ListItem","position":1,"name":"Home","item":"https:\/\/www.mojabochnia.pl\/"},{"@type":"ListItem","position":2,"name":"Rozpoczynaj\u0105 si\u0119 zebrania osiedlowe w Bochni &#8211; hamonogram"}]},{"@type":"WebSite","@id":"https:\/\/www.mojabochnia.pl\/#website","url":"https:\/\/www.mojabochnia.pl\/","name":"mojabochnia.pl - portal informacyjny","description":"mojaBochnia to portal informacyjny o Bochni. Codziennie o Bochni piszemy i pokazujemy najwa\u017cniejsze wydarzenia","publisher":{"@id":"https:\/\/www.mojabochnia.pl\/#organization"},"potentialAction":[{"@type":"SearchAction","target":{"@type":"EntryPoint","urlTemplate":"https:\/\/www.mojabochnia.pl\/?s={search_term_string}"},"query-input":{"@type":"PropertyValueSpecification","valueRequired":true,"valueName":"search_term_string"}}],"inLanguage":"pl-PL"},{"@type":"Organization","@id":"https:\/\/www.mojabochnia.pl\/#organization","name":"mojabochnia.pl - portal informacyjny","url":"https:\/\/www.mojabochnia.pl\/","logo":{"@type":"ImageObject","inLanguage":"pl-PL","@id":"https:\/\/www.mojabochnia.pl\/#\/schema\/logo\/image\/","url":"https:\/\/www.mojabochnia.pl\/wp-content\/uploads\/2017\/08\/logo-mb-opt.png","contentUrl":"https:\/\/www.mojabochnia.pl\/wp-content\/uploads\/2017\/08\/logo-mb-opt.png","width":250,"height":48,"caption":"mojabochnia.pl - portal informacyjny"},"image":{"@id":"https:\/\/www.mojabochnia.pl\/#\/schema\/logo\/image\/"},"sameAs":["https:\/\/www.facebook.com\/mojabochnia"]},{"@type":"Person","@id":"https:\/\/www.mojabochnia.pl\/#\/schema\/person\/7e2f20ead9902216a3384f13606c0ab7","name":"redakcja","sameAs":["http:\/\/"],"url":"https:\/\/www.mojabochnia.pl\/?author=13"}]}},"_links":{"self":[{"href":"https:\/\/www.mojabochnia.pl\/index.php?rest_route=\/wp\/v2\/posts\/178055","targetHints":{"allow":["GET"]}}],"collection":[{"href":"https:\/\/www.mojabochnia.pl\/index.php?rest_route=\/wp\/v2\/posts"}],"about":[{"href":"https:\/\/www.mojabochnia.pl\/index.php?rest_route=\/wp\/v2\/types\/post"}],"author":[{"embeddable":true,"href":"https:\/\/www.mojabochnia.pl\/index.php?rest_route=\/wp\/v2\/users\/13"}],"replies":[{"embeddable":true,"href":"https:\/\/www.mojabochnia.pl\/index.php?rest_route=%2Fwp%2Fv2%2Fcomments&post=178055"}],"version-history":[{"count":1,"href":"https:\/\/www.mojabochnia.pl\/index.php?rest_route=\/wp\/v2\/posts\/178055\/revisions"}],"predecessor-version":[{"id":178057,"href":"https:\/\/www.mojabochnia.pl\/index.php?rest_route=\/wp\/v2\/posts\/178055\/revisions\/178057"}],"wp:featuredmedia":[{"embeddable":true,"href":"https:\/\/www.mojabochnia.pl\/index.php?rest_route=\/wp\/v2\/media\/96806"}],"wp:attachment":[{"href":"https:\/\/www.mojabochnia.pl\/index.php?rest_route=%2Fwp%2Fv2%2Fmedia&parent=178055"}],"wp:term":[{"taxonomy":"category","embeddable":true,"href":"https:\/\/www.mojabochnia.pl\/index.php?rest_route=%2Fwp%2Fv2%2Fcategories&post=178055"},{"taxonomy":"post_tag","embeddable":true,"href":"https:\/\/www.mojabochnia.pl\/index.php?rest_route=%2Fwp%2Fv2%2Ftags&post=178055"}],"curies":[{"name":"wp","href":"https:\/\/api.w.org\/{rel}","templated":true}]}}