{"id":178046,"date":"2017-09-18T10:08:16","date_gmt":"2017-09-18T08:08:16","guid":{"rendered":"https:\/\/www.mojabochnia.pl\/?p=178046"},"modified":"2017-09-18T10:08:16","modified_gmt":"2017-09-18T08:08:16","slug":"podrozuj-po-bochni-rowerem-dostaniesz-bezplatna-kawe","status":"publish","type":"post","link":"https:\/\/www.mojabochnia.pl\/?p=178046","title":{"rendered":"Podr\u00f3\u017cuj po Bochni rowerem \u2013 dostaniesz bezp\u0142atn\u0105 kaw\u0119"},"content":{"rendered":"<p><strong>W ramach Europejskiego Tygodnia Zr\u00f3wnowa\u017conego Transportu Wydzia\u0142 Promocji i Rozwoju Miasta wraz z boche\u0144skimi przedsi\u0119biorcami przygotowa\u0142 zach\u0119t\u0119 dla u\u017cytkownik\u00f3w dw\u00f3ch k\u00f3\u0142ek.<\/strong><\/p>\n<p>Dla pierwszych 100 os\u00f3b kt\u00f3re odwiedz\u0105 wybrane miejsca czeka\u0107 b\u0119dzie pyszna kawa. Do wyboru b\u0119dzie czarna oraz bia\u0142a. Przed lokalami serwuj\u0105cymi kaw\u0119 zostan\u0105 ustawione specjalne stojaki rowerowe.<\/p>\n<p>Przez najbli\u017cszy tydzie\u0144 boche\u0144ski rowerowy szlak kawowy b\u0119dzie wygl\u0105da\u0142 nast\u0119puj\u0105co:<\/p>\n<p><strong>Poniedzia\u0142ek, 18 wrze\u015bnia<\/strong><br \/>\nRestauracja Grota (11:00-19:00)<\/p>\n<p><strong>Wtorek, 19 wrze\u015bnia <\/strong><br \/>\nMa\u0142a Czarna Bistro (16:00-24:00)<\/p>\n<p><strong>\u015aroda, 20 wrze\u015bnia<\/strong><br \/>\nMa\u0142a Czarna Bistro (16:00-24:00)<\/p>\n<p><strong>Czwartek, 21 wrze\u015bnia<\/strong><br \/>\nIntermarche Bochnia (7:00-21:00)<\/p>\n<p><strong>Pi\u0105tek, 22 wrze\u015bnia<\/strong><br \/>\nRestauracja Kasztelania (12:00-21:00)<\/p>\n<p>Wszyscy Przedsi\u0119biorcy w\u0142\u0105czaj\u0105cy si\u0119 w t\u0119 akcj\u0119 postanowili sami sfinansowa\u0107 serwowane przez siebie kawy.<\/p>\n","protected":false},"excerpt":{"rendered":"<p>W ramach Europejskiego Tygodnia Zr\u00f3wnowa\u017conego Transportu Wydzia\u0142 Promocji i Rozwoju Miasta wraz z boche\u0144skimi przedsi\u0119biorcami przygotowa\u0142 zach\u0119t\u0119 dla u\u017cytkownik\u00f3w dw\u00f3ch k\u00f3\u0142ek. Dla pierwszych 100 os\u00f3b kt\u00f3re odwiedz\u0105 wybrane miejsca czeka\u0107 b\u0119dzie pyszna kawa. Do wyboru b\u0119dzie czarna oraz bia\u0142a. Przed lokalami serwuj\u0105cymi kaw\u0119 zostan\u0105 ustawione specjalne stojaki rowerowe. Przez najbli\u017cszy tydzie\u0144 boche\u0144ski rowerowy szlak kawowy<\/p>\n","protected":false},"author":13,"featured_media":178048,"comment_status":"open","ping_status":"closed","sticky":false,"template":"","format":"standard","meta":{"_acf_changed":false,"footnotes":""},"categories":[5,6251,6250],"tags":[17487,17179,17614,17205],"class_list":["post-178046","post","type-post","status-publish","format-standard","has-post-thumbnail","hentry","category-biezace-wydarzenia","category-polityka-i-wydarzenia","category-tematyka","tag-kawa","tag-rower","tag-transport","tag-turystyka","main_tag-rower"],"acf":[],"yoast_head":"<!-- This site is optimized with the Yoast SEO plugin v26.9 - https:\/\/yoast.com\/product\/yoast-seo-wordpress\/ -->\n<title>Podr\u00f3\u017cuj po Bochni rowerem \u2013 dostaniesz bezp\u0142atn\u0105 kaw\u0119 - mojabochnia.pl - portal informacyjny<\/title>\n<meta name=\"robots\" content=\"index, follow, max-snippet:-1, max-image-preview:large, max-video-preview:-1\" \/>\n<link rel=\"canonical\" href=\"https:\/\/www.mojabochnia.pl\/?p=178046\" \/>\n<meta property=\"og:locale\" content=\"pl_PL\" \/>\n<meta property=\"og:type\" content=\"article\" \/>\n<meta property=\"og:title\" content=\"Podr\u00f3\u017cuj po Bochni rowerem \u2013 dostaniesz bezp\u0142atn\u0105 kaw\u0119 - mojabochnia.pl - portal informacyjny\" \/>\n<meta property=\"og:description\" content=\"W ramach Europejskiego Tygodnia Zr\u00f3wnowa\u017conego Transportu Wydzia\u0142 Promocji i Rozwoju Miasta wraz z boche\u0144skimi przedsi\u0119biorcami przygotowa\u0142 zach\u0119t\u0119 dla u\u017cytkownik\u00f3w dw\u00f3ch k\u00f3\u0142ek. Dla pierwszych 100 os\u00f3b kt\u00f3re odwiedz\u0105 wybrane miejsca czeka\u0107 b\u0119dzie pyszna kawa. Do wyboru b\u0119dzie czarna oraz bia\u0142a. Przed lokalami serwuj\u0105cymi kaw\u0119 zostan\u0105 ustawione specjalne stojaki rowerowe. Przez najbli\u017cszy tydzie\u0144 boche\u0144ski rowerowy szlak kawowy\" \/>\n<meta property=\"og:url\" content=\"https:\/\/www.mojabochnia.pl\/?p=178046\" \/>\n<meta property=\"og:site_name\" content=\"mojabochnia.pl - portal informacyjny\" \/>\n<meta property=\"article:publisher\" content=\"https:\/\/www.facebook.com\/mojabochnia\" \/>\n<meta property=\"article:published_time\" content=\"2017-09-18T08:08:16+00:00\" \/>\n<meta property=\"og:image\" content=\"https:\/\/www.mojabochnia.pl\/wp-content\/uploads\/2017\/09\/ETZT-Bochnia-3.jpg\" \/>\n\t<meta property=\"og:image:width\" content=\"2048\" \/>\n\t<meta property=\"og:image:height\" content=\"1024\" \/>\n\t<meta property=\"og:image:type\" content=\"image\/jpeg\" \/>\n<meta name=\"author\" content=\"redakcja\" \/>\n<meta name=\"twitter:card\" content=\"summary_large_image\" \/>\n<meta name=\"twitter:label1\" content=\"Written by\" \/>\n\t<meta name=\"twitter:data1\" content=\"redakcja\" \/>\n\t<meta name=\"twitter:label2\" content=\"Est. reading time\" \/>\n\t<meta name=\"twitter:data2\" content=\"1 minuta\" \/>\n<script type=\"application\/ld+json\" class=\"yoast-schema-graph\">{\"@context\":\"https:\/\/schema.org\",\"@graph\":[{\"@type\":\"Article\",\"@id\":\"https:\/\/www.mojabochnia.pl\/?p=178046#article\",\"isPartOf\":{\"@id\":\"https:\/\/www.mojabochnia.pl\/?p=178046\"},\"author\":{\"name\":\"redakcja\",\"@id\":\"https:\/\/www.mojabochnia.pl\/#\/schema\/person\/7e2f20ead9902216a3384f13606c0ab7\"},\"headline\":\"Podr\u00f3\u017cuj po Bochni rowerem \u2013 dostaniesz bezp\u0142atn\u0105 kaw\u0119\",\"datePublished\":\"2017-09-18T08:08:16+00:00\",\"mainEntityOfPage\":{\"@id\":\"https:\/\/www.mojabochnia.pl\/?p=178046\"},\"wordCount\":140,\"commentCount\":0,\"publisher\":{\"@id\":\"https:\/\/www.mojabochnia.pl\/#organization\"},\"image\":{\"@id\":\"https:\/\/www.mojabochnia.pl\/?p=178046#primaryimage\"},\"thumbnailUrl\":\"https:\/\/www.mojabochnia.pl\/wp-content\/uploads\/2017\/09\/ETZT-Bochnia-3.jpg\",\"keywords\":[\"kawa\",\"rower\",\"transport\",\"turystyka\"],\"articleSection\":[\"2_ostatnie\",\"polityka i wydarzenia\",\"tematyka\"],\"inLanguage\":\"pl-PL\",\"potentialAction\":[{\"@type\":\"CommentAction\",\"name\":\"Comment\",\"target\":[\"https:\/\/www.mojabochnia.pl\/?p=178046#respond\"]}]},{\"@type\":\"WebPage\",\"@id\":\"https:\/\/www.mojabochnia.pl\/?p=178046\",\"url\":\"https:\/\/www.mojabochnia.pl\/?p=178046\",\"name\":\"Podr\u00f3\u017cuj po Bochni rowerem \u2013 dostaniesz bezp\u0142atn\u0105 kaw\u0119 - mojabochnia.pl - portal informacyjny\",\"isPartOf\":{\"@id\":\"https:\/\/www.mojabochnia.pl\/#website\"},\"primaryImageOfPage\":{\"@id\":\"https:\/\/www.mojabochnia.pl\/?p=178046#primaryimage\"},\"image\":{\"@id\":\"https:\/\/www.mojabochnia.pl\/?p=178046#primaryimage\"},\"thumbnailUrl\":\"https:\/\/www.mojabochnia.pl\/wp-content\/uploads\/2017\/09\/ETZT-Bochnia-3.jpg\",\"datePublished\":\"2017-09-18T08:08:16+00:00\",\"breadcrumb\":{\"@id\":\"https:\/\/www.mojabochnia.pl\/?p=178046#breadcrumb\"},\"inLanguage\":\"pl-PL\",\"potentialAction\":[{\"@type\":\"ReadAction\",\"target\":[\"https:\/\/www.mojabochnia.pl\/?p=178046\"]}]},{\"@type\":\"ImageObject\",\"inLanguage\":\"pl-PL\",\"@id\":\"https:\/\/www.mojabochnia.pl\/?p=178046#primaryimage\",\"url\":\"https:\/\/www.mojabochnia.pl\/wp-content\/uploads\/2017\/09\/ETZT-Bochnia-3.jpg\",\"contentUrl\":\"https:\/\/www.mojabochnia.pl\/wp-content\/uploads\/2017\/09\/ETZT-Bochnia-3.jpg\",\"width\":2048,\"height\":1024},{\"@type\":\"BreadcrumbList\",\"@id\":\"https:\/\/www.mojabochnia.pl\/?p=178046#breadcrumb\",\"itemListElement\":[{\"@type\":\"ListItem\",\"position\":1,\"name\":\"Home\",\"item\":\"https:\/\/www.mojabochnia.pl\/\"},{\"@type\":\"ListItem\",\"position\":2,\"name\":\"Podr\u00f3\u017cuj po Bochni rowerem \u2013 dostaniesz bezp\u0142atn\u0105 kaw\u0119\"}]},{\"@type\":\"WebSite\",\"@id\":\"https:\/\/www.mojabochnia.pl\/#website\",\"url\":\"https:\/\/www.mojabochnia.pl\/\",\"name\":\"mojabochnia.pl - portal informacyjny\",\"description\":\"mojaBochnia to portal informacyjny o Bochni. Codziennie o Bochni piszemy i pokazujemy najwa\u017cniejsze wydarzenia\",\"publisher\":{\"@id\":\"https:\/\/www.mojabochnia.pl\/#organization\"},\"potentialAction\":[{\"@type\":\"SearchAction\",\"target\":{\"@type\":\"EntryPoint\",\"urlTemplate\":\"https:\/\/www.mojabochnia.pl\/?s={search_term_string}\"},\"query-input\":{\"@type\":\"PropertyValueSpecification\",\"valueRequired\":true,\"valueName\":\"search_term_string\"}}],\"inLanguage\":\"pl-PL\"},{\"@type\":\"Organization\",\"@id\":\"https:\/\/www.mojabochnia.pl\/#organization\",\"name\":\"mojabochnia.pl - portal informacyjny\",\"url\":\"https:\/\/www.mojabochnia.pl\/\",\"logo\":{\"@type\":\"ImageObject\",\"inLanguage\":\"pl-PL\",\"@id\":\"https:\/\/www.mojabochnia.pl\/#\/schema\/logo\/image\/\",\"url\":\"https:\/\/www.mojabochnia.pl\/wp-content\/uploads\/2017\/08\/logo-mb-opt.png\",\"contentUrl\":\"https:\/\/www.mojabochnia.pl\/wp-content\/uploads\/2017\/08\/logo-mb-opt.png\",\"width\":250,\"height\":48,\"caption\":\"mojabochnia.pl - portal informacyjny\"},\"image\":{\"@id\":\"https:\/\/www.mojabochnia.pl\/#\/schema\/logo\/image\/\"},\"sameAs\":[\"https:\/\/www.facebook.com\/mojabochnia\"]},{\"@type\":\"Person\",\"@id\":\"https:\/\/www.mojabochnia.pl\/#\/schema\/person\/7e2f20ead9902216a3384f13606c0ab7\",\"name\":\"redakcja\",\"sameAs\":[\"http:\/\/\"],\"url\":\"https:\/\/www.mojabochnia.pl\/?author=13\"}]}<\/script>\n<!-- \/ Yoast SEO plugin. -->","yoast_head_json":{"title":"Podr\u00f3\u017cuj po Bochni rowerem \u2013 dostaniesz bezp\u0142atn\u0105 kaw\u0119 - mojabochnia.pl - portal informacyjny","robots":{"index":"index","follow":"follow","max-snippet":"max-snippet:-1","max-image-preview":"max-image-preview:large","max-video-preview":"max-video-preview:-1"},"canonical":"https:\/\/www.mojabochnia.pl\/?p=178046","og_locale":"pl_PL","og_type":"article","og_title":"Podr\u00f3\u017cuj po Bochni rowerem \u2013 dostaniesz bezp\u0142atn\u0105 kaw\u0119 - mojabochnia.pl - portal informacyjny","og_description":"W ramach Europejskiego Tygodnia Zr\u00f3wnowa\u017conego Transportu Wydzia\u0142 Promocji i Rozwoju Miasta wraz z boche\u0144skimi przedsi\u0119biorcami przygotowa\u0142 zach\u0119t\u0119 dla u\u017cytkownik\u00f3w dw\u00f3ch k\u00f3\u0142ek. Dla pierwszych 100 os\u00f3b kt\u00f3re odwiedz\u0105 wybrane miejsca czeka\u0107 b\u0119dzie pyszna kawa. Do wyboru b\u0119dzie czarna oraz bia\u0142a. Przed lokalami serwuj\u0105cymi kaw\u0119 zostan\u0105 ustawione specjalne stojaki rowerowe. Przez najbli\u017cszy tydzie\u0144 boche\u0144ski rowerowy szlak kawowy","og_url":"https:\/\/www.mojabochnia.pl\/?p=178046","og_site_name":"mojabochnia.pl - portal informacyjny","article_publisher":"https:\/\/www.facebook.com\/mojabochnia","article_published_time":"2017-09-18T08:08:16+00:00","og_image":[{"width":2048,"height":1024,"url":"https:\/\/www.mojabochnia.pl\/wp-content\/uploads\/2017\/09\/ETZT-Bochnia-3.jpg","type":"image\/jpeg"}],"author":"redakcja","twitter_card":"summary_large_image","twitter_misc":{"Written by":"redakcja","Est. reading time":"1 minuta"},"schema":{"@context":"https:\/\/schema.org","@graph":[{"@type":"Article","@id":"https:\/\/www.mojabochnia.pl\/?p=178046#article","isPartOf":{"@id":"https:\/\/www.mojabochnia.pl\/?p=178046"},"author":{"name":"redakcja","@id":"https:\/\/www.mojabochnia.pl\/#\/schema\/person\/7e2f20ead9902216a3384f13606c0ab7"},"headline":"Podr\u00f3\u017cuj po Bochni rowerem \u2013 dostaniesz bezp\u0142atn\u0105 kaw\u0119","datePublished":"2017-09-18T08:08:16+00:00","mainEntityOfPage":{"@id":"https:\/\/www.mojabochnia.pl\/?p=178046"},"wordCount":140,"commentCount":0,"publisher":{"@id":"https:\/\/www.mojabochnia.pl\/#organization"},"image":{"@id":"https:\/\/www.mojabochnia.pl\/?p=178046#primaryimage"},"thumbnailUrl":"https:\/\/www.mojabochnia.pl\/wp-content\/uploads\/2017\/09\/ETZT-Bochnia-3.jpg","keywords":["kawa","rower","transport","turystyka"],"articleSection":["2_ostatnie","polityka i wydarzenia","tematyka"],"inLanguage":"pl-PL","potentialAction":[{"@type":"CommentAction","name":"Comment","target":["https:\/\/www.mojabochnia.pl\/?p=178046#respond"]}]},{"@type":"WebPage","@id":"https:\/\/www.mojabochnia.pl\/?p=178046","url":"https:\/\/www.mojabochnia.pl\/?p=178046","name":"Podr\u00f3\u017cuj po Bochni rowerem \u2013 dostaniesz bezp\u0142atn\u0105 kaw\u0119 - mojabochnia.pl - portal informacyjny","isPartOf":{"@id":"https:\/\/www.mojabochnia.pl\/#website"},"primaryImageOfPage":{"@id":"https:\/\/www.mojabochnia.pl\/?p=178046#primaryimage"},"image":{"@id":"https:\/\/www.mojabochnia.pl\/?p=178046#primaryimage"},"thumbnailUrl":"https:\/\/www.mojabochnia.pl\/wp-content\/uploads\/2017\/09\/ETZT-Bochnia-3.jpg","datePublished":"2017-09-18T08:08:16+00:00","breadcrumb":{"@id":"https:\/\/www.mojabochnia.pl\/?p=178046#breadcrumb"},"inLanguage":"pl-PL","potentialAction":[{"@type":"ReadAction","target":["https:\/\/www.mojabochnia.pl\/?p=178046"]}]},{"@type":"ImageObject","inLanguage":"pl-PL","@id":"https:\/\/www.mojabochnia.pl\/?p=178046#primaryimage","url":"https:\/\/www.mojabochnia.pl\/wp-content\/uploads\/2017\/09\/ETZT-Bochnia-3.jpg","contentUrl":"https:\/\/www.mojabochnia.pl\/wp-content\/uploads\/2017\/09\/ETZT-Bochnia-3.jpg","width":2048,"height":1024},{"@type":"BreadcrumbList","@id":"https:\/\/www.mojabochnia.pl\/?p=178046#breadcrumb","itemListElement":[{"@type":"ListItem","position":1,"name":"Home","item":"https:\/\/www.mojabochnia.pl\/"},{"@type":"ListItem","position":2,"name":"Podr\u00f3\u017cuj po Bochni rowerem \u2013 dostaniesz bezp\u0142atn\u0105 kaw\u0119"}]},{"@type":"WebSite","@id":"https:\/\/www.mojabochnia.pl\/#website","url":"https:\/\/www.mojabochnia.pl\/","name":"mojabochnia.pl - portal informacyjny","description":"mojaBochnia to portal informacyjny o Bochni. Codziennie o Bochni piszemy i pokazujemy najwa\u017cniejsze wydarzenia","publisher":{"@id":"https:\/\/www.mojabochnia.pl\/#organization"},"potentialAction":[{"@type":"SearchAction","target":{"@type":"EntryPoint","urlTemplate":"https:\/\/www.mojabochnia.pl\/?s={search_term_string}"},"query-input":{"@type":"PropertyValueSpecification","valueRequired":true,"valueName":"search_term_string"}}],"inLanguage":"pl-PL"},{"@type":"Organization","@id":"https:\/\/www.mojabochnia.pl\/#organization","name":"mojabochnia.pl - portal informacyjny","url":"https:\/\/www.mojabochnia.pl\/","logo":{"@type":"ImageObject","inLanguage":"pl-PL","@id":"https:\/\/www.mojabochnia.pl\/#\/schema\/logo\/image\/","url":"https:\/\/www.mojabochnia.pl\/wp-content\/uploads\/2017\/08\/logo-mb-opt.png","contentUrl":"https:\/\/www.mojabochnia.pl\/wp-content\/uploads\/2017\/08\/logo-mb-opt.png","width":250,"height":48,"caption":"mojabochnia.pl - portal informacyjny"},"image":{"@id":"https:\/\/www.mojabochnia.pl\/#\/schema\/logo\/image\/"},"sameAs":["https:\/\/www.facebook.com\/mojabochnia"]},{"@type":"Person","@id":"https:\/\/www.mojabochnia.pl\/#\/schema\/person\/7e2f20ead9902216a3384f13606c0ab7","name":"redakcja","sameAs":["http:\/\/"],"url":"https:\/\/www.mojabochnia.pl\/?author=13"}]}},"_links":{"self":[{"href":"https:\/\/www.mojabochnia.pl\/index.php?rest_route=\/wp\/v2\/posts\/178046","targetHints":{"allow":["GET"]}}],"collection":[{"href":"https:\/\/www.mojabochnia.pl\/index.php?rest_route=\/wp\/v2\/posts"}],"about":[{"href":"https:\/\/www.mojabochnia.pl\/index.php?rest_route=\/wp\/v2\/types\/post"}],"author":[{"embeddable":true,"href":"https:\/\/www.mojabochnia.pl\/index.php?rest_route=\/wp\/v2\/users\/13"}],"replies":[{"embeddable":true,"href":"https:\/\/www.mojabochnia.pl\/index.php?rest_route=%2Fwp%2Fv2%2Fcomments&post=178046"}],"version-history":[{"count":1,"href":"https:\/\/www.mojabochnia.pl\/index.php?rest_route=\/wp\/v2\/posts\/178046\/revisions"}],"predecessor-version":[{"id":178049,"href":"https:\/\/www.mojabochnia.pl\/index.php?rest_route=\/wp\/v2\/posts\/178046\/revisions\/178049"}],"wp:featuredmedia":[{"embeddable":true,"href":"https:\/\/www.mojabochnia.pl\/index.php?rest_route=\/wp\/v2\/media\/178048"}],"wp:attachment":[{"href":"https:\/\/www.mojabochnia.pl\/index.php?rest_route=%2Fwp%2Fv2%2Fmedia&parent=178046"}],"wp:term":[{"taxonomy":"category","embeddable":true,"href":"https:\/\/www.mojabochnia.pl\/index.php?rest_route=%2Fwp%2Fv2%2Fcategories&post=178046"},{"taxonomy":"post_tag","embeddable":true,"href":"https:\/\/www.mojabochnia.pl\/index.php?rest_route=%2Fwp%2Fv2%2Ftags&post=178046"}],"curies":[{"name":"wp","href":"https:\/\/api.w.org\/{rel}","templated":true}]}}