{"id":177966,"date":"2017-09-16T09:07:55","date_gmt":"2017-09-16T07:07:55","guid":{"rendered":"https:\/\/www.mojabochnia.pl\/?p=177966"},"modified":"2017-09-15T09:11:15","modified_gmt":"2017-09-15T07:11:15","slug":"wtorek-malarstwo-jozefa-mularczyka-w-bibliotece","status":"publish","type":"post","link":"https:\/\/www.mojabochnia.pl\/?p=177966","title":{"rendered":"Wtorek: malarstwo J\u00f3zefa Mularczyka w Bibliotece"},"content":{"rendered":"<p><strong>Powiatowa i Miejska Biblioteka Publiczna w Bochni zaprasza na LXVI Salon Artystyczno-Literacki i otwarcie wystawy \u201ePocz\u0105tki\u201d czyli 101 akwareli J\u00f3zefa Mularczyka, 19 wrze\u015bnia o godz. 18.00, sala klubu Biblioteki.<\/strong><\/p>\n<p>Od 25 lat w Powiatowej i Miejskiej Bibliotece Publicznej w Bochni odbywaj\u0105 si\u0119 Salony Artystyczno- Literackie &#8211; uroczyste wernisa\u017ce po\u0142\u0105czone z prezentacj\u0105 poezji i muzyki. Ich pomys\u0142odawc\u0105 i inicjatorem by\u0142 znany artysta J\u00f3zef Mularczyk, on  te\u017c by\u0142 gospodarzem pierwszych Salon\u00f3w. Gdyby \u017cy\u0142 obchodzi\u0142 by w tym roku 101 urodziny. Chc\u0105c przypomnie\u0107 tego niezwyk\u0142ego tw\u00f3rc\u0119 zapraszamy do obejrzenia wystawy \u201ePocz\u0105tki\u201d czyli akwarele J\u00f3zefa Mularczyka.<br \/>\nJ\u00f3zef Mularczyk jako 14-latek ju\u017c pi\u0119knie malowa\u0142! Do dzi\u015b przetrwa\u0142y male\u0144kie akwarele malowane w szkicownikach i na zwyk\u0142ych kartkach z uczniowskiego zeszytu. Artysta w\u0119druj\u0105c po Polsce utrwala\u0142 na ma\u0142ych obrazkach pi\u0119kno ojczystego krajobrazu i architektury. Szczeg\u00f3lnie cenne s\u0105 pejza\u017ce z Huculszczyzny i Ma\u0142opolski, bo do dzisiaj te krajobrazy bardzo si\u0119 zmieni\u0142y a wiele obiekt\u00f3w nie istnieje. Wi\u0119kszo\u015b\u0107 prac powsta\u0142a w latach 1930 &#8211; 1934. Na ich podstawie artysta w latach p\u00f3\u017aniejszych cz\u0119sto malowa\u0142 obrazy olejne.<\/p>\n<p><a onclick=\"javascript:pageTracker._trackPageview('\/downloads\/wp-content\/uploads\/2017\/09\/ZAPROSZENIE-J.-MULARCZYK.jpg');\"  href=\"https:\/\/www.mojabochnia.pl\/wp-content\/uploads\/2017\/09\/ZAPROSZENIE-J.-MULARCZYK.jpg\"><img loading=\"lazy\" decoding=\"async\" src=\"https:\/\/www.mojabochnia.pl\/wp-content\/uploads\/2017\/09\/ZAPROSZENIE-J.-MULARCZYK-468x686.jpg\" alt=\"\" width=\"468\" height=\"686\" class=\"alignnone size-medium wp-image-177968\" srcset=\"https:\/\/www.mojabochnia.pl\/wp-content\/uploads\/2017\/09\/ZAPROSZENIE-J.-MULARCZYK-468x686.jpg 468w, https:\/\/www.mojabochnia.pl\/wp-content\/uploads\/2017\/09\/ZAPROSZENIE-J.-MULARCZYK-120x176.jpg 120w, https:\/\/www.mojabochnia.pl\/wp-content\/uploads\/2017\/09\/ZAPROSZENIE-J.-MULARCZYK-660x968.jpg 660w, https:\/\/www.mojabochnia.pl\/wp-content\/uploads\/2017\/09\/ZAPROSZENIE-J.-MULARCZYK.jpg 682w\" sizes=\"auto, (max-width: 468px) 100vw, 468px\" \/><\/a><\/p>\n<p>Tylko kilka akwareli by\u0142o pokazanych na jubileuszowej wystawie J\u00f3zefa Mularczyka w 2006 r., w boche\u0144skim Muzeum, wi\u0119kszo\u015b\u0107 prezentowana jest po raz pierwszy. Z setek stworzonych przez artyst\u0119 akwareli przetrwa\u0142o ponad 170.  Na wystawach pokazywane s\u0105 ich kopie, gdy\u017c stan techniczny i ma\u0142e rozmiary orygina\u0142\u00f3w nie pozwalaj\u0105 na eksponowanie. Niekt\u00f3re akwarele zosta\u0142y powi\u0119kszone, ale nie wi\u0119cej ni\u017c 40%. <\/p>\n<p>J\u00f3zef Mularczyk (1916 \u2013 2009) by\u0142 artyst\u0105 o wielu talentach: malarzem, rze\u017abiarzem, skrzypkiem, tw\u00f3rc\u0105 instrument\u00f3w muzycznych, dekoracji teatralnych i mebli artystycznych. Absolwentem Wydzia\u0142u Malarstwa krakowskiej Akademii Sztuk Pi\u0119knych w pracowniach W\u0142adys\u0142awa Jarockiego i Fryderyka Pautscha. Liczne zmiany miejsca zamieszkania i podr\u00f3\u017ce spowodowa\u0142y, \u017ce pozna\u0142 ca\u0142\u0105 Polsk\u0119 i pi\u0119kno jej krajobrazu uwiecznia\u0142 na obrazach, g\u0142\u00f3wnie olejnych, przez ca\u0142e \u017cycie. Mieszkaj\u0105c w L\u0119borku tematem prac czyni\u0142 morze, po przeprowadzce do Zakopanego nie opar\u0142 si\u0119 urokowi Tatr. W 1974 r. zamieszka\u0142 w Bochni, namalowa\u0142 wiele obraz\u00f3w po\u015bwi\u0119conych miastu i jego okolicom. Nie unika\u0142 r\u00f3wnie\u017c utrwalania ludzi maluj\u0105c ich portrety. Pod koniec \u017cycia nie malowa\u0142 ju\u017c w plenerze lecz tworzy\u0142 \u201ez pami\u0119ci\u201d \u2013 niezwykle wiernie oddaj\u0105c kolorystyk\u0119, nastr\u00f3j i detale krajobrazu.<\/p>\n<p>Otwarcie wystawy u\u015bwietni wyst\u0119p Izabeli Szyma\u0144skiej-Skrukwy (fortepian) oraz Julii Suchojad i Jakuba Adamczyka (uczni\u00f3w klasy skrzypiec mgr Ewy Olejniczak Pa\u0144stwowej Szko\u0142y Muzycznej II Stopnia w Bochni).  Wystaw\u0119 mo\u017cna ogl\u0105da\u0107 do grudnia 2017 r. w godzinach pracy Biblioteki.<\/p>\n","protected":false},"excerpt":{"rendered":"<p>Powiatowa i Miejska Biblioteka Publiczna w Bochni zaprasza na LXVI Salon Artystyczno-Literacki i otwarcie wystawy \u201ePocz\u0105tki\u201d czyli 101 akwareli J\u00f3zefa Mularczyka, 19 wrze\u015bnia o godz. 18.00, sala klubu Biblioteki. Od 25 lat w Powiatowej i Miejskiej Bibliotece Publicznej w Bochni odbywaj\u0105 si\u0119 Salony Artystyczno- Literackie &#8211; uroczyste wernisa\u017ce po\u0142\u0105czone z prezentacj\u0105 poezji i muzyki. Ich<\/p>\n","protected":false},"author":13,"featured_media":172457,"comment_status":"open","ping_status":"closed","sticky":false,"template":"","format":"standard","meta":{"_acf_changed":false,"footnotes":""},"categories":[5,92,6250],"tags":[17162,9085,669,17157],"class_list":["post-177966","post","type-post","status-publish","format-standard","has-post-thumbnail","hentry","category-biezace-wydarzenia","category-kultura","category-tematyka","tag-biblioteka","tag-jozef-mularczyk","tag-salon-artystyczno-literacki","tag-wystawa","main_tag-wystawa"],"acf":[],"yoast_head":"<!-- This site is optimized with the Yoast SEO plugin v26.9 - https:\/\/yoast.com\/product\/yoast-seo-wordpress\/ -->\n<title>Wtorek: malarstwo J\u00f3zefa Mularczyka w Bibliotece - mojabochnia.pl - portal informacyjny<\/title>\n<meta name=\"robots\" content=\"index, follow, max-snippet:-1, max-image-preview:large, max-video-preview:-1\" \/>\n<link rel=\"canonical\" href=\"https:\/\/www.mojabochnia.pl\/?p=177966\" \/>\n<meta property=\"og:locale\" content=\"pl_PL\" \/>\n<meta property=\"og:type\" content=\"article\" \/>\n<meta property=\"og:title\" content=\"Wtorek: malarstwo J\u00f3zefa Mularczyka w Bibliotece - mojabochnia.pl - portal informacyjny\" \/>\n<meta property=\"og:description\" content=\"Powiatowa i Miejska Biblioteka Publiczna w Bochni zaprasza na LXVI Salon Artystyczno-Literacki i otwarcie wystawy \u201ePocz\u0105tki\u201d czyli 101 akwareli J\u00f3zefa Mularczyka, 19 wrze\u015bnia o godz. 18.00, sala klubu Biblioteki. Od 25 lat w Powiatowej i Miejskiej Bibliotece Publicznej w Bochni odbywaj\u0105 si\u0119 Salony Artystyczno- Literackie &#8211; uroczyste wernisa\u017ce po\u0142\u0105czone z prezentacj\u0105 poezji i muzyki. Ich\" \/>\n<meta property=\"og:url\" content=\"https:\/\/www.mojabochnia.pl\/?p=177966\" \/>\n<meta property=\"og:site_name\" content=\"mojabochnia.pl - portal informacyjny\" \/>\n<meta property=\"article:publisher\" content=\"https:\/\/www.facebook.com\/mojabochnia\" \/>\n<meta property=\"article:published_time\" content=\"2017-09-16T07:07:55+00:00\" \/>\n<meta property=\"og:image\" content=\"https:\/\/www.mojabochnia.pl\/wp-content\/uploads\/2017\/05\/IMG_3530.jpg\" \/>\n\t<meta property=\"og:image:width\" content=\"800\" \/>\n\t<meta property=\"og:image:height\" content=\"534\" \/>\n\t<meta property=\"og:image:type\" content=\"image\/jpeg\" \/>\n<meta name=\"author\" content=\"redakcja\" \/>\n<meta name=\"twitter:card\" content=\"summary_large_image\" \/>\n<meta name=\"twitter:label1\" content=\"Written by\" \/>\n\t<meta name=\"twitter:data1\" content=\"redakcja\" \/>\n\t<meta name=\"twitter:label2\" content=\"Est. reading time\" \/>\n\t<meta name=\"twitter:data2\" content=\"2 minuty\" \/>\n<script type=\"application\/ld+json\" class=\"yoast-schema-graph\">{\"@context\":\"https:\/\/schema.org\",\"@graph\":[{\"@type\":\"Article\",\"@id\":\"https:\/\/www.mojabochnia.pl\/?p=177966#article\",\"isPartOf\":{\"@id\":\"https:\/\/www.mojabochnia.pl\/?p=177966\"},\"author\":{\"name\":\"redakcja\",\"@id\":\"https:\/\/www.mojabochnia.pl\/#\/schema\/person\/7e2f20ead9902216a3384f13606c0ab7\"},\"headline\":\"Wtorek: malarstwo J\u00f3zefa Mularczyka w Bibliotece\",\"datePublished\":\"2017-09-16T07:07:55+00:00\",\"mainEntityOfPage\":{\"@id\":\"https:\/\/www.mojabochnia.pl\/?p=177966\"},\"wordCount\":442,\"commentCount\":0,\"publisher\":{\"@id\":\"https:\/\/www.mojabochnia.pl\/#organization\"},\"image\":{\"@id\":\"https:\/\/www.mojabochnia.pl\/?p=177966#primaryimage\"},\"thumbnailUrl\":\"https:\/\/www.mojabochnia.pl\/wp-content\/uploads\/2017\/05\/IMG_3530.jpg\",\"keywords\":[\"biblioteka\",\"j\u00f3zef mularczyk\",\"salon artystyczno-literacki\",\"wystawa\"],\"articleSection\":[\"2_ostatnie\",\"kultura\",\"tematyka\"],\"inLanguage\":\"pl-PL\",\"potentialAction\":[{\"@type\":\"CommentAction\",\"name\":\"Comment\",\"target\":[\"https:\/\/www.mojabochnia.pl\/?p=177966#respond\"]}]},{\"@type\":\"WebPage\",\"@id\":\"https:\/\/www.mojabochnia.pl\/?p=177966\",\"url\":\"https:\/\/www.mojabochnia.pl\/?p=177966\",\"name\":\"Wtorek: malarstwo J\u00f3zefa Mularczyka w Bibliotece - mojabochnia.pl - portal informacyjny\",\"isPartOf\":{\"@id\":\"https:\/\/www.mojabochnia.pl\/#website\"},\"primaryImageOfPage\":{\"@id\":\"https:\/\/www.mojabochnia.pl\/?p=177966#primaryimage\"},\"image\":{\"@id\":\"https:\/\/www.mojabochnia.pl\/?p=177966#primaryimage\"},\"thumbnailUrl\":\"https:\/\/www.mojabochnia.pl\/wp-content\/uploads\/2017\/05\/IMG_3530.jpg\",\"datePublished\":\"2017-09-16T07:07:55+00:00\",\"breadcrumb\":{\"@id\":\"https:\/\/www.mojabochnia.pl\/?p=177966#breadcrumb\"},\"inLanguage\":\"pl-PL\",\"potentialAction\":[{\"@type\":\"ReadAction\",\"target\":[\"https:\/\/www.mojabochnia.pl\/?p=177966\"]}]},{\"@type\":\"ImageObject\",\"inLanguage\":\"pl-PL\",\"@id\":\"https:\/\/www.mojabochnia.pl\/?p=177966#primaryimage\",\"url\":\"https:\/\/www.mojabochnia.pl\/wp-content\/uploads\/2017\/05\/IMG_3530.jpg\",\"contentUrl\":\"https:\/\/www.mojabochnia.pl\/wp-content\/uploads\/2017\/05\/IMG_3530.jpg\",\"width\":800,\"height\":534,\"caption\":\"Pawe\u0142 Michalczyk\"},{\"@type\":\"BreadcrumbList\",\"@id\":\"https:\/\/www.mojabochnia.pl\/?p=177966#breadcrumb\",\"itemListElement\":[{\"@type\":\"ListItem\",\"position\":1,\"name\":\"Home\",\"item\":\"https:\/\/www.mojabochnia.pl\/\"},{\"@type\":\"ListItem\",\"position\":2,\"name\":\"Wtorek: malarstwo J\u00f3zefa Mularczyka w Bibliotece\"}]},{\"@type\":\"WebSite\",\"@id\":\"https:\/\/www.mojabochnia.pl\/#website\",\"url\":\"https:\/\/www.mojabochnia.pl\/\",\"name\":\"mojabochnia.pl - portal informacyjny\",\"description\":\"mojaBochnia to portal informacyjny o Bochni. Codziennie o Bochni piszemy i pokazujemy najwa\u017cniejsze wydarzenia\",\"publisher\":{\"@id\":\"https:\/\/www.mojabochnia.pl\/#organization\"},\"potentialAction\":[{\"@type\":\"SearchAction\",\"target\":{\"@type\":\"EntryPoint\",\"urlTemplate\":\"https:\/\/www.mojabochnia.pl\/?s={search_term_string}\"},\"query-input\":{\"@type\":\"PropertyValueSpecification\",\"valueRequired\":true,\"valueName\":\"search_term_string\"}}],\"inLanguage\":\"pl-PL\"},{\"@type\":\"Organization\",\"@id\":\"https:\/\/www.mojabochnia.pl\/#organization\",\"name\":\"mojabochnia.pl - portal informacyjny\",\"url\":\"https:\/\/www.mojabochnia.pl\/\",\"logo\":{\"@type\":\"ImageObject\",\"inLanguage\":\"pl-PL\",\"@id\":\"https:\/\/www.mojabochnia.pl\/#\/schema\/logo\/image\/\",\"url\":\"https:\/\/www.mojabochnia.pl\/wp-content\/uploads\/2017\/08\/logo-mb-opt.png\",\"contentUrl\":\"https:\/\/www.mojabochnia.pl\/wp-content\/uploads\/2017\/08\/logo-mb-opt.png\",\"width\":250,\"height\":48,\"caption\":\"mojabochnia.pl - portal informacyjny\"},\"image\":{\"@id\":\"https:\/\/www.mojabochnia.pl\/#\/schema\/logo\/image\/\"},\"sameAs\":[\"https:\/\/www.facebook.com\/mojabochnia\"]},{\"@type\":\"Person\",\"@id\":\"https:\/\/www.mojabochnia.pl\/#\/schema\/person\/7e2f20ead9902216a3384f13606c0ab7\",\"name\":\"redakcja\",\"sameAs\":[\"http:\/\/\"],\"url\":\"https:\/\/www.mojabochnia.pl\/?author=13\"}]}<\/script>\n<!-- \/ Yoast SEO plugin. -->","yoast_head_json":{"title":"Wtorek: malarstwo J\u00f3zefa Mularczyka w Bibliotece - mojabochnia.pl - portal informacyjny","robots":{"index":"index","follow":"follow","max-snippet":"max-snippet:-1","max-image-preview":"max-image-preview:large","max-video-preview":"max-video-preview:-1"},"canonical":"https:\/\/www.mojabochnia.pl\/?p=177966","og_locale":"pl_PL","og_type":"article","og_title":"Wtorek: malarstwo J\u00f3zefa Mularczyka w Bibliotece - mojabochnia.pl - portal informacyjny","og_description":"Powiatowa i Miejska Biblioteka Publiczna w Bochni zaprasza na LXVI Salon Artystyczno-Literacki i otwarcie wystawy \u201ePocz\u0105tki\u201d czyli 101 akwareli J\u00f3zefa Mularczyka, 19 wrze\u015bnia o godz. 18.00, sala klubu Biblioteki. Od 25 lat w Powiatowej i Miejskiej Bibliotece Publicznej w Bochni odbywaj\u0105 si\u0119 Salony Artystyczno- Literackie &#8211; uroczyste wernisa\u017ce po\u0142\u0105czone z prezentacj\u0105 poezji i muzyki. Ich","og_url":"https:\/\/www.mojabochnia.pl\/?p=177966","og_site_name":"mojabochnia.pl - portal informacyjny","article_publisher":"https:\/\/www.facebook.com\/mojabochnia","article_published_time":"2017-09-16T07:07:55+00:00","og_image":[{"width":800,"height":534,"url":"https:\/\/www.mojabochnia.pl\/wp-content\/uploads\/2017\/05\/IMG_3530.jpg","type":"image\/jpeg"}],"author":"redakcja","twitter_card":"summary_large_image","twitter_misc":{"Written by":"redakcja","Est. reading time":"2 minuty"},"schema":{"@context":"https:\/\/schema.org","@graph":[{"@type":"Article","@id":"https:\/\/www.mojabochnia.pl\/?p=177966#article","isPartOf":{"@id":"https:\/\/www.mojabochnia.pl\/?p=177966"},"author":{"name":"redakcja","@id":"https:\/\/www.mojabochnia.pl\/#\/schema\/person\/7e2f20ead9902216a3384f13606c0ab7"},"headline":"Wtorek: malarstwo J\u00f3zefa Mularczyka w Bibliotece","datePublished":"2017-09-16T07:07:55+00:00","mainEntityOfPage":{"@id":"https:\/\/www.mojabochnia.pl\/?p=177966"},"wordCount":442,"commentCount":0,"publisher":{"@id":"https:\/\/www.mojabochnia.pl\/#organization"},"image":{"@id":"https:\/\/www.mojabochnia.pl\/?p=177966#primaryimage"},"thumbnailUrl":"https:\/\/www.mojabochnia.pl\/wp-content\/uploads\/2017\/05\/IMG_3530.jpg","keywords":["biblioteka","j\u00f3zef mularczyk","salon artystyczno-literacki","wystawa"],"articleSection":["2_ostatnie","kultura","tematyka"],"inLanguage":"pl-PL","potentialAction":[{"@type":"CommentAction","name":"Comment","target":["https:\/\/www.mojabochnia.pl\/?p=177966#respond"]}]},{"@type":"WebPage","@id":"https:\/\/www.mojabochnia.pl\/?p=177966","url":"https:\/\/www.mojabochnia.pl\/?p=177966","name":"Wtorek: malarstwo J\u00f3zefa Mularczyka w Bibliotece - mojabochnia.pl - portal informacyjny","isPartOf":{"@id":"https:\/\/www.mojabochnia.pl\/#website"},"primaryImageOfPage":{"@id":"https:\/\/www.mojabochnia.pl\/?p=177966#primaryimage"},"image":{"@id":"https:\/\/www.mojabochnia.pl\/?p=177966#primaryimage"},"thumbnailUrl":"https:\/\/www.mojabochnia.pl\/wp-content\/uploads\/2017\/05\/IMG_3530.jpg","datePublished":"2017-09-16T07:07:55+00:00","breadcrumb":{"@id":"https:\/\/www.mojabochnia.pl\/?p=177966#breadcrumb"},"inLanguage":"pl-PL","potentialAction":[{"@type":"ReadAction","target":["https:\/\/www.mojabochnia.pl\/?p=177966"]}]},{"@type":"ImageObject","inLanguage":"pl-PL","@id":"https:\/\/www.mojabochnia.pl\/?p=177966#primaryimage","url":"https:\/\/www.mojabochnia.pl\/wp-content\/uploads\/2017\/05\/IMG_3530.jpg","contentUrl":"https:\/\/www.mojabochnia.pl\/wp-content\/uploads\/2017\/05\/IMG_3530.jpg","width":800,"height":534,"caption":"Pawe\u0142 Michalczyk"},{"@type":"BreadcrumbList","@id":"https:\/\/www.mojabochnia.pl\/?p=177966#breadcrumb","itemListElement":[{"@type":"ListItem","position":1,"name":"Home","item":"https:\/\/www.mojabochnia.pl\/"},{"@type":"ListItem","position":2,"name":"Wtorek: malarstwo J\u00f3zefa Mularczyka w Bibliotece"}]},{"@type":"WebSite","@id":"https:\/\/www.mojabochnia.pl\/#website","url":"https:\/\/www.mojabochnia.pl\/","name":"mojabochnia.pl - portal informacyjny","description":"mojaBochnia to portal informacyjny o Bochni. Codziennie o Bochni piszemy i pokazujemy najwa\u017cniejsze wydarzenia","publisher":{"@id":"https:\/\/www.mojabochnia.pl\/#organization"},"potentialAction":[{"@type":"SearchAction","target":{"@type":"EntryPoint","urlTemplate":"https:\/\/www.mojabochnia.pl\/?s={search_term_string}"},"query-input":{"@type":"PropertyValueSpecification","valueRequired":true,"valueName":"search_term_string"}}],"inLanguage":"pl-PL"},{"@type":"Organization","@id":"https:\/\/www.mojabochnia.pl\/#organization","name":"mojabochnia.pl - portal informacyjny","url":"https:\/\/www.mojabochnia.pl\/","logo":{"@type":"ImageObject","inLanguage":"pl-PL","@id":"https:\/\/www.mojabochnia.pl\/#\/schema\/logo\/image\/","url":"https:\/\/www.mojabochnia.pl\/wp-content\/uploads\/2017\/08\/logo-mb-opt.png","contentUrl":"https:\/\/www.mojabochnia.pl\/wp-content\/uploads\/2017\/08\/logo-mb-opt.png","width":250,"height":48,"caption":"mojabochnia.pl - portal informacyjny"},"image":{"@id":"https:\/\/www.mojabochnia.pl\/#\/schema\/logo\/image\/"},"sameAs":["https:\/\/www.facebook.com\/mojabochnia"]},{"@type":"Person","@id":"https:\/\/www.mojabochnia.pl\/#\/schema\/person\/7e2f20ead9902216a3384f13606c0ab7","name":"redakcja","sameAs":["http:\/\/"],"url":"https:\/\/www.mojabochnia.pl\/?author=13"}]}},"_links":{"self":[{"href":"https:\/\/www.mojabochnia.pl\/index.php?rest_route=\/wp\/v2\/posts\/177966","targetHints":{"allow":["GET"]}}],"collection":[{"href":"https:\/\/www.mojabochnia.pl\/index.php?rest_route=\/wp\/v2\/posts"}],"about":[{"href":"https:\/\/www.mojabochnia.pl\/index.php?rest_route=\/wp\/v2\/types\/post"}],"author":[{"embeddable":true,"href":"https:\/\/www.mojabochnia.pl\/index.php?rest_route=\/wp\/v2\/users\/13"}],"replies":[{"embeddable":true,"href":"https:\/\/www.mojabochnia.pl\/index.php?rest_route=%2Fwp%2Fv2%2Fcomments&post=177966"}],"version-history":[{"count":1,"href":"https:\/\/www.mojabochnia.pl\/index.php?rest_route=\/wp\/v2\/posts\/177966\/revisions"}],"predecessor-version":[{"id":177969,"href":"https:\/\/www.mojabochnia.pl\/index.php?rest_route=\/wp\/v2\/posts\/177966\/revisions\/177969"}],"wp:featuredmedia":[{"embeddable":true,"href":"https:\/\/www.mojabochnia.pl\/index.php?rest_route=\/wp\/v2\/media\/172457"}],"wp:attachment":[{"href":"https:\/\/www.mojabochnia.pl\/index.php?rest_route=%2Fwp%2Fv2%2Fmedia&parent=177966"}],"wp:term":[{"taxonomy":"category","embeddable":true,"href":"https:\/\/www.mojabochnia.pl\/index.php?rest_route=%2Fwp%2Fv2%2Fcategories&post=177966"},{"taxonomy":"post_tag","embeddable":true,"href":"https:\/\/www.mojabochnia.pl\/index.php?rest_route=%2Fwp%2Fv2%2Ftags&post=177966"}],"curies":[{"name":"wp","href":"https:\/\/api.w.org\/{rel}","templated":true}]}}