{"id":177883,"date":"2017-09-11T10:39:06","date_gmt":"2017-09-11T08:39:06","guid":{"rendered":"https:\/\/www.mojabochnia.pl\/?p=177883"},"modified":"2017-09-11T10:49:10","modified_gmt":"2017-09-11T08:49:10","slug":"makulatura-na-misje-dzieki-ofiarnosci-bochnian-powstala-studnia-w-afryce","status":"publish","type":"post","link":"https:\/\/www.mojabochnia.pl\/?p=177883","title":{"rendered":"Makulatura na misje: dzi\u0119ki ofiarno\u015bci bochnian powsta\u0142a studnia w Afryce"},"content":{"rendered":"<p><strong>Po trzech latach przygotowa\u0144 i zbierania \u015brodk\u00f3w w kwietniu br. zosta\u0142a wykopana studnia g\u0142\u0119binowa w bardzo biednej dzielnicy stolicy Kamerunu Yaounde. Po za\u0142o\u017ceniu r\u0119cznej pompy nadano jej imi\u0119 dr Filipa Adwenta, dokonano po\u015bwi\u0119cenia studni i placu na kt\u00f3rym powstanie Centrum Dziecka.<\/strong><\/p>\n<p><em>Do powstania studni w znacznej mierze przyczynili si\u0119 mieszka\u0144cy Bochni i ziemi boche\u0144skiej, kt\u00f3rzy w ci\u0105gu  3,5  roku, podczas szesnastu zbi\u00f3rek, z\u0142o\u017cyli 135,5 tony makulatury, co da\u0142o kwot\u0119 38 tys. 460 z\u0142. Stanowi to ok. 80 procent koszt\u00f3w zbudowanej studni, a zatem \u015bmia\u0142o mo\u017cemy powiedzie\u0107, \u017ce bochnianie zbudowali studni\u0119 w Kamerunie<\/em> &#8211; m\u00f3wi Maria \u015alusarz, organizatorka boche\u0144skich akcji.<\/p>\n<p><em>Wybudowana studnia g\u0142\u0119binowa z udzia\u0142em mieszka\u0144c\u00f3w Bochni i ziemi boche\u0144skiej bardzo poprawi\u0142a standard \u017cycia tych bardzo biednych ludzi i przybli\u017cy\u0142a budow\u0119 Centrum Dziecka. Teren na kt\u00f3rym znajduje si\u0119 studnia zosta\u0142 ogrodzony i s\u0105 prowadzone prace przygotowawcze do budowy Centrum<\/em> &#8211; dodaje. <\/p>\n<p>Przed rozpocz\u0119ciem zasadniczych prac budowlanych konieczne jest postawienie betonowych zbiornik\u00f3w rozprowadzaj\u0105cych wod\u0119. Koszt budowy tych zbiornik\u00f3w wynosi ok. 49 tys. z\u0142, dlatego po wakacyjnej przerwie nadal kontynuowana jest akcja \u201eMakulatura na misje\u201d. Najbli\u017csza zbi\u00f3rka odb\u0119dzie si\u0119 w sobot\u0119 16 wrze\u015bnia br. przy ko\u015bciele \u015bw. Jana Nepomucena w Bochni, w godz. 7.00 do 16.00.<\/p>\n<p><em>Powstanie Centrum Dziecka, w kt\u00f3rym b\u0119dzie ochronka, przedszkole, szko\u0142a, kt\u00f3ra b\u0119dzie uczy\u0107 zawodu, a tak\u017ce szpital dla ma\u0142ych dzieci i starszych ludzi. Jest on bardzo potrzebny, bo ludzie tam jeszcze umieraj\u0105 na ulicy<\/em> \u2013 m\u00f3wi Maria \u015alusarz. <\/p>\n<p>W przypadku problem\u00f3w z magazynowaniem makulatury, mo\u017cna wcze\u015bniej dostarczy\u0107 j\u0105 do bazy firmy recyklingowej Ekombud, znajduj\u0105cej si\u0119 przy ul. Partyzant\u00f3w 7 \u2013 wjazd od ul. Gazowej. Po\u015bwiadczenie przekazania makulatury mo\u017cna odda\u0107 organizatorom w dniu zbi\u00f3rki.<\/p>\n","protected":false},"excerpt":{"rendered":"<p>Po trzech latach przygotowa\u0144 i zbierania \u015brodk\u00f3w w kwietniu br. zosta\u0142a wykopana studnia g\u0142\u0119binowa w bardzo biednej dzielnicy stolicy Kamerunu Yaounde. Po za\u0142o\u017ceniu r\u0119cznej pompy nadano jej imi\u0119 dr Filipa Adwenta, dokonano po\u015bwi\u0119cenia studni i placu na kt\u00f3rym powstanie Centrum Dziecka. Do powstania studni w znacznej mierze przyczynili si\u0119 mieszka\u0144cy Bochni i ziemi boche\u0144skiej, kt\u00f3rzy<\/p>\n","protected":false},"author":13,"featured_media":177885,"comment_status":"open","ping_status":"closed","sticky":false,"template":"","format":"standard","meta":{"_acf_changed":false,"footnotes":""},"categories":[5,6251,6250],"tags":[800,16791,18402,17436,6929,19720],"class_list":["post-177883","post","type-post","status-publish","format-standard","has-post-thumbnail","hentry","category-biezace-wydarzenia","category-polityka-i-wydarzenia","category-tematyka","tag-afryka","tag-kamerun","tag-makulatura","tag-pomoc","tag-studnia","tag-top-temat","main_tag-makulatura"],"acf":[],"yoast_head":"<!-- This site is optimized with the Yoast SEO plugin v26.9 - https:\/\/yoast.com\/product\/yoast-seo-wordpress\/ -->\n<title>Makulatura na misje: dzi\u0119ki ofiarno\u015bci bochnian powsta\u0142a studnia w Afryce - mojabochnia.pl - portal informacyjny<\/title>\n<meta name=\"robots\" content=\"index, follow, max-snippet:-1, max-image-preview:large, max-video-preview:-1\" \/>\n<link rel=\"canonical\" href=\"https:\/\/www.mojabochnia.pl\/?p=177883\" \/>\n<meta property=\"og:locale\" content=\"pl_PL\" \/>\n<meta property=\"og:type\" content=\"article\" \/>\n<meta property=\"og:title\" content=\"Makulatura na misje: dzi\u0119ki ofiarno\u015bci bochnian powsta\u0142a studnia w Afryce - mojabochnia.pl - portal informacyjny\" \/>\n<meta property=\"og:description\" content=\"Po trzech latach przygotowa\u0144 i zbierania \u015brodk\u00f3w w kwietniu br. zosta\u0142a wykopana studnia g\u0142\u0119binowa w bardzo biednej dzielnicy stolicy Kamerunu Yaounde. Po za\u0142o\u017ceniu r\u0119cznej pompy nadano jej imi\u0119 dr Filipa Adwenta, dokonano po\u015bwi\u0119cenia studni i placu na kt\u00f3rym powstanie Centrum Dziecka. Do powstania studni w znacznej mierze przyczynili si\u0119 mieszka\u0144cy Bochni i ziemi boche\u0144skiej, kt\u00f3rzy\" \/>\n<meta property=\"og:url\" content=\"https:\/\/www.mojabochnia.pl\/?p=177883\" \/>\n<meta property=\"og:site_name\" content=\"mojabochnia.pl - portal informacyjny\" \/>\n<meta property=\"article:publisher\" content=\"https:\/\/www.facebook.com\/mojabochnia\" \/>\n<meta property=\"article:published_time\" content=\"2017-09-11T08:39:06+00:00\" \/>\n<meta property=\"article:modified_time\" content=\"2017-09-11T08:49:10+00:00\" \/>\n<meta property=\"og:image\" content=\"https:\/\/www.mojabochnia.pl\/wp-content\/uploads\/2017\/09\/studnia.jpg\" \/>\n\t<meta property=\"og:image:width\" content=\"1600\" \/>\n\t<meta property=\"og:image:height\" content=\"767\" \/>\n\t<meta property=\"og:image:type\" content=\"image\/jpeg\" \/>\n<meta name=\"author\" content=\"redakcja\" \/>\n<meta name=\"twitter:card\" content=\"summary_large_image\" \/>\n<meta name=\"twitter:label1\" content=\"Written by\" \/>\n\t<meta name=\"twitter:data1\" content=\"redakcja\" \/>\n\t<meta name=\"twitter:label2\" content=\"Est. reading time\" \/>\n\t<meta name=\"twitter:data2\" content=\"2 minuty\" \/>\n<script type=\"application\/ld+json\" class=\"yoast-schema-graph\">{\"@context\":\"https:\/\/schema.org\",\"@graph\":[{\"@type\":\"Article\",\"@id\":\"https:\/\/www.mojabochnia.pl\/?p=177883#article\",\"isPartOf\":{\"@id\":\"https:\/\/www.mojabochnia.pl\/?p=177883\"},\"author\":{\"name\":\"redakcja\",\"@id\":\"https:\/\/www.mojabochnia.pl\/#\/schema\/person\/7e2f20ead9902216a3384f13606c0ab7\"},\"headline\":\"Makulatura na misje: dzi\u0119ki ofiarno\u015bci bochnian powsta\u0142a studnia w Afryce\",\"datePublished\":\"2017-09-11T08:39:06+00:00\",\"dateModified\":\"2017-09-11T08:49:10+00:00\",\"mainEntityOfPage\":{\"@id\":\"https:\/\/www.mojabochnia.pl\/?p=177883\"},\"wordCount\":322,\"commentCount\":0,\"publisher\":{\"@id\":\"https:\/\/www.mojabochnia.pl\/#organization\"},\"image\":{\"@id\":\"https:\/\/www.mojabochnia.pl\/?p=177883#primaryimage\"},\"thumbnailUrl\":\"https:\/\/www.mojabochnia.pl\/wp-content\/uploads\/2017\/09\/studnia.jpg\",\"keywords\":[\"afryka\",\"kamerun\",\"makulatura\",\"pomoc\",\"studnia\",\"top temat\"],\"articleSection\":[\"2_ostatnie\",\"polityka i wydarzenia\",\"tematyka\"],\"inLanguage\":\"pl-PL\",\"potentialAction\":[{\"@type\":\"CommentAction\",\"name\":\"Comment\",\"target\":[\"https:\/\/www.mojabochnia.pl\/?p=177883#respond\"]}]},{\"@type\":\"WebPage\",\"@id\":\"https:\/\/www.mojabochnia.pl\/?p=177883\",\"url\":\"https:\/\/www.mojabochnia.pl\/?p=177883\",\"name\":\"Makulatura na misje: dzi\u0119ki ofiarno\u015bci bochnian powsta\u0142a studnia w Afryce - mojabochnia.pl - portal informacyjny\",\"isPartOf\":{\"@id\":\"https:\/\/www.mojabochnia.pl\/#website\"},\"primaryImageOfPage\":{\"@id\":\"https:\/\/www.mojabochnia.pl\/?p=177883#primaryimage\"},\"image\":{\"@id\":\"https:\/\/www.mojabochnia.pl\/?p=177883#primaryimage\"},\"thumbnailUrl\":\"https:\/\/www.mojabochnia.pl\/wp-content\/uploads\/2017\/09\/studnia.jpg\",\"datePublished\":\"2017-09-11T08:39:06+00:00\",\"dateModified\":\"2017-09-11T08:49:10+00:00\",\"breadcrumb\":{\"@id\":\"https:\/\/www.mojabochnia.pl\/?p=177883#breadcrumb\"},\"inLanguage\":\"pl-PL\",\"potentialAction\":[{\"@type\":\"ReadAction\",\"target\":[\"https:\/\/www.mojabochnia.pl\/?p=177883\"]}]},{\"@type\":\"ImageObject\",\"inLanguage\":\"pl-PL\",\"@id\":\"https:\/\/www.mojabochnia.pl\/?p=177883#primaryimage\",\"url\":\"https:\/\/www.mojabochnia.pl\/wp-content\/uploads\/2017\/09\/studnia.jpg\",\"contentUrl\":\"https:\/\/www.mojabochnia.pl\/wp-content\/uploads\/2017\/09\/studnia.jpg\",\"width\":1600,\"height\":767},{\"@type\":\"BreadcrumbList\",\"@id\":\"https:\/\/www.mojabochnia.pl\/?p=177883#breadcrumb\",\"itemListElement\":[{\"@type\":\"ListItem\",\"position\":1,\"name\":\"Home\",\"item\":\"https:\/\/www.mojabochnia.pl\/\"},{\"@type\":\"ListItem\",\"position\":2,\"name\":\"Makulatura na misje: dzi\u0119ki ofiarno\u015bci bochnian powsta\u0142a studnia w Afryce\"}]},{\"@type\":\"WebSite\",\"@id\":\"https:\/\/www.mojabochnia.pl\/#website\",\"url\":\"https:\/\/www.mojabochnia.pl\/\",\"name\":\"mojabochnia.pl - portal informacyjny\",\"description\":\"mojaBochnia to portal informacyjny o Bochni. Codziennie o Bochni piszemy i pokazujemy najwa\u017cniejsze wydarzenia\",\"publisher\":{\"@id\":\"https:\/\/www.mojabochnia.pl\/#organization\"},\"potentialAction\":[{\"@type\":\"SearchAction\",\"target\":{\"@type\":\"EntryPoint\",\"urlTemplate\":\"https:\/\/www.mojabochnia.pl\/?s={search_term_string}\"},\"query-input\":{\"@type\":\"PropertyValueSpecification\",\"valueRequired\":true,\"valueName\":\"search_term_string\"}}],\"inLanguage\":\"pl-PL\"},{\"@type\":\"Organization\",\"@id\":\"https:\/\/www.mojabochnia.pl\/#organization\",\"name\":\"mojabochnia.pl - portal informacyjny\",\"url\":\"https:\/\/www.mojabochnia.pl\/\",\"logo\":{\"@type\":\"ImageObject\",\"inLanguage\":\"pl-PL\",\"@id\":\"https:\/\/www.mojabochnia.pl\/#\/schema\/logo\/image\/\",\"url\":\"https:\/\/www.mojabochnia.pl\/wp-content\/uploads\/2017\/08\/logo-mb-opt.png\",\"contentUrl\":\"https:\/\/www.mojabochnia.pl\/wp-content\/uploads\/2017\/08\/logo-mb-opt.png\",\"width\":250,\"height\":48,\"caption\":\"mojabochnia.pl - portal informacyjny\"},\"image\":{\"@id\":\"https:\/\/www.mojabochnia.pl\/#\/schema\/logo\/image\/\"},\"sameAs\":[\"https:\/\/www.facebook.com\/mojabochnia\"]},{\"@type\":\"Person\",\"@id\":\"https:\/\/www.mojabochnia.pl\/#\/schema\/person\/7e2f20ead9902216a3384f13606c0ab7\",\"name\":\"redakcja\",\"sameAs\":[\"http:\/\/\"],\"url\":\"https:\/\/www.mojabochnia.pl\/?author=13\"}]}<\/script>\n<!-- \/ Yoast SEO plugin. -->","yoast_head_json":{"title":"Makulatura na misje: dzi\u0119ki ofiarno\u015bci bochnian powsta\u0142a studnia w Afryce - mojabochnia.pl - portal informacyjny","robots":{"index":"index","follow":"follow","max-snippet":"max-snippet:-1","max-image-preview":"max-image-preview:large","max-video-preview":"max-video-preview:-1"},"canonical":"https:\/\/www.mojabochnia.pl\/?p=177883","og_locale":"pl_PL","og_type":"article","og_title":"Makulatura na misje: dzi\u0119ki ofiarno\u015bci bochnian powsta\u0142a studnia w Afryce - mojabochnia.pl - portal informacyjny","og_description":"Po trzech latach przygotowa\u0144 i zbierania \u015brodk\u00f3w w kwietniu br. zosta\u0142a wykopana studnia g\u0142\u0119binowa w bardzo biednej dzielnicy stolicy Kamerunu Yaounde. Po za\u0142o\u017ceniu r\u0119cznej pompy nadano jej imi\u0119 dr Filipa Adwenta, dokonano po\u015bwi\u0119cenia studni i placu na kt\u00f3rym powstanie Centrum Dziecka. Do powstania studni w znacznej mierze przyczynili si\u0119 mieszka\u0144cy Bochni i ziemi boche\u0144skiej, kt\u00f3rzy","og_url":"https:\/\/www.mojabochnia.pl\/?p=177883","og_site_name":"mojabochnia.pl - portal informacyjny","article_publisher":"https:\/\/www.facebook.com\/mojabochnia","article_published_time":"2017-09-11T08:39:06+00:00","article_modified_time":"2017-09-11T08:49:10+00:00","og_image":[{"width":1600,"height":767,"url":"https:\/\/www.mojabochnia.pl\/wp-content\/uploads\/2017\/09\/studnia.jpg","type":"image\/jpeg"}],"author":"redakcja","twitter_card":"summary_large_image","twitter_misc":{"Written by":"redakcja","Est. reading time":"2 minuty"},"schema":{"@context":"https:\/\/schema.org","@graph":[{"@type":"Article","@id":"https:\/\/www.mojabochnia.pl\/?p=177883#article","isPartOf":{"@id":"https:\/\/www.mojabochnia.pl\/?p=177883"},"author":{"name":"redakcja","@id":"https:\/\/www.mojabochnia.pl\/#\/schema\/person\/7e2f20ead9902216a3384f13606c0ab7"},"headline":"Makulatura na misje: dzi\u0119ki ofiarno\u015bci bochnian powsta\u0142a studnia w Afryce","datePublished":"2017-09-11T08:39:06+00:00","dateModified":"2017-09-11T08:49:10+00:00","mainEntityOfPage":{"@id":"https:\/\/www.mojabochnia.pl\/?p=177883"},"wordCount":322,"commentCount":0,"publisher":{"@id":"https:\/\/www.mojabochnia.pl\/#organization"},"image":{"@id":"https:\/\/www.mojabochnia.pl\/?p=177883#primaryimage"},"thumbnailUrl":"https:\/\/www.mojabochnia.pl\/wp-content\/uploads\/2017\/09\/studnia.jpg","keywords":["afryka","kamerun","makulatura","pomoc","studnia","top temat"],"articleSection":["2_ostatnie","polityka i wydarzenia","tematyka"],"inLanguage":"pl-PL","potentialAction":[{"@type":"CommentAction","name":"Comment","target":["https:\/\/www.mojabochnia.pl\/?p=177883#respond"]}]},{"@type":"WebPage","@id":"https:\/\/www.mojabochnia.pl\/?p=177883","url":"https:\/\/www.mojabochnia.pl\/?p=177883","name":"Makulatura na misje: dzi\u0119ki ofiarno\u015bci bochnian powsta\u0142a studnia w Afryce - mojabochnia.pl - portal informacyjny","isPartOf":{"@id":"https:\/\/www.mojabochnia.pl\/#website"},"primaryImageOfPage":{"@id":"https:\/\/www.mojabochnia.pl\/?p=177883#primaryimage"},"image":{"@id":"https:\/\/www.mojabochnia.pl\/?p=177883#primaryimage"},"thumbnailUrl":"https:\/\/www.mojabochnia.pl\/wp-content\/uploads\/2017\/09\/studnia.jpg","datePublished":"2017-09-11T08:39:06+00:00","dateModified":"2017-09-11T08:49:10+00:00","breadcrumb":{"@id":"https:\/\/www.mojabochnia.pl\/?p=177883#breadcrumb"},"inLanguage":"pl-PL","potentialAction":[{"@type":"ReadAction","target":["https:\/\/www.mojabochnia.pl\/?p=177883"]}]},{"@type":"ImageObject","inLanguage":"pl-PL","@id":"https:\/\/www.mojabochnia.pl\/?p=177883#primaryimage","url":"https:\/\/www.mojabochnia.pl\/wp-content\/uploads\/2017\/09\/studnia.jpg","contentUrl":"https:\/\/www.mojabochnia.pl\/wp-content\/uploads\/2017\/09\/studnia.jpg","width":1600,"height":767},{"@type":"BreadcrumbList","@id":"https:\/\/www.mojabochnia.pl\/?p=177883#breadcrumb","itemListElement":[{"@type":"ListItem","position":1,"name":"Home","item":"https:\/\/www.mojabochnia.pl\/"},{"@type":"ListItem","position":2,"name":"Makulatura na misje: dzi\u0119ki ofiarno\u015bci bochnian powsta\u0142a studnia w Afryce"}]},{"@type":"WebSite","@id":"https:\/\/www.mojabochnia.pl\/#website","url":"https:\/\/www.mojabochnia.pl\/","name":"mojabochnia.pl - portal informacyjny","description":"mojaBochnia to portal informacyjny o Bochni. Codziennie o Bochni piszemy i pokazujemy najwa\u017cniejsze wydarzenia","publisher":{"@id":"https:\/\/www.mojabochnia.pl\/#organization"},"potentialAction":[{"@type":"SearchAction","target":{"@type":"EntryPoint","urlTemplate":"https:\/\/www.mojabochnia.pl\/?s={search_term_string}"},"query-input":{"@type":"PropertyValueSpecification","valueRequired":true,"valueName":"search_term_string"}}],"inLanguage":"pl-PL"},{"@type":"Organization","@id":"https:\/\/www.mojabochnia.pl\/#organization","name":"mojabochnia.pl - portal informacyjny","url":"https:\/\/www.mojabochnia.pl\/","logo":{"@type":"ImageObject","inLanguage":"pl-PL","@id":"https:\/\/www.mojabochnia.pl\/#\/schema\/logo\/image\/","url":"https:\/\/www.mojabochnia.pl\/wp-content\/uploads\/2017\/08\/logo-mb-opt.png","contentUrl":"https:\/\/www.mojabochnia.pl\/wp-content\/uploads\/2017\/08\/logo-mb-opt.png","width":250,"height":48,"caption":"mojabochnia.pl - portal informacyjny"},"image":{"@id":"https:\/\/www.mojabochnia.pl\/#\/schema\/logo\/image\/"},"sameAs":["https:\/\/www.facebook.com\/mojabochnia"]},{"@type":"Person","@id":"https:\/\/www.mojabochnia.pl\/#\/schema\/person\/7e2f20ead9902216a3384f13606c0ab7","name":"redakcja","sameAs":["http:\/\/"],"url":"https:\/\/www.mojabochnia.pl\/?author=13"}]}},"_links":{"self":[{"href":"https:\/\/www.mojabochnia.pl\/index.php?rest_route=\/wp\/v2\/posts\/177883","targetHints":{"allow":["GET"]}}],"collection":[{"href":"https:\/\/www.mojabochnia.pl\/index.php?rest_route=\/wp\/v2\/posts"}],"about":[{"href":"https:\/\/www.mojabochnia.pl\/index.php?rest_route=\/wp\/v2\/types\/post"}],"author":[{"embeddable":true,"href":"https:\/\/www.mojabochnia.pl\/index.php?rest_route=\/wp\/v2\/users\/13"}],"replies":[{"embeddable":true,"href":"https:\/\/www.mojabochnia.pl\/index.php?rest_route=%2Fwp%2Fv2%2Fcomments&post=177883"}],"version-history":[{"count":3,"href":"https:\/\/www.mojabochnia.pl\/index.php?rest_route=\/wp\/v2\/posts\/177883\/revisions"}],"predecessor-version":[{"id":177888,"href":"https:\/\/www.mojabochnia.pl\/index.php?rest_route=\/wp\/v2\/posts\/177883\/revisions\/177888"}],"wp:featuredmedia":[{"embeddable":true,"href":"https:\/\/www.mojabochnia.pl\/index.php?rest_route=\/wp\/v2\/media\/177885"}],"wp:attachment":[{"href":"https:\/\/www.mojabochnia.pl\/index.php?rest_route=%2Fwp%2Fv2%2Fmedia&parent=177883"}],"wp:term":[{"taxonomy":"category","embeddable":true,"href":"https:\/\/www.mojabochnia.pl\/index.php?rest_route=%2Fwp%2Fv2%2Fcategories&post=177883"},{"taxonomy":"post_tag","embeddable":true,"href":"https:\/\/www.mojabochnia.pl\/index.php?rest_route=%2Fwp%2Fv2%2Ftags&post=177883"}],"curies":[{"name":"wp","href":"https:\/\/api.w.org\/{rel}","templated":true}]}}