{"id":175898,"date":"2017-07-27T13:20:11","date_gmt":"2017-07-27T11:20:11","guid":{"rendered":"http:\/\/www.mojabochnia.pl\/?p=175898"},"modified":"2017-07-31T02:19:52","modified_gmt":"2017-07-31T00:19:52","slug":"winda-w-magistracie-dopiero-za-rok","status":"publish","type":"post","link":"https:\/\/www.mojabochnia.pl\/?p=175898","title":{"rendered":"Winda w magistracie dopiero za rok"},"content":{"rendered":"<p>Wniosek o wind\u0119 dla os\u00f3b niepe\u0142nosprawnych ma ju\u017c blisko trzy lata. Z\u0142o\u017cy\u0142 go na sierpniowej sesji radny Marek Gruca. O sprawie informowali\u015bmy <a href=\"http:\/\/www.mojabochnia.pl\/?p=136963\">tutaj<\/a>. <\/p>\n<p>Wygl\u0105da\u0142o na to, \u017ce winda stanie si\u0119 faktem w roku 2016. Asystent burmistrza Andrzej Koprowski informowa\u0142 w\u00f3wczas,  ze obiekt jest na etapie projektowania i b\u0119dzie gotowy do pa\u017adziernika <strong>(wi\u0119cej<a href=\"http:\/\/www.mojabochnia.pl\/?p=164766\"> tutaj<\/a><\/strong>). Wkr\u00f3tce okaza\u0142o si\u0119 jednak, \u017ce zapowiedzi by\u0142y przedwczesne, bo &#8230; do monta\u017cu urz\u0105dzenia potrzebna by\u0142a zmiana punktowa w planie przestrzennym (<strong>wi\u0119cej <a href=\"http:\/\/www.mojabochnia.pl\/?p=160223\">tutaj<\/a><\/strong>). <\/p>\n<p>W bud\u017cecie na 2017 rok miasto ponownie zapisa\u0142o pieni\u0105dze na monta\u017c windy (jest to 150 tys. z\u0142, podobnie, jak w 2016 r.), a w styczniu og\u0142osi\u0142o zapytanie ofertowe na wykonanie dokumentacji projektowo kosztorysowej (<strong>wi\u0119cej <a href=\"http:\/\/www.mojabochnia.pl\/?p=164766\">tutaj<\/a><\/strong>). Dokumentacja jest ju\u017c gotowa, wykona\u0142a j\u0105 za cen\u0119 24 850 z\u0142 brutto firma Agaty Janusz z Bochni. Okazuje si\u0119 jednak, \u017ce samorz\u0105d chce si\u0119gn\u0105\u0107 po dofinansowanie inwestycji. <em>Winda b\u0119dzie zainstalowana, ale najprawdopodobniej w roku przysz\u0142ym. Chcemy uzyska\u0107 jak najwi\u0119ksze dofinansowanie<\/em> &#8211; poinformowa\u0142 nas 26 lipca asystent burmistrza Andrzej Koprowski. Wniosek o dofinansowanie zostanie z\u0142o\u017cony do urz\u0119du marsza\u0142kowskiego. <\/p>\n<p><em>Dobrze by\u0142oby, \u017ceby budynki u\u017cyteczno\u015bci publicznej, jak urz\u0105d miasta i urz\u0105d gminy by\u0142y dost\u0119pne dla os\u00f3b na w\u00f3zkach inwalidzkich. Takie s\u0105 za\u0142o\u017cenia Unii Europejskiej i tak powinno by\u0107<\/em> \u2013 m\u00f3wi Izydor Pu\u015bcizna, kt\u00f3ry porusza si\u0119 na w\u00f3zku inwalidzkim od 42 lat. W 2015 r. z powodu braku windy w magistracie radni musieli go wnie\u015b\u0107 do sali narad. <em>Zawsze cz\u0142owiek jest skr\u0119powany, je\u015bli musi oczekiwa\u0107 pomocy innych os\u00f3b, jak go wnosz\u0105. Nie ma tego komfortu. Najlepiej by\u0107 niezale\u017cnym <\/em>\u2013 powiedzia\u0142 w\u00f3wczas w rozmowie z mojaBochnia.pl prezes Ma\u0142opolskiego Zwi\u0105zku Os\u00f3b Niepe\u0142nosprawnych.<\/p>\n","protected":false},"excerpt":{"rendered":"<p>Mia\u0142a by\u0107 ju\u017c rok temu, ale windy dla os\u00f3b niepe\u0142nosprawnych w boche\u0144skim magistracie nie b\u0119dzie nawet w tym roku. Mimo, \u017ce podobna sytuacja mia\u0142a miejsce w roku 2016, r\u00f3wnie\u017c i tym razem zanosi si\u0119 na zw\u0142ok\u0119 w zapowiadanej inwestycji.<\/p>\n","protected":false},"author":4,"featured_media":175899,"comment_status":"open","ping_status":"closed","sticky":false,"template":"","format":"standard","meta":{"_acf_changed":false,"footnotes":""},"categories":[5,6251,6250],"tags":[827,17686,8053,17221,19720,17723],"class_list":["post-175898","post","type-post","status-publish","format-standard","has-post-thumbnail","hentry","category-biezace-wydarzenia","category-polityka-i-wydarzenia","category-tematyka","tag-izydor-puscizna","tag-magistrat","tag-marek-gruca","tag-niepelnosprawni","tag-top-temat","tag-winda","main_tag-winda"],"acf":[],"yoast_head":"<!-- This site is optimized with the Yoast SEO plugin v26.9 - https:\/\/yoast.com\/product\/yoast-seo-wordpress\/ -->\n<title>Winda w magistracie dopiero za rok - mojabochnia.pl - portal informacyjny<\/title>\n<meta name=\"robots\" content=\"index, follow, max-snippet:-1, max-image-preview:large, max-video-preview:-1\" \/>\n<link rel=\"canonical\" href=\"https:\/\/www.mojabochnia.pl\/?p=175898\" \/>\n<meta property=\"og:locale\" content=\"pl_PL\" \/>\n<meta property=\"og:type\" content=\"article\" \/>\n<meta property=\"og:title\" content=\"Winda w magistracie dopiero za rok - mojabochnia.pl - portal informacyjny\" \/>\n<meta property=\"og:description\" content=\"Mia\u0142a by\u0107 ju\u017c rok temu, ale windy dla os\u00f3b niepe\u0142nosprawnych w boche\u0144skim magistracie nie b\u0119dzie nawet w tym roku. Mimo, \u017ce podobna sytuacja mia\u0142a miejsce w roku 2016, r\u00f3wnie\u017c i tym razem zanosi si\u0119 na zw\u0142ok\u0119 w zapowiadanej inwestycji.\" \/>\n<meta property=\"og:url\" content=\"https:\/\/www.mojabochnia.pl\/?p=175898\" \/>\n<meta property=\"og:site_name\" content=\"mojabochnia.pl - portal informacyjny\" \/>\n<meta property=\"article:publisher\" content=\"https:\/\/www.facebook.com\/mojabochnia\" \/>\n<meta property=\"article:published_time\" content=\"2017-07-27T11:20:11+00:00\" \/>\n<meta property=\"article:modified_time\" content=\"2017-07-31T00:19:52+00:00\" \/>\n<meta property=\"og:image\" content=\"https:\/\/www.mojabochnia.pl\/wp-content\/uploads\/2017\/07\/IMG_0232-660x440.jpg\" \/>\n\t<meta property=\"og:image:width\" content=\"660\" \/>\n\t<meta property=\"og:image:height\" content=\"440\" \/>\n\t<meta property=\"og:image:type\" content=\"image\/jpeg\" \/>\n<meta name=\"author\" content=\"Pawe\u0142 Michalczyk\" \/>\n<meta name=\"twitter:card\" content=\"summary_large_image\" \/>\n<meta name=\"twitter:label1\" content=\"Written by\" \/>\n\t<meta name=\"twitter:data1\" content=\"Pawe\u0142 Michalczyk\" \/>\n\t<meta name=\"twitter:label2\" content=\"Est. reading time\" \/>\n\t<meta name=\"twitter:data2\" content=\"2 minuty\" \/>\n<script type=\"application\/ld+json\" class=\"yoast-schema-graph\">{\"@context\":\"https:\/\/schema.org\",\"@graph\":[{\"@type\":\"Article\",\"@id\":\"https:\/\/www.mojabochnia.pl\/?p=175898#article\",\"isPartOf\":{\"@id\":\"https:\/\/www.mojabochnia.pl\/?p=175898\"},\"author\":{\"name\":\"Pawe\u0142 Michalczyk\",\"@id\":\"https:\/\/www.mojabochnia.pl\/#\/schema\/person\/ea042e4724a77627963f02166828ead4\"},\"headline\":\"Winda w magistracie dopiero za rok\",\"datePublished\":\"2017-07-27T11:20:11+00:00\",\"dateModified\":\"2017-07-31T00:19:52+00:00\",\"mainEntityOfPage\":{\"@id\":\"https:\/\/www.mojabochnia.pl\/?p=175898\"},\"wordCount\":310,\"commentCount\":0,\"publisher\":{\"@id\":\"https:\/\/www.mojabochnia.pl\/#organization\"},\"image\":{\"@id\":\"https:\/\/www.mojabochnia.pl\/?p=175898#primaryimage\"},\"thumbnailUrl\":\"https:\/\/www.mojabochnia.pl\/wp-content\/uploads\/2017\/07\/IMG_0232-660x440.jpg\",\"keywords\":[\"izydor pu\u015bcizna\",\"magistrat\",\"marek gruca\",\"niepe\u0142nosprawni\",\"top temat\",\"winda\"],\"articleSection\":[\"2_ostatnie\",\"polityka i wydarzenia\",\"tematyka\"],\"inLanguage\":\"pl-PL\",\"potentialAction\":[{\"@type\":\"CommentAction\",\"name\":\"Comment\",\"target\":[\"https:\/\/www.mojabochnia.pl\/?p=175898#respond\"]}]},{\"@type\":\"WebPage\",\"@id\":\"https:\/\/www.mojabochnia.pl\/?p=175898\",\"url\":\"https:\/\/www.mojabochnia.pl\/?p=175898\",\"name\":\"Winda w magistracie dopiero za rok - mojabochnia.pl - portal informacyjny\",\"isPartOf\":{\"@id\":\"https:\/\/www.mojabochnia.pl\/#website\"},\"primaryImageOfPage\":{\"@id\":\"https:\/\/www.mojabochnia.pl\/?p=175898#primaryimage\"},\"image\":{\"@id\":\"https:\/\/www.mojabochnia.pl\/?p=175898#primaryimage\"},\"thumbnailUrl\":\"https:\/\/www.mojabochnia.pl\/wp-content\/uploads\/2017\/07\/IMG_0232-660x440.jpg\",\"datePublished\":\"2017-07-27T11:20:11+00:00\",\"dateModified\":\"2017-07-31T00:19:52+00:00\",\"breadcrumb\":{\"@id\":\"https:\/\/www.mojabochnia.pl\/?p=175898#breadcrumb\"},\"inLanguage\":\"pl-PL\",\"potentialAction\":[{\"@type\":\"ReadAction\",\"target\":[\"https:\/\/www.mojabochnia.pl\/?p=175898\"]}]},{\"@type\":\"ImageObject\",\"inLanguage\":\"pl-PL\",\"@id\":\"https:\/\/www.mojabochnia.pl\/?p=175898#primaryimage\",\"url\":\"https:\/\/www.mojabochnia.pl\/wp-content\/uploads\/2017\/07\/IMG_0232-660x440.jpg\",\"contentUrl\":\"https:\/\/www.mojabochnia.pl\/wp-content\/uploads\/2017\/07\/IMG_0232-660x440.jpg\",\"width\":660,\"height\":440,\"caption\":\"Pawe\u0142 Michalczyk\"},{\"@type\":\"BreadcrumbList\",\"@id\":\"https:\/\/www.mojabochnia.pl\/?p=175898#breadcrumb\",\"itemListElement\":[{\"@type\":\"ListItem\",\"position\":1,\"name\":\"Home\",\"item\":\"https:\/\/www.mojabochnia.pl\/\"},{\"@type\":\"ListItem\",\"position\":2,\"name\":\"Winda w magistracie dopiero za rok\"}]},{\"@type\":\"WebSite\",\"@id\":\"https:\/\/www.mojabochnia.pl\/#website\",\"url\":\"https:\/\/www.mojabochnia.pl\/\",\"name\":\"mojabochnia.pl - portal informacyjny\",\"description\":\"mojaBochnia to portal informacyjny o Bochni. Codziennie o Bochni piszemy i pokazujemy najwa\u017cniejsze wydarzenia\",\"publisher\":{\"@id\":\"https:\/\/www.mojabochnia.pl\/#organization\"},\"potentialAction\":[{\"@type\":\"SearchAction\",\"target\":{\"@type\":\"EntryPoint\",\"urlTemplate\":\"https:\/\/www.mojabochnia.pl\/?s={search_term_string}\"},\"query-input\":{\"@type\":\"PropertyValueSpecification\",\"valueRequired\":true,\"valueName\":\"search_term_string\"}}],\"inLanguage\":\"pl-PL\"},{\"@type\":\"Organization\",\"@id\":\"https:\/\/www.mojabochnia.pl\/#organization\",\"name\":\"mojabochnia.pl - portal informacyjny\",\"url\":\"https:\/\/www.mojabochnia.pl\/\",\"logo\":{\"@type\":\"ImageObject\",\"inLanguage\":\"pl-PL\",\"@id\":\"https:\/\/www.mojabochnia.pl\/#\/schema\/logo\/image\/\",\"url\":\"https:\/\/www.mojabochnia.pl\/wp-content\/uploads\/2017\/08\/logo-mb-opt.png\",\"contentUrl\":\"https:\/\/www.mojabochnia.pl\/wp-content\/uploads\/2017\/08\/logo-mb-opt.png\",\"width\":250,\"height\":48,\"caption\":\"mojabochnia.pl - portal informacyjny\"},\"image\":{\"@id\":\"https:\/\/www.mojabochnia.pl\/#\/schema\/logo\/image\/\"},\"sameAs\":[\"https:\/\/www.facebook.com\/mojabochnia\"]},{\"@type\":\"Person\",\"@id\":\"https:\/\/www.mojabochnia.pl\/#\/schema\/person\/ea042e4724a77627963f02166828ead4\",\"name\":\"Pawe\u0142 Michalczyk\",\"url\":\"https:\/\/www.mojabochnia.pl\/?author=4\"}]}<\/script>\n<!-- \/ Yoast SEO plugin. -->","yoast_head_json":{"title":"Winda w magistracie dopiero za rok - mojabochnia.pl - portal informacyjny","robots":{"index":"index","follow":"follow","max-snippet":"max-snippet:-1","max-image-preview":"max-image-preview:large","max-video-preview":"max-video-preview:-1"},"canonical":"https:\/\/www.mojabochnia.pl\/?p=175898","og_locale":"pl_PL","og_type":"article","og_title":"Winda w magistracie dopiero za rok - mojabochnia.pl - portal informacyjny","og_description":"Mia\u0142a by\u0107 ju\u017c rok temu, ale windy dla os\u00f3b niepe\u0142nosprawnych w boche\u0144skim magistracie nie b\u0119dzie nawet w tym roku. Mimo, \u017ce podobna sytuacja mia\u0142a miejsce w roku 2016, r\u00f3wnie\u017c i tym razem zanosi si\u0119 na zw\u0142ok\u0119 w zapowiadanej inwestycji.","og_url":"https:\/\/www.mojabochnia.pl\/?p=175898","og_site_name":"mojabochnia.pl - portal informacyjny","article_publisher":"https:\/\/www.facebook.com\/mojabochnia","article_published_time":"2017-07-27T11:20:11+00:00","article_modified_time":"2017-07-31T00:19:52+00:00","og_image":[{"width":660,"height":440,"url":"https:\/\/www.mojabochnia.pl\/wp-content\/uploads\/2017\/07\/IMG_0232-660x440.jpg","type":"image\/jpeg"}],"author":"Pawe\u0142 Michalczyk","twitter_card":"summary_large_image","twitter_misc":{"Written by":"Pawe\u0142 Michalczyk","Est. reading time":"2 minuty"},"schema":{"@context":"https:\/\/schema.org","@graph":[{"@type":"Article","@id":"https:\/\/www.mojabochnia.pl\/?p=175898#article","isPartOf":{"@id":"https:\/\/www.mojabochnia.pl\/?p=175898"},"author":{"name":"Pawe\u0142 Michalczyk","@id":"https:\/\/www.mojabochnia.pl\/#\/schema\/person\/ea042e4724a77627963f02166828ead4"},"headline":"Winda w magistracie dopiero za rok","datePublished":"2017-07-27T11:20:11+00:00","dateModified":"2017-07-31T00:19:52+00:00","mainEntityOfPage":{"@id":"https:\/\/www.mojabochnia.pl\/?p=175898"},"wordCount":310,"commentCount":0,"publisher":{"@id":"https:\/\/www.mojabochnia.pl\/#organization"},"image":{"@id":"https:\/\/www.mojabochnia.pl\/?p=175898#primaryimage"},"thumbnailUrl":"https:\/\/www.mojabochnia.pl\/wp-content\/uploads\/2017\/07\/IMG_0232-660x440.jpg","keywords":["izydor pu\u015bcizna","magistrat","marek gruca","niepe\u0142nosprawni","top temat","winda"],"articleSection":["2_ostatnie","polityka i wydarzenia","tematyka"],"inLanguage":"pl-PL","potentialAction":[{"@type":"CommentAction","name":"Comment","target":["https:\/\/www.mojabochnia.pl\/?p=175898#respond"]}]},{"@type":"WebPage","@id":"https:\/\/www.mojabochnia.pl\/?p=175898","url":"https:\/\/www.mojabochnia.pl\/?p=175898","name":"Winda w magistracie dopiero za rok - mojabochnia.pl - portal informacyjny","isPartOf":{"@id":"https:\/\/www.mojabochnia.pl\/#website"},"primaryImageOfPage":{"@id":"https:\/\/www.mojabochnia.pl\/?p=175898#primaryimage"},"image":{"@id":"https:\/\/www.mojabochnia.pl\/?p=175898#primaryimage"},"thumbnailUrl":"https:\/\/www.mojabochnia.pl\/wp-content\/uploads\/2017\/07\/IMG_0232-660x440.jpg","datePublished":"2017-07-27T11:20:11+00:00","dateModified":"2017-07-31T00:19:52+00:00","breadcrumb":{"@id":"https:\/\/www.mojabochnia.pl\/?p=175898#breadcrumb"},"inLanguage":"pl-PL","potentialAction":[{"@type":"ReadAction","target":["https:\/\/www.mojabochnia.pl\/?p=175898"]}]},{"@type":"ImageObject","inLanguage":"pl-PL","@id":"https:\/\/www.mojabochnia.pl\/?p=175898#primaryimage","url":"https:\/\/www.mojabochnia.pl\/wp-content\/uploads\/2017\/07\/IMG_0232-660x440.jpg","contentUrl":"https:\/\/www.mojabochnia.pl\/wp-content\/uploads\/2017\/07\/IMG_0232-660x440.jpg","width":660,"height":440,"caption":"Pawe\u0142 Michalczyk"},{"@type":"BreadcrumbList","@id":"https:\/\/www.mojabochnia.pl\/?p=175898#breadcrumb","itemListElement":[{"@type":"ListItem","position":1,"name":"Home","item":"https:\/\/www.mojabochnia.pl\/"},{"@type":"ListItem","position":2,"name":"Winda w magistracie dopiero za rok"}]},{"@type":"WebSite","@id":"https:\/\/www.mojabochnia.pl\/#website","url":"https:\/\/www.mojabochnia.pl\/","name":"mojabochnia.pl - portal informacyjny","description":"mojaBochnia to portal informacyjny o Bochni. Codziennie o Bochni piszemy i pokazujemy najwa\u017cniejsze wydarzenia","publisher":{"@id":"https:\/\/www.mojabochnia.pl\/#organization"},"potentialAction":[{"@type":"SearchAction","target":{"@type":"EntryPoint","urlTemplate":"https:\/\/www.mojabochnia.pl\/?s={search_term_string}"},"query-input":{"@type":"PropertyValueSpecification","valueRequired":true,"valueName":"search_term_string"}}],"inLanguage":"pl-PL"},{"@type":"Organization","@id":"https:\/\/www.mojabochnia.pl\/#organization","name":"mojabochnia.pl - portal informacyjny","url":"https:\/\/www.mojabochnia.pl\/","logo":{"@type":"ImageObject","inLanguage":"pl-PL","@id":"https:\/\/www.mojabochnia.pl\/#\/schema\/logo\/image\/","url":"https:\/\/www.mojabochnia.pl\/wp-content\/uploads\/2017\/08\/logo-mb-opt.png","contentUrl":"https:\/\/www.mojabochnia.pl\/wp-content\/uploads\/2017\/08\/logo-mb-opt.png","width":250,"height":48,"caption":"mojabochnia.pl - portal informacyjny"},"image":{"@id":"https:\/\/www.mojabochnia.pl\/#\/schema\/logo\/image\/"},"sameAs":["https:\/\/www.facebook.com\/mojabochnia"]},{"@type":"Person","@id":"https:\/\/www.mojabochnia.pl\/#\/schema\/person\/ea042e4724a77627963f02166828ead4","name":"Pawe\u0142 Michalczyk","url":"https:\/\/www.mojabochnia.pl\/?author=4"}]}},"_links":{"self":[{"href":"https:\/\/www.mojabochnia.pl\/index.php?rest_route=\/wp\/v2\/posts\/175898","targetHints":{"allow":["GET"]}}],"collection":[{"href":"https:\/\/www.mojabochnia.pl\/index.php?rest_route=\/wp\/v2\/posts"}],"about":[{"href":"https:\/\/www.mojabochnia.pl\/index.php?rest_route=\/wp\/v2\/types\/post"}],"author":[{"embeddable":true,"href":"https:\/\/www.mojabochnia.pl\/index.php?rest_route=\/wp\/v2\/users\/4"}],"replies":[{"embeddable":true,"href":"https:\/\/www.mojabochnia.pl\/index.php?rest_route=%2Fwp%2Fv2%2Fcomments&post=175898"}],"version-history":[{"count":4,"href":"https:\/\/www.mojabochnia.pl\/index.php?rest_route=\/wp\/v2\/posts\/175898\/revisions"}],"predecessor-version":[{"id":175903,"href":"https:\/\/www.mojabochnia.pl\/index.php?rest_route=\/wp\/v2\/posts\/175898\/revisions\/175903"}],"wp:featuredmedia":[{"embeddable":true,"href":"https:\/\/www.mojabochnia.pl\/index.php?rest_route=\/wp\/v2\/media\/175899"}],"wp:attachment":[{"href":"https:\/\/www.mojabochnia.pl\/index.php?rest_route=%2Fwp%2Fv2%2Fmedia&parent=175898"}],"wp:term":[{"taxonomy":"category","embeddable":true,"href":"https:\/\/www.mojabochnia.pl\/index.php?rest_route=%2Fwp%2Fv2%2Fcategories&post=175898"},{"taxonomy":"post_tag","embeddable":true,"href":"https:\/\/www.mojabochnia.pl\/index.php?rest_route=%2Fwp%2Fv2%2Ftags&post=175898"}],"curies":[{"name":"wp","href":"https:\/\/api.w.org\/{rel}","templated":true}]}}