{"id":175888,"date":"2017-08-04T07:02:50","date_gmt":"2017-08-04T05:02:50","guid":{"rendered":"http:\/\/www.mojabochnia.pl\/?p=175888"},"modified":"2017-07-27T11:08:54","modified_gmt":"2017-07-27T09:08:54","slug":"bieg-majora-bacy-utrudnienia-w-ruchu","status":"publish","type":"post","link":"https:\/\/www.mojabochnia.pl\/?p=175888","title":{"rendered":"W niedziel\u0119 Bieg Majora Bacy: utrudnienia w ruchu"},"content":{"rendered":"<p>Trasa biegu na 10 km: START \u2013 ul. Chodenicka, ul. Karosek, ul. Wodoci\u0105gowa &#8211; dwie p\u0119tle, META: plac przy budynku OSP Chodenice.<\/p>\n<figure id=\"attachment_175889\" aria-describedby=\"caption-attachment-175889\" style=\"width: 468px\" class=\"wp-caption alignnone\"><a onclick=\"javascript:pageTracker._trackPageview('\/downloads\/wp-content\/uploads\/2017\/07\/mosir-baca-2017-plakat.jpg');\"  href=\"http:\/\/www.mojabochnia.pl\/wp-content\/uploads\/2017\/07\/mosir-baca-2017-plakat.jpg\"><img loading=\"lazy\" decoding=\"async\" src=\"http:\/\/www.mojabochnia.pl\/wp-content\/uploads\/2017\/07\/mosir-baca-2017-plakat-468x662.jpg\" alt=\"plakat\" width=\"468\" height=\"662\" class=\"size-medium wp-image-175889\" srcset=\"https:\/\/www.mojabochnia.pl\/wp-content\/uploads\/2017\/07\/mosir-baca-2017-plakat-468x662.jpg 468w, https:\/\/www.mojabochnia.pl\/wp-content\/uploads\/2017\/07\/mosir-baca-2017-plakat-120x170.jpg 120w, https:\/\/www.mojabochnia.pl\/wp-content\/uploads\/2017\/07\/mosir-baca-2017-plakat-660x934.jpg 660w, https:\/\/www.mojabochnia.pl\/wp-content\/uploads\/2017\/07\/mosir-baca-2017-plakat.jpg 707w\" sizes=\"auto, (max-width: 468px) 100vw, 468px\" \/><\/a><figcaption id=\"caption-attachment-175889\" class=\"wp-caption-text\">plakat<\/figcaption><\/figure>\n<p>Organizatorzy zapewniaj\u0105 dwa punkty nawadniania na trasie oraz wod\u0119 na mecie biegu. B\u0119d\u0105 ustawione r\u00f3wnie\u017c zraszacze wody.<\/p>\n<p><strong>Nie tylko 10 km<\/strong><\/p>\n<p>Opr\u00f3cz rywalizacji na 10 km (start o godz. 16:00) odb\u0119d\u0105 si\u0119 biegi dla dzieci i m\u0142odzie\u017cy. Rozpocz\u0119cie zawod\u00f3w planowane jest na godzin\u0119 15:00, czyli godzin\u0119 przed startem g\u0142\u00f3wnego biegu. Dystans jaki zawodnicy maj\u0105 do pokonania uzale\u017cniony jest od wieku uczestnik\u00f3w. Biegi dla dzieci b\u0119d\u0105 rozgrywane w nast\u0119puj\u0105cych kategoriach wiekowych:  do 8, do 12 i do 16 lat.<\/p>\n<p>Zapisy na bieg dla najm\u0142odszych u\u0142atwi wcze\u015bniejsze wydrukowanie i podpisanie zgody rodzica\/opiekuna na udzia\u0142 uczestnika. <\/p>\n<p>Biegom towarzyszy Piknik nad Rab\u0105. W jego programie b\u0119dzie wiele atrakcji dla ca\u0142ych rodzin, kt\u00f3re przyb\u0119d\u0105 kibicowa\u0107 biegaczom. <\/p>\n<p>Biuro zawod\u00f3w: Budynek OSP Chodenice ul. Chodenicka, Bochnia, b\u0119dzie czynne 6 sierpnia od godz. 13:30 do 15:30.<\/p>\n<p>Wi\u0119cej na temat imprezy (w tym regulamin) mo\u017cna przeczyta\u0107 na stronie www.mosir.bochnia.pl<\/p>\n\t  \r\n\t\r\n\t    <div class=\"mb-gallery\">\r\n\t    <a href=\"https:\/\/www.mojabochnia.pl\/?attachment_id=175889\" class=\"\"><img loading=\"lazy\" decoding=\"async\" width=\"100\" height=\"100\" src=\"https:\/\/www.mojabochnia.pl\/wp-content\/uploads\/2017\/07\/mosir-baca-2017-plakat-100x100.jpg\" class=\"attachment-100x100 size-100x100\" alt=\"\" \/><\/a><a href=\"https:\/\/www.mojabochnia.pl\/?attachment_id=175890\" class=\"\"><img loading=\"lazy\" decoding=\"async\" width=\"100\" height=\"100\" src=\"https:\/\/www.mojabochnia.pl\/wp-content\/uploads\/2017\/07\/bieg-7-100x100.jpg\" class=\"attachment-100x100 size-100x100\" alt=\"\" \/><\/a>\t    <\/div>\r\n\t    ","protected":false},"excerpt":{"rendered":"<p>W niedziel\u0119 6 sierpnia w godzinach 15.30 &#8211; 18.00 ulice Chodenicka, Karosek, Wodoci\u0105gowa b\u0119d\u0105 wy\u0142\u0105czone z ruchu samochodowego z powodu organizacji XXIV Memoria\u0142owego Biegu Majora Bacy. <\/p>\n","protected":false},"author":13,"featured_media":175890,"comment_status":"open","ping_status":"closed","sticky":false,"template":"","format":"standard","meta":{"_acf_changed":false,"footnotes":""},"categories":[5,6251,6250],"tags":[17210,4905,17446,5925],"class_list":["post-175888","post","type-post","status-publish","format-standard","has-post-thumbnail","hentry","category-biezace-wydarzenia","category-polityka-i-wydarzenia","category-tematyka","tag-bieg","tag-memorial-majora-bacy","tag-utrudnienia","tag-zmiany-w-organizacji-ruchu","main_tag-utrudnienia"],"acf":[],"yoast_head":"<!-- This site is optimized with the Yoast SEO plugin v26.9 - https:\/\/yoast.com\/product\/yoast-seo-wordpress\/ -->\n<title>W niedziel\u0119 Bieg Majora Bacy: utrudnienia w ruchu - mojabochnia.pl - portal informacyjny<\/title>\n<meta name=\"robots\" content=\"index, follow, max-snippet:-1, max-image-preview:large, max-video-preview:-1\" \/>\n<link rel=\"canonical\" href=\"https:\/\/www.mojabochnia.pl\/?p=175888\" \/>\n<meta property=\"og:locale\" content=\"pl_PL\" \/>\n<meta property=\"og:type\" content=\"article\" \/>\n<meta property=\"og:title\" content=\"W niedziel\u0119 Bieg Majora Bacy: utrudnienia w ruchu - mojabochnia.pl - portal informacyjny\" \/>\n<meta property=\"og:description\" content=\"W niedziel\u0119 6 sierpnia w godzinach 15.30 - 18.00 ulice Chodenicka, Karosek, Wodoci\u0105gowa b\u0119d\u0105 wy\u0142\u0105czone z ruchu samochodowego z powodu organizacji XXIV Memoria\u0142owego Biegu Majora Bacy.\" \/>\n<meta property=\"og:url\" content=\"https:\/\/www.mojabochnia.pl\/?p=175888\" \/>\n<meta property=\"og:site_name\" content=\"mojabochnia.pl - portal informacyjny\" \/>\n<meta property=\"article:publisher\" content=\"https:\/\/www.facebook.com\/mojabochnia\" \/>\n<meta property=\"article:published_time\" content=\"2017-08-04T05:02:50+00:00\" \/>\n<meta property=\"og:image\" content=\"https:\/\/www.mojabochnia.pl\/wp-content\/uploads\/2017\/07\/bieg-7.jpg\" \/>\n\t<meta property=\"og:image:width\" content=\"871\" \/>\n\t<meta property=\"og:image:height\" content=\"691\" \/>\n\t<meta property=\"og:image:type\" content=\"image\/jpeg\" \/>\n<meta name=\"author\" content=\"redakcja\" \/>\n<meta name=\"twitter:card\" content=\"summary_large_image\" \/>\n<meta name=\"twitter:label1\" content=\"Written by\" \/>\n\t<meta name=\"twitter:data1\" content=\"redakcja\" \/>\n\t<meta name=\"twitter:label2\" content=\"Est. reading time\" \/>\n\t<meta name=\"twitter:data2\" content=\"1 minuta\" \/>\n<script type=\"application\/ld+json\" class=\"yoast-schema-graph\">{\"@context\":\"https:\/\/schema.org\",\"@graph\":[{\"@type\":\"Article\",\"@id\":\"https:\/\/www.mojabochnia.pl\/?p=175888#article\",\"isPartOf\":{\"@id\":\"https:\/\/www.mojabochnia.pl\/?p=175888\"},\"author\":{\"name\":\"redakcja\",\"@id\":\"https:\/\/www.mojabochnia.pl\/#\/schema\/person\/7e2f20ead9902216a3384f13606c0ab7\"},\"headline\":\"W niedziel\u0119 Bieg Majora Bacy: utrudnienia w ruchu\",\"datePublished\":\"2017-08-04T05:02:50+00:00\",\"mainEntityOfPage\":{\"@id\":\"https:\/\/www.mojabochnia.pl\/?p=175888\"},\"wordCount\":197,\"commentCount\":0,\"publisher\":{\"@id\":\"https:\/\/www.mojabochnia.pl\/#organization\"},\"image\":{\"@id\":\"https:\/\/www.mojabochnia.pl\/?p=175888#primaryimage\"},\"thumbnailUrl\":\"https:\/\/www.mojabochnia.pl\/wp-content\/uploads\/2017\/07\/bieg-7.jpg\",\"keywords\":[\"bieg\",\"memoria\u0142 majora bacy\",\"utrudnienia\",\"zmiany w organizacji ruchu\"],\"articleSection\":[\"2_ostatnie\",\"polityka i wydarzenia\",\"tematyka\"],\"inLanguage\":\"pl-PL\",\"potentialAction\":[{\"@type\":\"CommentAction\",\"name\":\"Comment\",\"target\":[\"https:\/\/www.mojabochnia.pl\/?p=175888#respond\"]}]},{\"@type\":\"WebPage\",\"@id\":\"https:\/\/www.mojabochnia.pl\/?p=175888\",\"url\":\"https:\/\/www.mojabochnia.pl\/?p=175888\",\"name\":\"W niedziel\u0119 Bieg Majora Bacy: utrudnienia w ruchu - mojabochnia.pl - portal informacyjny\",\"isPartOf\":{\"@id\":\"https:\/\/www.mojabochnia.pl\/#website\"},\"primaryImageOfPage\":{\"@id\":\"https:\/\/www.mojabochnia.pl\/?p=175888#primaryimage\"},\"image\":{\"@id\":\"https:\/\/www.mojabochnia.pl\/?p=175888#primaryimage\"},\"thumbnailUrl\":\"https:\/\/www.mojabochnia.pl\/wp-content\/uploads\/2017\/07\/bieg-7.jpg\",\"datePublished\":\"2017-08-04T05:02:50+00:00\",\"breadcrumb\":{\"@id\":\"https:\/\/www.mojabochnia.pl\/?p=175888#breadcrumb\"},\"inLanguage\":\"pl-PL\",\"potentialAction\":[{\"@type\":\"ReadAction\",\"target\":[\"https:\/\/www.mojabochnia.pl\/?p=175888\"]}]},{\"@type\":\"ImageObject\",\"inLanguage\":\"pl-PL\",\"@id\":\"https:\/\/www.mojabochnia.pl\/?p=175888#primaryimage\",\"url\":\"https:\/\/www.mojabochnia.pl\/wp-content\/uploads\/2017\/07\/bieg-7.jpg\",\"contentUrl\":\"https:\/\/www.mojabochnia.pl\/wp-content\/uploads\/2017\/07\/bieg-7.jpg\",\"width\":871,\"height\":691},{\"@type\":\"BreadcrumbList\",\"@id\":\"https:\/\/www.mojabochnia.pl\/?p=175888#breadcrumb\",\"itemListElement\":[{\"@type\":\"ListItem\",\"position\":1,\"name\":\"Home\",\"item\":\"https:\/\/www.mojabochnia.pl\/\"},{\"@type\":\"ListItem\",\"position\":2,\"name\":\"W niedziel\u0119 Bieg Majora Bacy: utrudnienia w ruchu\"}]},{\"@type\":\"WebSite\",\"@id\":\"https:\/\/www.mojabochnia.pl\/#website\",\"url\":\"https:\/\/www.mojabochnia.pl\/\",\"name\":\"mojabochnia.pl - portal informacyjny\",\"description\":\"mojaBochnia to portal informacyjny o Bochni. Codziennie o Bochni piszemy i pokazujemy najwa\u017cniejsze wydarzenia\",\"publisher\":{\"@id\":\"https:\/\/www.mojabochnia.pl\/#organization\"},\"potentialAction\":[{\"@type\":\"SearchAction\",\"target\":{\"@type\":\"EntryPoint\",\"urlTemplate\":\"https:\/\/www.mojabochnia.pl\/?s={search_term_string}\"},\"query-input\":{\"@type\":\"PropertyValueSpecification\",\"valueRequired\":true,\"valueName\":\"search_term_string\"}}],\"inLanguage\":\"pl-PL\"},{\"@type\":\"Organization\",\"@id\":\"https:\/\/www.mojabochnia.pl\/#organization\",\"name\":\"mojabochnia.pl - portal informacyjny\",\"url\":\"https:\/\/www.mojabochnia.pl\/\",\"logo\":{\"@type\":\"ImageObject\",\"inLanguage\":\"pl-PL\",\"@id\":\"https:\/\/www.mojabochnia.pl\/#\/schema\/logo\/image\/\",\"url\":\"https:\/\/www.mojabochnia.pl\/wp-content\/uploads\/2017\/08\/logo-mb-opt.png\",\"contentUrl\":\"https:\/\/www.mojabochnia.pl\/wp-content\/uploads\/2017\/08\/logo-mb-opt.png\",\"width\":250,\"height\":48,\"caption\":\"mojabochnia.pl - portal informacyjny\"},\"image\":{\"@id\":\"https:\/\/www.mojabochnia.pl\/#\/schema\/logo\/image\/\"},\"sameAs\":[\"https:\/\/www.facebook.com\/mojabochnia\"]},{\"@type\":\"Person\",\"@id\":\"https:\/\/www.mojabochnia.pl\/#\/schema\/person\/7e2f20ead9902216a3384f13606c0ab7\",\"name\":\"redakcja\",\"sameAs\":[\"http:\/\/\"],\"url\":\"https:\/\/www.mojabochnia.pl\/?author=13\"}]}<\/script>\n<!-- \/ Yoast SEO plugin. -->","yoast_head_json":{"title":"W niedziel\u0119 Bieg Majora Bacy: utrudnienia w ruchu - mojabochnia.pl - portal informacyjny","robots":{"index":"index","follow":"follow","max-snippet":"max-snippet:-1","max-image-preview":"max-image-preview:large","max-video-preview":"max-video-preview:-1"},"canonical":"https:\/\/www.mojabochnia.pl\/?p=175888","og_locale":"pl_PL","og_type":"article","og_title":"W niedziel\u0119 Bieg Majora Bacy: utrudnienia w ruchu - mojabochnia.pl - portal informacyjny","og_description":"W niedziel\u0119 6 sierpnia w godzinach 15.30 - 18.00 ulice Chodenicka, Karosek, Wodoci\u0105gowa b\u0119d\u0105 wy\u0142\u0105czone z ruchu samochodowego z powodu organizacji XXIV Memoria\u0142owego Biegu Majora Bacy.","og_url":"https:\/\/www.mojabochnia.pl\/?p=175888","og_site_name":"mojabochnia.pl - portal informacyjny","article_publisher":"https:\/\/www.facebook.com\/mojabochnia","article_published_time":"2017-08-04T05:02:50+00:00","og_image":[{"width":871,"height":691,"url":"https:\/\/www.mojabochnia.pl\/wp-content\/uploads\/2017\/07\/bieg-7.jpg","type":"image\/jpeg"}],"author":"redakcja","twitter_card":"summary_large_image","twitter_misc":{"Written by":"redakcja","Est. reading time":"1 minuta"},"schema":{"@context":"https:\/\/schema.org","@graph":[{"@type":"Article","@id":"https:\/\/www.mojabochnia.pl\/?p=175888#article","isPartOf":{"@id":"https:\/\/www.mojabochnia.pl\/?p=175888"},"author":{"name":"redakcja","@id":"https:\/\/www.mojabochnia.pl\/#\/schema\/person\/7e2f20ead9902216a3384f13606c0ab7"},"headline":"W niedziel\u0119 Bieg Majora Bacy: utrudnienia w ruchu","datePublished":"2017-08-04T05:02:50+00:00","mainEntityOfPage":{"@id":"https:\/\/www.mojabochnia.pl\/?p=175888"},"wordCount":197,"commentCount":0,"publisher":{"@id":"https:\/\/www.mojabochnia.pl\/#organization"},"image":{"@id":"https:\/\/www.mojabochnia.pl\/?p=175888#primaryimage"},"thumbnailUrl":"https:\/\/www.mojabochnia.pl\/wp-content\/uploads\/2017\/07\/bieg-7.jpg","keywords":["bieg","memoria\u0142 majora bacy","utrudnienia","zmiany w organizacji ruchu"],"articleSection":["2_ostatnie","polityka i wydarzenia","tematyka"],"inLanguage":"pl-PL","potentialAction":[{"@type":"CommentAction","name":"Comment","target":["https:\/\/www.mojabochnia.pl\/?p=175888#respond"]}]},{"@type":"WebPage","@id":"https:\/\/www.mojabochnia.pl\/?p=175888","url":"https:\/\/www.mojabochnia.pl\/?p=175888","name":"W niedziel\u0119 Bieg Majora Bacy: utrudnienia w ruchu - mojabochnia.pl - portal informacyjny","isPartOf":{"@id":"https:\/\/www.mojabochnia.pl\/#website"},"primaryImageOfPage":{"@id":"https:\/\/www.mojabochnia.pl\/?p=175888#primaryimage"},"image":{"@id":"https:\/\/www.mojabochnia.pl\/?p=175888#primaryimage"},"thumbnailUrl":"https:\/\/www.mojabochnia.pl\/wp-content\/uploads\/2017\/07\/bieg-7.jpg","datePublished":"2017-08-04T05:02:50+00:00","breadcrumb":{"@id":"https:\/\/www.mojabochnia.pl\/?p=175888#breadcrumb"},"inLanguage":"pl-PL","potentialAction":[{"@type":"ReadAction","target":["https:\/\/www.mojabochnia.pl\/?p=175888"]}]},{"@type":"ImageObject","inLanguage":"pl-PL","@id":"https:\/\/www.mojabochnia.pl\/?p=175888#primaryimage","url":"https:\/\/www.mojabochnia.pl\/wp-content\/uploads\/2017\/07\/bieg-7.jpg","contentUrl":"https:\/\/www.mojabochnia.pl\/wp-content\/uploads\/2017\/07\/bieg-7.jpg","width":871,"height":691},{"@type":"BreadcrumbList","@id":"https:\/\/www.mojabochnia.pl\/?p=175888#breadcrumb","itemListElement":[{"@type":"ListItem","position":1,"name":"Home","item":"https:\/\/www.mojabochnia.pl\/"},{"@type":"ListItem","position":2,"name":"W niedziel\u0119 Bieg Majora Bacy: utrudnienia w ruchu"}]},{"@type":"WebSite","@id":"https:\/\/www.mojabochnia.pl\/#website","url":"https:\/\/www.mojabochnia.pl\/","name":"mojabochnia.pl - portal informacyjny","description":"mojaBochnia to portal informacyjny o Bochni. Codziennie o Bochni piszemy i pokazujemy najwa\u017cniejsze wydarzenia","publisher":{"@id":"https:\/\/www.mojabochnia.pl\/#organization"},"potentialAction":[{"@type":"SearchAction","target":{"@type":"EntryPoint","urlTemplate":"https:\/\/www.mojabochnia.pl\/?s={search_term_string}"},"query-input":{"@type":"PropertyValueSpecification","valueRequired":true,"valueName":"search_term_string"}}],"inLanguage":"pl-PL"},{"@type":"Organization","@id":"https:\/\/www.mojabochnia.pl\/#organization","name":"mojabochnia.pl - portal informacyjny","url":"https:\/\/www.mojabochnia.pl\/","logo":{"@type":"ImageObject","inLanguage":"pl-PL","@id":"https:\/\/www.mojabochnia.pl\/#\/schema\/logo\/image\/","url":"https:\/\/www.mojabochnia.pl\/wp-content\/uploads\/2017\/08\/logo-mb-opt.png","contentUrl":"https:\/\/www.mojabochnia.pl\/wp-content\/uploads\/2017\/08\/logo-mb-opt.png","width":250,"height":48,"caption":"mojabochnia.pl - portal informacyjny"},"image":{"@id":"https:\/\/www.mojabochnia.pl\/#\/schema\/logo\/image\/"},"sameAs":["https:\/\/www.facebook.com\/mojabochnia"]},{"@type":"Person","@id":"https:\/\/www.mojabochnia.pl\/#\/schema\/person\/7e2f20ead9902216a3384f13606c0ab7","name":"redakcja","sameAs":["http:\/\/"],"url":"https:\/\/www.mojabochnia.pl\/?author=13"}]}},"_links":{"self":[{"href":"https:\/\/www.mojabochnia.pl\/index.php?rest_route=\/wp\/v2\/posts\/175888","targetHints":{"allow":["GET"]}}],"collection":[{"href":"https:\/\/www.mojabochnia.pl\/index.php?rest_route=\/wp\/v2\/posts"}],"about":[{"href":"https:\/\/www.mojabochnia.pl\/index.php?rest_route=\/wp\/v2\/types\/post"}],"author":[{"embeddable":true,"href":"https:\/\/www.mojabochnia.pl\/index.php?rest_route=\/wp\/v2\/users\/13"}],"replies":[{"embeddable":true,"href":"https:\/\/www.mojabochnia.pl\/index.php?rest_route=%2Fwp%2Fv2%2Fcomments&post=175888"}],"version-history":[{"count":4,"href":"https:\/\/www.mojabochnia.pl\/index.php?rest_route=\/wp\/v2\/posts\/175888\/revisions"}],"predecessor-version":[{"id":175895,"href":"https:\/\/www.mojabochnia.pl\/index.php?rest_route=\/wp\/v2\/posts\/175888\/revisions\/175895"}],"wp:featuredmedia":[{"embeddable":true,"href":"https:\/\/www.mojabochnia.pl\/index.php?rest_route=\/wp\/v2\/media\/175890"}],"wp:attachment":[{"href":"https:\/\/www.mojabochnia.pl\/index.php?rest_route=%2Fwp%2Fv2%2Fmedia&parent=175888"}],"wp:term":[{"taxonomy":"category","embeddable":true,"href":"https:\/\/www.mojabochnia.pl\/index.php?rest_route=%2Fwp%2Fv2%2Fcategories&post=175888"},{"taxonomy":"post_tag","embeddable":true,"href":"https:\/\/www.mojabochnia.pl\/index.php?rest_route=%2Fwp%2Fv2%2Ftags&post=175888"}],"curies":[{"name":"wp","href":"https:\/\/api.w.org\/{rel}","templated":true}]}}