{"id":175747,"date":"2017-07-24T13:28:22","date_gmt":"2017-07-24T11:28:22","guid":{"rendered":"http:\/\/www.mojabochnia.pl\/?p=175747"},"modified":"2017-07-24T13:28:22","modified_gmt":"2017-07-24T11:28:22","slug":"17-mln-zl-na-drogi-bedzie-remont-ul-poniatowskiego","status":"publish","type":"post","link":"https:\/\/www.mojabochnia.pl\/?p=175747","title":{"rendered":"1,7 mln z\u0142 na drogi: b\u0119dzie remont ul. Poniatowskiego"},"content":{"rendered":"<p>Wniosek z\u0142o\u017cony przez boche\u0144ski magistrat znalaz\u0142 si\u0119 na li\u015bcie wniosk\u00f3w w ramach &#8222;Programu rozwoju i powiatowej infrastruktury drogowej na lata 2016-2019&#8221;. Samorz\u0105d dosta\u0142 dofinansowanie w wysoko\u015bci 1 712 171,00 z\u0142. Drugie tyle ma pochodzi\u0107 z bud\u017cetu miasta. <\/p>\n<p>Inwestycja obejmowa\u0107 b\u0119dzie remont ul. Ksi\u0119cia J\u00f3zefa Poniatowskiego, ul. \u015awi\u0119tego Leonarda oraz ul. Solna G\u00f3ra. Przypomnijmy, w 2016 r. Bochnia r\u00f3wnie\u017c dosta\u0142a dotacj\u0119 z tzw. schetyn\u00f3wek. W\u00f3wczas wyremontowano 11 ulic, m.in. ul. Brodzi\u0144skiego, Go\u0142\u0119bi\u0105, Krakowsk\u0105, Czackiego i Legion\u00f3w Polskich.<\/p>\n<p>Prace remontowane w ramach tegorocznego rozdania tzw. schetyn\u00f3wek maj\u0105 by\u0107 wykonane do ko\u0144ca roku.<\/p>\n","protected":false},"excerpt":{"rendered":"<p>Bochnia dosta\u0142a 1,7 mln z\u0142 dofinansowania na inwestycje drogowe. Jeszcze w tym roku remont zostanie wykonany na trzech ulicach, Ksi\u0119cia J\u00f3zefa Poniatowskiego, \u015awi\u0119tego Leonarda oraz Solna G\u00f3ra. <\/p>\n","protected":false},"author":13,"featured_media":160866,"comment_status":"open","ping_status":"closed","sticky":false,"template":"","format":"standard","meta":{"_acf_changed":false,"footnotes":""},"categories":[5,6251,6250],"tags":[17453,17253,17300,17839,1473],"class_list":["post-175747","post","type-post","status-publish","format-standard","has-post-thumbnail","hentry","category-biezace-wydarzenia","category-polityka-i-wydarzenia","category-tematyka","tag-asfalt","tag-dotacja","tag-remont","tag-schetynowka","tag-ul-poniatowskiego","main_tag-droga"],"acf":[],"yoast_head":"<!-- This site is optimized with the Yoast SEO plugin v26.9 - https:\/\/yoast.com\/product\/yoast-seo-wordpress\/ -->\n<title>1,7 mln z\u0142 na drogi: b\u0119dzie remont ul. Poniatowskiego - mojabochnia.pl - portal informacyjny<\/title>\n<meta name=\"robots\" content=\"index, follow, max-snippet:-1, max-image-preview:large, max-video-preview:-1\" \/>\n<link rel=\"canonical\" href=\"https:\/\/www.mojabochnia.pl\/?p=175747\" \/>\n<meta property=\"og:locale\" content=\"pl_PL\" \/>\n<meta property=\"og:type\" content=\"article\" \/>\n<meta property=\"og:title\" content=\"1,7 mln z\u0142 na drogi: b\u0119dzie remont ul. Poniatowskiego - mojabochnia.pl - portal informacyjny\" \/>\n<meta property=\"og:description\" content=\"Bochnia dosta\u0142a 1,7 mln z\u0142 dofinansowania na inwestycje drogowe. Jeszcze w tym roku remont zostanie wykonany na trzech ulicach, Ksi\u0119cia J\u00f3zefa Poniatowskiego, \u015awi\u0119tego Leonarda oraz Solna G\u00f3ra.\" \/>\n<meta property=\"og:url\" content=\"https:\/\/www.mojabochnia.pl\/?p=175747\" \/>\n<meta property=\"og:site_name\" content=\"mojabochnia.pl - portal informacyjny\" \/>\n<meta property=\"article:publisher\" content=\"https:\/\/www.facebook.com\/mojabochnia\" \/>\n<meta property=\"article:published_time\" content=\"2017-07-24T11:28:22+00:00\" \/>\n<meta property=\"og:image\" content=\"https:\/\/www.mojabochnia.pl\/wp-content\/uploads\/2016\/10\/IMG_6816.jpg\" \/>\n\t<meta property=\"og:image:width\" content=\"800\" \/>\n\t<meta property=\"og:image:height\" content=\"534\" \/>\n\t<meta property=\"og:image:type\" content=\"image\/jpeg\" \/>\n<meta name=\"author\" content=\"redakcja\" \/>\n<meta name=\"twitter:card\" content=\"summary_large_image\" \/>\n<meta name=\"twitter:label1\" content=\"Written by\" \/>\n\t<meta name=\"twitter:data1\" content=\"redakcja\" \/>\n\t<meta name=\"twitter:label2\" content=\"Est. reading time\" \/>\n\t<meta name=\"twitter:data2\" content=\"1 minuta\" \/>\n<script type=\"application\/ld+json\" class=\"yoast-schema-graph\">{\"@context\":\"https:\/\/schema.org\",\"@graph\":[{\"@type\":\"Article\",\"@id\":\"https:\/\/www.mojabochnia.pl\/?p=175747#article\",\"isPartOf\":{\"@id\":\"https:\/\/www.mojabochnia.pl\/?p=175747\"},\"author\":{\"name\":\"redakcja\",\"@id\":\"https:\/\/www.mojabochnia.pl\/#\/schema\/person\/7e2f20ead9902216a3384f13606c0ab7\"},\"headline\":\"1,7 mln z\u0142 na drogi: b\u0119dzie remont ul. Poniatowskiego\",\"datePublished\":\"2017-07-24T11:28:22+00:00\",\"mainEntityOfPage\":{\"@id\":\"https:\/\/www.mojabochnia.pl\/?p=175747\"},\"wordCount\":117,\"commentCount\":0,\"publisher\":{\"@id\":\"https:\/\/www.mojabochnia.pl\/#organization\"},\"image\":{\"@id\":\"https:\/\/www.mojabochnia.pl\/?p=175747#primaryimage\"},\"thumbnailUrl\":\"https:\/\/www.mojabochnia.pl\/wp-content\/uploads\/2016\/10\/IMG_6816.jpg\",\"keywords\":[\"asfalt\",\"dotacja\",\"remont\",\"schetyn\u00f3wka\",\"ul. poniatowskiego\"],\"articleSection\":[\"2_ostatnie\",\"polityka i wydarzenia\",\"tematyka\"],\"inLanguage\":\"pl-PL\",\"potentialAction\":[{\"@type\":\"CommentAction\",\"name\":\"Comment\",\"target\":[\"https:\/\/www.mojabochnia.pl\/?p=175747#respond\"]}]},{\"@type\":\"WebPage\",\"@id\":\"https:\/\/www.mojabochnia.pl\/?p=175747\",\"url\":\"https:\/\/www.mojabochnia.pl\/?p=175747\",\"name\":\"1,7 mln z\u0142 na drogi: b\u0119dzie remont ul. Poniatowskiego - mojabochnia.pl - portal informacyjny\",\"isPartOf\":{\"@id\":\"https:\/\/www.mojabochnia.pl\/#website\"},\"primaryImageOfPage\":{\"@id\":\"https:\/\/www.mojabochnia.pl\/?p=175747#primaryimage\"},\"image\":{\"@id\":\"https:\/\/www.mojabochnia.pl\/?p=175747#primaryimage\"},\"thumbnailUrl\":\"https:\/\/www.mojabochnia.pl\/wp-content\/uploads\/2016\/10\/IMG_6816.jpg\",\"datePublished\":\"2017-07-24T11:28:22+00:00\",\"breadcrumb\":{\"@id\":\"https:\/\/www.mojabochnia.pl\/?p=175747#breadcrumb\"},\"inLanguage\":\"pl-PL\",\"potentialAction\":[{\"@type\":\"ReadAction\",\"target\":[\"https:\/\/www.mojabochnia.pl\/?p=175747\"]}]},{\"@type\":\"ImageObject\",\"inLanguage\":\"pl-PL\",\"@id\":\"https:\/\/www.mojabochnia.pl\/?p=175747#primaryimage\",\"url\":\"https:\/\/www.mojabochnia.pl\/wp-content\/uploads\/2016\/10\/IMG_6816.jpg\",\"contentUrl\":\"https:\/\/www.mojabochnia.pl\/wp-content\/uploads\/2016\/10\/IMG_6816.jpg\",\"width\":800,\"height\":534,\"caption\":\"Pawe\u0142 Michalczyk\"},{\"@type\":\"BreadcrumbList\",\"@id\":\"https:\/\/www.mojabochnia.pl\/?p=175747#breadcrumb\",\"itemListElement\":[{\"@type\":\"ListItem\",\"position\":1,\"name\":\"Home\",\"item\":\"https:\/\/www.mojabochnia.pl\/\"},{\"@type\":\"ListItem\",\"position\":2,\"name\":\"1,7 mln z\u0142 na drogi: b\u0119dzie remont ul. Poniatowskiego\"}]},{\"@type\":\"WebSite\",\"@id\":\"https:\/\/www.mojabochnia.pl\/#website\",\"url\":\"https:\/\/www.mojabochnia.pl\/\",\"name\":\"mojabochnia.pl - portal informacyjny\",\"description\":\"mojaBochnia to portal informacyjny o Bochni. Codziennie o Bochni piszemy i pokazujemy najwa\u017cniejsze wydarzenia\",\"publisher\":{\"@id\":\"https:\/\/www.mojabochnia.pl\/#organization\"},\"potentialAction\":[{\"@type\":\"SearchAction\",\"target\":{\"@type\":\"EntryPoint\",\"urlTemplate\":\"https:\/\/www.mojabochnia.pl\/?s={search_term_string}\"},\"query-input\":{\"@type\":\"PropertyValueSpecification\",\"valueRequired\":true,\"valueName\":\"search_term_string\"}}],\"inLanguage\":\"pl-PL\"},{\"@type\":\"Organization\",\"@id\":\"https:\/\/www.mojabochnia.pl\/#organization\",\"name\":\"mojabochnia.pl - portal informacyjny\",\"url\":\"https:\/\/www.mojabochnia.pl\/\",\"logo\":{\"@type\":\"ImageObject\",\"inLanguage\":\"pl-PL\",\"@id\":\"https:\/\/www.mojabochnia.pl\/#\/schema\/logo\/image\/\",\"url\":\"https:\/\/www.mojabochnia.pl\/wp-content\/uploads\/2017\/08\/logo-mb-opt.png\",\"contentUrl\":\"https:\/\/www.mojabochnia.pl\/wp-content\/uploads\/2017\/08\/logo-mb-opt.png\",\"width\":250,\"height\":48,\"caption\":\"mojabochnia.pl - portal informacyjny\"},\"image\":{\"@id\":\"https:\/\/www.mojabochnia.pl\/#\/schema\/logo\/image\/\"},\"sameAs\":[\"https:\/\/www.facebook.com\/mojabochnia\"]},{\"@type\":\"Person\",\"@id\":\"https:\/\/www.mojabochnia.pl\/#\/schema\/person\/7e2f20ead9902216a3384f13606c0ab7\",\"name\":\"redakcja\",\"sameAs\":[\"http:\/\/\"],\"url\":\"https:\/\/www.mojabochnia.pl\/?author=13\"}]}<\/script>\n<!-- \/ Yoast SEO plugin. -->","yoast_head_json":{"title":"1,7 mln z\u0142 na drogi: b\u0119dzie remont ul. Poniatowskiego - mojabochnia.pl - portal informacyjny","robots":{"index":"index","follow":"follow","max-snippet":"max-snippet:-1","max-image-preview":"max-image-preview:large","max-video-preview":"max-video-preview:-1"},"canonical":"https:\/\/www.mojabochnia.pl\/?p=175747","og_locale":"pl_PL","og_type":"article","og_title":"1,7 mln z\u0142 na drogi: b\u0119dzie remont ul. Poniatowskiego - mojabochnia.pl - portal informacyjny","og_description":"Bochnia dosta\u0142a 1,7 mln z\u0142 dofinansowania na inwestycje drogowe. Jeszcze w tym roku remont zostanie wykonany na trzech ulicach, Ksi\u0119cia J\u00f3zefa Poniatowskiego, \u015awi\u0119tego Leonarda oraz Solna G\u00f3ra.","og_url":"https:\/\/www.mojabochnia.pl\/?p=175747","og_site_name":"mojabochnia.pl - portal informacyjny","article_publisher":"https:\/\/www.facebook.com\/mojabochnia","article_published_time":"2017-07-24T11:28:22+00:00","og_image":[{"width":800,"height":534,"url":"https:\/\/www.mojabochnia.pl\/wp-content\/uploads\/2016\/10\/IMG_6816.jpg","type":"image\/jpeg"}],"author":"redakcja","twitter_card":"summary_large_image","twitter_misc":{"Written by":"redakcja","Est. reading time":"1 minuta"},"schema":{"@context":"https:\/\/schema.org","@graph":[{"@type":"Article","@id":"https:\/\/www.mojabochnia.pl\/?p=175747#article","isPartOf":{"@id":"https:\/\/www.mojabochnia.pl\/?p=175747"},"author":{"name":"redakcja","@id":"https:\/\/www.mojabochnia.pl\/#\/schema\/person\/7e2f20ead9902216a3384f13606c0ab7"},"headline":"1,7 mln z\u0142 na drogi: b\u0119dzie remont ul. Poniatowskiego","datePublished":"2017-07-24T11:28:22+00:00","mainEntityOfPage":{"@id":"https:\/\/www.mojabochnia.pl\/?p=175747"},"wordCount":117,"commentCount":0,"publisher":{"@id":"https:\/\/www.mojabochnia.pl\/#organization"},"image":{"@id":"https:\/\/www.mojabochnia.pl\/?p=175747#primaryimage"},"thumbnailUrl":"https:\/\/www.mojabochnia.pl\/wp-content\/uploads\/2016\/10\/IMG_6816.jpg","keywords":["asfalt","dotacja","remont","schetyn\u00f3wka","ul. poniatowskiego"],"articleSection":["2_ostatnie","polityka i wydarzenia","tematyka"],"inLanguage":"pl-PL","potentialAction":[{"@type":"CommentAction","name":"Comment","target":["https:\/\/www.mojabochnia.pl\/?p=175747#respond"]}]},{"@type":"WebPage","@id":"https:\/\/www.mojabochnia.pl\/?p=175747","url":"https:\/\/www.mojabochnia.pl\/?p=175747","name":"1,7 mln z\u0142 na drogi: b\u0119dzie remont ul. Poniatowskiego - mojabochnia.pl - portal informacyjny","isPartOf":{"@id":"https:\/\/www.mojabochnia.pl\/#website"},"primaryImageOfPage":{"@id":"https:\/\/www.mojabochnia.pl\/?p=175747#primaryimage"},"image":{"@id":"https:\/\/www.mojabochnia.pl\/?p=175747#primaryimage"},"thumbnailUrl":"https:\/\/www.mojabochnia.pl\/wp-content\/uploads\/2016\/10\/IMG_6816.jpg","datePublished":"2017-07-24T11:28:22+00:00","breadcrumb":{"@id":"https:\/\/www.mojabochnia.pl\/?p=175747#breadcrumb"},"inLanguage":"pl-PL","potentialAction":[{"@type":"ReadAction","target":["https:\/\/www.mojabochnia.pl\/?p=175747"]}]},{"@type":"ImageObject","inLanguage":"pl-PL","@id":"https:\/\/www.mojabochnia.pl\/?p=175747#primaryimage","url":"https:\/\/www.mojabochnia.pl\/wp-content\/uploads\/2016\/10\/IMG_6816.jpg","contentUrl":"https:\/\/www.mojabochnia.pl\/wp-content\/uploads\/2016\/10\/IMG_6816.jpg","width":800,"height":534,"caption":"Pawe\u0142 Michalczyk"},{"@type":"BreadcrumbList","@id":"https:\/\/www.mojabochnia.pl\/?p=175747#breadcrumb","itemListElement":[{"@type":"ListItem","position":1,"name":"Home","item":"https:\/\/www.mojabochnia.pl\/"},{"@type":"ListItem","position":2,"name":"1,7 mln z\u0142 na drogi: b\u0119dzie remont ul. Poniatowskiego"}]},{"@type":"WebSite","@id":"https:\/\/www.mojabochnia.pl\/#website","url":"https:\/\/www.mojabochnia.pl\/","name":"mojabochnia.pl - portal informacyjny","description":"mojaBochnia to portal informacyjny o Bochni. Codziennie o Bochni piszemy i pokazujemy najwa\u017cniejsze wydarzenia","publisher":{"@id":"https:\/\/www.mojabochnia.pl\/#organization"},"potentialAction":[{"@type":"SearchAction","target":{"@type":"EntryPoint","urlTemplate":"https:\/\/www.mojabochnia.pl\/?s={search_term_string}"},"query-input":{"@type":"PropertyValueSpecification","valueRequired":true,"valueName":"search_term_string"}}],"inLanguage":"pl-PL"},{"@type":"Organization","@id":"https:\/\/www.mojabochnia.pl\/#organization","name":"mojabochnia.pl - portal informacyjny","url":"https:\/\/www.mojabochnia.pl\/","logo":{"@type":"ImageObject","inLanguage":"pl-PL","@id":"https:\/\/www.mojabochnia.pl\/#\/schema\/logo\/image\/","url":"https:\/\/www.mojabochnia.pl\/wp-content\/uploads\/2017\/08\/logo-mb-opt.png","contentUrl":"https:\/\/www.mojabochnia.pl\/wp-content\/uploads\/2017\/08\/logo-mb-opt.png","width":250,"height":48,"caption":"mojabochnia.pl - portal informacyjny"},"image":{"@id":"https:\/\/www.mojabochnia.pl\/#\/schema\/logo\/image\/"},"sameAs":["https:\/\/www.facebook.com\/mojabochnia"]},{"@type":"Person","@id":"https:\/\/www.mojabochnia.pl\/#\/schema\/person\/7e2f20ead9902216a3384f13606c0ab7","name":"redakcja","sameAs":["http:\/\/"],"url":"https:\/\/www.mojabochnia.pl\/?author=13"}]}},"_links":{"self":[{"href":"https:\/\/www.mojabochnia.pl\/index.php?rest_route=\/wp\/v2\/posts\/175747","targetHints":{"allow":["GET"]}}],"collection":[{"href":"https:\/\/www.mojabochnia.pl\/index.php?rest_route=\/wp\/v2\/posts"}],"about":[{"href":"https:\/\/www.mojabochnia.pl\/index.php?rest_route=\/wp\/v2\/types\/post"}],"author":[{"embeddable":true,"href":"https:\/\/www.mojabochnia.pl\/index.php?rest_route=\/wp\/v2\/users\/13"}],"replies":[{"embeddable":true,"href":"https:\/\/www.mojabochnia.pl\/index.php?rest_route=%2Fwp%2Fv2%2Fcomments&post=175747"}],"version-history":[{"count":1,"href":"https:\/\/www.mojabochnia.pl\/index.php?rest_route=\/wp\/v2\/posts\/175747\/revisions"}],"predecessor-version":[{"id":175748,"href":"https:\/\/www.mojabochnia.pl\/index.php?rest_route=\/wp\/v2\/posts\/175747\/revisions\/175748"}],"wp:featuredmedia":[{"embeddable":true,"href":"https:\/\/www.mojabochnia.pl\/index.php?rest_route=\/wp\/v2\/media\/160866"}],"wp:attachment":[{"href":"https:\/\/www.mojabochnia.pl\/index.php?rest_route=%2Fwp%2Fv2%2Fmedia&parent=175747"}],"wp:term":[{"taxonomy":"category","embeddable":true,"href":"https:\/\/www.mojabochnia.pl\/index.php?rest_route=%2Fwp%2Fv2%2Fcategories&post=175747"},{"taxonomy":"post_tag","embeddable":true,"href":"https:\/\/www.mojabochnia.pl\/index.php?rest_route=%2Fwp%2Fv2%2Ftags&post=175747"}],"curies":[{"name":"wp","href":"https:\/\/api.w.org\/{rel}","templated":true}]}}