{"id":175714,"date":"2017-07-21T11:46:15","date_gmt":"2017-07-21T09:46:15","guid":{"rendered":"http:\/\/www.mojabochnia.pl\/?p=175714"},"modified":"2017-07-21T11:46:15","modified_gmt":"2017-07-21T09:46:15","slug":"liceum-plastyczne-w-wisniczu-oglasza-dodatkowy-nabor-na-trzy-kierunki","status":"publish","type":"post","link":"https:\/\/www.mojabochnia.pl\/?p=175714","title":{"rendered":"Liceum Plastyczne w Wi\u015bniczu og\u0142asza dodatkowy nab\u00f3r na trzy kierunki"},"content":{"rendered":"<p>Je\u015bli masz predyspozycje plastyczne, chcesz rozwija\u0107 sw\u00f3j talent, kreatywne my\u015blenie i wyobra\u017ani\u0119, to nauka w naszej szkole b\u0119dzie Twoj\u0105 najlepsz\u0105 inwestycj\u0105 w przysz\u0142o\u015b\u0107. Przez 4 lata pobytu w Liceum Plastycznym nab\u0119dziesz umiej\u0119tno\u015bci z wielu dziedzin np.: malarstwa, rysunku, rze\u017aby, projektowania graficznego i multimedialnego, podstaw fotografii i filmu, a szczeg\u00f3lnie wybranej przez Ciebie jednej z czterech specjalizacji: ceramika artystyczna, fotografia artystyczna, renowacja element\u00f3w architektury lub tkanina artystyczna (od wrze\u015bnia 2017 s\u0105 jeszcze miejsca na trzech z wy\u017cej wymienionych specjalizacji).<\/p>\n<p>Liceum Plastyczne im. Jana Matejki jest \u015bredni\u0105 szko\u0142\u0105 artystyczn\u0105  zlokalizowan\u0105 w malowniczym Nowym Wi\u015bniczu. Tworzy j\u0105 kompleks budynk\u00f3w szko\u0142y i internatu otoczony ro\u015blinno\u015bci\u0105 i pracami uczni\u00f3w, zapewniaj\u0105cy m\u0142odzie\u017cy dogodne warunki do nauki, pracy i odpoczynku.<\/p>\n<p>Wi\u015bnicki Plastyk jest szko\u0142\u0105 prowadzon\u0105 przez Ministra Kultury i Dziedzictwa Narodowego. W ci\u0105gu 4 lat uczniowie realizuj\u0105 r\u00f3wnolegle program artystyczny oraz program og\u00f3lnokszta\u0142c\u0105cy. Efektem tej podw\u00f3jnej drogi s\u0105 dwa egzaminy podsumowuj\u0105ce ich edukacj\u0119 w Liceum Plastycznym. Zdawany w kwietniu egzamin dyplomowy daje Dyplomantom tytu\u0142 zawodowy plastyka uznawany na terenie ca\u0142ej Unii Europejskiej (PRK V \u2013 zapis na dyplomie potwierdzaj\u0105cy wg. polskich i europejskich ram kwalifikacji specjalistyczne przygotowanie zawodowe). W maju zgodnie z og\u00f3lnopolskim harmonogramem Absolwenci przyst\u0119puj\u0105 do egzaminu maturalnego. <\/p>\n<p>A potem przed Absolwentami Wi\u015bnickiego Plastyka otwiera si\u0119 szereg mo\u017cliwo\u015bci wyboru dalszych dr\u00f3g pozwalaj\u0105cych na wykorzystywanie i poszerzanie nabytych umiej\u0119tno\u015bci. Jedn\u0105 z mo\u017cliwo\u015bci jest kontynuacja edukacji plastycznej na uczelniach i wydzia\u0142ach artystycznych .Cz\u0119sto wybierane kierunki to: konserwacja w r\u00f3\u017cnych dziedzinach sztuki, grafika warsztatowa i projektowa, wzornictwo, multimedia, architektura, architektura krajobrazu, architektura wn\u0119trz, artystyczne projektowanie ubioru, fotografia, film animowany, rze\u017aba, ceramika i szk\u0142o. Absolwenci przygotowani s\u0105 r\u00f3wnie\u017c do podj\u0119cia pracy samodzielnej b\u0105d\u017a w r\u00f3\u017cnych pracowniach i firmach zajmuj\u0105cych si\u0119 szeroko poj\u0119tym projektowaniem i wykonawstwem obiekt\u00f3w artystycznych (agencje reklamowe, pracownie graficzne realizuj\u0105ce projekty w wielu bran\u017cach i dziedzinach, w tym: projektowanie i tworzenie stron internetowych, pracownie konserwatorskie i ceramiczne, praca w mediach).<\/p>\n<p>Mo\u017ce warto jeszcze raz przeanalizowa\u0107 sw\u00f3j \u017cyciowy wyb\u00f3r i podj\u0105\u0107 wyzwanie nauki w wymagaj\u0105cej du\u017cego wysi\u0142ku, ale otwieraj\u0105cej szerokie perspektywy szkole plastycznej w Nowym Wi\u015bniczu. Zapraszamy na dodatkowy egzamin wst\u0119pny <strong>29 sierpnia 2017 r. (godz. 9.00) <\/strong>obejmuj\u0105cy \u0107wiczenie z rysunku, malarstwa, rze\u017aby oraz podstawowe informacje ze znajomo\u015bci najwa\u017cniejszych zagadnie\u0144 z historii sztuki.  <\/p>\n<p>Szczeg\u00f3\u0142owe informacje na temat sierpniowego egzaminu wst\u0119pnego dost\u0119pne s\u0105 na stronie <a onclick=\"javascript:pageTracker._trackPageview('\/outgoing\/www.wisnickiplastyk.pl');\"  href=\"http:\/\/www.wisnickiplastyk.pl\">www.wisnickiplastyk.pl <\/a><\/p>\n<p>El\u017cbieta Kucyba\u0142a, dyrektor<br \/>\nBarbara Szota\u2013Rekie\u0107, wicedyrektor ds. artystycznych<\/p>\n<figure id=\"attachment_175728\" aria-describedby=\"caption-attachment-175728\" style=\"width: 468px\" class=\"wp-caption alignnone\"><a onclick=\"javascript:pageTracker._trackPageview('\/downloads\/wp-content\/uploads\/2017\/07\/wystawa-damiana-Styrny.jpg');\"  href=\"http:\/\/www.mojabochnia.pl\/wp-content\/uploads\/2017\/07\/wystawa-damiana-Styrny.jpg\"><img loading=\"lazy\" decoding=\"async\" src=\"http:\/\/www.mojabochnia.pl\/wp-content\/uploads\/2017\/07\/wystawa-damiana-Styrny-468x312.jpg\" alt=\"materia\u0142y prasowe\" width=\"468\" height=\"312\" class=\"size-medium wp-image-175728\" srcset=\"https:\/\/www.mojabochnia.pl\/wp-content\/uploads\/2017\/07\/wystawa-damiana-Styrny-468x312.jpg 468w, https:\/\/www.mojabochnia.pl\/wp-content\/uploads\/2017\/07\/wystawa-damiana-Styrny-120x80.jpg 120w, https:\/\/www.mojabochnia.pl\/wp-content\/uploads\/2017\/07\/wystawa-damiana-Styrny-768x512.jpg 768w, https:\/\/www.mojabochnia.pl\/wp-content\/uploads\/2017\/07\/wystawa-damiana-Styrny-660x440.jpg 660w, https:\/\/www.mojabochnia.pl\/wp-content\/uploads\/2017\/07\/wystawa-damiana-Styrny.jpg 800w\" sizes=\"auto, (max-width: 468px) 100vw, 468px\" \/><\/a><figcaption id=\"caption-attachment-175728\" class=\"wp-caption-text\">materia\u0142y prasowe<\/figcaption><\/figure>\n<figure id=\"attachment_175727\" aria-describedby=\"caption-attachment-175727\" style=\"width: 468px\" class=\"wp-caption alignnone\"><a onclick=\"javascript:pageTracker._trackPageview('\/downloads\/wp-content\/uploads\/2017\/07\/renowacja-malowanie-fresku.jpg');\"  href=\"http:\/\/www.mojabochnia.pl\/wp-content\/uploads\/2017\/07\/renowacja-malowanie-fresku.jpg\"><img loading=\"lazy\" decoding=\"async\" src=\"http:\/\/www.mojabochnia.pl\/wp-content\/uploads\/2017\/07\/renowacja-malowanie-fresku-468x351.jpg\" alt=\"materia\u0142y prasowe\" width=\"468\" height=\"351\" class=\"size-medium wp-image-175727\" srcset=\"https:\/\/www.mojabochnia.pl\/wp-content\/uploads\/2017\/07\/renowacja-malowanie-fresku-468x351.jpg 468w, https:\/\/www.mojabochnia.pl\/wp-content\/uploads\/2017\/07\/renowacja-malowanie-fresku-120x90.jpg 120w, https:\/\/www.mojabochnia.pl\/wp-content\/uploads\/2017\/07\/renowacja-malowanie-fresku-768x576.jpg 768w, https:\/\/www.mojabochnia.pl\/wp-content\/uploads\/2017\/07\/renowacja-malowanie-fresku-660x495.jpg 660w, https:\/\/www.mojabochnia.pl\/wp-content\/uploads\/2017\/07\/renowacja-malowanie-fresku.jpg 800w\" sizes=\"auto, (max-width: 468px) 100vw, 468px\" \/><\/a><figcaption id=\"caption-attachment-175727\" class=\"wp-caption-text\">materia\u0142y prasowe<\/figcaption><\/figure>\n<figure id=\"attachment_175726\" aria-describedby=\"caption-attachment-175726\" style=\"width: 468px\" class=\"wp-caption alignnone\"><a onclick=\"javascript:pageTracker._trackPageview('\/downloads\/wp-content\/uploads\/2017\/07\/rafa\u0142-Tomczyk-2014.jpg');\"  href=\"http:\/\/www.mojabochnia.pl\/wp-content\/uploads\/2017\/07\/rafa\u0142-Tomczyk-2014.jpg\"><img loading=\"lazy\" decoding=\"async\" src=\"http:\/\/www.mojabochnia.pl\/wp-content\/uploads\/2017\/07\/rafa\u0142-Tomczyk-2014-468x311.jpg\" alt=\"materia\u0142y prasowe\" width=\"468\" height=\"311\" class=\"size-medium wp-image-175726\" srcset=\"https:\/\/www.mojabochnia.pl\/wp-content\/uploads\/2017\/07\/rafa\u0142-Tomczyk-2014-468x311.jpg 468w, https:\/\/www.mojabochnia.pl\/wp-content\/uploads\/2017\/07\/rafa\u0142-Tomczyk-2014-120x80.jpg 120w, https:\/\/www.mojabochnia.pl\/wp-content\/uploads\/2017\/07\/rafa\u0142-Tomczyk-2014-768x511.jpg 768w, https:\/\/www.mojabochnia.pl\/wp-content\/uploads\/2017\/07\/rafa\u0142-Tomczyk-2014-660x439.jpg 660w, https:\/\/www.mojabochnia.pl\/wp-content\/uploads\/2017\/07\/rafa\u0142-Tomczyk-2014.jpg 800w\" sizes=\"auto, (max-width: 468px) 100vw, 468px\" \/><\/a><figcaption id=\"caption-attachment-175726\" class=\"wp-caption-text\">materia\u0142y prasowe<\/figcaption><\/figure>\n<figure id=\"attachment_175725\" aria-describedby=\"caption-attachment-175725\" style=\"width: 468px\" class=\"wp-caption alignnone\"><a onclick=\"javascript:pageTracker._trackPageview('\/downloads\/wp-content\/uploads\/2017\/07\/pawe\u0142-Koz\u0142owski-2013.jpg');\"  href=\"http:\/\/www.mojabochnia.pl\/wp-content\/uploads\/2017\/07\/pawe\u0142-Koz\u0142owski-2013.jpg\"><img loading=\"lazy\" decoding=\"async\" src=\"http:\/\/www.mojabochnia.pl\/wp-content\/uploads\/2017\/07\/pawe\u0142-Koz\u0142owski-2013-468x311.jpg\" alt=\"materia\u0142y prasowe\" width=\"468\" height=\"311\" class=\"size-medium wp-image-175725\" srcset=\"https:\/\/www.mojabochnia.pl\/wp-content\/uploads\/2017\/07\/pawe\u0142-Koz\u0142owski-2013-468x311.jpg 468w, https:\/\/www.mojabochnia.pl\/wp-content\/uploads\/2017\/07\/pawe\u0142-Koz\u0142owski-2013-120x80.jpg 120w, https:\/\/www.mojabochnia.pl\/wp-content\/uploads\/2017\/07\/pawe\u0142-Koz\u0142owski-2013-768x511.jpg 768w, https:\/\/www.mojabochnia.pl\/wp-content\/uploads\/2017\/07\/pawe\u0142-Koz\u0142owski-2013-660x439.jpg 660w, https:\/\/www.mojabochnia.pl\/wp-content\/uploads\/2017\/07\/pawe\u0142-Koz\u0142owski-2013.jpg 800w\" sizes=\"auto, (max-width: 468px) 100vw, 468px\" \/><\/a><figcaption id=\"caption-attachment-175725\" class=\"wp-caption-text\">materia\u0142y prasowe<\/figcaption><\/figure>\n<figure id=\"attachment_175724\" aria-describedby=\"caption-attachment-175724\" style=\"width: 468px\" class=\"wp-caption alignnone\"><a onclick=\"javascript:pageTracker._trackPageview('\/downloads\/wp-content\/uploads\/2017\/07\/malarstwo.jpg');\"  href=\"http:\/\/www.mojabochnia.pl\/wp-content\/uploads\/2017\/07\/malarstwo.jpg\"><img loading=\"lazy\" decoding=\"async\" src=\"http:\/\/www.mojabochnia.pl\/wp-content\/uploads\/2017\/07\/malarstwo-468x311.jpg\" alt=\"materia\u0142y prasowe\" width=\"468\" height=\"311\" class=\"size-medium wp-image-175724\" srcset=\"https:\/\/www.mojabochnia.pl\/wp-content\/uploads\/2017\/07\/malarstwo-468x311.jpg 468w, https:\/\/www.mojabochnia.pl\/wp-content\/uploads\/2017\/07\/malarstwo-120x80.jpg 120w, https:\/\/www.mojabochnia.pl\/wp-content\/uploads\/2017\/07\/malarstwo-768x511.jpg 768w, https:\/\/www.mojabochnia.pl\/wp-content\/uploads\/2017\/07\/malarstwo-660x439.jpg 660w, https:\/\/www.mojabochnia.pl\/wp-content\/uploads\/2017\/07\/malarstwo.jpg 800w\" sizes=\"auto, (max-width: 468px) 100vw, 468px\" \/><\/a><figcaption id=\"caption-attachment-175724\" class=\"wp-caption-text\">materia\u0142y prasowe<\/figcaption><\/figure>\n<figure id=\"attachment_175719\" aria-describedby=\"caption-attachment-175719\" style=\"width: 468px\" class=\"wp-caption alignnone\"><a onclick=\"javascript:pageTracker._trackPageview('\/downloads\/wp-content\/uploads\/2017\/07\/Dzie\u0144-Otwarty-17-4.jpg');\"  href=\"http:\/\/www.mojabochnia.pl\/wp-content\/uploads\/2017\/07\/Dzie\u0144-Otwarty-17-4.jpg\"><img loading=\"lazy\" decoding=\"async\" src=\"http:\/\/www.mojabochnia.pl\/wp-content\/uploads\/2017\/07\/Dzie\u0144-Otwarty-17-4-468x312.jpg\" alt=\"materia\u0142y prasowe\" width=\"468\" height=\"312\" class=\"size-medium wp-image-175719\" srcset=\"https:\/\/www.mojabochnia.pl\/wp-content\/uploads\/2017\/07\/Dzie\u0144-Otwarty-17-4-468x312.jpg 468w, https:\/\/www.mojabochnia.pl\/wp-content\/uploads\/2017\/07\/Dzie\u0144-Otwarty-17-4-120x80.jpg 120w, https:\/\/www.mojabochnia.pl\/wp-content\/uploads\/2017\/07\/Dzie\u0144-Otwarty-17-4-768x512.jpg 768w, https:\/\/www.mojabochnia.pl\/wp-content\/uploads\/2017\/07\/Dzie\u0144-Otwarty-17-4-660x440.jpg 660w, https:\/\/www.mojabochnia.pl\/wp-content\/uploads\/2017\/07\/Dzie\u0144-Otwarty-17-4.jpg 800w\" sizes=\"auto, (max-width: 468px) 100vw, 468px\" \/><\/a><figcaption id=\"caption-attachment-175719\" class=\"wp-caption-text\">materia\u0142y prasowe<\/figcaption><\/figure>\n<figure id=\"attachment_175720\" aria-describedby=\"caption-attachment-175720\" style=\"width: 468px\" class=\"wp-caption alignnone\"><a onclick=\"javascript:pageTracker._trackPageview('\/downloads\/wp-content\/uploads\/2017\/07\/ela-\u0107wik-17.jpg');\"  href=\"http:\/\/www.mojabochnia.pl\/wp-content\/uploads\/2017\/07\/ela-\u0107wik-17.jpg\"><img loading=\"lazy\" decoding=\"async\" src=\"http:\/\/www.mojabochnia.pl\/wp-content\/uploads\/2017\/07\/ela-\u0107wik-17-468x310.jpg\" alt=\"materia\u0142y prasowe\" width=\"468\" height=\"310\" class=\"size-medium wp-image-175720\" srcset=\"https:\/\/www.mojabochnia.pl\/wp-content\/uploads\/2017\/07\/ela-\u0107wik-17-468x310.jpg 468w, https:\/\/www.mojabochnia.pl\/wp-content\/uploads\/2017\/07\/ela-\u0107wik-17-120x80.jpg 120w, https:\/\/www.mojabochnia.pl\/wp-content\/uploads\/2017\/07\/ela-\u0107wik-17-768x509.jpg 768w, https:\/\/www.mojabochnia.pl\/wp-content\/uploads\/2017\/07\/ela-\u0107wik-17-660x437.jpg 660w, https:\/\/www.mojabochnia.pl\/wp-content\/uploads\/2017\/07\/ela-\u0107wik-17.jpg 800w\" sizes=\"auto, (max-width: 468px) 100vw, 468px\" \/><\/a><figcaption id=\"caption-attachment-175720\" class=\"wp-caption-text\">materia\u0142y prasowe<\/figcaption><\/figure>\n<figure id=\"attachment_175721\" aria-describedby=\"caption-attachment-175721\" style=\"width: 468px\" class=\"wp-caption alignnone\"><a onclick=\"javascript:pageTracker._trackPageview('\/downloads\/wp-content\/uploads\/2017\/07\/foto-2017-2.jpg');\"  href=\"http:\/\/www.mojabochnia.pl\/wp-content\/uploads\/2017\/07\/foto-2017-2.jpg\"><img loading=\"lazy\" decoding=\"async\" src=\"http:\/\/www.mojabochnia.pl\/wp-content\/uploads\/2017\/07\/foto-2017-2-468x708.jpg\" alt=\"materia\u0142y prasowe\" width=\"468\" height=\"708\" class=\"size-medium wp-image-175721\" srcset=\"https:\/\/www.mojabochnia.pl\/wp-content\/uploads\/2017\/07\/foto-2017-2-468x708.jpg 468w, https:\/\/www.mojabochnia.pl\/wp-content\/uploads\/2017\/07\/foto-2017-2-120x182.jpg 120w, https:\/\/www.mojabochnia.pl\/wp-content\/uploads\/2017\/07\/foto-2017-2.jpg 476w\" sizes=\"auto, (max-width: 468px) 100vw, 468px\" \/><\/a><figcaption id=\"caption-attachment-175721\" class=\"wp-caption-text\">materia\u0142y prasowe<\/figcaption><\/figure>\n<figure id=\"attachment_175723\" aria-describedby=\"caption-attachment-175723\" style=\"width: 468px\" class=\"wp-caption alignnone\"><a onclick=\"javascript:pageTracker._trackPageview('\/downloads\/wp-content\/uploads\/2017\/07\/gumu\u0142a.jpg');\"  href=\"http:\/\/www.mojabochnia.pl\/wp-content\/uploads\/2017\/07\/gumu\u0142a.jpg\"><img loading=\"lazy\" decoding=\"async\" src=\"http:\/\/www.mojabochnia.pl\/wp-content\/uploads\/2017\/07\/gumu\u0142a-468x196.jpg\" alt=\"materia\u0142y prasowe\" width=\"468\" height=\"196\" class=\"size-medium wp-image-175723\" srcset=\"https:\/\/www.mojabochnia.pl\/wp-content\/uploads\/2017\/07\/gumu\u0142a-468x196.jpg 468w, https:\/\/www.mojabochnia.pl\/wp-content\/uploads\/2017\/07\/gumu\u0142a-120x50.jpg 120w, https:\/\/www.mojabochnia.pl\/wp-content\/uploads\/2017\/07\/gumu\u0142a-768x322.jpg 768w, https:\/\/www.mojabochnia.pl\/wp-content\/uploads\/2017\/07\/gumu\u0142a-660x276.jpg 660w, https:\/\/www.mojabochnia.pl\/wp-content\/uploads\/2017\/07\/gumu\u0142a-760x320.jpg 760w, https:\/\/www.mojabochnia.pl\/wp-content\/uploads\/2017\/07\/gumu\u0142a.jpg 800w\" sizes=\"auto, (max-width: 468px) 100vw, 468px\" \/><\/a><figcaption id=\"caption-attachment-175723\" class=\"wp-caption-text\">materia\u0142y prasowe<\/figcaption><\/figure>\n<figure id=\"attachment_175717\" aria-describedby=\"caption-attachment-175717\" style=\"width: 468px\" class=\"wp-caption alignnone\"><a onclick=\"javascript:pageTracker._trackPageview('\/downloads\/wp-content\/uploads\/2017\/07\/\u0107w-klauz-15.jpg');\"  href=\"http:\/\/www.mojabochnia.pl\/wp-content\/uploads\/2017\/07\/\u0107w-klauz-15.jpg\"><img loading=\"lazy\" decoding=\"async\" src=\"http:\/\/www.mojabochnia.pl\/wp-content\/uploads\/2017\/07\/\u0107w-klauz-15-468x311.jpg\" alt=\"materia\u0142y prasowe\" width=\"468\" height=\"311\" class=\"size-medium wp-image-175717\" srcset=\"https:\/\/www.mojabochnia.pl\/wp-content\/uploads\/2017\/07\/\u0107w-klauz-15-468x311.jpg 468w, https:\/\/www.mojabochnia.pl\/wp-content\/uploads\/2017\/07\/\u0107w-klauz-15-120x80.jpg 120w, https:\/\/www.mojabochnia.pl\/wp-content\/uploads\/2017\/07\/\u0107w-klauz-15-768x511.jpg 768w, https:\/\/www.mojabochnia.pl\/wp-content\/uploads\/2017\/07\/\u0107w-klauz-15-660x439.jpg 660w, https:\/\/www.mojabochnia.pl\/wp-content\/uploads\/2017\/07\/\u0107w-klauz-15.jpg 800w\" sizes=\"auto, (max-width: 468px) 100vw, 468px\" \/><\/a><figcaption id=\"caption-attachment-175717\" class=\"wp-caption-text\">materia\u0142y prasowe<\/figcaption><\/figure>\n<figure id=\"attachment_175716\" aria-describedby=\"caption-attachment-175716\" style=\"width: 468px\" class=\"wp-caption alignnone\"><a onclick=\"javascript:pageTracker._trackPageview('\/downloads\/wp-content\/uploads\/2017\/07\/ceramika-modelowanie-formy.jpg');\"  href=\"http:\/\/www.mojabochnia.pl\/wp-content\/uploads\/2017\/07\/ceramika-modelowanie-formy.jpg\"><img loading=\"lazy\" decoding=\"async\" src=\"http:\/\/www.mojabochnia.pl\/wp-content\/uploads\/2017\/07\/ceramika-modelowanie-formy-468x311.jpg\" alt=\"materia\u0142y prasowe\" width=\"468\" height=\"311\" class=\"size-medium wp-image-175716\" srcset=\"https:\/\/www.mojabochnia.pl\/wp-content\/uploads\/2017\/07\/ceramika-modelowanie-formy-468x311.jpg 468w, https:\/\/www.mojabochnia.pl\/wp-content\/uploads\/2017\/07\/ceramika-modelowanie-formy-120x80.jpg 120w, https:\/\/www.mojabochnia.pl\/wp-content\/uploads\/2017\/07\/ceramika-modelowanie-formy-768x511.jpg 768w, https:\/\/www.mojabochnia.pl\/wp-content\/uploads\/2017\/07\/ceramika-modelowanie-formy-660x439.jpg 660w, https:\/\/www.mojabochnia.pl\/wp-content\/uploads\/2017\/07\/ceramika-modelowanie-formy.jpg 800w\" sizes=\"auto, (max-width: 468px) 100vw, 468px\" \/><\/a><figcaption id=\"caption-attachment-175716\" class=\"wp-caption-text\">materia\u0142y prasowe<\/figcaption><\/figure>\n<figure id=\"attachment_175715\" aria-describedby=\"caption-attachment-175715\" style=\"width: 468px\" class=\"wp-caption alignnone\"><a onclick=\"javascript:pageTracker._trackPageview('\/downloads\/wp-content\/uploads\/2017\/07\/bienias.jpg');\"  href=\"http:\/\/www.mojabochnia.pl\/wp-content\/uploads\/2017\/07\/bienias.jpg\"><img loading=\"lazy\" decoding=\"async\" src=\"http:\/\/www.mojabochnia.pl\/wp-content\/uploads\/2017\/07\/bienias-468x311.jpg\" alt=\"materia\u0142y prasowe\" width=\"468\" height=\"311\" class=\"size-medium wp-image-175715\" srcset=\"https:\/\/www.mojabochnia.pl\/wp-content\/uploads\/2017\/07\/bienias-468x311.jpg 468w, https:\/\/www.mojabochnia.pl\/wp-content\/uploads\/2017\/07\/bienias-120x80.jpg 120w, https:\/\/www.mojabochnia.pl\/wp-content\/uploads\/2017\/07\/bienias-768x511.jpg 768w, https:\/\/www.mojabochnia.pl\/wp-content\/uploads\/2017\/07\/bienias-660x439.jpg 660w, https:\/\/www.mojabochnia.pl\/wp-content\/uploads\/2017\/07\/bienias.jpg 800w\" sizes=\"auto, (max-width: 468px) 100vw, 468px\" \/><\/a><figcaption id=\"caption-attachment-175715\" class=\"wp-caption-text\">materia\u0142y prasowe<\/figcaption><\/figure>\n\t  \r\n\t\r\n\t    <div class=\"mb-gallery\">\r\n\t    <a href=\"https:\/\/www.mojabochnia.pl\/?attachment_id=175715\" class=\"\"><img loading=\"lazy\" decoding=\"async\" width=\"100\" height=\"100\" src=\"https:\/\/www.mojabochnia.pl\/wp-content\/uploads\/2017\/07\/bienias-100x100.jpg\" class=\"attachment-100x100 size-100x100\" alt=\"\" \/><\/a><a href=\"https:\/\/www.mojabochnia.pl\/?attachment_id=175716\" class=\"\"><img loading=\"lazy\" decoding=\"async\" width=\"100\" height=\"100\" src=\"https:\/\/www.mojabochnia.pl\/wp-content\/uploads\/2017\/07\/ceramika-modelowanie-formy-100x100.jpg\" class=\"attachment-100x100 size-100x100\" alt=\"\" \/><\/a><a href=\"https:\/\/www.mojabochnia.pl\/?attachment_id=175717\" class=\"\"><img loading=\"lazy\" decoding=\"async\" width=\"100\" height=\"100\" src=\"https:\/\/www.mojabochnia.pl\/wp-content\/uploads\/2017\/07\/\u0107w-klauz-15-100x100.jpg\" class=\"attachment-100x100 size-100x100\" alt=\"\" \/><\/a><a href=\"https:\/\/www.mojabochnia.pl\/?attachment_id=175718\" class=\"\"><img loading=\"lazy\" decoding=\"async\" width=\"100\" height=\"100\" src=\"https:\/\/www.mojabochnia.pl\/wp-content\/uploads\/2017\/07\/\u0107wiczenie-klauzurowe-15-100x100.jpg\" class=\"attachment-100x100 size-100x100\" alt=\"\" \/><\/a><a href=\"https:\/\/www.mojabochnia.pl\/?attachment_id=175719\" class=\"\"><img loading=\"lazy\" decoding=\"async\" width=\"100\" height=\"100\" src=\"https:\/\/www.mojabochnia.pl\/wp-content\/uploads\/2017\/07\/Dzie\u0144-Otwarty-17-4-100x100.jpg\" class=\"attachment-100x100 size-100x100\" alt=\"\" \/><\/a><a href=\"https:\/\/www.mojabochnia.pl\/?attachment_id=175720\" class=\"\"><img loading=\"lazy\" decoding=\"async\" width=\"100\" height=\"100\" src=\"https:\/\/www.mojabochnia.pl\/wp-content\/uploads\/2017\/07\/ela-\u0107wik-17-100x100.jpg\" class=\"attachment-100x100 size-100x100\" alt=\"\" \/><\/a><a href=\"https:\/\/www.mojabochnia.pl\/?attachment_id=175721\" class=\"\"><img loading=\"lazy\" decoding=\"async\" width=\"100\" height=\"100\" src=\"https:\/\/www.mojabochnia.pl\/wp-content\/uploads\/2017\/07\/foto-2017-2-100x100.jpg\" class=\"attachment-100x100 size-100x100\" alt=\"\" \/><\/a><a href=\"https:\/\/www.mojabochnia.pl\/?attachment_id=175723\" class=\"\"><img loading=\"lazy\" decoding=\"async\" width=\"100\" height=\"100\" src=\"https:\/\/www.mojabochnia.pl\/wp-content\/uploads\/2017\/07\/gumu\u0142a-100x100.jpg\" class=\"attachment-100x100 size-100x100\" alt=\"\" \/><\/a><a href=\"https:\/\/www.mojabochnia.pl\/?attachment_id=175724\" class=\"\"><img loading=\"lazy\" decoding=\"async\" width=\"100\" height=\"100\" src=\"https:\/\/www.mojabochnia.pl\/wp-content\/uploads\/2017\/07\/malarstwo-100x100.jpg\" class=\"attachment-100x100 size-100x100\" alt=\"\" \/><\/a><a href=\"https:\/\/www.mojabochnia.pl\/?attachment_id=175725\" class=\"\"><img loading=\"lazy\" decoding=\"async\" width=\"100\" height=\"100\" src=\"https:\/\/www.mojabochnia.pl\/wp-content\/uploads\/2017\/07\/pawe\u0142-Koz\u0142owski-2013-100x100.jpg\" class=\"attachment-100x100 size-100x100\" alt=\"\" \/><\/a><a href=\"https:\/\/www.mojabochnia.pl\/?attachment_id=175726\" class=\"\"><img loading=\"lazy\" decoding=\"async\" width=\"100\" height=\"100\" src=\"https:\/\/www.mojabochnia.pl\/wp-content\/uploads\/2017\/07\/rafa\u0142-Tomczyk-2014-100x100.jpg\" class=\"attachment-100x100 size-100x100\" alt=\"\" \/><\/a><a href=\"https:\/\/www.mojabochnia.pl\/?attachment_id=175727\" class=\"\"><img loading=\"lazy\" decoding=\"async\" width=\"100\" height=\"100\" src=\"https:\/\/www.mojabochnia.pl\/wp-content\/uploads\/2017\/07\/renowacja-malowanie-fresku-100x100.jpg\" class=\"attachment-100x100 size-100x100\" alt=\"\" \/><\/a><a href=\"https:\/\/www.mojabochnia.pl\/?attachment_id=175728\" class=\"\"><img loading=\"lazy\" decoding=\"async\" width=\"100\" height=\"100\" src=\"https:\/\/www.mojabochnia.pl\/wp-content\/uploads\/2017\/07\/wystawa-damiana-Styrny-100x100.jpg\" class=\"attachment-100x100 size-100x100\" alt=\"\" \/><\/a>\t    <\/div>\r\n\t    ","protected":false},"excerpt":{"rendered":"<p>W Liceum Plastycznym im. Jana Matejki w Nowym Wi\u015bniczu s\u0105 jeszcze wolne miejsca na specjalizacjach: ceramika artystyczna, fotografia artystyczna, tkanina artystyczna. <\/p>\n","protected":false},"author":12,"featured_media":175718,"comment_status":"open","ping_status":"closed","sticky":false,"template":"","format":"standard","meta":{"_acf_changed":false,"footnotes":""},"categories":[5,6247,6246,6251,6250],"tags":[19286,17403,17674,17249],"class_list":["post-175714","post","type-post","status-publish","format-standard","has-post-thumbnail","hentry","category-biezace-wydarzenia","category-fotogaleria","category-medium","category-polityka-i-wydarzenia","category-tematyka","tag-liceum-plastyczne-w-nowym-wisniczu","tag-nabor","tag-plastyk","tag-szkola","main_tag-szkola"],"acf":[],"yoast_head":"<!-- This site is optimized with the Yoast SEO plugin v26.9 - https:\/\/yoast.com\/product\/yoast-seo-wordpress\/ -->\n<title>Liceum Plastyczne w Wi\u015bniczu og\u0142asza dodatkowy nab\u00f3r na trzy kierunki - mojabochnia.pl - portal informacyjny<\/title>\n<meta name=\"robots\" content=\"index, follow, max-snippet:-1, max-image-preview:large, max-video-preview:-1\" \/>\n<link rel=\"canonical\" href=\"https:\/\/www.mojabochnia.pl\/?p=175714\" \/>\n<meta property=\"og:locale\" content=\"pl_PL\" \/>\n<meta property=\"og:type\" content=\"article\" \/>\n<meta property=\"og:title\" content=\"Liceum Plastyczne w Wi\u015bniczu og\u0142asza dodatkowy nab\u00f3r na trzy kierunki - mojabochnia.pl - portal informacyjny\" \/>\n<meta property=\"og:description\" content=\"W Liceum Plastycznym im. Jana Matejki w Nowym Wi\u015bniczu s\u0105 jeszcze wolne miejsca na specjalizacjach: ceramika artystyczna, fotografia artystyczna, tkanina artystyczna.\" \/>\n<meta property=\"og:url\" content=\"https:\/\/www.mojabochnia.pl\/?p=175714\" \/>\n<meta property=\"og:site_name\" content=\"mojabochnia.pl - portal informacyjny\" \/>\n<meta property=\"article:publisher\" content=\"https:\/\/www.facebook.com\/mojabochnia\" \/>\n<meta property=\"article:published_time\" content=\"2017-07-21T09:46:15+00:00\" \/>\n<meta property=\"og:image\" content=\"https:\/\/www.mojabochnia.pl\/wp-content\/uploads\/2017\/07\/\u0107wiczenie-klauzurowe-15.jpg\" \/>\n\t<meta property=\"og:image:width\" content=\"800\" \/>\n\t<meta property=\"og:image:height\" content=\"533\" \/>\n\t<meta property=\"og:image:type\" content=\"image\/jpeg\" \/>\n<meta name=\"author\" content=\"tekst sponsorowany\" \/>\n<meta name=\"twitter:card\" content=\"summary_large_image\" \/>\n<meta name=\"twitter:label1\" content=\"Written by\" \/>\n\t<meta name=\"twitter:data1\" content=\"tekst sponsorowany\" \/>\n\t<meta name=\"twitter:label2\" content=\"Est. reading time\" \/>\n\t<meta name=\"twitter:data2\" content=\"3 minuty\" \/>\n<script type=\"application\/ld+json\" class=\"yoast-schema-graph\">{\"@context\":\"https:\/\/schema.org\",\"@graph\":[{\"@type\":\"Article\",\"@id\":\"https:\/\/www.mojabochnia.pl\/?p=175714#article\",\"isPartOf\":{\"@id\":\"https:\/\/www.mojabochnia.pl\/?p=175714\"},\"author\":{\"name\":\"tekst sponsorowany\",\"@id\":\"https:\/\/www.mojabochnia.pl\/#\/schema\/person\/146c38805d6d0d8e5dc56f00345e6a5e\"},\"headline\":\"Liceum Plastyczne w Wi\u015bniczu og\u0142asza dodatkowy nab\u00f3r na trzy kierunki\",\"datePublished\":\"2017-07-21T09:46:15+00:00\",\"mainEntityOfPage\":{\"@id\":\"https:\/\/www.mojabochnia.pl\/?p=175714\"},\"wordCount\":580,\"commentCount\":0,\"publisher\":{\"@id\":\"https:\/\/www.mojabochnia.pl\/#organization\"},\"image\":{\"@id\":\"https:\/\/www.mojabochnia.pl\/?p=175714#primaryimage\"},\"thumbnailUrl\":\"https:\/\/www.mojabochnia.pl\/wp-content\/uploads\/2017\/07\/\u0107wiczenie-klauzurowe-15.jpg\",\"keywords\":[\"liceum plastyczne w nowym wi\u015bniczu\",\"nab\u00f3r\",\"plastyk\",\"szko\u0142a\"],\"articleSection\":[\"2_ostatnie\",\"fotogaleria\",\"Medium\",\"polityka i wydarzenia\",\"tematyka\"],\"inLanguage\":\"pl-PL\",\"potentialAction\":[{\"@type\":\"CommentAction\",\"name\":\"Comment\",\"target\":[\"https:\/\/www.mojabochnia.pl\/?p=175714#respond\"]}]},{\"@type\":\"WebPage\",\"@id\":\"https:\/\/www.mojabochnia.pl\/?p=175714\",\"url\":\"https:\/\/www.mojabochnia.pl\/?p=175714\",\"name\":\"Liceum Plastyczne w Wi\u015bniczu og\u0142asza dodatkowy nab\u00f3r na trzy kierunki - mojabochnia.pl - portal informacyjny\",\"isPartOf\":{\"@id\":\"https:\/\/www.mojabochnia.pl\/#website\"},\"primaryImageOfPage\":{\"@id\":\"https:\/\/www.mojabochnia.pl\/?p=175714#primaryimage\"},\"image\":{\"@id\":\"https:\/\/www.mojabochnia.pl\/?p=175714#primaryimage\"},\"thumbnailUrl\":\"https:\/\/www.mojabochnia.pl\/wp-content\/uploads\/2017\/07\/\u0107wiczenie-klauzurowe-15.jpg\",\"datePublished\":\"2017-07-21T09:46:15+00:00\",\"breadcrumb\":{\"@id\":\"https:\/\/www.mojabochnia.pl\/?p=175714#breadcrumb\"},\"inLanguage\":\"pl-PL\",\"potentialAction\":[{\"@type\":\"ReadAction\",\"target\":[\"https:\/\/www.mojabochnia.pl\/?p=175714\"]}]},{\"@type\":\"ImageObject\",\"inLanguage\":\"pl-PL\",\"@id\":\"https:\/\/www.mojabochnia.pl\/?p=175714#primaryimage\",\"url\":\"https:\/\/www.mojabochnia.pl\/wp-content\/uploads\/2017\/07\/\u0107wiczenie-klauzurowe-15.jpg\",\"contentUrl\":\"https:\/\/www.mojabochnia.pl\/wp-content\/uploads\/2017\/07\/\u0107wiczenie-klauzurowe-15.jpg\",\"width\":800,\"height\":533,\"caption\":\"materia\u0142y prasowe\"},{\"@type\":\"BreadcrumbList\",\"@id\":\"https:\/\/www.mojabochnia.pl\/?p=175714#breadcrumb\",\"itemListElement\":[{\"@type\":\"ListItem\",\"position\":1,\"name\":\"Home\",\"item\":\"https:\/\/www.mojabochnia.pl\/\"},{\"@type\":\"ListItem\",\"position\":2,\"name\":\"Liceum Plastyczne w Wi\u015bniczu og\u0142asza dodatkowy nab\u00f3r na trzy kierunki\"}]},{\"@type\":\"WebSite\",\"@id\":\"https:\/\/www.mojabochnia.pl\/#website\",\"url\":\"https:\/\/www.mojabochnia.pl\/\",\"name\":\"mojabochnia.pl - portal informacyjny\",\"description\":\"mojaBochnia to portal informacyjny o Bochni. Codziennie o Bochni piszemy i pokazujemy najwa\u017cniejsze wydarzenia\",\"publisher\":{\"@id\":\"https:\/\/www.mojabochnia.pl\/#organization\"},\"potentialAction\":[{\"@type\":\"SearchAction\",\"target\":{\"@type\":\"EntryPoint\",\"urlTemplate\":\"https:\/\/www.mojabochnia.pl\/?s={search_term_string}\"},\"query-input\":{\"@type\":\"PropertyValueSpecification\",\"valueRequired\":true,\"valueName\":\"search_term_string\"}}],\"inLanguage\":\"pl-PL\"},{\"@type\":\"Organization\",\"@id\":\"https:\/\/www.mojabochnia.pl\/#organization\",\"name\":\"mojabochnia.pl - portal informacyjny\",\"url\":\"https:\/\/www.mojabochnia.pl\/\",\"logo\":{\"@type\":\"ImageObject\",\"inLanguage\":\"pl-PL\",\"@id\":\"https:\/\/www.mojabochnia.pl\/#\/schema\/logo\/image\/\",\"url\":\"https:\/\/www.mojabochnia.pl\/wp-content\/uploads\/2017\/08\/logo-mb-opt.png\",\"contentUrl\":\"https:\/\/www.mojabochnia.pl\/wp-content\/uploads\/2017\/08\/logo-mb-opt.png\",\"width\":250,\"height\":48,\"caption\":\"mojabochnia.pl - portal informacyjny\"},\"image\":{\"@id\":\"https:\/\/www.mojabochnia.pl\/#\/schema\/logo\/image\/\"},\"sameAs\":[\"https:\/\/www.facebook.com\/mojabochnia\"]},{\"@type\":\"Person\",\"@id\":\"https:\/\/www.mojabochnia.pl\/#\/schema\/person\/146c38805d6d0d8e5dc56f00345e6a5e\",\"name\":\"tekst sponsorowany\",\"sameAs\":[\"http:\/\/\"],\"url\":\"https:\/\/www.mojabochnia.pl\/?author=12\"}]}<\/script>\n<!-- \/ Yoast SEO plugin. -->","yoast_head_json":{"title":"Liceum Plastyczne w Wi\u015bniczu og\u0142asza dodatkowy nab\u00f3r na trzy kierunki - mojabochnia.pl - portal informacyjny","robots":{"index":"index","follow":"follow","max-snippet":"max-snippet:-1","max-image-preview":"max-image-preview:large","max-video-preview":"max-video-preview:-1"},"canonical":"https:\/\/www.mojabochnia.pl\/?p=175714","og_locale":"pl_PL","og_type":"article","og_title":"Liceum Plastyczne w Wi\u015bniczu og\u0142asza dodatkowy nab\u00f3r na trzy kierunki - mojabochnia.pl - portal informacyjny","og_description":"W Liceum Plastycznym im. Jana Matejki w Nowym Wi\u015bniczu s\u0105 jeszcze wolne miejsca na specjalizacjach: ceramika artystyczna, fotografia artystyczna, tkanina artystyczna.","og_url":"https:\/\/www.mojabochnia.pl\/?p=175714","og_site_name":"mojabochnia.pl - portal informacyjny","article_publisher":"https:\/\/www.facebook.com\/mojabochnia","article_published_time":"2017-07-21T09:46:15+00:00","og_image":[{"width":800,"height":533,"url":"https:\/\/www.mojabochnia.pl\/wp-content\/uploads\/2017\/07\/\u0107wiczenie-klauzurowe-15.jpg","type":"image\/jpeg"}],"author":"tekst sponsorowany","twitter_card":"summary_large_image","twitter_misc":{"Written by":"tekst sponsorowany","Est. reading time":"3 minuty"},"schema":{"@context":"https:\/\/schema.org","@graph":[{"@type":"Article","@id":"https:\/\/www.mojabochnia.pl\/?p=175714#article","isPartOf":{"@id":"https:\/\/www.mojabochnia.pl\/?p=175714"},"author":{"name":"tekst sponsorowany","@id":"https:\/\/www.mojabochnia.pl\/#\/schema\/person\/146c38805d6d0d8e5dc56f00345e6a5e"},"headline":"Liceum Plastyczne w Wi\u015bniczu og\u0142asza dodatkowy nab\u00f3r na trzy kierunki","datePublished":"2017-07-21T09:46:15+00:00","mainEntityOfPage":{"@id":"https:\/\/www.mojabochnia.pl\/?p=175714"},"wordCount":580,"commentCount":0,"publisher":{"@id":"https:\/\/www.mojabochnia.pl\/#organization"},"image":{"@id":"https:\/\/www.mojabochnia.pl\/?p=175714#primaryimage"},"thumbnailUrl":"https:\/\/www.mojabochnia.pl\/wp-content\/uploads\/2017\/07\/\u0107wiczenie-klauzurowe-15.jpg","keywords":["liceum plastyczne w nowym wi\u015bniczu","nab\u00f3r","plastyk","szko\u0142a"],"articleSection":["2_ostatnie","fotogaleria","Medium","polityka i wydarzenia","tematyka"],"inLanguage":"pl-PL","potentialAction":[{"@type":"CommentAction","name":"Comment","target":["https:\/\/www.mojabochnia.pl\/?p=175714#respond"]}]},{"@type":"WebPage","@id":"https:\/\/www.mojabochnia.pl\/?p=175714","url":"https:\/\/www.mojabochnia.pl\/?p=175714","name":"Liceum Plastyczne w Wi\u015bniczu og\u0142asza dodatkowy nab\u00f3r na trzy kierunki - mojabochnia.pl - portal informacyjny","isPartOf":{"@id":"https:\/\/www.mojabochnia.pl\/#website"},"primaryImageOfPage":{"@id":"https:\/\/www.mojabochnia.pl\/?p=175714#primaryimage"},"image":{"@id":"https:\/\/www.mojabochnia.pl\/?p=175714#primaryimage"},"thumbnailUrl":"https:\/\/www.mojabochnia.pl\/wp-content\/uploads\/2017\/07\/\u0107wiczenie-klauzurowe-15.jpg","datePublished":"2017-07-21T09:46:15+00:00","breadcrumb":{"@id":"https:\/\/www.mojabochnia.pl\/?p=175714#breadcrumb"},"inLanguage":"pl-PL","potentialAction":[{"@type":"ReadAction","target":["https:\/\/www.mojabochnia.pl\/?p=175714"]}]},{"@type":"ImageObject","inLanguage":"pl-PL","@id":"https:\/\/www.mojabochnia.pl\/?p=175714#primaryimage","url":"https:\/\/www.mojabochnia.pl\/wp-content\/uploads\/2017\/07\/\u0107wiczenie-klauzurowe-15.jpg","contentUrl":"https:\/\/www.mojabochnia.pl\/wp-content\/uploads\/2017\/07\/\u0107wiczenie-klauzurowe-15.jpg","width":800,"height":533,"caption":"materia\u0142y prasowe"},{"@type":"BreadcrumbList","@id":"https:\/\/www.mojabochnia.pl\/?p=175714#breadcrumb","itemListElement":[{"@type":"ListItem","position":1,"name":"Home","item":"https:\/\/www.mojabochnia.pl\/"},{"@type":"ListItem","position":2,"name":"Liceum Plastyczne w Wi\u015bniczu og\u0142asza dodatkowy nab\u00f3r na trzy kierunki"}]},{"@type":"WebSite","@id":"https:\/\/www.mojabochnia.pl\/#website","url":"https:\/\/www.mojabochnia.pl\/","name":"mojabochnia.pl - portal informacyjny","description":"mojaBochnia to portal informacyjny o Bochni. Codziennie o Bochni piszemy i pokazujemy najwa\u017cniejsze wydarzenia","publisher":{"@id":"https:\/\/www.mojabochnia.pl\/#organization"},"potentialAction":[{"@type":"SearchAction","target":{"@type":"EntryPoint","urlTemplate":"https:\/\/www.mojabochnia.pl\/?s={search_term_string}"},"query-input":{"@type":"PropertyValueSpecification","valueRequired":true,"valueName":"search_term_string"}}],"inLanguage":"pl-PL"},{"@type":"Organization","@id":"https:\/\/www.mojabochnia.pl\/#organization","name":"mojabochnia.pl - portal informacyjny","url":"https:\/\/www.mojabochnia.pl\/","logo":{"@type":"ImageObject","inLanguage":"pl-PL","@id":"https:\/\/www.mojabochnia.pl\/#\/schema\/logo\/image\/","url":"https:\/\/www.mojabochnia.pl\/wp-content\/uploads\/2017\/08\/logo-mb-opt.png","contentUrl":"https:\/\/www.mojabochnia.pl\/wp-content\/uploads\/2017\/08\/logo-mb-opt.png","width":250,"height":48,"caption":"mojabochnia.pl - portal informacyjny"},"image":{"@id":"https:\/\/www.mojabochnia.pl\/#\/schema\/logo\/image\/"},"sameAs":["https:\/\/www.facebook.com\/mojabochnia"]},{"@type":"Person","@id":"https:\/\/www.mojabochnia.pl\/#\/schema\/person\/146c38805d6d0d8e5dc56f00345e6a5e","name":"tekst sponsorowany","sameAs":["http:\/\/"],"url":"https:\/\/www.mojabochnia.pl\/?author=12"}]}},"_links":{"self":[{"href":"https:\/\/www.mojabochnia.pl\/index.php?rest_route=\/wp\/v2\/posts\/175714","targetHints":{"allow":["GET"]}}],"collection":[{"href":"https:\/\/www.mojabochnia.pl\/index.php?rest_route=\/wp\/v2\/posts"}],"about":[{"href":"https:\/\/www.mojabochnia.pl\/index.php?rest_route=\/wp\/v2\/types\/post"}],"author":[{"embeddable":true,"href":"https:\/\/www.mojabochnia.pl\/index.php?rest_route=\/wp\/v2\/users\/12"}],"replies":[{"embeddable":true,"href":"https:\/\/www.mojabochnia.pl\/index.php?rest_route=%2Fwp%2Fv2%2Fcomments&post=175714"}],"version-history":[{"count":4,"href":"https:\/\/www.mojabochnia.pl\/index.php?rest_route=\/wp\/v2\/posts\/175714\/revisions"}],"predecessor-version":[{"id":175732,"href":"https:\/\/www.mojabochnia.pl\/index.php?rest_route=\/wp\/v2\/posts\/175714\/revisions\/175732"}],"wp:featuredmedia":[{"embeddable":true,"href":"https:\/\/www.mojabochnia.pl\/index.php?rest_route=\/wp\/v2\/media\/175718"}],"wp:attachment":[{"href":"https:\/\/www.mojabochnia.pl\/index.php?rest_route=%2Fwp%2Fv2%2Fmedia&parent=175714"}],"wp:term":[{"taxonomy":"category","embeddable":true,"href":"https:\/\/www.mojabochnia.pl\/index.php?rest_route=%2Fwp%2Fv2%2Fcategories&post=175714"},{"taxonomy":"post_tag","embeddable":true,"href":"https:\/\/www.mojabochnia.pl\/index.php?rest_route=%2Fwp%2Fv2%2Ftags&post=175714"}],"curies":[{"name":"wp","href":"https:\/\/api.w.org\/{rel}","templated":true}]}}