{"id":175629,"date":"2017-07-20T07:19:30","date_gmt":"2017-07-20T05:19:30","guid":{"rendered":"http:\/\/www.mojabochnia.pl\/?p=175629"},"modified":"2017-07-21T10:50:17","modified_gmt":"2017-07-21T08:50:17","slug":"w-niedziele-w-moszczenicy-zjazd-hanek-anek-i-ann","status":"publish","type":"post","link":"https:\/\/www.mojabochnia.pl\/?p=175629","title":{"rendered":"W niedziel\u0119 w Moszczenicy Zjazd Hanek, Anek i Ann"},"content":{"rendered":"<p>Uroczysto\u015b\u0107 rozpocznie si\u0119 o godz. 16:00 blokiem rozrywkowym przygotowanym z my\u015bl\u0105 o najm\u0142odszych, dla kt\u00f3rych przygotowano liczne gry i zabawy. Nast\u0119pnie zaplanowano uroczyste powitanie przyby\u0142ych Hanek, Anek i Ann, dla kt\u00f3rych tego dnia przewidziano liczne atrakcje. <\/p>\n<p>Wczesnym wieczorem na scenie pojawi si\u0119 zesp\u00f3\u0142 Tequila Band, kt\u00f3ry poprzedzi wyst\u0119p gwiazdy wieczoru \u2013 Anny \u017bebrowskiej. Niezwykle uzdolniona artystka, do z\u0142udzenia przypominaj\u0105ca uwielbian\u0105 i kochan\u0105 do dzi\u015b przez rzesze fan\u00f3w &#8211; Ann\u0119 Jantar, podczas koncertu &#8222;Tyle s\u0142o\u0144ca\u2026!&#8221; wykona najpi\u0119kniejsze przeboje tej\u017ce piosenkarki. <\/p>\n<p>Jak mo\u017cemy wyczyta\u0107 na jej oficjalnej stronie: &#8222;Na swoim koncie ma m.in. wyst\u0119py w koncertach Violetty Villas, poprzedza\u0142a koncerty Perfectu, Budki Suflera, Natalii Kukulskiej, Nocnej Zmiany Bluesa, Raz Dwa Trzy, Andrzeja Rybi\u0144skiego, Krystyny Gi\u017cowskiej, Czerwonych Gitar, Maryli Rodowicz, Zbigniewa Wodeckiego, Ma\u0142gorzaty Ostrowskiej, Stana Borysa (\u2026)&#8221;.<\/p>\n<p>Po tym  wyj\u0105tkowo sentymentalnym wyst\u0119pie, organizatorzy zaprosz\u0105 do wsp\u00f3lnej, tanecznej zabawy pod chmurk\u0105 przy muzyce wspomnianego ju\u017c wcze\u015bniej zespo\u0142u Tequila Band. <\/p>\n","protected":false},"excerpt":{"rendered":"<p>23 lipca w podboche\u0144skiej Moszczenicy odb\u0119dzie si\u0119 XII Zjazd Hanek, Anek i Ann. Organizatorzy zapraszaj\u0105 w szczeg\u00f3lno\u015bci imienniczki. <\/p>\n","protected":false},"author":13,"featured_media":175713,"comment_status":"open","ping_status":"closed","sticky":false,"template":"","format":"standard","meta":{"_acf_changed":false,"footnotes":""},"categories":[5,6251,6250],"tags":[19701,161,18011],"class_list":["post-175629","post","type-post","status-publish","format-standard","has-post-thumbnail","hentry","category-biezace-wydarzenia","category-polityka-i-wydarzenia","category-tematyka","tag-anna","tag-moszczenica","tag-zjazd-ann","main_tag-zjazd-ann"],"acf":[],"yoast_head":"<!-- This site is optimized with the Yoast SEO plugin v26.9 - https:\/\/yoast.com\/product\/yoast-seo-wordpress\/ -->\n<title>W niedziel\u0119 w Moszczenicy Zjazd Hanek, Anek i Ann - mojabochnia.pl - portal informacyjny<\/title>\n<meta name=\"robots\" content=\"index, follow, max-snippet:-1, max-image-preview:large, max-video-preview:-1\" \/>\n<link rel=\"canonical\" href=\"https:\/\/www.mojabochnia.pl\/?p=175629\" \/>\n<meta property=\"og:locale\" content=\"pl_PL\" \/>\n<meta property=\"og:type\" content=\"article\" \/>\n<meta property=\"og:title\" content=\"W niedziel\u0119 w Moszczenicy Zjazd Hanek, Anek i Ann - mojabochnia.pl - portal informacyjny\" \/>\n<meta property=\"og:description\" content=\"23 lipca w podboche\u0144skiej Moszczenicy odb\u0119dzie si\u0119 XII Zjazd Hanek, Anek i Ann. Organizatorzy zapraszaj\u0105 w szczeg\u00f3lno\u015bci imienniczki.\" \/>\n<meta property=\"og:url\" content=\"https:\/\/www.mojabochnia.pl\/?p=175629\" \/>\n<meta property=\"og:site_name\" content=\"mojabochnia.pl - portal informacyjny\" \/>\n<meta property=\"article:publisher\" content=\"https:\/\/www.facebook.com\/mojabochnia\" \/>\n<meta property=\"article:published_time\" content=\"2017-07-20T05:19:30+00:00\" \/>\n<meta property=\"article:modified_time\" content=\"2017-07-21T08:50:17+00:00\" \/>\n<meta property=\"og:image\" content=\"https:\/\/www.mojabochnia.pl\/wp-content\/uploads\/2017\/07\/ann.jpg\" \/>\n\t<meta property=\"og:image:width\" content=\"768\" \/>\n\t<meta property=\"og:image:height\" content=\"1123\" \/>\n\t<meta property=\"og:image:type\" content=\"image\/jpeg\" \/>\n<meta name=\"author\" content=\"redakcja\" \/>\n<meta name=\"twitter:card\" content=\"summary_large_image\" \/>\n<meta name=\"twitter:label1\" content=\"Written by\" \/>\n\t<meta name=\"twitter:data1\" content=\"redakcja\" \/>\n\t<meta name=\"twitter:label2\" content=\"Est. reading time\" \/>\n\t<meta name=\"twitter:data2\" content=\"1 minuta\" \/>\n<script type=\"application\/ld+json\" class=\"yoast-schema-graph\">{\"@context\":\"https:\/\/schema.org\",\"@graph\":[{\"@type\":\"Article\",\"@id\":\"https:\/\/www.mojabochnia.pl\/?p=175629#article\",\"isPartOf\":{\"@id\":\"https:\/\/www.mojabochnia.pl\/?p=175629\"},\"author\":{\"name\":\"redakcja\",\"@id\":\"https:\/\/www.mojabochnia.pl\/#\/schema\/person\/7e2f20ead9902216a3384f13606c0ab7\"},\"headline\":\"W niedziel\u0119 w Moszczenicy Zjazd Hanek, Anek i Ann\",\"datePublished\":\"2017-07-20T05:19:30+00:00\",\"dateModified\":\"2017-07-21T08:50:17+00:00\",\"mainEntityOfPage\":{\"@id\":\"https:\/\/www.mojabochnia.pl\/?p=175629\"},\"wordCount\":178,\"commentCount\":0,\"publisher\":{\"@id\":\"https:\/\/www.mojabochnia.pl\/#organization\"},\"image\":{\"@id\":\"https:\/\/www.mojabochnia.pl\/?p=175629#primaryimage\"},\"thumbnailUrl\":\"https:\/\/www.mojabochnia.pl\/wp-content\/uploads\/2017\/07\/ann.jpg\",\"keywords\":[\"anna\",\"moszczenica\",\"zjazd ann\"],\"articleSection\":[\"2_ostatnie\",\"polityka i wydarzenia\",\"tematyka\"],\"inLanguage\":\"pl-PL\",\"potentialAction\":[{\"@type\":\"CommentAction\",\"name\":\"Comment\",\"target\":[\"https:\/\/www.mojabochnia.pl\/?p=175629#respond\"]}]},{\"@type\":\"WebPage\",\"@id\":\"https:\/\/www.mojabochnia.pl\/?p=175629\",\"url\":\"https:\/\/www.mojabochnia.pl\/?p=175629\",\"name\":\"W niedziel\u0119 w Moszczenicy Zjazd Hanek, Anek i Ann - mojabochnia.pl - portal informacyjny\",\"isPartOf\":{\"@id\":\"https:\/\/www.mojabochnia.pl\/#website\"},\"primaryImageOfPage\":{\"@id\":\"https:\/\/www.mojabochnia.pl\/?p=175629#primaryimage\"},\"image\":{\"@id\":\"https:\/\/www.mojabochnia.pl\/?p=175629#primaryimage\"},\"thumbnailUrl\":\"https:\/\/www.mojabochnia.pl\/wp-content\/uploads\/2017\/07\/ann.jpg\",\"datePublished\":\"2017-07-20T05:19:30+00:00\",\"dateModified\":\"2017-07-21T08:50:17+00:00\",\"breadcrumb\":{\"@id\":\"https:\/\/www.mojabochnia.pl\/?p=175629#breadcrumb\"},\"inLanguage\":\"pl-PL\",\"potentialAction\":[{\"@type\":\"ReadAction\",\"target\":[\"https:\/\/www.mojabochnia.pl\/?p=175629\"]}]},{\"@type\":\"ImageObject\",\"inLanguage\":\"pl-PL\",\"@id\":\"https:\/\/www.mojabochnia.pl\/?p=175629#primaryimage\",\"url\":\"https:\/\/www.mojabochnia.pl\/wp-content\/uploads\/2017\/07\/ann.jpg\",\"contentUrl\":\"https:\/\/www.mojabochnia.pl\/wp-content\/uploads\/2017\/07\/ann.jpg\",\"width\":768,\"height\":1123,\"caption\":\"plakat\"},{\"@type\":\"BreadcrumbList\",\"@id\":\"https:\/\/www.mojabochnia.pl\/?p=175629#breadcrumb\",\"itemListElement\":[{\"@type\":\"ListItem\",\"position\":1,\"name\":\"Home\",\"item\":\"https:\/\/www.mojabochnia.pl\/\"},{\"@type\":\"ListItem\",\"position\":2,\"name\":\"W niedziel\u0119 w Moszczenicy Zjazd Hanek, Anek i Ann\"}]},{\"@type\":\"WebSite\",\"@id\":\"https:\/\/www.mojabochnia.pl\/#website\",\"url\":\"https:\/\/www.mojabochnia.pl\/\",\"name\":\"mojabochnia.pl - portal informacyjny\",\"description\":\"mojaBochnia to portal informacyjny o Bochni. Codziennie o Bochni piszemy i pokazujemy najwa\u017cniejsze wydarzenia\",\"publisher\":{\"@id\":\"https:\/\/www.mojabochnia.pl\/#organization\"},\"potentialAction\":[{\"@type\":\"SearchAction\",\"target\":{\"@type\":\"EntryPoint\",\"urlTemplate\":\"https:\/\/www.mojabochnia.pl\/?s={search_term_string}\"},\"query-input\":{\"@type\":\"PropertyValueSpecification\",\"valueRequired\":true,\"valueName\":\"search_term_string\"}}],\"inLanguage\":\"pl-PL\"},{\"@type\":\"Organization\",\"@id\":\"https:\/\/www.mojabochnia.pl\/#organization\",\"name\":\"mojabochnia.pl - portal informacyjny\",\"url\":\"https:\/\/www.mojabochnia.pl\/\",\"logo\":{\"@type\":\"ImageObject\",\"inLanguage\":\"pl-PL\",\"@id\":\"https:\/\/www.mojabochnia.pl\/#\/schema\/logo\/image\/\",\"url\":\"https:\/\/www.mojabochnia.pl\/wp-content\/uploads\/2017\/08\/logo-mb-opt.png\",\"contentUrl\":\"https:\/\/www.mojabochnia.pl\/wp-content\/uploads\/2017\/08\/logo-mb-opt.png\",\"width\":250,\"height\":48,\"caption\":\"mojabochnia.pl - portal informacyjny\"},\"image\":{\"@id\":\"https:\/\/www.mojabochnia.pl\/#\/schema\/logo\/image\/\"},\"sameAs\":[\"https:\/\/www.facebook.com\/mojabochnia\"]},{\"@type\":\"Person\",\"@id\":\"https:\/\/www.mojabochnia.pl\/#\/schema\/person\/7e2f20ead9902216a3384f13606c0ab7\",\"name\":\"redakcja\",\"sameAs\":[\"http:\/\/\"],\"url\":\"https:\/\/www.mojabochnia.pl\/?author=13\"}]}<\/script>\n<!-- \/ Yoast SEO plugin. -->","yoast_head_json":{"title":"W niedziel\u0119 w Moszczenicy Zjazd Hanek, Anek i Ann - mojabochnia.pl - portal informacyjny","robots":{"index":"index","follow":"follow","max-snippet":"max-snippet:-1","max-image-preview":"max-image-preview:large","max-video-preview":"max-video-preview:-1"},"canonical":"https:\/\/www.mojabochnia.pl\/?p=175629","og_locale":"pl_PL","og_type":"article","og_title":"W niedziel\u0119 w Moszczenicy Zjazd Hanek, Anek i Ann - mojabochnia.pl - portal informacyjny","og_description":"23 lipca w podboche\u0144skiej Moszczenicy odb\u0119dzie si\u0119 XII Zjazd Hanek, Anek i Ann. Organizatorzy zapraszaj\u0105 w szczeg\u00f3lno\u015bci imienniczki.","og_url":"https:\/\/www.mojabochnia.pl\/?p=175629","og_site_name":"mojabochnia.pl - portal informacyjny","article_publisher":"https:\/\/www.facebook.com\/mojabochnia","article_published_time":"2017-07-20T05:19:30+00:00","article_modified_time":"2017-07-21T08:50:17+00:00","og_image":[{"width":768,"height":1123,"url":"https:\/\/www.mojabochnia.pl\/wp-content\/uploads\/2017\/07\/ann.jpg","type":"image\/jpeg"}],"author":"redakcja","twitter_card":"summary_large_image","twitter_misc":{"Written by":"redakcja","Est. reading time":"1 minuta"},"schema":{"@context":"https:\/\/schema.org","@graph":[{"@type":"Article","@id":"https:\/\/www.mojabochnia.pl\/?p=175629#article","isPartOf":{"@id":"https:\/\/www.mojabochnia.pl\/?p=175629"},"author":{"name":"redakcja","@id":"https:\/\/www.mojabochnia.pl\/#\/schema\/person\/7e2f20ead9902216a3384f13606c0ab7"},"headline":"W niedziel\u0119 w Moszczenicy Zjazd Hanek, Anek i Ann","datePublished":"2017-07-20T05:19:30+00:00","dateModified":"2017-07-21T08:50:17+00:00","mainEntityOfPage":{"@id":"https:\/\/www.mojabochnia.pl\/?p=175629"},"wordCount":178,"commentCount":0,"publisher":{"@id":"https:\/\/www.mojabochnia.pl\/#organization"},"image":{"@id":"https:\/\/www.mojabochnia.pl\/?p=175629#primaryimage"},"thumbnailUrl":"https:\/\/www.mojabochnia.pl\/wp-content\/uploads\/2017\/07\/ann.jpg","keywords":["anna","moszczenica","zjazd ann"],"articleSection":["2_ostatnie","polityka i wydarzenia","tematyka"],"inLanguage":"pl-PL","potentialAction":[{"@type":"CommentAction","name":"Comment","target":["https:\/\/www.mojabochnia.pl\/?p=175629#respond"]}]},{"@type":"WebPage","@id":"https:\/\/www.mojabochnia.pl\/?p=175629","url":"https:\/\/www.mojabochnia.pl\/?p=175629","name":"W niedziel\u0119 w Moszczenicy Zjazd Hanek, Anek i Ann - mojabochnia.pl - portal informacyjny","isPartOf":{"@id":"https:\/\/www.mojabochnia.pl\/#website"},"primaryImageOfPage":{"@id":"https:\/\/www.mojabochnia.pl\/?p=175629#primaryimage"},"image":{"@id":"https:\/\/www.mojabochnia.pl\/?p=175629#primaryimage"},"thumbnailUrl":"https:\/\/www.mojabochnia.pl\/wp-content\/uploads\/2017\/07\/ann.jpg","datePublished":"2017-07-20T05:19:30+00:00","dateModified":"2017-07-21T08:50:17+00:00","breadcrumb":{"@id":"https:\/\/www.mojabochnia.pl\/?p=175629#breadcrumb"},"inLanguage":"pl-PL","potentialAction":[{"@type":"ReadAction","target":["https:\/\/www.mojabochnia.pl\/?p=175629"]}]},{"@type":"ImageObject","inLanguage":"pl-PL","@id":"https:\/\/www.mojabochnia.pl\/?p=175629#primaryimage","url":"https:\/\/www.mojabochnia.pl\/wp-content\/uploads\/2017\/07\/ann.jpg","contentUrl":"https:\/\/www.mojabochnia.pl\/wp-content\/uploads\/2017\/07\/ann.jpg","width":768,"height":1123,"caption":"plakat"},{"@type":"BreadcrumbList","@id":"https:\/\/www.mojabochnia.pl\/?p=175629#breadcrumb","itemListElement":[{"@type":"ListItem","position":1,"name":"Home","item":"https:\/\/www.mojabochnia.pl\/"},{"@type":"ListItem","position":2,"name":"W niedziel\u0119 w Moszczenicy Zjazd Hanek, Anek i Ann"}]},{"@type":"WebSite","@id":"https:\/\/www.mojabochnia.pl\/#website","url":"https:\/\/www.mojabochnia.pl\/","name":"mojabochnia.pl - portal informacyjny","description":"mojaBochnia to portal informacyjny o Bochni. Codziennie o Bochni piszemy i pokazujemy najwa\u017cniejsze wydarzenia","publisher":{"@id":"https:\/\/www.mojabochnia.pl\/#organization"},"potentialAction":[{"@type":"SearchAction","target":{"@type":"EntryPoint","urlTemplate":"https:\/\/www.mojabochnia.pl\/?s={search_term_string}"},"query-input":{"@type":"PropertyValueSpecification","valueRequired":true,"valueName":"search_term_string"}}],"inLanguage":"pl-PL"},{"@type":"Organization","@id":"https:\/\/www.mojabochnia.pl\/#organization","name":"mojabochnia.pl - portal informacyjny","url":"https:\/\/www.mojabochnia.pl\/","logo":{"@type":"ImageObject","inLanguage":"pl-PL","@id":"https:\/\/www.mojabochnia.pl\/#\/schema\/logo\/image\/","url":"https:\/\/www.mojabochnia.pl\/wp-content\/uploads\/2017\/08\/logo-mb-opt.png","contentUrl":"https:\/\/www.mojabochnia.pl\/wp-content\/uploads\/2017\/08\/logo-mb-opt.png","width":250,"height":48,"caption":"mojabochnia.pl - portal informacyjny"},"image":{"@id":"https:\/\/www.mojabochnia.pl\/#\/schema\/logo\/image\/"},"sameAs":["https:\/\/www.facebook.com\/mojabochnia"]},{"@type":"Person","@id":"https:\/\/www.mojabochnia.pl\/#\/schema\/person\/7e2f20ead9902216a3384f13606c0ab7","name":"redakcja","sameAs":["http:\/\/"],"url":"https:\/\/www.mojabochnia.pl\/?author=13"}]}},"_links":{"self":[{"href":"https:\/\/www.mojabochnia.pl\/index.php?rest_route=\/wp\/v2\/posts\/175629","targetHints":{"allow":["GET"]}}],"collection":[{"href":"https:\/\/www.mojabochnia.pl\/index.php?rest_route=\/wp\/v2\/posts"}],"about":[{"href":"https:\/\/www.mojabochnia.pl\/index.php?rest_route=\/wp\/v2\/types\/post"}],"author":[{"embeddable":true,"href":"https:\/\/www.mojabochnia.pl\/index.php?rest_route=\/wp\/v2\/users\/13"}],"replies":[{"embeddable":true,"href":"https:\/\/www.mojabochnia.pl\/index.php?rest_route=%2Fwp%2Fv2%2Fcomments&post=175629"}],"version-history":[{"count":1,"href":"https:\/\/www.mojabochnia.pl\/index.php?rest_route=\/wp\/v2\/posts\/175629\/revisions"}],"predecessor-version":[{"id":175632,"href":"https:\/\/www.mojabochnia.pl\/index.php?rest_route=\/wp\/v2\/posts\/175629\/revisions\/175632"}],"wp:featuredmedia":[{"embeddable":true,"href":"https:\/\/www.mojabochnia.pl\/index.php?rest_route=\/wp\/v2\/media\/175713"}],"wp:attachment":[{"href":"https:\/\/www.mojabochnia.pl\/index.php?rest_route=%2Fwp%2Fv2%2Fmedia&parent=175629"}],"wp:term":[{"taxonomy":"category","embeddable":true,"href":"https:\/\/www.mojabochnia.pl\/index.php?rest_route=%2Fwp%2Fv2%2Fcategories&post=175629"},{"taxonomy":"post_tag","embeddable":true,"href":"https:\/\/www.mojabochnia.pl\/index.php?rest_route=%2Fwp%2Fv2%2Ftags&post=175629"}],"curies":[{"name":"wp","href":"https:\/\/api.w.org\/{rel}","templated":true}]}}