{"id":175415,"date":"2017-07-12T12:16:19","date_gmt":"2017-07-12T10:16:19","guid":{"rendered":"http:\/\/www.mojabochnia.pl\/?p=175415"},"modified":"2017-07-12T12:16:19","modified_gmt":"2017-07-12T10:16:19","slug":"policjanci-skontroluja-na-zyczenie-autokary","status":"publish","type":"post","link":"https:\/\/www.mojabochnia.pl\/?p=175415","title":{"rendered":"Policjanci skontroluj\u0105 na \u017cyczenie autokary"},"content":{"rendered":"<p>Okres wakacji to czas wzmo\u017conego ruchu turystycznego. Lokalizacja letnich miejsc wypoczynku (g\u00f3ry, jeziora, morze) sprawia, \u017ce indywidualne dotarcie podr\u00f3\u017cnych z miejsca zamieszkania do miejsca wypoczynku generuje nasilony ruch ko\u0142owy na wszystkich g\u0142\u00f3wnych ci\u0105gach komunikacyjnych. Niezale\u017cnie od wyjazd\u00f3w indywidualnych w okresie wakacji, nast\u0119puje tak\u017ce nasilenie zbiorowych przewoz\u00f3w dzieci i m\u0142odzie\u017cy autokarami na obozy, kolonie i inne formy wypoczynku. <\/p>\n<p>Dlatego te\u017c zgodnie z zatwierdzonym przez Zast\u0119pc\u0119 Komendanta G\u0142\u00f3wnego Policji Planem Dzia\u0142a\u0144 kontrolno-prewencyjnych na rzecz poprawy bezpiecze\u0144stwa w ruchu drogowym w 2017 r. zosta\u0142y zaplanowane og\u00f3lnopolskie wzmo\u017cone dzia\u0142ania pod nazw\u0105 Bezpieczne Wakacje. W ramach tej akcji realizowane b\u0119d\u0105 dzia\u0142ania w obszarze nadzoru nad ruchem drogowym, jak r\u00f3wnie\u017c w obszarze edukacyjno-profilaktycznym.  <\/p>\n<p>W ramach tej akcji szczeg\u00f3lny nacisk k\u0142adziony b\u0119dzie na zwi\u0119kszenie ilo\u015bci oznakowanych patroli w miejscach szczeg\u00f3lnie niebezpiecznych, zapewnienie p\u0142ynno\u015bci ruchu, podejmowanie prewencyjnych bada\u0144 stanu trze\u017awo\u015bci, stanowcze reagowanie na ujawniane wykroczenia, a w szczeg\u00f3lno\u015bci egzekwowanie bezpiecznego zgodnego z przepisami przewo\u017cenia dzieci oraz korzystanie z pas\u00f3w bezpiecze\u0144stwa. <\/p>\n<p>Ponadto w miejscach wypoczynku dzieci i m\u0142odzie\u017cy funkcjonariusze b\u0119d\u0105 organizowa\u0107 spotkania, na kt\u00f3rych poruszone zostan\u0105 zagadnienia zwi\u0105zane z bezpiecznym uczestnictwem w ruchu drogowym. <\/p>\n<p>Dzie\u0144 12 sierpnia zosta\u0142 og\u0142oszony Dniem bezpiecznego pasa\u017cera. Og\u00f3lnopolska  kampania \u201eMoje \u017cycie zale\u017cy od Ciebie\u201d ma u\u015bwiadamia\u0107 pasa\u017cer\u00f3w, \u017ce ich asertywna postawa w relacji z kierowc\u0105 mo\u017ce mie\u0107 wp\u0142yw na jego zachowanie.  Kampania ma tak\u017ce u\u015bwiadomi\u0107 kierowcom, \u017ce wo\u017c\u0105c pasa\u017cer\u00f3w s\u0105 odpowiedzialni za ich \u017cycie i zdrowie.<\/p>\n<p>Funkcjonariusze Komendy Powiatowej Policji w Bochni informuj\u0105, \u017ce potrzeb\u0119 kontroli autokar\u00f3w mo\u017cna zg\u0142asza\u0107 do Wydzia\u0142u Ruchu Drogowego osobi\u015bcie lub pod numerem telefonu 14  615 22 33, 14 615 22 09.<\/p>\n","protected":false},"excerpt":{"rendered":"<p>Dzie\u0144 12 sierpnia zosta\u0142 og\u0142oszony Dniem bezpiecznego pasa\u017cera. Og\u00f3lnopolska  kampania \u201eMoje \u017cycie zale\u017cy od Ciebie\u201d ma u\u015bwiadamia\u0107 pasa\u017cer\u00f3w, \u017ce ich asertywna postawa w relacji z kierowc\u0105 mo\u017ce mie\u0107 wp\u0142yw na jego zachowanie.  Kampania ma tak\u017ce u\u015bwiadomi\u0107 kierowcom, \u017ce wo\u017c\u0105c pasa\u017cer\u00f3w s\u0105 odpowiedzialni za ich \u017cycie i zdrowie.<\/p>\n","protected":false},"author":13,"featured_media":118070,"comment_status":"open","ping_status":"closed","sticky":false,"template":"","format":"standard","meta":{"_acf_changed":false,"footnotes":""},"categories":[5,6251,6250],"tags":[17328,17155,17166],"class_list":["post-175415","post","type-post","status-publish","format-standard","has-post-thumbnail","hentry","category-biezace-wydarzenia","category-polityka-i-wydarzenia","category-tematyka","tag-bezpieczenstwo","tag-policja","tag-wakacje","main_tag-policja"],"acf":[],"yoast_head":"<!-- This site is optimized with the Yoast SEO plugin v26.9 - https:\/\/yoast.com\/product\/yoast-seo-wordpress\/ -->\n<title>Policjanci skontroluj\u0105 na \u017cyczenie autokary - mojabochnia.pl - portal informacyjny<\/title>\n<meta name=\"robots\" content=\"index, follow, max-snippet:-1, max-image-preview:large, max-video-preview:-1\" \/>\n<link rel=\"canonical\" href=\"https:\/\/www.mojabochnia.pl\/?p=175415\" \/>\n<meta property=\"og:locale\" content=\"pl_PL\" \/>\n<meta property=\"og:type\" content=\"article\" \/>\n<meta property=\"og:title\" content=\"Policjanci skontroluj\u0105 na \u017cyczenie autokary - mojabochnia.pl - portal informacyjny\" \/>\n<meta property=\"og:description\" content=\"Dzie\u0144 12 sierpnia zosta\u0142 og\u0142oszony Dniem bezpiecznego pasa\u017cera. Og\u00f3lnopolska kampania \u201eMoje \u017cycie zale\u017cy od Ciebie\u201d ma u\u015bwiadamia\u0107 pasa\u017cer\u00f3w, \u017ce ich asertywna postawa w relacji z kierowc\u0105 mo\u017ce mie\u0107 wp\u0142yw na jego zachowanie. Kampania ma tak\u017ce u\u015bwiadomi\u0107 kierowcom, \u017ce wo\u017c\u0105c pasa\u017cer\u00f3w s\u0105 odpowiedzialni za ich \u017cycie i zdrowie.\" \/>\n<meta property=\"og:url\" content=\"https:\/\/www.mojabochnia.pl\/?p=175415\" \/>\n<meta property=\"og:site_name\" content=\"mojabochnia.pl - portal informacyjny\" \/>\n<meta property=\"article:publisher\" content=\"https:\/\/www.facebook.com\/mojabochnia\" \/>\n<meta property=\"article:published_time\" content=\"2017-07-12T10:16:19+00:00\" \/>\n<meta property=\"og:image\" content=\"https:\/\/www.mojabochnia.pl\/wp-content\/uploads\/2014\/11\/zdj\u0119cie-25.jpg\" \/>\n\t<meta property=\"og:image:width\" content=\"660\" \/>\n\t<meta property=\"og:image:height\" content=\"372\" \/>\n\t<meta property=\"og:image:type\" content=\"image\/jpeg\" \/>\n<meta name=\"author\" content=\"redakcja\" \/>\n<meta name=\"twitter:card\" content=\"summary_large_image\" \/>\n<meta name=\"twitter:label1\" content=\"Written by\" \/>\n\t<meta name=\"twitter:data1\" content=\"redakcja\" \/>\n\t<meta name=\"twitter:label2\" content=\"Est. reading time\" \/>\n\t<meta name=\"twitter:data2\" content=\"2 minuty\" \/>\n<script type=\"application\/ld+json\" class=\"yoast-schema-graph\">{\"@context\":\"https:\/\/schema.org\",\"@graph\":[{\"@type\":\"Article\",\"@id\":\"https:\/\/www.mojabochnia.pl\/?p=175415#article\",\"isPartOf\":{\"@id\":\"https:\/\/www.mojabochnia.pl\/?p=175415\"},\"author\":{\"name\":\"redakcja\",\"@id\":\"https:\/\/www.mojabochnia.pl\/#\/schema\/person\/7e2f20ead9902216a3384f13606c0ab7\"},\"headline\":\"Policjanci skontroluj\u0105 na \u017cyczenie autokary\",\"datePublished\":\"2017-07-12T10:16:19+00:00\",\"mainEntityOfPage\":{\"@id\":\"https:\/\/www.mojabochnia.pl\/?p=175415\"},\"wordCount\":310,\"commentCount\":0,\"publisher\":{\"@id\":\"https:\/\/www.mojabochnia.pl\/#organization\"},\"image\":{\"@id\":\"https:\/\/www.mojabochnia.pl\/?p=175415#primaryimage\"},\"thumbnailUrl\":\"https:\/\/www.mojabochnia.pl\/wp-content\/uploads\/2014\/11\/zdj\u0119cie-25.jpg\",\"keywords\":[\"bezpiecze\u0144stwo\",\"policja\",\"wakacje\"],\"articleSection\":[\"2_ostatnie\",\"polityka i wydarzenia\",\"tematyka\"],\"inLanguage\":\"pl-PL\",\"potentialAction\":[{\"@type\":\"CommentAction\",\"name\":\"Comment\",\"target\":[\"https:\/\/www.mojabochnia.pl\/?p=175415#respond\"]}]},{\"@type\":\"WebPage\",\"@id\":\"https:\/\/www.mojabochnia.pl\/?p=175415\",\"url\":\"https:\/\/www.mojabochnia.pl\/?p=175415\",\"name\":\"Policjanci skontroluj\u0105 na \u017cyczenie autokary - mojabochnia.pl - portal informacyjny\",\"isPartOf\":{\"@id\":\"https:\/\/www.mojabochnia.pl\/#website\"},\"primaryImageOfPage\":{\"@id\":\"https:\/\/www.mojabochnia.pl\/?p=175415#primaryimage\"},\"image\":{\"@id\":\"https:\/\/www.mojabochnia.pl\/?p=175415#primaryimage\"},\"thumbnailUrl\":\"https:\/\/www.mojabochnia.pl\/wp-content\/uploads\/2014\/11\/zdj\u0119cie-25.jpg\",\"datePublished\":\"2017-07-12T10:16:19+00:00\",\"breadcrumb\":{\"@id\":\"https:\/\/www.mojabochnia.pl\/?p=175415#breadcrumb\"},\"inLanguage\":\"pl-PL\",\"potentialAction\":[{\"@type\":\"ReadAction\",\"target\":[\"https:\/\/www.mojabochnia.pl\/?p=175415\"]}]},{\"@type\":\"ImageObject\",\"inLanguage\":\"pl-PL\",\"@id\":\"https:\/\/www.mojabochnia.pl\/?p=175415#primaryimage\",\"url\":\"https:\/\/www.mojabochnia.pl\/wp-content\/uploads\/2014\/11\/zdj\u0119cie-25.jpg\",\"contentUrl\":\"https:\/\/www.mojabochnia.pl\/wp-content\/uploads\/2014\/11\/zdj\u0119cie-25.jpg\",\"width\":660,\"height\":372,\"caption\":\"z arch. policji\"},{\"@type\":\"BreadcrumbList\",\"@id\":\"https:\/\/www.mojabochnia.pl\/?p=175415#breadcrumb\",\"itemListElement\":[{\"@type\":\"ListItem\",\"position\":1,\"name\":\"Home\",\"item\":\"https:\/\/www.mojabochnia.pl\/\"},{\"@type\":\"ListItem\",\"position\":2,\"name\":\"Policjanci skontroluj\u0105 na \u017cyczenie autokary\"}]},{\"@type\":\"WebSite\",\"@id\":\"https:\/\/www.mojabochnia.pl\/#website\",\"url\":\"https:\/\/www.mojabochnia.pl\/\",\"name\":\"mojabochnia.pl - portal informacyjny\",\"description\":\"mojaBochnia to portal informacyjny o Bochni. Codziennie o Bochni piszemy i pokazujemy najwa\u017cniejsze wydarzenia\",\"publisher\":{\"@id\":\"https:\/\/www.mojabochnia.pl\/#organization\"},\"potentialAction\":[{\"@type\":\"SearchAction\",\"target\":{\"@type\":\"EntryPoint\",\"urlTemplate\":\"https:\/\/www.mojabochnia.pl\/?s={search_term_string}\"},\"query-input\":{\"@type\":\"PropertyValueSpecification\",\"valueRequired\":true,\"valueName\":\"search_term_string\"}}],\"inLanguage\":\"pl-PL\"},{\"@type\":\"Organization\",\"@id\":\"https:\/\/www.mojabochnia.pl\/#organization\",\"name\":\"mojabochnia.pl - portal informacyjny\",\"url\":\"https:\/\/www.mojabochnia.pl\/\",\"logo\":{\"@type\":\"ImageObject\",\"inLanguage\":\"pl-PL\",\"@id\":\"https:\/\/www.mojabochnia.pl\/#\/schema\/logo\/image\/\",\"url\":\"https:\/\/www.mojabochnia.pl\/wp-content\/uploads\/2017\/08\/logo-mb-opt.png\",\"contentUrl\":\"https:\/\/www.mojabochnia.pl\/wp-content\/uploads\/2017\/08\/logo-mb-opt.png\",\"width\":250,\"height\":48,\"caption\":\"mojabochnia.pl - portal informacyjny\"},\"image\":{\"@id\":\"https:\/\/www.mojabochnia.pl\/#\/schema\/logo\/image\/\"},\"sameAs\":[\"https:\/\/www.facebook.com\/mojabochnia\"]},{\"@type\":\"Person\",\"@id\":\"https:\/\/www.mojabochnia.pl\/#\/schema\/person\/7e2f20ead9902216a3384f13606c0ab7\",\"name\":\"redakcja\",\"sameAs\":[\"http:\/\/\"],\"url\":\"https:\/\/www.mojabochnia.pl\/?author=13\"}]}<\/script>\n<!-- \/ Yoast SEO plugin. -->","yoast_head_json":{"title":"Policjanci skontroluj\u0105 na \u017cyczenie autokary - mojabochnia.pl - portal informacyjny","robots":{"index":"index","follow":"follow","max-snippet":"max-snippet:-1","max-image-preview":"max-image-preview:large","max-video-preview":"max-video-preview:-1"},"canonical":"https:\/\/www.mojabochnia.pl\/?p=175415","og_locale":"pl_PL","og_type":"article","og_title":"Policjanci skontroluj\u0105 na \u017cyczenie autokary - mojabochnia.pl - portal informacyjny","og_description":"Dzie\u0144 12 sierpnia zosta\u0142 og\u0142oszony Dniem bezpiecznego pasa\u017cera. Og\u00f3lnopolska kampania \u201eMoje \u017cycie zale\u017cy od Ciebie\u201d ma u\u015bwiadamia\u0107 pasa\u017cer\u00f3w, \u017ce ich asertywna postawa w relacji z kierowc\u0105 mo\u017ce mie\u0107 wp\u0142yw na jego zachowanie. Kampania ma tak\u017ce u\u015bwiadomi\u0107 kierowcom, \u017ce wo\u017c\u0105c pasa\u017cer\u00f3w s\u0105 odpowiedzialni za ich \u017cycie i zdrowie.","og_url":"https:\/\/www.mojabochnia.pl\/?p=175415","og_site_name":"mojabochnia.pl - portal informacyjny","article_publisher":"https:\/\/www.facebook.com\/mojabochnia","article_published_time":"2017-07-12T10:16:19+00:00","og_image":[{"width":660,"height":372,"url":"https:\/\/www.mojabochnia.pl\/wp-content\/uploads\/2014\/11\/zdj\u0119cie-25.jpg","type":"image\/jpeg"}],"author":"redakcja","twitter_card":"summary_large_image","twitter_misc":{"Written by":"redakcja","Est. reading time":"2 minuty"},"schema":{"@context":"https:\/\/schema.org","@graph":[{"@type":"Article","@id":"https:\/\/www.mojabochnia.pl\/?p=175415#article","isPartOf":{"@id":"https:\/\/www.mojabochnia.pl\/?p=175415"},"author":{"name":"redakcja","@id":"https:\/\/www.mojabochnia.pl\/#\/schema\/person\/7e2f20ead9902216a3384f13606c0ab7"},"headline":"Policjanci skontroluj\u0105 na \u017cyczenie autokary","datePublished":"2017-07-12T10:16:19+00:00","mainEntityOfPage":{"@id":"https:\/\/www.mojabochnia.pl\/?p=175415"},"wordCount":310,"commentCount":0,"publisher":{"@id":"https:\/\/www.mojabochnia.pl\/#organization"},"image":{"@id":"https:\/\/www.mojabochnia.pl\/?p=175415#primaryimage"},"thumbnailUrl":"https:\/\/www.mojabochnia.pl\/wp-content\/uploads\/2014\/11\/zdj\u0119cie-25.jpg","keywords":["bezpiecze\u0144stwo","policja","wakacje"],"articleSection":["2_ostatnie","polityka i wydarzenia","tematyka"],"inLanguage":"pl-PL","potentialAction":[{"@type":"CommentAction","name":"Comment","target":["https:\/\/www.mojabochnia.pl\/?p=175415#respond"]}]},{"@type":"WebPage","@id":"https:\/\/www.mojabochnia.pl\/?p=175415","url":"https:\/\/www.mojabochnia.pl\/?p=175415","name":"Policjanci skontroluj\u0105 na \u017cyczenie autokary - mojabochnia.pl - portal informacyjny","isPartOf":{"@id":"https:\/\/www.mojabochnia.pl\/#website"},"primaryImageOfPage":{"@id":"https:\/\/www.mojabochnia.pl\/?p=175415#primaryimage"},"image":{"@id":"https:\/\/www.mojabochnia.pl\/?p=175415#primaryimage"},"thumbnailUrl":"https:\/\/www.mojabochnia.pl\/wp-content\/uploads\/2014\/11\/zdj\u0119cie-25.jpg","datePublished":"2017-07-12T10:16:19+00:00","breadcrumb":{"@id":"https:\/\/www.mojabochnia.pl\/?p=175415#breadcrumb"},"inLanguage":"pl-PL","potentialAction":[{"@type":"ReadAction","target":["https:\/\/www.mojabochnia.pl\/?p=175415"]}]},{"@type":"ImageObject","inLanguage":"pl-PL","@id":"https:\/\/www.mojabochnia.pl\/?p=175415#primaryimage","url":"https:\/\/www.mojabochnia.pl\/wp-content\/uploads\/2014\/11\/zdj\u0119cie-25.jpg","contentUrl":"https:\/\/www.mojabochnia.pl\/wp-content\/uploads\/2014\/11\/zdj\u0119cie-25.jpg","width":660,"height":372,"caption":"z arch. policji"},{"@type":"BreadcrumbList","@id":"https:\/\/www.mojabochnia.pl\/?p=175415#breadcrumb","itemListElement":[{"@type":"ListItem","position":1,"name":"Home","item":"https:\/\/www.mojabochnia.pl\/"},{"@type":"ListItem","position":2,"name":"Policjanci skontroluj\u0105 na \u017cyczenie autokary"}]},{"@type":"WebSite","@id":"https:\/\/www.mojabochnia.pl\/#website","url":"https:\/\/www.mojabochnia.pl\/","name":"mojabochnia.pl - portal informacyjny","description":"mojaBochnia to portal informacyjny o Bochni. Codziennie o Bochni piszemy i pokazujemy najwa\u017cniejsze wydarzenia","publisher":{"@id":"https:\/\/www.mojabochnia.pl\/#organization"},"potentialAction":[{"@type":"SearchAction","target":{"@type":"EntryPoint","urlTemplate":"https:\/\/www.mojabochnia.pl\/?s={search_term_string}"},"query-input":{"@type":"PropertyValueSpecification","valueRequired":true,"valueName":"search_term_string"}}],"inLanguage":"pl-PL"},{"@type":"Organization","@id":"https:\/\/www.mojabochnia.pl\/#organization","name":"mojabochnia.pl - portal informacyjny","url":"https:\/\/www.mojabochnia.pl\/","logo":{"@type":"ImageObject","inLanguage":"pl-PL","@id":"https:\/\/www.mojabochnia.pl\/#\/schema\/logo\/image\/","url":"https:\/\/www.mojabochnia.pl\/wp-content\/uploads\/2017\/08\/logo-mb-opt.png","contentUrl":"https:\/\/www.mojabochnia.pl\/wp-content\/uploads\/2017\/08\/logo-mb-opt.png","width":250,"height":48,"caption":"mojabochnia.pl - portal informacyjny"},"image":{"@id":"https:\/\/www.mojabochnia.pl\/#\/schema\/logo\/image\/"},"sameAs":["https:\/\/www.facebook.com\/mojabochnia"]},{"@type":"Person","@id":"https:\/\/www.mojabochnia.pl\/#\/schema\/person\/7e2f20ead9902216a3384f13606c0ab7","name":"redakcja","sameAs":["http:\/\/"],"url":"https:\/\/www.mojabochnia.pl\/?author=13"}]}},"_links":{"self":[{"href":"https:\/\/www.mojabochnia.pl\/index.php?rest_route=\/wp\/v2\/posts\/175415","targetHints":{"allow":["GET"]}}],"collection":[{"href":"https:\/\/www.mojabochnia.pl\/index.php?rest_route=\/wp\/v2\/posts"}],"about":[{"href":"https:\/\/www.mojabochnia.pl\/index.php?rest_route=\/wp\/v2\/types\/post"}],"author":[{"embeddable":true,"href":"https:\/\/www.mojabochnia.pl\/index.php?rest_route=\/wp\/v2\/users\/13"}],"replies":[{"embeddable":true,"href":"https:\/\/www.mojabochnia.pl\/index.php?rest_route=%2Fwp%2Fv2%2Fcomments&post=175415"}],"version-history":[{"count":1,"href":"https:\/\/www.mojabochnia.pl\/index.php?rest_route=\/wp\/v2\/posts\/175415\/revisions"}],"predecessor-version":[{"id":175416,"href":"https:\/\/www.mojabochnia.pl\/index.php?rest_route=\/wp\/v2\/posts\/175415\/revisions\/175416"}],"wp:featuredmedia":[{"embeddable":true,"href":"https:\/\/www.mojabochnia.pl\/index.php?rest_route=\/wp\/v2\/media\/118070"}],"wp:attachment":[{"href":"https:\/\/www.mojabochnia.pl\/index.php?rest_route=%2Fwp%2Fv2%2Fmedia&parent=175415"}],"wp:term":[{"taxonomy":"category","embeddable":true,"href":"https:\/\/www.mojabochnia.pl\/index.php?rest_route=%2Fwp%2Fv2%2Fcategories&post=175415"},{"taxonomy":"post_tag","embeddable":true,"href":"https:\/\/www.mojabochnia.pl\/index.php?rest_route=%2Fwp%2Fv2%2Ftags&post=175415"}],"curies":[{"name":"wp","href":"https:\/\/api.w.org\/{rel}","templated":true}]}}