{"id":175397,"date":"2017-07-11T16:21:27","date_gmt":"2017-07-11T14:21:27","guid":{"rendered":"http:\/\/www.mojabochnia.pl\/?p=175397"},"modified":"2017-07-11T16:21:27","modified_gmt":"2017-07-11T14:21:27","slug":"darmowe-zapiekanki-na-rynku-w-bochni","status":"publish","type":"post","link":"https:\/\/www.mojabochnia.pl\/?p=175397","title":{"rendered":"Darmowe zapiekanki na Rynku w Bochni"},"content":{"rendered":"<p>W trakcie pobytu przeprowadzone zostan\u0105 szkolenia z Paczki Biznesu. <em>Jako SZLACHETNA PACZKA ruszamy w Ma\u0142opolsk\u0119 i zamierzamy wyci\u0105gn\u0105\u0107 z niebytu ludzi, kt\u00f3rzy naprawd\u0119 porz\u0105dnie si\u0119 w nim schowali. Chcemy nam\u00f3wi\u0107 do wyj\u015bcia z domu niepe\u0142nosprawnych, bierne zawodowo osoby (18-29 lat) oraz m\u0142odych rodzic\u00f3w wracaj\u0105cych na rynek pracy. Tych, kt\u00f3rzy sami si\u0119 wykluczaj\u0105, nie daj\u0105c sobie szans na samodzielno\u015b\u0107 i poczucie, \u017ce co\u015b od nich zale\u017cy. Kt\u00f3rzy stali si\u0119 \u201eniewidzialni\u201d, bo ich los przesta\u0142 kogokolwiek obchodzi\u0107. Nawet ich samych. Ale nas obchodzi. Dlaczego? Bo \u017cycie jest fajne, a my lubimy ludzi. Chcemy, by wreszcie zrobili co\u015b dobrego dla siebie, a dzi\u0119ki temu \u2013 poczuli si\u0119 tak, jak na to zas\u0142uguj\u0105. Jak ludzie warto\u015bciowi. By najpierw uwierzyli, \u017ce mog\u0105 znale\u017a\u0107 prac\u0119, a nast\u0119pnie \u2013 by j\u0105 faktycznie znale\u017ali<\/em>.<\/p>\n<p>Akcja na Rynku w Bochni odb\u0119dzie si\u0119 w dniach 12 i 13 lipca od godziny 12:00 do 16:00. Na wydarzenie sk\u0142adaj\u0105 si\u0119 nast\u0119puj\u0105ce elementy:<\/p>\n<p>&#8211; WIOSENNY f\u00f3d trak z Imbramowskimi Zapiekankami &#8211; pocz\u0119stujemy nimi:  osoby niepe\u0142nosprawne, osoby bierne zawodowo (18-29 lat) z teren\u00f3w wiejskich oraz m\u0142odych rodzic\u00f3w;                                                                                                                                      &#8211; pokaz najnowszych technologii dla os\u00f3b niepe\u0142nosprawnych, dzi\u0119ki kt\u00f3rym mog\u0105 prze\u0142amywa\u0107 bariery i podejmowa\u0107 r\u00f3\u017cnego rodzaju prace;<br \/>\n&#8211; stoiska, gdzie mo\u017cna porozmawia\u0107 o tym, jak sobie poradzi\u0107 w pracy z niepe\u0142nosprawno\u015bci\u0105, jak zrobi\u0107 pierwszy krok lub kolejny w podj\u0119ciu zatrudnienia;<br \/>\n&#8211; szkolenie z Paczki Biznesu, na kt\u00f3rym dowiecie si\u0119 jak zarabia\u0107 wi\u0119cej.<\/p>\n<p><strong>Stowarzyszenie WIOSNA<\/strong> od 16 lat inspiruje ludzi do stawania si\u0119 kim\u015b wi\u0119cej, do wygrywania swojego \u017cycia i wp\u0142ywania na otoczenie. Pomagamy ludziom, by pomagali sobie nawzajem, tworzymy i doskonalimy systemy pomna\u017cania dobra \u2013 oparte na idei mi\u0142o\u015bci wzajemnej, wolno\u015bci i wiary w potencja\u0142 drugiego cz\u0142owieka. Wi\u0119cej na: www.szlachetnapaczka.pl i www.akademiaprzyszlosci.org.pl<\/p>\n<p>Aktualnie Stowarzyszenie WIOSNA realizuje trzy du\u017ce projekty aktywizacji zawodowej, w kt\u00f3rych pomagamy prze\u0142ama\u0107 bariery d\u0142ugotrwa\u0142ego bezrobocia, niepe\u0142nosprawno\u015bci i wieku: Wiosenny Inkubator Innowacji, Aktywni Potrzebni Kompetentni 30+ oraz Wiosenna Akademia Mo\u017cliwo\u015bci.<\/p>\n","protected":false},"excerpt":{"rendered":"<p>Stowarzyszenie Wiosna zaprasza mieszka\u0144c\u00f3w Bochni i okolic na darmowe zapiekanki.   <em>Je\u015bli macie 18-29 lat, jeste\u015bcie bierni zawodowo, a opr\u00f3cz tego jeste\u015bcie m\u0142odymi rodzicami wracaj\u0105cymi na rynek pracy albo mieszkacie na terenie wiejskim albo jeste\u015bcie osobami z niepe\u0142nosprawno\u015bci\u0105, to mamy dla Was p\u0142atny sta\u017c lub darmowe szkolenie! A na zach\u0119t\u0119 dostaniecie od nas pyszn\u0105 zapiekank\u0119. I to za darmo!<\/em> &#8211; czytamy w zaproszeniu.<\/p>\n","protected":false},"author":13,"featured_media":175400,"comment_status":"open","ping_status":"closed","sticky":false,"template":"","format":"standard","meta":{"_acf_changed":false,"footnotes":""},"categories":[5,6251,6250],"tags":[17221,17436,17259,10355],"class_list":["post-175397","post","type-post","status-publish","format-standard","has-post-thumbnail","hentry","category-biezace-wydarzenia","category-polityka-i-wydarzenia","category-tematyka","tag-niepelnosprawni","tag-pomoc","tag-praca","tag-stowarzyszenie-wiosna","main_tag-pomoc"],"acf":[],"yoast_head":"<!-- This site is optimized with the Yoast SEO plugin v26.9 - https:\/\/yoast.com\/product\/yoast-seo-wordpress\/ -->\n<title>Darmowe zapiekanki na Rynku w Bochni - mojabochnia.pl - portal informacyjny<\/title>\n<meta name=\"robots\" content=\"index, follow, max-snippet:-1, max-image-preview:large, max-video-preview:-1\" \/>\n<link rel=\"canonical\" href=\"https:\/\/www.mojabochnia.pl\/?p=175397\" \/>\n<meta property=\"og:locale\" content=\"pl_PL\" \/>\n<meta property=\"og:type\" content=\"article\" \/>\n<meta property=\"og:title\" content=\"Darmowe zapiekanki na Rynku w Bochni - mojabochnia.pl - portal informacyjny\" \/>\n<meta property=\"og:description\" content=\"Stowarzyszenie Wiosna zaprasza mieszka\u0144c\u00f3w Bochni i okolic na darmowe zapiekanki.  Je\u015bli macie 18-29 lat, jeste\u015bcie bierni zawodowo, a opr\u00f3cz tego jeste\u015bcie m\u0142odymi rodzicami wracaj\u0105cymi na rynek pracy albo mieszkacie na terenie wiejskim albo jeste\u015bcie osobami z niepe\u0142nosprawno\u015bci\u0105, to mamy dla Was p\u0142atny sta\u017c lub darmowe szkolenie! A na zach\u0119t\u0119 dostaniecie od nas pyszn\u0105 zapiekank\u0119. I to za darmo! - czytamy w zaproszeniu.\" \/>\n<meta property=\"og:url\" content=\"https:\/\/www.mojabochnia.pl\/?p=175397\" \/>\n<meta property=\"og:site_name\" content=\"mojabochnia.pl - portal informacyjny\" \/>\n<meta property=\"article:publisher\" content=\"https:\/\/www.facebook.com\/mojabochnia\" \/>\n<meta property=\"article:published_time\" content=\"2017-07-11T14:21:27+00:00\" \/>\n<meta property=\"og:image\" content=\"https:\/\/www.mojabochnia.pl\/wp-content\/uploads\/2017\/07\/foodtrack_bochnia_z_logotypami.jpg\" \/>\n\t<meta property=\"og:image:width\" content=\"854\" \/>\n\t<meta property=\"og:image:height\" content=\"1200\" \/>\n\t<meta property=\"og:image:type\" content=\"image\/jpeg\" \/>\n<meta name=\"author\" content=\"redakcja\" \/>\n<meta name=\"twitter:card\" content=\"summary_large_image\" \/>\n<meta name=\"twitter:label1\" content=\"Written by\" \/>\n\t<meta name=\"twitter:data1\" content=\"redakcja\" \/>\n\t<meta name=\"twitter:label2\" content=\"Est. reading time\" \/>\n\t<meta name=\"twitter:data2\" content=\"2 minuty\" \/>\n<script type=\"application\/ld+json\" class=\"yoast-schema-graph\">{\"@context\":\"https:\/\/schema.org\",\"@graph\":[{\"@type\":\"Article\",\"@id\":\"https:\/\/www.mojabochnia.pl\/?p=175397#article\",\"isPartOf\":{\"@id\":\"https:\/\/www.mojabochnia.pl\/?p=175397\"},\"author\":{\"name\":\"redakcja\",\"@id\":\"https:\/\/www.mojabochnia.pl\/#\/schema\/person\/7e2f20ead9902216a3384f13606c0ab7\"},\"headline\":\"Darmowe zapiekanki na Rynku w Bochni\",\"datePublished\":\"2017-07-11T14:21:27+00:00\",\"mainEntityOfPage\":{\"@id\":\"https:\/\/www.mojabochnia.pl\/?p=175397\"},\"wordCount\":365,\"commentCount\":0,\"publisher\":{\"@id\":\"https:\/\/www.mojabochnia.pl\/#organization\"},\"image\":{\"@id\":\"https:\/\/www.mojabochnia.pl\/?p=175397#primaryimage\"},\"thumbnailUrl\":\"https:\/\/www.mojabochnia.pl\/wp-content\/uploads\/2017\/07\/foodtrack_bochnia_z_logotypami.jpg\",\"keywords\":[\"niepe\u0142nosprawni\",\"pomoc\",\"praca\",\"stowarzyszenie wiosna\"],\"articleSection\":[\"2_ostatnie\",\"polityka i wydarzenia\",\"tematyka\"],\"inLanguage\":\"pl-PL\",\"potentialAction\":[{\"@type\":\"CommentAction\",\"name\":\"Comment\",\"target\":[\"https:\/\/www.mojabochnia.pl\/?p=175397#respond\"]}]},{\"@type\":\"WebPage\",\"@id\":\"https:\/\/www.mojabochnia.pl\/?p=175397\",\"url\":\"https:\/\/www.mojabochnia.pl\/?p=175397\",\"name\":\"Darmowe zapiekanki na Rynku w Bochni - mojabochnia.pl - portal informacyjny\",\"isPartOf\":{\"@id\":\"https:\/\/www.mojabochnia.pl\/#website\"},\"primaryImageOfPage\":{\"@id\":\"https:\/\/www.mojabochnia.pl\/?p=175397#primaryimage\"},\"image\":{\"@id\":\"https:\/\/www.mojabochnia.pl\/?p=175397#primaryimage\"},\"thumbnailUrl\":\"https:\/\/www.mojabochnia.pl\/wp-content\/uploads\/2017\/07\/foodtrack_bochnia_z_logotypami.jpg\",\"datePublished\":\"2017-07-11T14:21:27+00:00\",\"breadcrumb\":{\"@id\":\"https:\/\/www.mojabochnia.pl\/?p=175397#breadcrumb\"},\"inLanguage\":\"pl-PL\",\"potentialAction\":[{\"@type\":\"ReadAction\",\"target\":[\"https:\/\/www.mojabochnia.pl\/?p=175397\"]}]},{\"@type\":\"ImageObject\",\"inLanguage\":\"pl-PL\",\"@id\":\"https:\/\/www.mojabochnia.pl\/?p=175397#primaryimage\",\"url\":\"https:\/\/www.mojabochnia.pl\/wp-content\/uploads\/2017\/07\/foodtrack_bochnia_z_logotypami.jpg\",\"contentUrl\":\"https:\/\/www.mojabochnia.pl\/wp-content\/uploads\/2017\/07\/foodtrack_bochnia_z_logotypami.jpg\",\"width\":854,\"height\":1200,\"caption\":\"plakat\"},{\"@type\":\"BreadcrumbList\",\"@id\":\"https:\/\/www.mojabochnia.pl\/?p=175397#breadcrumb\",\"itemListElement\":[{\"@type\":\"ListItem\",\"position\":1,\"name\":\"Home\",\"item\":\"https:\/\/www.mojabochnia.pl\/\"},{\"@type\":\"ListItem\",\"position\":2,\"name\":\"Darmowe zapiekanki na Rynku w Bochni\"}]},{\"@type\":\"WebSite\",\"@id\":\"https:\/\/www.mojabochnia.pl\/#website\",\"url\":\"https:\/\/www.mojabochnia.pl\/\",\"name\":\"mojabochnia.pl - portal informacyjny\",\"description\":\"mojaBochnia to portal informacyjny o Bochni. Codziennie o Bochni piszemy i pokazujemy najwa\u017cniejsze wydarzenia\",\"publisher\":{\"@id\":\"https:\/\/www.mojabochnia.pl\/#organization\"},\"potentialAction\":[{\"@type\":\"SearchAction\",\"target\":{\"@type\":\"EntryPoint\",\"urlTemplate\":\"https:\/\/www.mojabochnia.pl\/?s={search_term_string}\"},\"query-input\":{\"@type\":\"PropertyValueSpecification\",\"valueRequired\":true,\"valueName\":\"search_term_string\"}}],\"inLanguage\":\"pl-PL\"},{\"@type\":\"Organization\",\"@id\":\"https:\/\/www.mojabochnia.pl\/#organization\",\"name\":\"mojabochnia.pl - portal informacyjny\",\"url\":\"https:\/\/www.mojabochnia.pl\/\",\"logo\":{\"@type\":\"ImageObject\",\"inLanguage\":\"pl-PL\",\"@id\":\"https:\/\/www.mojabochnia.pl\/#\/schema\/logo\/image\/\",\"url\":\"https:\/\/www.mojabochnia.pl\/wp-content\/uploads\/2017\/08\/logo-mb-opt.png\",\"contentUrl\":\"https:\/\/www.mojabochnia.pl\/wp-content\/uploads\/2017\/08\/logo-mb-opt.png\",\"width\":250,\"height\":48,\"caption\":\"mojabochnia.pl - portal informacyjny\"},\"image\":{\"@id\":\"https:\/\/www.mojabochnia.pl\/#\/schema\/logo\/image\/\"},\"sameAs\":[\"https:\/\/www.facebook.com\/mojabochnia\"]},{\"@type\":\"Person\",\"@id\":\"https:\/\/www.mojabochnia.pl\/#\/schema\/person\/7e2f20ead9902216a3384f13606c0ab7\",\"name\":\"redakcja\",\"sameAs\":[\"http:\/\/\"],\"url\":\"https:\/\/www.mojabochnia.pl\/?author=13\"}]}<\/script>\n<!-- \/ Yoast SEO plugin. -->","yoast_head_json":{"title":"Darmowe zapiekanki na Rynku w Bochni - mojabochnia.pl - portal informacyjny","robots":{"index":"index","follow":"follow","max-snippet":"max-snippet:-1","max-image-preview":"max-image-preview:large","max-video-preview":"max-video-preview:-1"},"canonical":"https:\/\/www.mojabochnia.pl\/?p=175397","og_locale":"pl_PL","og_type":"article","og_title":"Darmowe zapiekanki na Rynku w Bochni - mojabochnia.pl - portal informacyjny","og_description":"Stowarzyszenie Wiosna zaprasza mieszka\u0144c\u00f3w Bochni i okolic na darmowe zapiekanki.  Je\u015bli macie 18-29 lat, jeste\u015bcie bierni zawodowo, a opr\u00f3cz tego jeste\u015bcie m\u0142odymi rodzicami wracaj\u0105cymi na rynek pracy albo mieszkacie na terenie wiejskim albo jeste\u015bcie osobami z niepe\u0142nosprawno\u015bci\u0105, to mamy dla Was p\u0142atny sta\u017c lub darmowe szkolenie! A na zach\u0119t\u0119 dostaniecie od nas pyszn\u0105 zapiekank\u0119. I to za darmo! - czytamy w zaproszeniu.","og_url":"https:\/\/www.mojabochnia.pl\/?p=175397","og_site_name":"mojabochnia.pl - portal informacyjny","article_publisher":"https:\/\/www.facebook.com\/mojabochnia","article_published_time":"2017-07-11T14:21:27+00:00","og_image":[{"width":854,"height":1200,"url":"https:\/\/www.mojabochnia.pl\/wp-content\/uploads\/2017\/07\/foodtrack_bochnia_z_logotypami.jpg","type":"image\/jpeg"}],"author":"redakcja","twitter_card":"summary_large_image","twitter_misc":{"Written by":"redakcja","Est. reading time":"2 minuty"},"schema":{"@context":"https:\/\/schema.org","@graph":[{"@type":"Article","@id":"https:\/\/www.mojabochnia.pl\/?p=175397#article","isPartOf":{"@id":"https:\/\/www.mojabochnia.pl\/?p=175397"},"author":{"name":"redakcja","@id":"https:\/\/www.mojabochnia.pl\/#\/schema\/person\/7e2f20ead9902216a3384f13606c0ab7"},"headline":"Darmowe zapiekanki na Rynku w Bochni","datePublished":"2017-07-11T14:21:27+00:00","mainEntityOfPage":{"@id":"https:\/\/www.mojabochnia.pl\/?p=175397"},"wordCount":365,"commentCount":0,"publisher":{"@id":"https:\/\/www.mojabochnia.pl\/#organization"},"image":{"@id":"https:\/\/www.mojabochnia.pl\/?p=175397#primaryimage"},"thumbnailUrl":"https:\/\/www.mojabochnia.pl\/wp-content\/uploads\/2017\/07\/foodtrack_bochnia_z_logotypami.jpg","keywords":["niepe\u0142nosprawni","pomoc","praca","stowarzyszenie wiosna"],"articleSection":["2_ostatnie","polityka i wydarzenia","tematyka"],"inLanguage":"pl-PL","potentialAction":[{"@type":"CommentAction","name":"Comment","target":["https:\/\/www.mojabochnia.pl\/?p=175397#respond"]}]},{"@type":"WebPage","@id":"https:\/\/www.mojabochnia.pl\/?p=175397","url":"https:\/\/www.mojabochnia.pl\/?p=175397","name":"Darmowe zapiekanki na Rynku w Bochni - mojabochnia.pl - portal informacyjny","isPartOf":{"@id":"https:\/\/www.mojabochnia.pl\/#website"},"primaryImageOfPage":{"@id":"https:\/\/www.mojabochnia.pl\/?p=175397#primaryimage"},"image":{"@id":"https:\/\/www.mojabochnia.pl\/?p=175397#primaryimage"},"thumbnailUrl":"https:\/\/www.mojabochnia.pl\/wp-content\/uploads\/2017\/07\/foodtrack_bochnia_z_logotypami.jpg","datePublished":"2017-07-11T14:21:27+00:00","breadcrumb":{"@id":"https:\/\/www.mojabochnia.pl\/?p=175397#breadcrumb"},"inLanguage":"pl-PL","potentialAction":[{"@type":"ReadAction","target":["https:\/\/www.mojabochnia.pl\/?p=175397"]}]},{"@type":"ImageObject","inLanguage":"pl-PL","@id":"https:\/\/www.mojabochnia.pl\/?p=175397#primaryimage","url":"https:\/\/www.mojabochnia.pl\/wp-content\/uploads\/2017\/07\/foodtrack_bochnia_z_logotypami.jpg","contentUrl":"https:\/\/www.mojabochnia.pl\/wp-content\/uploads\/2017\/07\/foodtrack_bochnia_z_logotypami.jpg","width":854,"height":1200,"caption":"plakat"},{"@type":"BreadcrumbList","@id":"https:\/\/www.mojabochnia.pl\/?p=175397#breadcrumb","itemListElement":[{"@type":"ListItem","position":1,"name":"Home","item":"https:\/\/www.mojabochnia.pl\/"},{"@type":"ListItem","position":2,"name":"Darmowe zapiekanki na Rynku w Bochni"}]},{"@type":"WebSite","@id":"https:\/\/www.mojabochnia.pl\/#website","url":"https:\/\/www.mojabochnia.pl\/","name":"mojabochnia.pl - portal informacyjny","description":"mojaBochnia to portal informacyjny o Bochni. Codziennie o Bochni piszemy i pokazujemy najwa\u017cniejsze wydarzenia","publisher":{"@id":"https:\/\/www.mojabochnia.pl\/#organization"},"potentialAction":[{"@type":"SearchAction","target":{"@type":"EntryPoint","urlTemplate":"https:\/\/www.mojabochnia.pl\/?s={search_term_string}"},"query-input":{"@type":"PropertyValueSpecification","valueRequired":true,"valueName":"search_term_string"}}],"inLanguage":"pl-PL"},{"@type":"Organization","@id":"https:\/\/www.mojabochnia.pl\/#organization","name":"mojabochnia.pl - portal informacyjny","url":"https:\/\/www.mojabochnia.pl\/","logo":{"@type":"ImageObject","inLanguage":"pl-PL","@id":"https:\/\/www.mojabochnia.pl\/#\/schema\/logo\/image\/","url":"https:\/\/www.mojabochnia.pl\/wp-content\/uploads\/2017\/08\/logo-mb-opt.png","contentUrl":"https:\/\/www.mojabochnia.pl\/wp-content\/uploads\/2017\/08\/logo-mb-opt.png","width":250,"height":48,"caption":"mojabochnia.pl - portal informacyjny"},"image":{"@id":"https:\/\/www.mojabochnia.pl\/#\/schema\/logo\/image\/"},"sameAs":["https:\/\/www.facebook.com\/mojabochnia"]},{"@type":"Person","@id":"https:\/\/www.mojabochnia.pl\/#\/schema\/person\/7e2f20ead9902216a3384f13606c0ab7","name":"redakcja","sameAs":["http:\/\/"],"url":"https:\/\/www.mojabochnia.pl\/?author=13"}]}},"_links":{"self":[{"href":"https:\/\/www.mojabochnia.pl\/index.php?rest_route=\/wp\/v2\/posts\/175397","targetHints":{"allow":["GET"]}}],"collection":[{"href":"https:\/\/www.mojabochnia.pl\/index.php?rest_route=\/wp\/v2\/posts"}],"about":[{"href":"https:\/\/www.mojabochnia.pl\/index.php?rest_route=\/wp\/v2\/types\/post"}],"author":[{"embeddable":true,"href":"https:\/\/www.mojabochnia.pl\/index.php?rest_route=\/wp\/v2\/users\/13"}],"replies":[{"embeddable":true,"href":"https:\/\/www.mojabochnia.pl\/index.php?rest_route=%2Fwp%2Fv2%2Fcomments&post=175397"}],"version-history":[{"count":2,"href":"https:\/\/www.mojabochnia.pl\/index.php?rest_route=\/wp\/v2\/posts\/175397\/revisions"}],"predecessor-version":[{"id":175401,"href":"https:\/\/www.mojabochnia.pl\/index.php?rest_route=\/wp\/v2\/posts\/175397\/revisions\/175401"}],"wp:featuredmedia":[{"embeddable":true,"href":"https:\/\/www.mojabochnia.pl\/index.php?rest_route=\/wp\/v2\/media\/175400"}],"wp:attachment":[{"href":"https:\/\/www.mojabochnia.pl\/index.php?rest_route=%2Fwp%2Fv2%2Fmedia&parent=175397"}],"wp:term":[{"taxonomy":"category","embeddable":true,"href":"https:\/\/www.mojabochnia.pl\/index.php?rest_route=%2Fwp%2Fv2%2Fcategories&post=175397"},{"taxonomy":"post_tag","embeddable":true,"href":"https:\/\/www.mojabochnia.pl\/index.php?rest_route=%2Fwp%2Fv2%2Ftags&post=175397"}],"curies":[{"name":"wp","href":"https:\/\/api.w.org\/{rel}","templated":true}]}}