{"id":175369,"date":"2017-07-11T11:28:19","date_gmt":"2017-07-11T09:28:19","guid":{"rendered":"http:\/\/www.mojabochnia.pl\/?p=175369"},"modified":"2017-07-11T11:28:19","modified_gmt":"2017-07-11T09:28:19","slug":"promowali-bochnie-w-slowackim-kezmarku","status":"publish","type":"post","link":"https:\/\/www.mojabochnia.pl\/?p=175369","title":{"rendered":"Promowali Bochni\u0119 w s\u0142owackim Ke\u017cmarku"},"content":{"rendered":"<p>Pracownicy Wydzia\u0142u Promocji i Rozwoju Miasta zach\u0119cali uczestnik\u00f3w wydarzenia do przyjazdu do Bochni i okolic i zwiedzenia jej wielu atrakcji turystycznych. Odwiedzaj\u0105cymi boche\u0144skie stoisko byli przede wszystkim S\u0142owacy, Czesi i Polacy oraz tury\u015bci anglo i niemieckoj\u0119zyczni.<\/p>\n<p>Go\u015b\u0107mi honorowymi imprezy byli m.in.: przedstawiciel prezydenta Republiki S\u0142owacji oraz burmistrzowie miast partnerskich Ke\u017cmarku, w tym Stefan Kolawi\u0144ski &#8211; burmistrz Bochni.<\/p>\n\t  \r\n\t\r\n\t    <div class=\"mb-gallery\">\r\n\t    <a href=\"https:\/\/www.mojabochnia.pl\/?attachment_id=175375\" class=\"\"><img loading=\"lazy\" decoding=\"async\" width=\"100\" height=\"100\" src=\"https:\/\/www.mojabochnia.pl\/wp-content\/uploads\/2017\/07\/6-100x100.jpg\" class=\"attachment-100x100 size-100x100\" alt=\"\" \/><\/a><a href=\"https:\/\/www.mojabochnia.pl\/?attachment_id=175370\" class=\"\"><img loading=\"lazy\" decoding=\"async\" width=\"100\" height=\"100\" src=\"https:\/\/www.mojabochnia.pl\/wp-content\/uploads\/2017\/07\/1-100x100.jpg\" class=\"attachment-100x100 size-100x100\" alt=\"\" \/><\/a><a href=\"https:\/\/www.mojabochnia.pl\/?attachment_id=175371\" class=\"\"><img loading=\"lazy\" decoding=\"async\" width=\"100\" height=\"100\" src=\"https:\/\/www.mojabochnia.pl\/wp-content\/uploads\/2017\/07\/2-100x100.jpg\" class=\"attachment-100x100 size-100x100\" alt=\"\" \/><\/a><a href=\"https:\/\/www.mojabochnia.pl\/?attachment_id=175372\" class=\"\"><img loading=\"lazy\" decoding=\"async\" width=\"100\" height=\"100\" src=\"https:\/\/www.mojabochnia.pl\/wp-content\/uploads\/2017\/07\/3-100x100.jpg\" class=\"attachment-100x100 size-100x100\" alt=\"\" \/><\/a><a href=\"https:\/\/www.mojabochnia.pl\/?attachment_id=175373\" class=\"\"><img loading=\"lazy\" decoding=\"async\" width=\"100\" height=\"100\" src=\"https:\/\/www.mojabochnia.pl\/wp-content\/uploads\/2017\/07\/4-100x100.jpg\" class=\"attachment-100x100 size-100x100\" alt=\"\" \/><\/a><a href=\"https:\/\/www.mojabochnia.pl\/?attachment_id=175374\" class=\"\"><img loading=\"lazy\" decoding=\"async\" width=\"100\" height=\"100\" src=\"https:\/\/www.mojabochnia.pl\/wp-content\/uploads\/2017\/07\/5-100x100.jpg\" class=\"attachment-100x100 size-100x100\" alt=\"\" \/><\/a><a href=\"https:\/\/www.mojabochnia.pl\/?attachment_id=175376\" class=\"\"><img loading=\"lazy\" decoding=\"async\" width=\"100\" height=\"100\" src=\"https:\/\/www.mojabochnia.pl\/wp-content\/uploads\/2017\/07\/7-100x100.jpg\" class=\"attachment-100x100 size-100x100\" alt=\"\" \/><\/a><a href=\"https:\/\/www.mojabochnia.pl\/?attachment_id=175377\" class=\"\"><img loading=\"lazy\" decoding=\"async\" width=\"100\" height=\"100\" src=\"https:\/\/www.mojabochnia.pl\/wp-content\/uploads\/2017\/07\/8-100x100.jpg\" class=\"attachment-100x100 size-100x100\" alt=\"\" \/><\/a><a href=\"https:\/\/www.mojabochnia.pl\/?attachment_id=175378\" class=\"\"><img loading=\"lazy\" decoding=\"async\" width=\"100\" height=\"100\" src=\"https:\/\/www.mojabochnia.pl\/wp-content\/uploads\/2017\/07\/9-100x100.jpg\" class=\"attachment-100x100 size-100x100\" alt=\"\" \/><\/a><a href=\"https:\/\/www.mojabochnia.pl\/?attachment_id=175379\" class=\"\"><img loading=\"lazy\" decoding=\"async\" width=\"100\" height=\"100\" src=\"https:\/\/www.mojabochnia.pl\/wp-content\/uploads\/2017\/07\/10-100x100.jpg\" class=\"attachment-100x100 size-100x100\" alt=\"\" \/><\/a><a href=\"https:\/\/www.mojabochnia.pl\/?attachment_id=175380\" class=\"\"><img loading=\"lazy\" decoding=\"async\" width=\"100\" height=\"100\" src=\"https:\/\/www.mojabochnia.pl\/wp-content\/uploads\/2017\/07\/11-100x100.jpg\" class=\"attachment-100x100 size-100x100\" alt=\"\" \/><\/a><a href=\"https:\/\/www.mojabochnia.pl\/?attachment_id=175381\" class=\"\"><img loading=\"lazy\" decoding=\"async\" width=\"100\" height=\"100\" src=\"https:\/\/www.mojabochnia.pl\/wp-content\/uploads\/2017\/07\/12-100x100.jpg\" class=\"attachment-100x100 size-100x100\" alt=\"\" \/><\/a><a href=\"https:\/\/www.mojabochnia.pl\/?attachment_id=175382\" class=\"\"><img loading=\"lazy\" decoding=\"async\" width=\"100\" height=\"100\" src=\"https:\/\/www.mojabochnia.pl\/wp-content\/uploads\/2017\/07\/13-100x100.jpg\" class=\"attachment-100x100 size-100x100\" alt=\"\" \/><\/a><a href=\"https:\/\/www.mojabochnia.pl\/?attachment_id=175383\" class=\"\"><img loading=\"lazy\" decoding=\"async\" width=\"100\" height=\"100\" src=\"https:\/\/www.mojabochnia.pl\/wp-content\/uploads\/2017\/07\/14-100x100.jpg\" class=\"attachment-100x100 size-100x100\" alt=\"\" \/><\/a><a href=\"https:\/\/www.mojabochnia.pl\/?attachment_id=175384\" class=\"\"><img loading=\"lazy\" decoding=\"async\" width=\"100\" height=\"100\" src=\"https:\/\/www.mojabochnia.pl\/wp-content\/uploads\/2017\/07\/15-100x100.jpg\" class=\"attachment-100x100 size-100x100\" alt=\"\" \/><\/a><a href=\"https:\/\/www.mojabochnia.pl\/?attachment_id=175385\" class=\"\"><img loading=\"lazy\" decoding=\"async\" width=\"100\" height=\"100\" src=\"https:\/\/www.mojabochnia.pl\/wp-content\/uploads\/2017\/07\/16-100x100.jpg\" class=\"attachment-100x100 size-100x100\" alt=\"\" \/><\/a>\t    <\/div>\r\n\t    ","protected":false},"excerpt":{"rendered":"<p>Ju\u017c po raz 27. w partnerskim mie\u015bcie Bochni &#8211; Ke\u017cmarku na S\u0142owacji &#8211; odby\u0142 si\u0119 Europejski Festiwal Rzemios\u0142a Ludowego \u2013 ELRO 2017. W ci\u0105gu trzech dni, 7-9 lipca, imprez\u0119 t\u0119 odwiedzi\u0142o kilka tysi\u0119cy turyst\u00f3w z ca\u0142ej Europy. Solny Gr\u00f3d r\u00f3wnie\u017c by\u0142 promowany na przygotowanym specjalnie na t\u0119 okazj\u0119 stoisku. <\/p>\n","protected":false},"author":13,"featured_media":175373,"comment_status":"open","ping_status":"closed","sticky":false,"template":"","format":"standard","meta":{"_acf_changed":false,"footnotes":""},"categories":[5,92,6246,6251,6250],"tags":[11137,17521,17194,17879,17205],"class_list":["post-175369","post","type-post","status-publish","format-standard","has-post-thumbnail","hentry","category-biezace-wydarzenia","category-kultura","category-medium","category-polityka-i-wydarzenia","category-tematyka","tag-kezmarok","tag-promocja","tag-slowacja","tag-targi","tag-turystyka","main_tag-turystyka"],"acf":[],"yoast_head":"<!-- This site is optimized with the Yoast SEO plugin v26.9 - https:\/\/yoast.com\/product\/yoast-seo-wordpress\/ -->\n<title>Promowali Bochni\u0119 w s\u0142owackim Ke\u017cmarku - mojabochnia.pl - portal informacyjny<\/title>\n<meta name=\"robots\" content=\"index, follow, max-snippet:-1, max-image-preview:large, max-video-preview:-1\" \/>\n<link rel=\"canonical\" href=\"https:\/\/www.mojabochnia.pl\/?p=175369\" \/>\n<meta property=\"og:locale\" content=\"pl_PL\" \/>\n<meta property=\"og:type\" content=\"article\" \/>\n<meta property=\"og:title\" content=\"Promowali Bochni\u0119 w s\u0142owackim Ke\u017cmarku - mojabochnia.pl - portal informacyjny\" \/>\n<meta property=\"og:description\" content=\"Ju\u017c po raz 27. w partnerskim mie\u015bcie Bochni - Ke\u017cmarku na S\u0142owacji - odby\u0142 si\u0119 Europejski Festiwal Rzemios\u0142a Ludowego \u2013 ELRO 2017. W ci\u0105gu trzech dni, 7-9 lipca, imprez\u0119 t\u0119 odwiedzi\u0142o kilka tysi\u0119cy turyst\u00f3w z ca\u0142ej Europy. Solny Gr\u00f3d r\u00f3wnie\u017c by\u0142 promowany na przygotowanym specjalnie na t\u0119 okazj\u0119 stoisku.\" \/>\n<meta property=\"og:url\" content=\"https:\/\/www.mojabochnia.pl\/?p=175369\" \/>\n<meta property=\"og:site_name\" content=\"mojabochnia.pl - portal informacyjny\" \/>\n<meta property=\"article:publisher\" content=\"https:\/\/www.facebook.com\/mojabochnia\" \/>\n<meta property=\"article:published_time\" content=\"2017-07-11T09:28:19+00:00\" \/>\n<meta property=\"og:image\" content=\"https:\/\/www.mojabochnia.pl\/wp-content\/uploads\/2017\/07\/4.jpg\" \/>\n\t<meta property=\"og:image:width\" content=\"800\" \/>\n\t<meta property=\"og:image:height\" content=\"553\" \/>\n\t<meta property=\"og:image:type\" content=\"image\/jpeg\" \/>\n<meta name=\"author\" content=\"redakcja\" \/>\n<meta name=\"twitter:card\" content=\"summary_large_image\" \/>\n<meta name=\"twitter:label1\" content=\"Written by\" \/>\n\t<meta name=\"twitter:data1\" content=\"redakcja\" \/>\n<script type=\"application\/ld+json\" class=\"yoast-schema-graph\">{\"@context\":\"https:\/\/schema.org\",\"@graph\":[{\"@type\":\"Article\",\"@id\":\"https:\/\/www.mojabochnia.pl\/?p=175369#article\",\"isPartOf\":{\"@id\":\"https:\/\/www.mojabochnia.pl\/?p=175369\"},\"author\":{\"name\":\"redakcja\",\"@id\":\"https:\/\/www.mojabochnia.pl\/#\/schema\/person\/7e2f20ead9902216a3384f13606c0ab7\"},\"headline\":\"Promowali Bochni\u0119 w s\u0142owackim Ke\u017cmarku\",\"datePublished\":\"2017-07-11T09:28:19+00:00\",\"mainEntityOfPage\":{\"@id\":\"https:\/\/www.mojabochnia.pl\/?p=175369\"},\"wordCount\":77,\"commentCount\":0,\"publisher\":{\"@id\":\"https:\/\/www.mojabochnia.pl\/#organization\"},\"image\":{\"@id\":\"https:\/\/www.mojabochnia.pl\/?p=175369#primaryimage\"},\"thumbnailUrl\":\"https:\/\/www.mojabochnia.pl\/wp-content\/uploads\/2017\/07\/4.jpg\",\"keywords\":[\"Ke\u017cmarok\",\"Promocja\",\"s\u0142owacja\",\"targi\",\"turystyka\"],\"articleSection\":[\"2_ostatnie\",\"kultura\",\"Medium\",\"polityka i wydarzenia\",\"tematyka\"],\"inLanguage\":\"pl-PL\",\"potentialAction\":[{\"@type\":\"CommentAction\",\"name\":\"Comment\",\"target\":[\"https:\/\/www.mojabochnia.pl\/?p=175369#respond\"]}]},{\"@type\":\"WebPage\",\"@id\":\"https:\/\/www.mojabochnia.pl\/?p=175369\",\"url\":\"https:\/\/www.mojabochnia.pl\/?p=175369\",\"name\":\"Promowali Bochni\u0119 w s\u0142owackim Ke\u017cmarku - mojabochnia.pl - portal informacyjny\",\"isPartOf\":{\"@id\":\"https:\/\/www.mojabochnia.pl\/#website\"},\"primaryImageOfPage\":{\"@id\":\"https:\/\/www.mojabochnia.pl\/?p=175369#primaryimage\"},\"image\":{\"@id\":\"https:\/\/www.mojabochnia.pl\/?p=175369#primaryimage\"},\"thumbnailUrl\":\"https:\/\/www.mojabochnia.pl\/wp-content\/uploads\/2017\/07\/4.jpg\",\"datePublished\":\"2017-07-11T09:28:19+00:00\",\"breadcrumb\":{\"@id\":\"https:\/\/www.mojabochnia.pl\/?p=175369#breadcrumb\"},\"inLanguage\":\"pl-PL\",\"potentialAction\":[{\"@type\":\"ReadAction\",\"target\":[\"https:\/\/www.mojabochnia.pl\/?p=175369\"]}]},{\"@type\":\"ImageObject\",\"inLanguage\":\"pl-PL\",\"@id\":\"https:\/\/www.mojabochnia.pl\/?p=175369#primaryimage\",\"url\":\"https:\/\/www.mojabochnia.pl\/wp-content\/uploads\/2017\/07\/4.jpg\",\"contentUrl\":\"https:\/\/www.mojabochnia.pl\/wp-content\/uploads\/2017\/07\/4.jpg\",\"width\":800,\"height\":553,\"caption\":\"materia\u0142y prasowe\"},{\"@type\":\"BreadcrumbList\",\"@id\":\"https:\/\/www.mojabochnia.pl\/?p=175369#breadcrumb\",\"itemListElement\":[{\"@type\":\"ListItem\",\"position\":1,\"name\":\"Home\",\"item\":\"https:\/\/www.mojabochnia.pl\/\"},{\"@type\":\"ListItem\",\"position\":2,\"name\":\"Promowali Bochni\u0119 w s\u0142owackim Ke\u017cmarku\"}]},{\"@type\":\"WebSite\",\"@id\":\"https:\/\/www.mojabochnia.pl\/#website\",\"url\":\"https:\/\/www.mojabochnia.pl\/\",\"name\":\"mojabochnia.pl - portal informacyjny\",\"description\":\"mojaBochnia to portal informacyjny o Bochni. Codziennie o Bochni piszemy i pokazujemy najwa\u017cniejsze wydarzenia\",\"publisher\":{\"@id\":\"https:\/\/www.mojabochnia.pl\/#organization\"},\"potentialAction\":[{\"@type\":\"SearchAction\",\"target\":{\"@type\":\"EntryPoint\",\"urlTemplate\":\"https:\/\/www.mojabochnia.pl\/?s={search_term_string}\"},\"query-input\":{\"@type\":\"PropertyValueSpecification\",\"valueRequired\":true,\"valueName\":\"search_term_string\"}}],\"inLanguage\":\"pl-PL\"},{\"@type\":\"Organization\",\"@id\":\"https:\/\/www.mojabochnia.pl\/#organization\",\"name\":\"mojabochnia.pl - portal informacyjny\",\"url\":\"https:\/\/www.mojabochnia.pl\/\",\"logo\":{\"@type\":\"ImageObject\",\"inLanguage\":\"pl-PL\",\"@id\":\"https:\/\/www.mojabochnia.pl\/#\/schema\/logo\/image\/\",\"url\":\"https:\/\/www.mojabochnia.pl\/wp-content\/uploads\/2017\/08\/logo-mb-opt.png\",\"contentUrl\":\"https:\/\/www.mojabochnia.pl\/wp-content\/uploads\/2017\/08\/logo-mb-opt.png\",\"width\":250,\"height\":48,\"caption\":\"mojabochnia.pl - portal informacyjny\"},\"image\":{\"@id\":\"https:\/\/www.mojabochnia.pl\/#\/schema\/logo\/image\/\"},\"sameAs\":[\"https:\/\/www.facebook.com\/mojabochnia\"]},{\"@type\":\"Person\",\"@id\":\"https:\/\/www.mojabochnia.pl\/#\/schema\/person\/7e2f20ead9902216a3384f13606c0ab7\",\"name\":\"redakcja\",\"sameAs\":[\"http:\/\/\"],\"url\":\"https:\/\/www.mojabochnia.pl\/?author=13\"}]}<\/script>\n<!-- \/ Yoast SEO plugin. -->","yoast_head_json":{"title":"Promowali Bochni\u0119 w s\u0142owackim Ke\u017cmarku - mojabochnia.pl - portal informacyjny","robots":{"index":"index","follow":"follow","max-snippet":"max-snippet:-1","max-image-preview":"max-image-preview:large","max-video-preview":"max-video-preview:-1"},"canonical":"https:\/\/www.mojabochnia.pl\/?p=175369","og_locale":"pl_PL","og_type":"article","og_title":"Promowali Bochni\u0119 w s\u0142owackim Ke\u017cmarku - mojabochnia.pl - portal informacyjny","og_description":"Ju\u017c po raz 27. w partnerskim mie\u015bcie Bochni - Ke\u017cmarku na S\u0142owacji - odby\u0142 si\u0119 Europejski Festiwal Rzemios\u0142a Ludowego \u2013 ELRO 2017. W ci\u0105gu trzech dni, 7-9 lipca, imprez\u0119 t\u0119 odwiedzi\u0142o kilka tysi\u0119cy turyst\u00f3w z ca\u0142ej Europy. Solny Gr\u00f3d r\u00f3wnie\u017c by\u0142 promowany na przygotowanym specjalnie na t\u0119 okazj\u0119 stoisku.","og_url":"https:\/\/www.mojabochnia.pl\/?p=175369","og_site_name":"mojabochnia.pl - portal informacyjny","article_publisher":"https:\/\/www.facebook.com\/mojabochnia","article_published_time":"2017-07-11T09:28:19+00:00","og_image":[{"width":800,"height":553,"url":"https:\/\/www.mojabochnia.pl\/wp-content\/uploads\/2017\/07\/4.jpg","type":"image\/jpeg"}],"author":"redakcja","twitter_card":"summary_large_image","twitter_misc":{"Written by":"redakcja"},"schema":{"@context":"https:\/\/schema.org","@graph":[{"@type":"Article","@id":"https:\/\/www.mojabochnia.pl\/?p=175369#article","isPartOf":{"@id":"https:\/\/www.mojabochnia.pl\/?p=175369"},"author":{"name":"redakcja","@id":"https:\/\/www.mojabochnia.pl\/#\/schema\/person\/7e2f20ead9902216a3384f13606c0ab7"},"headline":"Promowali Bochni\u0119 w s\u0142owackim Ke\u017cmarku","datePublished":"2017-07-11T09:28:19+00:00","mainEntityOfPage":{"@id":"https:\/\/www.mojabochnia.pl\/?p=175369"},"wordCount":77,"commentCount":0,"publisher":{"@id":"https:\/\/www.mojabochnia.pl\/#organization"},"image":{"@id":"https:\/\/www.mojabochnia.pl\/?p=175369#primaryimage"},"thumbnailUrl":"https:\/\/www.mojabochnia.pl\/wp-content\/uploads\/2017\/07\/4.jpg","keywords":["Ke\u017cmarok","Promocja","s\u0142owacja","targi","turystyka"],"articleSection":["2_ostatnie","kultura","Medium","polityka i wydarzenia","tematyka"],"inLanguage":"pl-PL","potentialAction":[{"@type":"CommentAction","name":"Comment","target":["https:\/\/www.mojabochnia.pl\/?p=175369#respond"]}]},{"@type":"WebPage","@id":"https:\/\/www.mojabochnia.pl\/?p=175369","url":"https:\/\/www.mojabochnia.pl\/?p=175369","name":"Promowali Bochni\u0119 w s\u0142owackim Ke\u017cmarku - mojabochnia.pl - portal informacyjny","isPartOf":{"@id":"https:\/\/www.mojabochnia.pl\/#website"},"primaryImageOfPage":{"@id":"https:\/\/www.mojabochnia.pl\/?p=175369#primaryimage"},"image":{"@id":"https:\/\/www.mojabochnia.pl\/?p=175369#primaryimage"},"thumbnailUrl":"https:\/\/www.mojabochnia.pl\/wp-content\/uploads\/2017\/07\/4.jpg","datePublished":"2017-07-11T09:28:19+00:00","breadcrumb":{"@id":"https:\/\/www.mojabochnia.pl\/?p=175369#breadcrumb"},"inLanguage":"pl-PL","potentialAction":[{"@type":"ReadAction","target":["https:\/\/www.mojabochnia.pl\/?p=175369"]}]},{"@type":"ImageObject","inLanguage":"pl-PL","@id":"https:\/\/www.mojabochnia.pl\/?p=175369#primaryimage","url":"https:\/\/www.mojabochnia.pl\/wp-content\/uploads\/2017\/07\/4.jpg","contentUrl":"https:\/\/www.mojabochnia.pl\/wp-content\/uploads\/2017\/07\/4.jpg","width":800,"height":553,"caption":"materia\u0142y prasowe"},{"@type":"BreadcrumbList","@id":"https:\/\/www.mojabochnia.pl\/?p=175369#breadcrumb","itemListElement":[{"@type":"ListItem","position":1,"name":"Home","item":"https:\/\/www.mojabochnia.pl\/"},{"@type":"ListItem","position":2,"name":"Promowali Bochni\u0119 w s\u0142owackim Ke\u017cmarku"}]},{"@type":"WebSite","@id":"https:\/\/www.mojabochnia.pl\/#website","url":"https:\/\/www.mojabochnia.pl\/","name":"mojabochnia.pl - portal informacyjny","description":"mojaBochnia to portal informacyjny o Bochni. Codziennie o Bochni piszemy i pokazujemy najwa\u017cniejsze wydarzenia","publisher":{"@id":"https:\/\/www.mojabochnia.pl\/#organization"},"potentialAction":[{"@type":"SearchAction","target":{"@type":"EntryPoint","urlTemplate":"https:\/\/www.mojabochnia.pl\/?s={search_term_string}"},"query-input":{"@type":"PropertyValueSpecification","valueRequired":true,"valueName":"search_term_string"}}],"inLanguage":"pl-PL"},{"@type":"Organization","@id":"https:\/\/www.mojabochnia.pl\/#organization","name":"mojabochnia.pl - portal informacyjny","url":"https:\/\/www.mojabochnia.pl\/","logo":{"@type":"ImageObject","inLanguage":"pl-PL","@id":"https:\/\/www.mojabochnia.pl\/#\/schema\/logo\/image\/","url":"https:\/\/www.mojabochnia.pl\/wp-content\/uploads\/2017\/08\/logo-mb-opt.png","contentUrl":"https:\/\/www.mojabochnia.pl\/wp-content\/uploads\/2017\/08\/logo-mb-opt.png","width":250,"height":48,"caption":"mojabochnia.pl - portal informacyjny"},"image":{"@id":"https:\/\/www.mojabochnia.pl\/#\/schema\/logo\/image\/"},"sameAs":["https:\/\/www.facebook.com\/mojabochnia"]},{"@type":"Person","@id":"https:\/\/www.mojabochnia.pl\/#\/schema\/person\/7e2f20ead9902216a3384f13606c0ab7","name":"redakcja","sameAs":["http:\/\/"],"url":"https:\/\/www.mojabochnia.pl\/?author=13"}]}},"_links":{"self":[{"href":"https:\/\/www.mojabochnia.pl\/index.php?rest_route=\/wp\/v2\/posts\/175369","targetHints":{"allow":["GET"]}}],"collection":[{"href":"https:\/\/www.mojabochnia.pl\/index.php?rest_route=\/wp\/v2\/posts"}],"about":[{"href":"https:\/\/www.mojabochnia.pl\/index.php?rest_route=\/wp\/v2\/types\/post"}],"author":[{"embeddable":true,"href":"https:\/\/www.mojabochnia.pl\/index.php?rest_route=\/wp\/v2\/users\/13"}],"replies":[{"embeddable":true,"href":"https:\/\/www.mojabochnia.pl\/index.php?rest_route=%2Fwp%2Fv2%2Fcomments&post=175369"}],"version-history":[{"count":1,"href":"https:\/\/www.mojabochnia.pl\/index.php?rest_route=\/wp\/v2\/posts\/175369\/revisions"}],"predecessor-version":[{"id":175386,"href":"https:\/\/www.mojabochnia.pl\/index.php?rest_route=\/wp\/v2\/posts\/175369\/revisions\/175386"}],"wp:featuredmedia":[{"embeddable":true,"href":"https:\/\/www.mojabochnia.pl\/index.php?rest_route=\/wp\/v2\/media\/175373"}],"wp:attachment":[{"href":"https:\/\/www.mojabochnia.pl\/index.php?rest_route=%2Fwp%2Fv2%2Fmedia&parent=175369"}],"wp:term":[{"taxonomy":"category","embeddable":true,"href":"https:\/\/www.mojabochnia.pl\/index.php?rest_route=%2Fwp%2Fv2%2Fcategories&post=175369"},{"taxonomy":"post_tag","embeddable":true,"href":"https:\/\/www.mojabochnia.pl\/index.php?rest_route=%2Fwp%2Fv2%2Ftags&post=175369"}],"curies":[{"name":"wp","href":"https:\/\/api.w.org\/{rel}","templated":true}]}}